{"id":877,"date":"2018-06-02T00:00:00","date_gmt":"2018-06-01T22:00:00","guid":{"rendered":"https:\/\/www.intersoccermadrid.com\/pierre-kunde-debuta-como-titular-con-la-seleccion-absoluta-de-camerun\/"},"modified":"2018-07-13T12:38:31","modified_gmt":"2018-07-13T10:38:31","slug":"pierre-kunde-debuta-como-titular-con-la-seleccion-absoluta-de-camerun","status":"publish","type":"post","link":"https:\/\/www.intersoccermadrid.com\/en\/pierre-kunde-debuta-como-titular-con-la-seleccion-absoluta-de-camerun\/","title":{"rendered":"PIERRE KUNDE DEBUT AS HEADER WITH THE ABSOLUTE SELECTION OF CAMEROON.-"},"content":{"rendered":"<p>[et_pb_section bb_built=&#8221;1&#8243; _builder_version=&#8221;3.0.47&#8243; custom_padding=&#8221;4px|0px|54px|0px|false|false&#8221;][et_pb_row custom_padding=&#8221;27px|0px|0|0px|false|false&#8221; _builder_version=&#8221;3.8.1&#8243;][et_pb_column type=&#8221;4_4&#8243;][et_pb_text _builder_version=&#8221;3.8.1&#8243;]<\/p>\n<p>Formed in the AC INTERSOCCER, where he arrived in June 2012, today we can give this great news of our most important alumnus &#8211; soccer professional &#8211; in the history of our organization.<\/p>\n<p>&nbsp;<\/p>\n<p>[\/et_pb_text][\/et_pb_column][\/et_pb_row][et_pb_row _builder_version=&#8221;3.8.1&#8243; custom_padding=&#8221;0|0px|27px|0px|false|false&#8221;][et_pb_column type=&#8221;4_4&#8243;][et_pb_gallery gallery_ids=&#8221;7978,7979,7980,7981,7982,7983&#8243; fullwidth=&#8221;on&#8221; _builder_version=&#8221;3.9&#8243; zoom_icon_color=&#8221;#2ea3f2&#8243; hover_overlay_color=&#8221;rgba(255,255,255,0.9)&#8221;]<\/p>\n<p>&nbsp;<\/p>\n<p>[\/et_pb_gallery][\/et_pb_column][\/et_pb_row][et_pb_row custom_padding=&#8221;0|0px|27px|0px|false|false&#8221; _builder_version=&#8221;3.0.48&#8243; background_size=&#8221;initial&#8221; background_position=&#8221;top_left&#8221; background_repeat=&#8221;repeat&#8221;][et_pb_column type=&#8221;4_4&#8243;][et_pb_text _builder_version=&#8221;3.8.1&#8243;]<\/p>\n<p>Review of his performance:<\/p>\n<p>Match Cameroon vs. Burkina Faso.<\/p>\n<p>Pierre Brisson de Beauvais Stadium &#8211; France -.<\/p>\n<p>05\/27\/2018. 16.00 h.<\/p>\n<p>&#8212;<\/p>\n<p>First time:<\/p>\n<p>He had little participation in the game. Located more to the right of the midfield and following &#8211; at least that was perceived from outside &#8211; the coach&#8217;s instructions to be well placed &#8211; perhaps to hold the contras of the opposing team and to intervene in the circulation of the ball at the first touch. However, this was impossible because of the anarchy of the band players who insisted on making war on their own without elaborating and maintaining more control of the game. He had a good opportunity to shoot successfully from the edge of the area but, not doing it first, the ball was rearranged after turning on itself and the shot did not enjoy the necessary inertia.<\/p>\n<p>Second time:<\/p>\n<p>Intervened much more from a position in the middle field more heeled to the left and thanks to, finally, the band players and those who participated in the development saw in it the possibility of creating more combination game to get with more chances to oppose goal and also cause more fouls and corners. In a 30-meter foul he made an extraordinary performance &#8211; a great personality when deciding to throw it despite being the debutant &#8211; forcing the Burkina goalkeeper to draw a tremendous hand in the squad. He was also the play in which with a very bright last hat pass Cameroon striker &#8211; I think Njie Clinton was shot down, causing a penalty after failed.<\/p>\n<p>A remarkable match by Pierre Kunde in his debut in the national team of his country.<\/p>\n<p>&nbsp;<\/p>\n<p>[\/et_pb_text][\/et_pb_column][\/et_pb_row][\/et_pb_section]<\/p>\n","protected":false},"excerpt":{"rendered":"<p>Formed in the AC INTERSOCCER, where he arrived in June 2012, today we can give this great news of our most important alumnus &#8211; soccer professional &#8211; in the history of our organization. &nbsp; &nbsp; Review of his performance: Match Cameroon vs. Burkina Faso. Pierre Brisson de Beauvais Stadium &#8211; France -. 05\/27\/2018. 16.00 h. [&hellip;]<\/p>\n","protected":false},"author":2,"featured_media":7978,"comment_status":"open","ping_status":"open","sticky":false,"template":"","format":"standard","meta":{"_et_pb_use_builder":"on","_et_pb_old_content":"<p><img title=\"PIERRE KUNDE DEBUTA COMO TITULAR CON LA SELECCI\u00d3N ABSOLUTA DE CAMER\u00daN.-\" src=\"https:\/\/www.intersoccermadrid.com\/wp-content\/uploads\/2018\/06\/2018_pierre_beauvais_01.jpg\" alt=\"PIERRE KUNDE DEBUTA COMO TITULAR CON LA SELECCI\u00d3N ABSOLUTA DE CAMER\u00daN.-\" align=\"left\" border=\"0\" \/><\/p><p>Formado en la AC INTERSOCCER, a donde lleg\u00f3 en junio de 2012, hoy podemos dar esta gran noticia de nuestro ex alumno -profesional del f\u00fatbol- m\u00e1s destacado de la historia de nuestra organizaci\u00f3n. <!--more--><\/p><p>Rese\u00f1a de su actuaci\u00f3n:<\/p><p>Partido Camer\u00fan vs. Burkina Faso.<\/p><p>Estadio Pierre Brisson de Beauvais -Francia-.<\/p><p>27\/05\/2018. 16,00 h.<\/p><p>---<\/p><p>Primer tiempo:<\/p><p>Tuvo poca participaci\u00f3n en el juego. Situado m\u00e1s por la derecha del mediocampo y siguiendo -al menos eso se percib\u00eda desde fuera- las instrucciones del entrenador de estar bien colocado -tal vez para sujetar las contras del equipo contrario y para intervenir en la circulaci\u00f3n de la pelota al primer toque-. Sin embargo esto fue imposible por la anarqu\u00eda de los jugadores de banda que se empe\u00f1aban en hacer la guerra por su cuenta sin elaborar y mantener m\u00e1s el control del partido. Dispuso de una buena ocasi\u00f3n para disparar con \u00e9xito desde la frontal del \u00e1rea pero, al no hacerlo de primeras, se acomod\u00f3 de nuevo el bal\u00f3n tras giro sobre s\u00ed mismo y ya el disparo no goz\u00f3 de la inercia necesaria.<\/p><p>Segundo tiempo:<\/p><p>Intervino bastante m\u00e1s desde una posici\u00f3n en el medio campo m\u00e1s escorado a la izquierda y gracias a que, por fin, los jugadores de banda y los que participaron en la elaboraci\u00f3n vieron en \u00e9l la posibilidad de crear m\u00e1s juego de combinaci\u00f3n para llegar con m\u00e1s posibilidades a porter\u00eda contraria y tambi\u00e9n provocar m\u00e1s faltas y c\u00f3rners. En una falta a 30 metros realiz\u00f3 una ejecuci\u00f3n extraordinaria -gran personalidad al decidir tirarla pese a ser el debutante-, obligando al portero burkin\u00e9s a sacar una mano tremenda en la escuadra. Tambi\u00e9n fue suya la jugada en la que con un muy brillante \u00faltimo pase de sombrero el delantero de Camer\u00fan -creo que Njie Clinton- fue derribado, provocando un penalti despu\u00e9s fallado.<\/p><p>Un partido de notable el realizado por Pierre Kunde en su debut en la selecci\u00f3n absoluta de su pa\u00eds.<\/p><p><img title=\"PIERRE KUNDE DEBUTA COMO TITULAR CON LA SELECCI\u00d3N ABSOLUTA DE CAMER\u00daN.-\" src=\"https:\/\/www.intersoccermadrid.com\/wp-content\/uploads\/2018\/06\/2018_pierre_beauvais_02.jpg\" alt=\"PIERRE KUNDE DEBUTA COMO TITULAR CON LA SELECCI\u00d3N ABSOLUTA DE CAMER\u00daN.-\" align=\"left\" border=\"0\" \/><\/p><p><img title=\"PIERRE KUNDE DEBUTA COMO TITULAR CON LA SELECCI\u00d3N ABSOLUTA DE CAMER\u00daN.-\" src=\"https:\/\/www.intersoccermadrid.com\/wp-content\/uploads\/2018\/06\/2018_pierre_beauvais_03.jpg\" alt=\"PIERRE KUNDE DEBUTA COMO TITULAR CON LA SELECCI\u00d3N ABSOLUTA DE CAMER\u00daN.-\" align=\"left\" border=\"0\" \/><\/p><p><img title=\"PIERRE KUNDE DEBUTA COMO TITULAR CON LA SELECCI\u00d3N ABSOLUTA DE CAMER\u00daN.-\" src=\"https:\/\/www.intersoccermadrid.com\/wp-content\/uploads\/2018\/06\/2018_pierre_beauvais_04.jpg\" alt=\"PIERRE KUNDE DEBUTA COMO TITULAR CON LA SELECCI\u00d3N ABSOLUTA DE CAMER\u00daN.-\" align=\"left\" border=\"0\" \/><\/p><p><img title=\"PIERRE KUNDE DEBUTA COMO TITULAR CON LA SELECCI\u00d3N ABSOLUTA DE CAMER\u00daN.-\" src=\"https:\/\/www.intersoccermadrid.com\/wp-content\/uploads\/2018\/06\/2018_pierre_beauvais_05.jpg\" alt=\"PIERRE KUNDE DEBUTA COMO TITULAR CON LA SELECCI\u00d3N ABSOLUTA DE CAMER\u00daN.-\" align=\"left\" border=\"0\" \/><\/p><p><img title=\"PIERRE KUNDE DEBUTA COMO TITULAR CON LA SELECCI\u00d3N ABSOLUTA DE CAMER\u00daN.-\" src=\"https:\/\/www.intersoccermadrid.com\/wp-content\/uploads\/2018\/06\/2018_pierre_beauvais_06.jpg\" alt=\"PIERRE KUNDE DEBUTA COMO TITULAR CON LA SELECCI\u00d3N ABSOLUTA DE CAMER\u00daN.-\" align=\"left\" border=\"0\" \/><\/p>","_et_gb_content_width":""},"categories":[8,48],"tags":[],"yoast_head":"<!-- This site is optimized with the Yoast SEO plugin v20.9 - https:\/\/yoast.com\/wordpress\/plugins\/seo\/ -->\n<title>PIERRE KUNDE DEBUT AS HEADER WITH THE ABSOLUTE SELECTION OF CAMEROON.- &middot; International Soccer Academy of Madrid<\/title>\n<meta name=\"robots\" content=\"index, follow, max-snippet:-1, max-image-preview:large, max-video-preview:-1\" \/>\n<link rel=\"canonical\" href=\"https:\/\/www.intersoccermadrid.com\/en\/pierre-kunde-debuta-como-titular-con-la-seleccion-absoluta-de-camerun\/\" \/>\n<meta property=\"og:locale\" content=\"en_US\" \/>\n<meta property=\"og:type\" content=\"article\" \/>\n<meta property=\"og:title\" content=\"PIERRE KUNDE DEBUT AS HEADER WITH THE ABSOLUTE SELECTION OF CAMEROON.- &middot; International Soccer Academy of Madrid\" \/>\n<meta property=\"og:description\" content=\"Formed in the AC INTERSOCCER, where he arrived in June 2012, today we can give this great news of our most important alumnus - soccer professional - in the history of our organization. &nbsp; &nbsp; Review of his performance: Match Cameroon vs. Burkina Faso. Pierre Brisson de Beauvais Stadium - France -. 05\/27\/2018. 16.00 h. [&hellip;]\" \/>\n<meta property=\"og:url\" content=\"https:\/\/www.intersoccermadrid.com\/en\/pierre-kunde-debuta-como-titular-con-la-seleccion-absoluta-de-camerun\/\" \/>\n<meta property=\"og:site_name\" content=\"International Soccer Academy of Madrid\" \/>\n<meta property=\"article:published_time\" content=\"2018-06-01T22:00:00+00:00\" \/>\n<meta property=\"article:modified_time\" content=\"2018-07-13T10:38:31+00:00\" \/>\n<meta property=\"og:image\" content=\"https:\/\/www.intersoccermadrid.com\/wp-content\/uploads\/2018\/06\/2018_pierre_beauvais_01.jpg\" \/>\n\t<meta property=\"og:image:width\" content=\"800\" \/>\n\t<meta property=\"og:image:height\" content=\"450\" \/>\n\t<meta property=\"og:image:type\" content=\"image\/jpeg\" \/>\n<meta name=\"author\" content=\"Administrator\" \/>\n<meta name=\"twitter:card\" content=\"summary_large_image\" \/>\n<meta name=\"twitter:label1\" content=\"Written by\" \/>\n\t<meta name=\"twitter:data1\" content=\"Administrator\" \/>\n\t<meta name=\"twitter:label2\" content=\"Est. reading time\" \/>\n\t<meta name=\"twitter:data2\" content=\"2 minutes\" \/>\n<script type=\"application\/ld+json\" class=\"yoast-schema-graph\">{\"@context\":\"https:\/\/schema.org\",\"@graph\":[{\"@type\":\"WebPage\",\"@id\":\"https:\/\/www.intersoccermadrid.com\/en\/pierre-kunde-debuta-como-titular-con-la-seleccion-absoluta-de-camerun\/\",\"url\":\"https:\/\/www.intersoccermadrid.com\/en\/pierre-kunde-debuta-como-titular-con-la-seleccion-absoluta-de-camerun\/\",\"name\":\"PIERRE KUNDE DEBUT AS HEADER WITH THE ABSOLUTE SELECTION OF CAMEROON.- &middot; International Soccer Academy of Madrid\",\"isPartOf\":{\"@id\":\"https:\/\/www.intersoccermadrid.com\/en\/#website\"},\"datePublished\":\"2018-06-01T22:00:00+00:00\",\"dateModified\":\"2018-07-13T10:38:31+00:00\",\"author\":{\"@id\":\"https:\/\/www.intersoccermadrid.com\/en\/#\/schema\/person\/4843f782828393fd2fd34a6db5ce5d48\"},\"breadcrumb\":{\"@id\":\"https:\/\/www.intersoccermadrid.com\/en\/pierre-kunde-debuta-como-titular-con-la-seleccion-absoluta-de-camerun\/#breadcrumb\"},\"inLanguage\":\"en-US\",\"potentialAction\":[{\"@type\":\"ReadAction\",\"target\":[\"https:\/\/www.intersoccermadrid.com\/en\/pierre-kunde-debuta-como-titular-con-la-seleccion-absoluta-de-camerun\/\"]}]},{\"@type\":\"BreadcrumbList\",\"@id\":\"https:\/\/www.intersoccermadrid.com\/en\/pierre-kunde-debuta-como-titular-con-la-seleccion-absoluta-de-camerun\/#breadcrumb\",\"itemListElement\":[{\"@type\":\"ListItem\",\"position\":1,\"name\":\"Home\",\"item\":\"https:\/\/www.intersoccermadrid.com\/en\/\"},{\"@type\":\"ListItem\",\"position\":2,\"name\":\"PIERRE KUNDE DEBUT AS HEADER WITH THE ABSOLUTE SELECTION OF CAMEROON.-\"}]},{\"@type\":\"WebSite\",\"@id\":\"https:\/\/www.intersoccermadrid.com\/en\/#website\",\"url\":\"https:\/\/www.intersoccermadrid.com\/en\/\",\"name\":\"International Soccer Academy of Madrid\",\"description\":\"International Soccer Academy of Madrid\",\"potentialAction\":[{\"@type\":\"SearchAction\",\"target\":{\"@type\":\"EntryPoint\",\"urlTemplate\":\"https:\/\/www.intersoccermadrid.com\/en\/?s={search_term_string}\"},\"query-input\":\"required name=search_term_string\"}],\"inLanguage\":\"en-US\"},{\"@type\":\"Person\",\"@id\":\"https:\/\/www.intersoccermadrid.com\/en\/#\/schema\/person\/4843f782828393fd2fd34a6db5ce5d48\",\"name\":\"Administrator\",\"image\":{\"@type\":\"ImageObject\",\"inLanguage\":\"en-US\",\"@id\":\"https:\/\/www.intersoccermadrid.com\/en\/#\/schema\/person\/image\/\",\"url\":\"https:\/\/secure.gravatar.com\/avatar\/85ec5305f9a568d3e58c20ee91decabf?s=96&d=mm&r=g\",\"contentUrl\":\"https:\/\/secure.gravatar.com\/avatar\/85ec5305f9a568d3e58c20ee91decabf?s=96&d=mm&r=g\",\"caption\":\"Administrator\"},\"url\":\"https:\/\/www.intersoccermadrid.com\/en\/author\/admin\/\"}]}<\/script>\n<!-- \/ Yoast SEO plugin. -->","yoast_head_json":{"title":"PIERRE KUNDE DEBUT AS HEADER WITH THE ABSOLUTE SELECTION OF CAMEROON.- &middot; International Soccer Academy of Madrid","robots":{"index":"index","follow":"follow","max-snippet":"max-snippet:-1","max-image-preview":"max-image-preview:large","max-video-preview":"max-video-preview:-1"},"canonical":"https:\/\/www.intersoccermadrid.com\/en\/pierre-kunde-debuta-como-titular-con-la-seleccion-absoluta-de-camerun\/","og_locale":"en_US","og_type":"article","og_title":"PIERRE KUNDE DEBUT AS HEADER WITH THE ABSOLUTE SELECTION OF CAMEROON.- &middot; International Soccer Academy of Madrid","og_description":"Formed in the AC INTERSOCCER, where he arrived in June 2012, today we can give this great news of our most important alumnus - soccer professional - in the history of our organization. &nbsp; &nbsp; Review of his performance: Match Cameroon vs. Burkina Faso. Pierre Brisson de Beauvais Stadium - France -. 05\/27\/2018. 16.00 h. [&hellip;]","og_url":"https:\/\/www.intersoccermadrid.com\/en\/pierre-kunde-debuta-como-titular-con-la-seleccion-absoluta-de-camerun\/","og_site_name":"International Soccer Academy of Madrid","article_published_time":"2018-06-01T22:00:00+00:00","article_modified_time":"2018-07-13T10:38:31+00:00","og_image":[{"width":800,"height":450,"url":"https:\/\/www.intersoccermadrid.com\/wp-content\/uploads\/2018\/06\/2018_pierre_beauvais_01.jpg","type":"image\/jpeg"}],"author":"Administrator","twitter_card":"summary_large_image","twitter_misc":{"Written by":"Administrator","Est. reading time":"2 minutes"},"schema":{"@context":"https:\/\/schema.org","@graph":[{"@type":"WebPage","@id":"https:\/\/www.intersoccermadrid.com\/en\/pierre-kunde-debuta-como-titular-con-la-seleccion-absoluta-de-camerun\/","url":"https:\/\/www.intersoccermadrid.com\/en\/pierre-kunde-debuta-como-titular-con-la-seleccion-absoluta-de-camerun\/","name":"PIERRE KUNDE DEBUT AS HEADER WITH THE ABSOLUTE SELECTION OF CAMEROON.- &middot; International Soccer Academy of Madrid","isPartOf":{"@id":"https:\/\/www.intersoccermadrid.com\/en\/#website"},"datePublished":"2018-06-01T22:00:00+00:00","dateModified":"2018-07-13T10:38:31+00:00","author":{"@id":"https:\/\/www.intersoccermadrid.com\/en\/#\/schema\/person\/4843f782828393fd2fd34a6db5ce5d48"},"breadcrumb":{"@id":"https:\/\/www.intersoccermadrid.com\/en\/pierre-kunde-debuta-como-titular-con-la-seleccion-absoluta-de-camerun\/#breadcrumb"},"inLanguage":"en-US","potentialAction":[{"@type":"ReadAction","target":["https:\/\/www.intersoccermadrid.com\/en\/pierre-kunde-debuta-como-titular-con-la-seleccion-absoluta-de-camerun\/"]}]},{"@type":"BreadcrumbList","@id":"https:\/\/www.intersoccermadrid.com\/en\/pierre-kunde-debuta-como-titular-con-la-seleccion-absoluta-de-camerun\/#breadcrumb","itemListElement":[{"@type":"ListItem","position":1,"name":"Home","item":"https:\/\/www.intersoccermadrid.com\/en\/"},{"@type":"ListItem","position":2,"name":"PIERRE KUNDE DEBUT AS HEADER WITH THE ABSOLUTE SELECTION OF CAMEROON.-"}]},{"@type":"WebSite","@id":"https:\/\/www.intersoccermadrid.com\/en\/#website","url":"https:\/\/www.intersoccermadrid.com\/en\/","name":"International Soccer Academy of Madrid","description":"International Soccer Academy of Madrid","potentialAction":[{"@type":"SearchAction","target":{"@type":"EntryPoint","urlTemplate":"https:\/\/www.intersoccermadrid.com\/en\/?s={search_term_string}"},"query-input":"required name=search_term_string"}],"inLanguage":"en-US"},{"@type":"Person","@id":"https:\/\/www.intersoccermadrid.com\/en\/#\/schema\/person\/4843f782828393fd2fd34a6db5ce5d48","name":"Administrator","image":{"@type":"ImageObject","inLanguage":"en-US","@id":"https:\/\/www.intersoccermadrid.com\/en\/#\/schema\/person\/image\/","url":"https:\/\/secure.gravatar.com\/avatar\/85ec5305f9a568d3e58c20ee91decabf?s=96&d=mm&r=g","contentUrl":"https:\/\/secure.gravatar.com\/avatar\/85ec5305f9a568d3e58c20ee91decabf?s=96&d=mm&r=g","caption":"Administrator"},"url":"https:\/\/www.intersoccermadrid.com\/en\/author\/admin\/"}]}},"_links":{"self":[{"href":"https:\/\/www.intersoccermadrid.com\/en\/wp-json\/wp\/v2\/posts\/877"}],"collection":[{"href":"https:\/\/www.intersoccermadrid.com\/en\/wp-json\/wp\/v2\/posts"}],"about":[{"href":"https:\/\/www.intersoccermadrid.com\/en\/wp-json\/wp\/v2\/types\/post"}],"author":[{"embeddable":true,"href":"https:\/\/www.intersoccermadrid.com\/en\/wp-json\/wp\/v2\/users\/2"}],"replies":[{"embeddable":true,"href":"https:\/\/www.intersoccermadrid.com\/en\/wp-json\/wp\/v2\/comments?post=877"}],"version-history":[{"count":14,"href":"https:\/\/www.intersoccermadrid.com\/en\/wp-json\/wp\/v2\/posts\/877\/revisions"}],"predecessor-version":[{"id":8674,"href":"https:\/\/www.intersoccermadrid.com\/en\/wp-json\/wp\/v2\/posts\/877\/revisions\/8674"}],"wp:featuredmedia":[{"embeddable":true,"href":"https:\/\/www.intersoccermadrid.com\/en\/wp-json\/wp\/v2\/media\/7978"}],"wp:attachment":[{"href":"https:\/\/www.intersoccermadrid.com\/en\/wp-json\/wp\/v2\/media?parent=877"}],"wp:term":[{"taxonomy":"category","embeddable":true,"href":"https:\/\/www.intersoccermadrid.com\/en\/wp-json\/wp\/v2\/categories?post=877"},{"taxonomy":"post_tag","embeddable":true,"href":"https:\/\/www.intersoccermadrid.com\/en\/wp-json\/wp\/v2\/tags?post=877"}],"curies":[{"name":"wp","href":"https:\/\/api.w.org\/{rel}","templated":true}]}}