{"id":866,"date":"2018-04-29T00:00:00","date_gmt":"2018-04-28T22:00:00","guid":{"rendered":"https:\/\/www.intersoccermadrid.com\/iii-torneo-de-futbol-cadete-vicente-del-bosque-partido-de-la-ac-intersoccer-contra-el-adepo-palomeras\/"},"modified":"2018-08-17T15:33:04","modified_gmt":"2018-08-17T13:33:04","slug":"iii-torneo-de-futbol-cadete-vicente-del-bosque-partido-de-la-ac-intersoccer-contra-el-adepo-palomeras","status":"publish","type":"post","link":"https:\/\/www.intersoccermadrid.com\/en\/iii-torneo-de-futbol-cadete-vicente-del-bosque-partido-de-la-ac-intersoccer-contra-el-adepo-palomeras\/","title":{"rendered":"III Torneo de F\u00fatbol Cadete Vicente del Bosque &#8211; Partido de la AC INTERSOCCER contra el Adepo Palomeras"},"content":{"rendered":"<p>[et_pb_section bb_built=&#8221;1&#8243;][et_pb_row][et_pb_column type=&#8221;4_4&#8243;][et_pb_text _builder_version=&#8221;3.9&#8243;]<\/p>\n<p>Primer partido de los chicos de Intersoccer en la ronda clasificatoria del III Torneo de F\u00fatbol Cadete Vicente Del Bosque que se celebra en Alalpardo y primera victoria por 2-0 <!--more--><\/p>\n<p>[\/et_pb_text][\/et_pb_column][\/et_pb_row][et_pb_row][et_pb_column type=&#8221;4_4&#8243;][et_pb_gallery _builder_version=&#8221;3.9&#8243; gallery_ids=&#8221;7818,7819,7820,7821,7822,7823,7824,7825,7826,7827,7828,7829,7830,7831,7832,7833,7844&#8243; fullwidth=&#8221;on&#8221; zoom_icon_color=&#8221;#2ea3f2&#8243; hover_overlay_color=&#8221;rgba(255,255,255,0.9)&#8221; \/][\/et_pb_column][\/et_pb_row][et_pb_row][et_pb_column type=&#8221;4_4&#8243;][et_pb_text]<\/p>\n<p>Puedes ver la galer\u00eda de fotos completa en el siguiente enlace <a href=\"https:\/\/flic.kr\/s\/aHskxfWDxB\">III Torneo de F\u00fatbol Cadete Vicente del Bosque &#8211; Partido de la AC INTERSOCCER contra el Adepo Palomeras, alb\u00fam de fotos completo<\/a><\/p>\n<p>Y el v\u00eddeo completo del partido a continuaci\u00f3n:<\/p>\n<p><iframe loading=\"lazy\" src=\"https:\/\/www.youtube.com\/embed\/v1VKSXaiYMo?list=PL8lJv-itCFsxb2jbHkDGz25krkbqMlBVr&amp;controls=0\" width=\"560\" height=\"315\" frameborder=\"0\" allowfullscreen=\"allowfullscreen\"><\/iframe> <!--<iframe loading=\"lazy\" width=\"320\" height=\"240\" src=\"\/\/www.youtube.com\/embed\/5QIQxATQka\" frameborder=\"0\"><\/iframe>\n\nPuedes ver el v\u00eddeo del partido a continuaci\u00f3n:\n\n<iframe loading=\"lazy\" width=\"560\" height=\"315\" src=\"https:\/\/www.youtube.com\/embed\/W8Tmz0UAfRE?rel=0\" frameborder=\"0\" allow=\"autoplay; encrypted-media\" allowfullscreen><\/iframe>      --><\/p>\n<p>[\/et_pb_text][\/et_pb_column][\/et_pb_row][\/et_pb_section]<\/p>\n","protected":false},"excerpt":{"rendered":"<p><div class=\"et_pb_row et_pb_row_0 et_pb_row_empty\">\n\t\t\t\t\n\t\t\t\t\n\t\t\t\t\n\t\t\t\t\n\t\t\t\t\n\t\t\t<\/div> Primer partido de los chicos de Intersoccer en la ronda clasificatoria del III Torneo de F\u00fatbol Cadete Vicente Del Bosque que se celebra en Alalpardo y primera victoria por 2-0 <div class=\"et_pb_row et_pb_row_1 et_pb_row_empty\">\n\t\t\t\t\n\t\t\t\t\n\t\t\t\t\n\t\t\t\t\n\t\t\t\t\n\t\t\t<\/div><div class=\"et_pb_row et_pb_row_2 et_pb_row_empty\">\n\t\t\t\t\n\t\t\t\t\n\t\t\t\t\n\t\t\t\t\n\t\t\t\t\n\t\t\t<\/div><div class=\"et_pb_module et_pb_text et_pb_text_0  et_pb_text_align_left et_pb_bg_layout_light\">\n\t\t\t\t\n\t\t\t\t\n\t\t\t\t\n\t\t\t\t\n\t\t\t\t\n\t\t\t<\/div> Puedes ver la galer\u00eda de fotos completa en el siguiente enlace III Torneo de F\u00fatbol Cadete Vicente del Bosque &#8211; Partido de la [&hellip;]<\/p>\n","protected":false},"author":2,"featured_media":7818,"comment_status":"open","ping_status":"open","sticky":false,"template":"","format":"standard","meta":{"_et_pb_use_builder":"on","_et_pb_old_content":"<p>Puedes ver la galer\u00eda de fotos completa en el siguiente enlace <a href=\"https:\/\/flic.kr\/s\/aHskxfWDxB\">III Torneo de F\u00fatbol Cadete Vicente del Bosque - Partido de la AC INTERSOCCER contra el Adepo Palomeras, alb\u00fam de fotos completo<\/a><\/p><p>Y el v\u00eddeo completo del partido a continuaci\u00f3n:<\/p><p><iframe src=\"https:\/\/www.youtube.com\/embed\/v1VKSXaiYMo?list=PL8lJv-itCFsxb2jbHkDGz25krkbqMlBVr&controls=0\" width=\"560\" height=\"315\" frameborder=\"0\" allowfullscreen=\"allowfullscreen\"><\/iframe> <!--<iframe width=\"320\" height=\"240\" src=\"\/\/www.youtube.com\/embed\/5QIQxATQka\" frameborder=\"0\"><\/iframe>         <\/p>\r\n<p>Puedes ver el v\u00eddeo del partido a continuaci\u00f3n:    <\/p>\r\n<p>               <iframe width=\"560\" height=\"315\" src=\"https:\/\/www.youtube.com\/embed\/W8Tmz0UAfRE?rel=0\" frameborder=\"0\" allow=\"autoplay; encrypted-media\" allowfullscreen><\/iframe>      --><\/p>","_et_gb_content_width":""},"categories":[8],"tags":[],"yoast_head":"<!-- This site is optimized with the Yoast SEO plugin v20.9 - https:\/\/yoast.com\/wordpress\/plugins\/seo\/ -->\n<title>III Torneo de F\u00fatbol Cadete Vicente del Bosque - Partido de la AC INTERSOCCER contra el Adepo Palomeras &middot; International Soccer Academy of Madrid<\/title>\n<meta name=\"robots\" content=\"index, follow, max-snippet:-1, max-image-preview:large, max-video-preview:-1\" \/>\n<link rel=\"canonical\" href=\"https:\/\/www.intersoccermadrid.com\/en\/iii-torneo-de-futbol-cadete-vicente-del-bosque-partido-de-la-ac-intersoccer-contra-el-adepo-palomeras\/\" \/>\n<meta property=\"og:locale\" content=\"en_US\" \/>\n<meta property=\"og:type\" content=\"article\" \/>\n<meta property=\"og:title\" content=\"III Torneo de F\u00fatbol Cadete Vicente del Bosque - Partido de la AC INTERSOCCER contra el Adepo Palomeras &middot; International Soccer Academy of Madrid\" \/>\n<meta property=\"og:description\" content=\"Primer partido de los chicos de Intersoccer en la ronda clasificatoria del III Torneo de F\u00fatbol Cadete Vicente Del Bosque que se celebra en Alalpardo y primera victoria por 2-0 Puedes ver la galer\u00eda de fotos completa en el siguiente enlace III Torneo de F\u00fatbol Cadete Vicente del Bosque - Partido de la [&hellip;]\" \/>\n<meta property=\"og:url\" content=\"https:\/\/www.intersoccermadrid.com\/en\/iii-torneo-de-futbol-cadete-vicente-del-bosque-partido-de-la-ac-intersoccer-contra-el-adepo-palomeras\/\" \/>\n<meta property=\"og:site_name\" content=\"International Soccer Academy of Madrid\" \/>\n<meta property=\"article:published_time\" content=\"2018-04-28T22:00:00+00:00\" \/>\n<meta property=\"article:modified_time\" content=\"2018-08-17T13:33:04+00:00\" \/>\n<meta property=\"og:image\" content=\"https:\/\/www.intersoccermadrid.com\/wp-content\/uploads\/2018\/04\/2018_3tfvb_intersoccer_adepo_01.jpg\" \/>\n\t<meta property=\"og:image:width\" content=\"800\" \/>\n\t<meta property=\"og:image:height\" content=\"438\" \/>\n\t<meta property=\"og:image:type\" content=\"image\/jpeg\" \/>\n<meta name=\"author\" content=\"Administrator\" \/>\n<meta name=\"twitter:card\" content=\"summary_large_image\" \/>\n<meta name=\"twitter:label1\" content=\"Written by\" \/>\n\t<meta name=\"twitter:data1\" content=\"Administrator\" \/>\n\t<meta name=\"twitter:label2\" content=\"Est. reading time\" \/>\n\t<meta name=\"twitter:data2\" content=\"1 minute\" \/>\n<script type=\"application\/ld+json\" class=\"yoast-schema-graph\">{\"@context\":\"https:\/\/schema.org\",\"@graph\":[{\"@type\":\"WebPage\",\"@id\":\"https:\/\/www.intersoccermadrid.com\/en\/iii-torneo-de-futbol-cadete-vicente-del-bosque-partido-de-la-ac-intersoccer-contra-el-adepo-palomeras\/\",\"url\":\"https:\/\/www.intersoccermadrid.com\/en\/iii-torneo-de-futbol-cadete-vicente-del-bosque-partido-de-la-ac-intersoccer-contra-el-adepo-palomeras\/\",\"name\":\"III Torneo de F\u00fatbol Cadete Vicente del Bosque - Partido de la AC INTERSOCCER contra el Adepo Palomeras &middot; International Soccer Academy of Madrid\",\"isPartOf\":{\"@id\":\"https:\/\/www.intersoccermadrid.com\/en\/#website\"},\"datePublished\":\"2018-04-28T22:00:00+00:00\",\"dateModified\":\"2018-08-17T13:33:04+00:00\",\"author\":{\"@id\":\"https:\/\/www.intersoccermadrid.com\/en\/#\/schema\/person\/4843f782828393fd2fd34a6db5ce5d48\"},\"breadcrumb\":{\"@id\":\"https:\/\/www.intersoccermadrid.com\/en\/iii-torneo-de-futbol-cadete-vicente-del-bosque-partido-de-la-ac-intersoccer-contra-el-adepo-palomeras\/#breadcrumb\"},\"inLanguage\":\"en-US\",\"potentialAction\":[{\"@type\":\"ReadAction\",\"target\":[\"https:\/\/www.intersoccermadrid.com\/en\/iii-torneo-de-futbol-cadete-vicente-del-bosque-partido-de-la-ac-intersoccer-contra-el-adepo-palomeras\/\"]}]},{\"@type\":\"BreadcrumbList\",\"@id\":\"https:\/\/www.intersoccermadrid.com\/en\/iii-torneo-de-futbol-cadete-vicente-del-bosque-partido-de-la-ac-intersoccer-contra-el-adepo-palomeras\/#breadcrumb\",\"itemListElement\":[{\"@type\":\"ListItem\",\"position\":1,\"name\":\"Home\",\"item\":\"https:\/\/www.intersoccermadrid.com\/en\/\"},{\"@type\":\"ListItem\",\"position\":2,\"name\":\"III Torneo de F\u00fatbol Cadete Vicente del Bosque &#8211; Partido de la AC INTERSOCCER contra el Adepo Palomeras\"}]},{\"@type\":\"WebSite\",\"@id\":\"https:\/\/www.intersoccermadrid.com\/en\/#website\",\"url\":\"https:\/\/www.intersoccermadrid.com\/en\/\",\"name\":\"International Soccer Academy of Madrid\",\"description\":\"International Soccer Academy of Madrid\",\"potentialAction\":[{\"@type\":\"SearchAction\",\"target\":{\"@type\":\"EntryPoint\",\"urlTemplate\":\"https:\/\/www.intersoccermadrid.com\/en\/?s={search_term_string}\"},\"query-input\":\"required name=search_term_string\"}],\"inLanguage\":\"en-US\"},{\"@type\":\"Person\",\"@id\":\"https:\/\/www.intersoccermadrid.com\/en\/#\/schema\/person\/4843f782828393fd2fd34a6db5ce5d48\",\"name\":\"Administrator\",\"image\":{\"@type\":\"ImageObject\",\"inLanguage\":\"en-US\",\"@id\":\"https:\/\/www.intersoccermadrid.com\/en\/#\/schema\/person\/image\/\",\"url\":\"https:\/\/secure.gravatar.com\/avatar\/85ec5305f9a568d3e58c20ee91decabf?s=96&d=mm&r=g\",\"contentUrl\":\"https:\/\/secure.gravatar.com\/avatar\/85ec5305f9a568d3e58c20ee91decabf?s=96&d=mm&r=g\",\"caption\":\"Administrator\"},\"url\":\"https:\/\/www.intersoccermadrid.com\/en\/author\/admin\/\"}]}<\/script>\n<!-- \/ Yoast SEO plugin. -->","yoast_head_json":{"title":"III Torneo de F\u00fatbol Cadete Vicente del Bosque - Partido de la AC INTERSOCCER contra el Adepo Palomeras &middot; International Soccer Academy of Madrid","robots":{"index":"index","follow":"follow","max-snippet":"max-snippet:-1","max-image-preview":"max-image-preview:large","max-video-preview":"max-video-preview:-1"},"canonical":"https:\/\/www.intersoccermadrid.com\/en\/iii-torneo-de-futbol-cadete-vicente-del-bosque-partido-de-la-ac-intersoccer-contra-el-adepo-palomeras\/","og_locale":"en_US","og_type":"article","og_title":"III Torneo de F\u00fatbol Cadete Vicente del Bosque - Partido de la AC INTERSOCCER contra el Adepo Palomeras &middot; International Soccer Academy of Madrid","og_description":"Primer partido de los chicos de Intersoccer en la ronda clasificatoria del III Torneo de F\u00fatbol Cadete Vicente Del Bosque que se celebra en Alalpardo y primera victoria por 2-0 Puedes ver la galer\u00eda de fotos completa en el siguiente enlace III Torneo de F\u00fatbol Cadete Vicente del Bosque - Partido de la [&hellip;]","og_url":"https:\/\/www.intersoccermadrid.com\/en\/iii-torneo-de-futbol-cadete-vicente-del-bosque-partido-de-la-ac-intersoccer-contra-el-adepo-palomeras\/","og_site_name":"International Soccer Academy of Madrid","article_published_time":"2018-04-28T22:00:00+00:00","article_modified_time":"2018-08-17T13:33:04+00:00","og_image":[{"width":800,"height":438,"url":"https:\/\/www.intersoccermadrid.com\/wp-content\/uploads\/2018\/04\/2018_3tfvb_intersoccer_adepo_01.jpg","type":"image\/jpeg"}],"author":"Administrator","twitter_card":"summary_large_image","twitter_misc":{"Written by":"Administrator","Est. reading time":"1 minute"},"schema":{"@context":"https:\/\/schema.org","@graph":[{"@type":"WebPage","@id":"https:\/\/www.intersoccermadrid.com\/en\/iii-torneo-de-futbol-cadete-vicente-del-bosque-partido-de-la-ac-intersoccer-contra-el-adepo-palomeras\/","url":"https:\/\/www.intersoccermadrid.com\/en\/iii-torneo-de-futbol-cadete-vicente-del-bosque-partido-de-la-ac-intersoccer-contra-el-adepo-palomeras\/","name":"III Torneo de F\u00fatbol Cadete Vicente del Bosque - Partido de la AC INTERSOCCER contra el Adepo Palomeras &middot; International Soccer Academy of Madrid","isPartOf":{"@id":"https:\/\/www.intersoccermadrid.com\/en\/#website"},"datePublished":"2018-04-28T22:00:00+00:00","dateModified":"2018-08-17T13:33:04+00:00","author":{"@id":"https:\/\/www.intersoccermadrid.com\/en\/#\/schema\/person\/4843f782828393fd2fd34a6db5ce5d48"},"breadcrumb":{"@id":"https:\/\/www.intersoccermadrid.com\/en\/iii-torneo-de-futbol-cadete-vicente-del-bosque-partido-de-la-ac-intersoccer-contra-el-adepo-palomeras\/#breadcrumb"},"inLanguage":"en-US","potentialAction":[{"@type":"ReadAction","target":["https:\/\/www.intersoccermadrid.com\/en\/iii-torneo-de-futbol-cadete-vicente-del-bosque-partido-de-la-ac-intersoccer-contra-el-adepo-palomeras\/"]}]},{"@type":"BreadcrumbList","@id":"https:\/\/www.intersoccermadrid.com\/en\/iii-torneo-de-futbol-cadete-vicente-del-bosque-partido-de-la-ac-intersoccer-contra-el-adepo-palomeras\/#breadcrumb","itemListElement":[{"@type":"ListItem","position":1,"name":"Home","item":"https:\/\/www.intersoccermadrid.com\/en\/"},{"@type":"ListItem","position":2,"name":"III Torneo de F\u00fatbol Cadete Vicente del Bosque &#8211; Partido de la AC INTERSOCCER contra el Adepo Palomeras"}]},{"@type":"WebSite","@id":"https:\/\/www.intersoccermadrid.com\/en\/#website","url":"https:\/\/www.intersoccermadrid.com\/en\/","name":"International Soccer Academy of Madrid","description":"International Soccer Academy of Madrid","potentialAction":[{"@type":"SearchAction","target":{"@type":"EntryPoint","urlTemplate":"https:\/\/www.intersoccermadrid.com\/en\/?s={search_term_string}"},"query-input":"required name=search_term_string"}],"inLanguage":"en-US"},{"@type":"Person","@id":"https:\/\/www.intersoccermadrid.com\/en\/#\/schema\/person\/4843f782828393fd2fd34a6db5ce5d48","name":"Administrator","image":{"@type":"ImageObject","inLanguage":"en-US","@id":"https:\/\/www.intersoccermadrid.com\/en\/#\/schema\/person\/image\/","url":"https:\/\/secure.gravatar.com\/avatar\/85ec5305f9a568d3e58c20ee91decabf?s=96&d=mm&r=g","contentUrl":"https:\/\/secure.gravatar.com\/avatar\/85ec5305f9a568d3e58c20ee91decabf?s=96&d=mm&r=g","caption":"Administrator"},"url":"https:\/\/www.intersoccermadrid.com\/en\/author\/admin\/"}]}},"_links":{"self":[{"href":"https:\/\/www.intersoccermadrid.com\/en\/wp-json\/wp\/v2\/posts\/866"}],"collection":[{"href":"https:\/\/www.intersoccermadrid.com\/en\/wp-json\/wp\/v2\/posts"}],"about":[{"href":"https:\/\/www.intersoccermadrid.com\/en\/wp-json\/wp\/v2\/types\/post"}],"author":[{"embeddable":true,"href":"https:\/\/www.intersoccermadrid.com\/en\/wp-json\/wp\/v2\/users\/2"}],"replies":[{"embeddable":true,"href":"https:\/\/www.intersoccermadrid.com\/en\/wp-json\/wp\/v2\/comments?post=866"}],"version-history":[{"count":2,"href":"https:\/\/www.intersoccermadrid.com\/en\/wp-json\/wp\/v2\/posts\/866\/revisions"}],"predecessor-version":[{"id":11460,"href":"https:\/\/www.intersoccermadrid.com\/en\/wp-json\/wp\/v2\/posts\/866\/revisions\/11460"}],"wp:featuredmedia":[{"embeddable":true,"href":"https:\/\/www.intersoccermadrid.com\/en\/wp-json\/wp\/v2\/media\/7818"}],"wp:attachment":[{"href":"https:\/\/www.intersoccermadrid.com\/en\/wp-json\/wp\/v2\/media?parent=866"}],"wp:term":[{"taxonomy":"category","embeddable":true,"href":"https:\/\/www.intersoccermadrid.com\/en\/wp-json\/wp\/v2\/categories?post=866"},{"taxonomy":"post_tag","embeddable":true,"href":"https:\/\/www.intersoccermadrid.com\/en\/wp-json\/wp\/v2\/tags?post=866"}],"curies":[{"name":"wp","href":"https:\/\/api.w.org\/{rel}","templated":true}]}}