{"id":861,"date":"2018-04-21T00:00:00","date_gmt":"2018-04-20T22:00:00","guid":{"rendered":"https:\/\/www.intersoccermadrid.com\/la-ac-intersoccer-referente-en-la-presentacion-del-iii-torneo-vicente-del-bosque-de-alalpardo\/"},"modified":"2018-07-06T10:44:11","modified_gmt":"2018-07-06T08:44:11","slug":"la-ac-intersoccer-referente-en-la-presentacion-del-iii-torneo-vicente-del-bosque-de-alalpardo","status":"publish","type":"post","link":"https:\/\/www.intersoccermadrid.com\/en\/la-ac-intersoccer-referente-en-la-presentacion-del-iii-torneo-vicente-del-bosque-de-alalpardo\/","title":{"rendered":"LA AC INTERSOCCER REFERENTE EN LA PRESENTACI\u00d3N DEL III TORNEO VICENTE DEL BOSQUE DE ALALPARDO.-"},"content":{"rendered":"<p>[et_pb_section bb_built=&#8221;1&#8243;][et_pb_row][et_pb_column type=&#8221;4_4&#8243;][et_pb_text _builder_version=&#8221;3.9&#8243;]<\/p>\n<p>&nbsp;<\/p>\n<p>Inmejorable ambiente, con la presencia del &#8220;todo el mundo del f\u00fatbol&#8221;, en la Casa de Cultura de la localidad de Alalpardo con motivo de la presentaci\u00f3n del III TORNEO VICENTE DEL BOSQUE de f\u00fatbol cadete <!--more--> -y como novedad por primer a\u00f1o de f\u00fatbol femenino-.<\/p>\n<p><!--<iframe loading=\"lazy\" width=\"320\" height=\"240\" src=\"\/\/www.youtube.com\/embed\/5QIQxATQka\" frameborder=\"0\"><\/iframe>\n\nPuedes ver el v\u00eddeo del partido a continuaci\u00f3n:\n\n<iframe loading=\"lazy\" width=\"560\" height=\"315\" src=\"https:\/\/www.youtube.com\/embed\/W8Tmz0UAfRE?rel=0\" frameborder=\"0\" allow=\"autoplay; encrypted-media\" allowfullscreen><\/iframe>  --><\/p>\n<p>[\/et_pb_text][\/et_pb_column][\/et_pb_row][et_pb_row][et_pb_column type=&#8221;4_4&#8243;][et_pb_gallery _builder_version=&#8221;3.9&#8243; gallery_ids=&#8221;7750,7751,7752,7753,7754,7755,7756,7757,7758,7759&#8243; fullwidth=&#8221;on&#8221; zoom_icon_color=&#8221;#2ea3f2&#8243; hover_overlay_color=&#8221;rgba(255,255,255,0.9)&#8221; \/][\/et_pb_column][\/et_pb_row][et_pb_row][et_pb_column type=&#8221;4_4&#8243;][et_pb_text _builder_version=&#8221;3.9&#8243;]<\/p>\n<p>Organizado, una edici\u00f3n m\u00e1s, por el Ayuntamiento de Valdeolmos- Alalpardo junto con la Academia Club Intersoccer Madrid. Como es sabido nuestra organizaci\u00f3n deportiva tiene en dicho municipio su residencia y academia de f\u00fatbol internacional.<\/p>\n<p>Junto al homenajeado, Vicente del Bosque, y el resto de autoridades, estuvieron presentes tambi\u00e9n los directivos, t\u00e9cnicos deportivos y una nutrida representaci\u00f3n de alumnos\/jugadores de la AC INTERSOCCER. Todos, fundamentalmente estos \u00faltimos, disfrutaron de una ma\u00f1ana inolvidable. En una jornada que, sirvi\u00f3 como pre\u00e1mbulo, de las que conformar\u00e1n las de la celebraci\u00f3n del torneo y en el que participar\u00e1n los alumnos cadetes de la academia&#8230; hecho que esperan con una emoci\u00f3n contagiosa todos quienes podr\u00e1n disfrutar de tan magn\u00edfica competici\u00f3n.<\/p>\n<p>\u00a1La academia AC INTERSOCCER se mueve con ilusi\u00f3n inalterable!<\/p>\n<p>&nbsp;<\/p>\n<p>[\/et_pb_text][\/et_pb_column][\/et_pb_row][\/et_pb_section]<\/p>\n","protected":false},"excerpt":{"rendered":"<p><div class=\"et_pb_row et_pb_row_0 et_pb_row_empty\">\n\t\t\t\t\n\t\t\t\t\n\t\t\t\t\n\t\t\t\t\n\t\t\t\t\n\t\t\t<\/div> &nbsp; Inmejorable ambiente, con la presencia del &#8220;todo el mundo del f\u00fatbol&#8221;, en la Casa de Cultura de la localidad de Alalpardo con motivo de la presentaci\u00f3n del III TORNEO VICENTE DEL BOSQUE de f\u00fatbol cadete -y como novedad por primer a\u00f1o de f\u00fatbol femenino-. <div class=\"et_pb_row et_pb_row_1 et_pb_row_empty\">\n\t\t\t\t\n\t\t\t\t\n\t\t\t\t\n\t\t\t\t\n\t\t\t\t\n\t\t\t<\/div><div class=\"et_pb_row et_pb_row_2 et_pb_row_empty\">\n\t\t\t\t\n\t\t\t\t\n\t\t\t\t\n\t\t\t\t\n\t\t\t\t\n\t\t\t<\/div> Organizado, una edici\u00f3n m\u00e1s, por el Ayuntamiento de [&hellip;]<\/p>\n","protected":false},"author":2,"featured_media":7750,"comment_status":"open","ping_status":"open","sticky":false,"template":"","format":"standard","meta":{"_et_pb_use_builder":"on","_et_pb_old_content":"<p>\u00a0<\/p><p>Inmejorable ambiente, con la presencia del \"todo el mundo del f\u00fatbol\", en la Casa de Cultura de la localidad de Alalpardo con motivo de la presentaci\u00f3n del III TORNEO VICENTE DEL BOSQUE de f\u00fatbol cadete <!--more--> -y como novedad por primer a\u00f1o de f\u00fatbol femenino-.<\/p><p>Organizado, una edici\u00f3n m\u00e1s, por el Ayuntamiento de Valdeolmos- Alalpardo junto con la Academia Club Intersoccer Madrid. Como es sabido nuestra organizaci\u00f3n deportiva tiene en dicho municipio su residencia y academia de f\u00fatbol internacional.<\/p><p>Junto al homenajeado, Vicente del Bosque, y el resto de autoridades, estuvieron presentes tambi\u00e9n los directivos, t\u00e9cnicos deportivos y una nutrida representaci\u00f3n de alumnos\/jugadores de la AC INTERSOCCER. Todos, fundamentalmente estos \u00faltimos, disfrutaron de una ma\u00f1ana inolvidable. En una jornada que, sirvi\u00f3 como pre\u00e1mbulo, de las que conformar\u00e1n las de la celebraci\u00f3n del torneo y en el que participar\u00e1n los alumnos cadetes de la academia... hecho que esperan con una emoci\u00f3n contagiosa todos quienes podr\u00e1n disfrutar de tan magn\u00edfica competici\u00f3n.<\/p><p>\u00a1La academia AC INTERSOCCER se mueve con ilusi\u00f3n inalterable!<\/p><p>\u00a0<\/p><p><!--<iframe width=\"320\" height=\"240\" src=\"\/\/www.youtube.com\/embed\/5QIQxATQka\" frameborder=\"0\"><\/iframe>     <\/p>\r\n<p>Puedes ver el v\u00eddeo del partido a continuaci\u00f3n:    <\/p>\r\n<p>             <iframe width=\"560\" height=\"315\" src=\"https:\/\/www.youtube.com\/embed\/W8Tmz0UAfRE?rel=0\" frameborder=\"0\" allow=\"autoplay; encrypted-media\" allowfullscreen><\/iframe>  --><\/p>","_et_gb_content_width":""},"categories":[8],"tags":[],"yoast_head":"<!-- This site is optimized with the Yoast SEO plugin v20.9 - https:\/\/yoast.com\/wordpress\/plugins\/seo\/ -->\n<title>LA AC INTERSOCCER REFERENTE EN LA PRESENTACI\u00d3N DEL III TORNEO VICENTE DEL BOSQUE DE ALALPARDO.- &middot; International Soccer Academy of Madrid<\/title>\n<meta name=\"robots\" content=\"index, follow, max-snippet:-1, max-image-preview:large, max-video-preview:-1\" \/>\n<link rel=\"canonical\" href=\"https:\/\/www.intersoccermadrid.com\/en\/la-ac-intersoccer-referente-en-la-presentacion-del-iii-torneo-vicente-del-bosque-de-alalpardo\/\" \/>\n<meta property=\"og:locale\" content=\"en_US\" \/>\n<meta property=\"og:type\" content=\"article\" \/>\n<meta property=\"og:title\" content=\"LA AC INTERSOCCER REFERENTE EN LA PRESENTACI\u00d3N DEL III TORNEO VICENTE DEL BOSQUE DE ALALPARDO.- &middot; International Soccer Academy of Madrid\" \/>\n<meta property=\"og:description\" content=\"&nbsp; Inmejorable ambiente, con la presencia del &quot;todo el mundo del f\u00fatbol&quot;, en la Casa de Cultura de la localidad de Alalpardo con motivo de la presentaci\u00f3n del III TORNEO VICENTE DEL BOSQUE de f\u00fatbol cadete -y como novedad por primer a\u00f1o de f\u00fatbol femenino-. Organizado, una edici\u00f3n m\u00e1s, por el Ayuntamiento de [&hellip;]\" \/>\n<meta property=\"og:url\" content=\"https:\/\/www.intersoccermadrid.com\/en\/la-ac-intersoccer-referente-en-la-presentacion-del-iii-torneo-vicente-del-bosque-de-alalpardo\/\" \/>\n<meta property=\"og:site_name\" content=\"International Soccer Academy of Madrid\" \/>\n<meta property=\"article:published_time\" content=\"2018-04-20T22:00:00+00:00\" \/>\n<meta property=\"article:modified_time\" content=\"2018-07-06T08:44:11+00:00\" \/>\n<meta property=\"og:image\" content=\"https:\/\/www.intersoccermadrid.com\/wp-content\/uploads\/2018\/04\/2018_presentacion_vdb_01.jpg\" \/>\n\t<meta property=\"og:image:width\" content=\"800\" \/>\n\t<meta property=\"og:image:height\" content=\"600\" \/>\n\t<meta property=\"og:image:type\" content=\"image\/jpeg\" \/>\n<meta name=\"author\" content=\"Administrator\" \/>\n<meta name=\"twitter:card\" content=\"summary_large_image\" \/>\n<meta name=\"twitter:label1\" content=\"Written by\" \/>\n\t<meta name=\"twitter:data1\" content=\"Administrator\" \/>\n\t<meta name=\"twitter:label2\" content=\"Est. reading time\" \/>\n\t<meta name=\"twitter:data2\" content=\"1 minute\" \/>\n<script type=\"application\/ld+json\" class=\"yoast-schema-graph\">{\"@context\":\"https:\/\/schema.org\",\"@graph\":[{\"@type\":\"WebPage\",\"@id\":\"https:\/\/www.intersoccermadrid.com\/en\/la-ac-intersoccer-referente-en-la-presentacion-del-iii-torneo-vicente-del-bosque-de-alalpardo\/\",\"url\":\"https:\/\/www.intersoccermadrid.com\/en\/la-ac-intersoccer-referente-en-la-presentacion-del-iii-torneo-vicente-del-bosque-de-alalpardo\/\",\"name\":\"LA AC INTERSOCCER REFERENTE EN LA PRESENTACI\u00d3N DEL III TORNEO VICENTE DEL BOSQUE DE ALALPARDO.- &middot; International Soccer Academy of Madrid\",\"isPartOf\":{\"@id\":\"https:\/\/www.intersoccermadrid.com\/en\/#website\"},\"datePublished\":\"2018-04-20T22:00:00+00:00\",\"dateModified\":\"2018-07-06T08:44:11+00:00\",\"author\":{\"@id\":\"https:\/\/www.intersoccermadrid.com\/en\/#\/schema\/person\/4843f782828393fd2fd34a6db5ce5d48\"},\"breadcrumb\":{\"@id\":\"https:\/\/www.intersoccermadrid.com\/en\/la-ac-intersoccer-referente-en-la-presentacion-del-iii-torneo-vicente-del-bosque-de-alalpardo\/#breadcrumb\"},\"inLanguage\":\"en-US\",\"potentialAction\":[{\"@type\":\"ReadAction\",\"target\":[\"https:\/\/www.intersoccermadrid.com\/en\/la-ac-intersoccer-referente-en-la-presentacion-del-iii-torneo-vicente-del-bosque-de-alalpardo\/\"]}]},{\"@type\":\"BreadcrumbList\",\"@id\":\"https:\/\/www.intersoccermadrid.com\/en\/la-ac-intersoccer-referente-en-la-presentacion-del-iii-torneo-vicente-del-bosque-de-alalpardo\/#breadcrumb\",\"itemListElement\":[{\"@type\":\"ListItem\",\"position\":1,\"name\":\"Home\",\"item\":\"https:\/\/www.intersoccermadrid.com\/en\/\"},{\"@type\":\"ListItem\",\"position\":2,\"name\":\"LA AC INTERSOCCER REFERENTE EN LA PRESENTACI\u00d3N DEL III TORNEO VICENTE DEL BOSQUE DE ALALPARDO.-\"}]},{\"@type\":\"WebSite\",\"@id\":\"https:\/\/www.intersoccermadrid.com\/en\/#website\",\"url\":\"https:\/\/www.intersoccermadrid.com\/en\/\",\"name\":\"International Soccer Academy of Madrid\",\"description\":\"International Soccer Academy of Madrid\",\"potentialAction\":[{\"@type\":\"SearchAction\",\"target\":{\"@type\":\"EntryPoint\",\"urlTemplate\":\"https:\/\/www.intersoccermadrid.com\/en\/?s={search_term_string}\"},\"query-input\":\"required name=search_term_string\"}],\"inLanguage\":\"en-US\"},{\"@type\":\"Person\",\"@id\":\"https:\/\/www.intersoccermadrid.com\/en\/#\/schema\/person\/4843f782828393fd2fd34a6db5ce5d48\",\"name\":\"Administrator\",\"image\":{\"@type\":\"ImageObject\",\"inLanguage\":\"en-US\",\"@id\":\"https:\/\/www.intersoccermadrid.com\/en\/#\/schema\/person\/image\/\",\"url\":\"https:\/\/secure.gravatar.com\/avatar\/85ec5305f9a568d3e58c20ee91decabf?s=96&d=mm&r=g\",\"contentUrl\":\"https:\/\/secure.gravatar.com\/avatar\/85ec5305f9a568d3e58c20ee91decabf?s=96&d=mm&r=g\",\"caption\":\"Administrator\"},\"url\":\"https:\/\/www.intersoccermadrid.com\/en\/author\/admin\/\"}]}<\/script>\n<!-- \/ Yoast SEO plugin. -->","yoast_head_json":{"title":"LA AC INTERSOCCER REFERENTE EN LA PRESENTACI\u00d3N DEL III TORNEO VICENTE DEL BOSQUE DE ALALPARDO.- &middot; International Soccer Academy of Madrid","robots":{"index":"index","follow":"follow","max-snippet":"max-snippet:-1","max-image-preview":"max-image-preview:large","max-video-preview":"max-video-preview:-1"},"canonical":"https:\/\/www.intersoccermadrid.com\/en\/la-ac-intersoccer-referente-en-la-presentacion-del-iii-torneo-vicente-del-bosque-de-alalpardo\/","og_locale":"en_US","og_type":"article","og_title":"LA AC INTERSOCCER REFERENTE EN LA PRESENTACI\u00d3N DEL III TORNEO VICENTE DEL BOSQUE DE ALALPARDO.- &middot; International Soccer Academy of Madrid","og_description":"&nbsp; Inmejorable ambiente, con la presencia del \"todo el mundo del f\u00fatbol\", en la Casa de Cultura de la localidad de Alalpardo con motivo de la presentaci\u00f3n del III TORNEO VICENTE DEL BOSQUE de f\u00fatbol cadete -y como novedad por primer a\u00f1o de f\u00fatbol femenino-. Organizado, una edici\u00f3n m\u00e1s, por el Ayuntamiento de [&hellip;]","og_url":"https:\/\/www.intersoccermadrid.com\/en\/la-ac-intersoccer-referente-en-la-presentacion-del-iii-torneo-vicente-del-bosque-de-alalpardo\/","og_site_name":"International Soccer Academy of Madrid","article_published_time":"2018-04-20T22:00:00+00:00","article_modified_time":"2018-07-06T08:44:11+00:00","og_image":[{"width":800,"height":600,"url":"https:\/\/www.intersoccermadrid.com\/wp-content\/uploads\/2018\/04\/2018_presentacion_vdb_01.jpg","type":"image\/jpeg"}],"author":"Administrator","twitter_card":"summary_large_image","twitter_misc":{"Written by":"Administrator","Est. reading time":"1 minute"},"schema":{"@context":"https:\/\/schema.org","@graph":[{"@type":"WebPage","@id":"https:\/\/www.intersoccermadrid.com\/en\/la-ac-intersoccer-referente-en-la-presentacion-del-iii-torneo-vicente-del-bosque-de-alalpardo\/","url":"https:\/\/www.intersoccermadrid.com\/en\/la-ac-intersoccer-referente-en-la-presentacion-del-iii-torneo-vicente-del-bosque-de-alalpardo\/","name":"LA AC INTERSOCCER REFERENTE EN LA PRESENTACI\u00d3N DEL III TORNEO VICENTE DEL BOSQUE DE ALALPARDO.- &middot; International Soccer Academy of Madrid","isPartOf":{"@id":"https:\/\/www.intersoccermadrid.com\/en\/#website"},"datePublished":"2018-04-20T22:00:00+00:00","dateModified":"2018-07-06T08:44:11+00:00","author":{"@id":"https:\/\/www.intersoccermadrid.com\/en\/#\/schema\/person\/4843f782828393fd2fd34a6db5ce5d48"},"breadcrumb":{"@id":"https:\/\/www.intersoccermadrid.com\/en\/la-ac-intersoccer-referente-en-la-presentacion-del-iii-torneo-vicente-del-bosque-de-alalpardo\/#breadcrumb"},"inLanguage":"en-US","potentialAction":[{"@type":"ReadAction","target":["https:\/\/www.intersoccermadrid.com\/en\/la-ac-intersoccer-referente-en-la-presentacion-del-iii-torneo-vicente-del-bosque-de-alalpardo\/"]}]},{"@type":"BreadcrumbList","@id":"https:\/\/www.intersoccermadrid.com\/en\/la-ac-intersoccer-referente-en-la-presentacion-del-iii-torneo-vicente-del-bosque-de-alalpardo\/#breadcrumb","itemListElement":[{"@type":"ListItem","position":1,"name":"Home","item":"https:\/\/www.intersoccermadrid.com\/en\/"},{"@type":"ListItem","position":2,"name":"LA AC INTERSOCCER REFERENTE EN LA PRESENTACI\u00d3N DEL III TORNEO VICENTE DEL BOSQUE DE ALALPARDO.-"}]},{"@type":"WebSite","@id":"https:\/\/www.intersoccermadrid.com\/en\/#website","url":"https:\/\/www.intersoccermadrid.com\/en\/","name":"International Soccer Academy of Madrid","description":"International Soccer Academy of Madrid","potentialAction":[{"@type":"SearchAction","target":{"@type":"EntryPoint","urlTemplate":"https:\/\/www.intersoccermadrid.com\/en\/?s={search_term_string}"},"query-input":"required name=search_term_string"}],"inLanguage":"en-US"},{"@type":"Person","@id":"https:\/\/www.intersoccermadrid.com\/en\/#\/schema\/person\/4843f782828393fd2fd34a6db5ce5d48","name":"Administrator","image":{"@type":"ImageObject","inLanguage":"en-US","@id":"https:\/\/www.intersoccermadrid.com\/en\/#\/schema\/person\/image\/","url":"https:\/\/secure.gravatar.com\/avatar\/85ec5305f9a568d3e58c20ee91decabf?s=96&d=mm&r=g","contentUrl":"https:\/\/secure.gravatar.com\/avatar\/85ec5305f9a568d3e58c20ee91decabf?s=96&d=mm&r=g","caption":"Administrator"},"url":"https:\/\/www.intersoccermadrid.com\/en\/author\/admin\/"}]}},"_links":{"self":[{"href":"https:\/\/www.intersoccermadrid.com\/en\/wp-json\/wp\/v2\/posts\/861"}],"collection":[{"href":"https:\/\/www.intersoccermadrid.com\/en\/wp-json\/wp\/v2\/posts"}],"about":[{"href":"https:\/\/www.intersoccermadrid.com\/en\/wp-json\/wp\/v2\/types\/post"}],"author":[{"embeddable":true,"href":"https:\/\/www.intersoccermadrid.com\/en\/wp-json\/wp\/v2\/users\/2"}],"replies":[{"embeddable":true,"href":"https:\/\/www.intersoccermadrid.com\/en\/wp-json\/wp\/v2\/comments?post=861"}],"version-history":[{"count":2,"href":"https:\/\/www.intersoccermadrid.com\/en\/wp-json\/wp\/v2\/posts\/861\/revisions"}],"predecessor-version":[{"id":8195,"href":"https:\/\/www.intersoccermadrid.com\/en\/wp-json\/wp\/v2\/posts\/861\/revisions\/8195"}],"wp:featuredmedia":[{"embeddable":true,"href":"https:\/\/www.intersoccermadrid.com\/en\/wp-json\/wp\/v2\/media\/7750"}],"wp:attachment":[{"href":"https:\/\/www.intersoccermadrid.com\/en\/wp-json\/wp\/v2\/media?parent=861"}],"wp:term":[{"taxonomy":"category","embeddable":true,"href":"https:\/\/www.intersoccermadrid.com\/en\/wp-json\/wp\/v2\/categories?post=861"},{"taxonomy":"post_tag","embeddable":true,"href":"https:\/\/www.intersoccermadrid.com\/en\/wp-json\/wp\/v2\/tags?post=861"}],"curies":[{"name":"wp","href":"https:\/\/api.w.org\/{rel}","templated":true}]}}