{"id":858,"date":"2018-04-07T00:00:00","date_gmt":"2018-04-06T22:00:00","guid":{"rendered":"https:\/\/www.intersoccermadrid.com\/los-clubes-profesionales-deportivo-alaves-youssef-y-granada-cf-fabrice-ofon-ponen-sus-ojos-en-jugadores-del-sub20-de-la-ac-intersoccer\/"},"modified":"2018-07-06T11:01:58","modified_gmt":"2018-07-06T09:01:58","slug":"los-clubes-profesionales-deportivo-alaves-youssef-y-granada-cf-fabrice-ofon-ponen-sus-ojos-en-jugadores-del-sub20-de-la-ac-intersoccer","status":"publish","type":"post","link":"https:\/\/www.intersoccermadrid.com\/en\/los-clubes-profesionales-deportivo-alaves-youssef-y-granada-cf-fabrice-ofon-ponen-sus-ojos-en-jugadores-del-sub20-de-la-ac-intersoccer\/","title":{"rendered":"Los clubes profesionales Deportivo Alav\u00e9s -Youssef- y Granada CF -Fabrice Ofon- ponen sus ojos en jugadores del Sub\/20 de la AC INTERSOCCER.-"},"content":{"rendered":"<p>[et_pb_section bb_built=&#8221;1&#8243;][et_pb_row][et_pb_column type=&#8221;4_4&#8243;][et_pb_text _builder_version=&#8221;3.9&#8243;]<\/p>\n<p>Un a\u00f1o m\u00e1s el trabajo que se desarrolla en la academia y en el equipo Sub\/20 de la AC Intersoccer Madrid no est\u00e1 pasando desapercibido para los clubes profesionales del f\u00fatbol espa\u00f1ol. <!--more--> Adem\u00e1s, son muchos los clubes y los profesionales del f\u00fatbol quienes est\u00e1n valorando muy mucho el concepto utilizado por la AC INTERSOCCER y puesto en valor en su equipo Sub\/20. No es otro que jugar solamente con jugadores menores de dicha edad y con muchos de ellos a\u00fan en categor\u00eda juvenil -menores de 18 a\u00f1os- en competici\u00f3n de aficionados.<\/p>\n<p>[\/et_pb_text][\/et_pb_column][\/et_pb_row][et_pb_row][et_pb_column type=&#8221;4_4&#8243;][et_pb_gallery _builder_version=&#8221;3.9&#8243; fullwidth=&#8221;on&#8221; zoom_icon_color=&#8221;#2ea3f2&#8243; hover_overlay_color=&#8221;rgba(255,255,255,0.9)&#8221; gallery_ids=&#8221;7736,7737,7738,7739,7740&#8243; \/][\/et_pb_column][\/et_pb_row][et_pb_row][et_pb_column type=&#8221;4_4&#8243;][et_pb_text _builder_version=&#8221;3.9&#8243;]<\/p>\n<p>Eso permite enfrentarse a una gran realidad del f\u00fatbol: &#8220;si se tiene calidad, competir en medio de dificultades frente a jugadores experimentados y todos ellos senior, hace madurar pronta, adecuada y verdaderamente a los j\u00f3venes jugadores. Y, mucho m\u00e1s all\u00e1 de los resultados en los partidos, se obtiene un alto nivel competitivo mientras se va adquiriendo oficio de futbolista de verdad&#8221;.<\/p>\n<p>Pues bien, de ese trabajo mantenido en la AC INTERSOCCER, adem\u00e1s de los jugadores &#8220;talents&#8221; que, procedentes de la misma, ya pertenecen a diferentes clubes profesionales espa\u00f1oles, durante la temporada en curso -2017\/2018- tambi\u00e9n se sigue produciendo el inter\u00e9s de otros clubes profesionales por otros muy pronto ya &#8220;talents Intersoccer&#8221;. As\u00ed, ya lleva entrenando desde hace bastantes fechas con el segundo equipo del Deportivo Alav\u00e9s el portero de origen egipcio perteneciente al Sub\/20, Youssef Fhamy. Quien, en su primer a\u00f1o senior, y despu\u00e9s de conseguir el pasado a\u00f1o el ascenso a Divisi\u00f3n de Honor Juvenil en las filas del Alcobendas Levitt, ya acredita unas condiciones f\u00edsicas y t\u00e9cnicas de gran nivel. Tanto que, durante su estancia en Vitoria, ya ha entrenado en alguna ocasi\u00f3n con el equipo de Primera Divisi\u00f3n del Deportivo Alav\u00e9s. Todo apunta a que pronto se confirmar\u00e1 su fichaje por dicho club.<\/p>\n<p>Igualmente, durante la Semana Santa pasada, ha permanecido entrenando con el equipo juvenil de Divisi\u00f3n de Honor del Granada CF, el jugador tambi\u00e9n del Sub\/20, a\u00fan en edad juvenil de \u00faltimo a\u00f1o, Fabrice Ofon. Jugador de origen camerun\u00e9s y procedente de la misma escuela de su pa\u00eds desde la que llegaron hasta la AC Intersoccer los ya &#8220;talents&#8221; reconocidos: Pierre Kunde -espectacular su temporada actual en el primer equipo del Granada CF, cedido all\u00ed por el Atl\u00e9tico de Madrid-; Samba -Elche CF-; Kalvin -Rayo Vallecano-&#8230; etc. Fabrice, acreditando a\u00fan una breve estancia en Espa\u00f1a, ya deja entrever unas incre\u00edbles condiciones t\u00e9cnicas y una velocidad endiablada en su posici\u00f3n de extremo diestro. Trabajando en su formaci\u00f3n con adecuaci\u00f3n y con mesura puede alcanzar cotas importantes en el f\u00fatbol profesional. De momento, adem\u00e1s de ese breve stage por tierras granadinas, combina sus entrenamientos entre el Sub\/20 de la AC INTERSOCCER y el primer equipo de su club patrocinador, el ALCOBENDAS LEVITT CF.<\/p>\n<p>\u00a1Buenas noticias desde la academia de Alalpardo!<\/p>\n<p><!--<iframe loading=\"lazy\" width=\"320\" height=\"240\" src=\"\/\/www.youtube.com\/embed\/5QIQxATQka\" frameborder=\"0\"><\/iframe>\n\nPuedes ver el v\u00eddeo del partido a continuaci\u00f3n:\n\n<iframe loading=\"lazy\" width=\"560\" height=\"315\" src=\"https:\/\/www.youtube.com\/embed\/W8Tmz0UAfRE?rel=0\" frameborder=\"0\" allow=\"autoplay; encrypted-media\" allowfullscreen><\/iframe>  --><\/p>\n<p>[\/et_pb_text][\/et_pb_column][\/et_pb_row][\/et_pb_section]<\/p>\n","protected":false},"excerpt":{"rendered":"<p><div class=\"et_pb_row et_pb_row_0 et_pb_row_empty\">\n\t\t\t\t\n\t\t\t\t\n\t\t\t\t\n\t\t\t\t\n\t\t\t\t\n\t\t\t<\/div> Un a\u00f1o m\u00e1s el trabajo que se desarrolla en la academia y en el equipo Sub\/20 de la AC Intersoccer Madrid no est\u00e1 pasando desapercibido para los clubes profesionales del f\u00fatbol espa\u00f1ol. Adem\u00e1s, son muchos los clubes y los profesionales del f\u00fatbol quienes est\u00e1n valorando muy mucho el concepto utilizado por la AC INTERSOCCER [&hellip;]<\/p>\n","protected":false},"author":2,"featured_media":7736,"comment_status":"open","ping_status":"open","sticky":false,"template":"","format":"standard","meta":{"_et_pb_use_builder":"on","_et_pb_old_content":"<p>\u00a0<\/p><p>Un a\u00f1o m\u00e1s el trabajo que se desarrolla en la academia y en el equipo Sub\/20 de la AC Intersoccer Madrid no est\u00e1 pasando desapercibido para los clubes profesionales del f\u00fatbol espa\u00f1ol. <!--more--> Adem\u00e1s, son muchos los clubes y los profesionales del f\u00fatbol quienes est\u00e1n valorando muy mucho el concepto utilizado por la AC INTERSOCCER y puesto en valor en su equipo Sub\/20. No es otro que jugar solamente con jugadores menores de dicha edad y con muchos de ellos a\u00fan en categor\u00eda juvenil -menores de 18 a\u00f1os- en competici\u00f3n de aficionados. Eso permite enfrentarse a una gran realidad del f\u00fatbol: \"si se tiene calidad, competir en medio de dificultades frente a jugadores experimentados y todos ellos senior, hace madurar pronta, adecuada y verdaderamente a los j\u00f3venes jugadores. Y, mucho m\u00e1s all\u00e1 de los resultados en los partidos, se obtiene un alto nivel competitivo mientras se va adquiriendo oficio de futbolista de verdad\".<\/p><p>Pues bien, de ese trabajo mantenido en la AC INTERSOCCER, adem\u00e1s de los jugadores \"talents\" que, procedentes de la misma, ya pertenecen a diferentes clubes profesionales espa\u00f1oles, durante la temporada en curso -2017\/2018- tambi\u00e9n se sigue produciendo el inter\u00e9s de otros clubes profesionales por otros muy pronto ya \"talents Intersoccer\". As\u00ed, ya lleva entrenando desde hace bastantes fechas con el segundo equipo del Deportivo Alav\u00e9s el portero de origen egipcio perteneciente al Sub\/20, Youssef Fhamy. Quien, en su primer a\u00f1o senior, y despu\u00e9s de conseguir el pasado a\u00f1o el ascenso a Divisi\u00f3n de Honor Juvenil en las filas del Alcobendas Levitt, ya acredita unas condiciones f\u00edsicas y t\u00e9cnicas de gran nivel. Tanto que, durante su estancia en Vitoria, ya ha entrenado en alguna ocasi\u00f3n con el equipo de Primera Divisi\u00f3n del Deportivo Alav\u00e9s. Todo apunta a que pronto se confirmar\u00e1 su fichaje por dicho club.<\/p><p>Igualmente, durante la Semana Santa pasada, ha permanecido entrenando con el equipo juvenil de Divisi\u00f3n de Honor del Granada CF, el jugador tambi\u00e9n del Sub\/20, a\u00fan en edad juvenil de \u00faltimo a\u00f1o, Fabrice Ofon. Jugador de origen camerun\u00e9s y procedente de la misma escuela de su pa\u00eds desde la que llegaron hasta la AC Intersoccer los ya \"talents\" reconocidos: Pierre Kunde -espectacular su temporada actual en el primer equipo del Granada CF, cedido all\u00ed por el Atl\u00e9tico de Madrid-; Samba -Elche CF-; Kalvin -Rayo Vallecano-... etc. Fabrice, acreditando a\u00fan una breve estancia en Espa\u00f1a, ya deja entrever unas incre\u00edbles condiciones t\u00e9cnicas y una velocidad endiablada en su posici\u00f3n de extremo diestro. Trabajando en su formaci\u00f3n con adecuaci\u00f3n y con mesura puede alcanzar cotas importantes en el f\u00fatbol profesional. De momento, adem\u00e1s de ese breve stage por tierras granadinas, combina sus entrenamientos entre el Sub\/20 de la AC INTERSOCCER y el primer equipo de su club patrocinador, el ALCOBENDAS LEVITT CF.<\/p><p>\u00a1Buenas noticias desde la academia de Alalpardo!<\/p><p><!--<iframe width=\"320\" height=\"240\" src=\"\/\/www.youtube.com\/embed\/5QIQxATQka\" frameborder=\"0\"><\/iframe>     <\/p>\r\n<p>Puedes ver el v\u00eddeo del partido a continuaci\u00f3n:    <\/p>\r\n<p>             <iframe width=\"560\" height=\"315\" src=\"https:\/\/www.youtube.com\/embed\/W8Tmz0UAfRE?rel=0\" frameborder=\"0\" allow=\"autoplay; encrypted-media\" allowfullscreen><\/iframe>  --><\/p>","_et_gb_content_width":""},"categories":[8],"tags":[],"yoast_head":"<!-- This site is optimized with the Yoast SEO plugin v20.9 - https:\/\/yoast.com\/wordpress\/plugins\/seo\/ -->\n<title>Los clubes profesionales Deportivo Alav\u00e9s -Youssef- y Granada CF -Fabrice Ofon- ponen sus ojos en jugadores del Sub\/20 de la AC INTERSOCCER.- &middot; International Soccer Academy of Madrid<\/title>\n<meta name=\"robots\" content=\"index, follow, max-snippet:-1, max-image-preview:large, max-video-preview:-1\" \/>\n<link rel=\"canonical\" href=\"https:\/\/www.intersoccermadrid.com\/en\/los-clubes-profesionales-deportivo-alaves-youssef-y-granada-cf-fabrice-ofon-ponen-sus-ojos-en-jugadores-del-sub20-de-la-ac-intersoccer\/\" \/>\n<meta property=\"og:locale\" content=\"en_US\" \/>\n<meta property=\"og:type\" content=\"article\" \/>\n<meta property=\"og:title\" content=\"Los clubes profesionales Deportivo Alav\u00e9s -Youssef- y Granada CF -Fabrice Ofon- ponen sus ojos en jugadores del Sub\/20 de la AC INTERSOCCER.- &middot; International Soccer Academy of Madrid\" \/>\n<meta property=\"og:description\" content=\"Un a\u00f1o m\u00e1s el trabajo que se desarrolla en la academia y en el equipo Sub\/20 de la AC Intersoccer Madrid no est\u00e1 pasando desapercibido para los clubes profesionales del f\u00fatbol espa\u00f1ol. Adem\u00e1s, son muchos los clubes y los profesionales del f\u00fatbol quienes est\u00e1n valorando muy mucho el concepto utilizado por la AC INTERSOCCER [&hellip;]\" \/>\n<meta property=\"og:url\" content=\"https:\/\/www.intersoccermadrid.com\/en\/los-clubes-profesionales-deportivo-alaves-youssef-y-granada-cf-fabrice-ofon-ponen-sus-ojos-en-jugadores-del-sub20-de-la-ac-intersoccer\/\" \/>\n<meta property=\"og:site_name\" content=\"International Soccer Academy of Madrid\" \/>\n<meta property=\"article:published_time\" content=\"2018-04-06T22:00:00+00:00\" \/>\n<meta property=\"article:modified_time\" content=\"2018-07-06T09:01:58+00:00\" \/>\n<meta property=\"og:image\" content=\"https:\/\/www.intersoccermadrid.com\/wp-content\/uploads\/2018\/04\/2018_youssef_fabrice_01.jpg\" \/>\n\t<meta property=\"og:image:width\" content=\"800\" \/>\n\t<meta property=\"og:image:height\" content=\"525\" \/>\n\t<meta property=\"og:image:type\" content=\"image\/jpeg\" \/>\n<meta name=\"author\" content=\"Administrator\" \/>\n<meta name=\"twitter:card\" content=\"summary_large_image\" \/>\n<meta name=\"twitter:label1\" content=\"Written by\" \/>\n\t<meta name=\"twitter:data1\" content=\"Administrator\" \/>\n\t<meta name=\"twitter:label2\" content=\"Est. reading time\" \/>\n\t<meta name=\"twitter:data2\" content=\"3 minutes\" \/>\n<script type=\"application\/ld+json\" class=\"yoast-schema-graph\">{\"@context\":\"https:\/\/schema.org\",\"@graph\":[{\"@type\":\"WebPage\",\"@id\":\"https:\/\/www.intersoccermadrid.com\/en\/los-clubes-profesionales-deportivo-alaves-youssef-y-granada-cf-fabrice-ofon-ponen-sus-ojos-en-jugadores-del-sub20-de-la-ac-intersoccer\/\",\"url\":\"https:\/\/www.intersoccermadrid.com\/en\/los-clubes-profesionales-deportivo-alaves-youssef-y-granada-cf-fabrice-ofon-ponen-sus-ojos-en-jugadores-del-sub20-de-la-ac-intersoccer\/\",\"name\":\"Los clubes profesionales Deportivo Alav\u00e9s -Youssef- y Granada CF -Fabrice Ofon- ponen sus ojos en jugadores del Sub\/20 de la AC INTERSOCCER.- &middot; International Soccer Academy of Madrid\",\"isPartOf\":{\"@id\":\"https:\/\/www.intersoccermadrid.com\/en\/#website\"},\"datePublished\":\"2018-04-06T22:00:00+00:00\",\"dateModified\":\"2018-07-06T09:01:58+00:00\",\"author\":{\"@id\":\"https:\/\/www.intersoccermadrid.com\/en\/#\/schema\/person\/4843f782828393fd2fd34a6db5ce5d48\"},\"breadcrumb\":{\"@id\":\"https:\/\/www.intersoccermadrid.com\/en\/los-clubes-profesionales-deportivo-alaves-youssef-y-granada-cf-fabrice-ofon-ponen-sus-ojos-en-jugadores-del-sub20-de-la-ac-intersoccer\/#breadcrumb\"},\"inLanguage\":\"en-US\",\"potentialAction\":[{\"@type\":\"ReadAction\",\"target\":[\"https:\/\/www.intersoccermadrid.com\/en\/los-clubes-profesionales-deportivo-alaves-youssef-y-granada-cf-fabrice-ofon-ponen-sus-ojos-en-jugadores-del-sub20-de-la-ac-intersoccer\/\"]}]},{\"@type\":\"BreadcrumbList\",\"@id\":\"https:\/\/www.intersoccermadrid.com\/en\/los-clubes-profesionales-deportivo-alaves-youssef-y-granada-cf-fabrice-ofon-ponen-sus-ojos-en-jugadores-del-sub20-de-la-ac-intersoccer\/#breadcrumb\",\"itemListElement\":[{\"@type\":\"ListItem\",\"position\":1,\"name\":\"Home\",\"item\":\"https:\/\/www.intersoccermadrid.com\/en\/\"},{\"@type\":\"ListItem\",\"position\":2,\"name\":\"Los clubes profesionales Deportivo Alav\u00e9s -Youssef- y Granada CF -Fabrice Ofon- ponen sus ojos en jugadores del Sub\/20 de la AC INTERSOCCER.-\"}]},{\"@type\":\"WebSite\",\"@id\":\"https:\/\/www.intersoccermadrid.com\/en\/#website\",\"url\":\"https:\/\/www.intersoccermadrid.com\/en\/\",\"name\":\"International Soccer Academy of Madrid\",\"description\":\"International Soccer Academy of Madrid\",\"potentialAction\":[{\"@type\":\"SearchAction\",\"target\":{\"@type\":\"EntryPoint\",\"urlTemplate\":\"https:\/\/www.intersoccermadrid.com\/en\/?s={search_term_string}\"},\"query-input\":\"required name=search_term_string\"}],\"inLanguage\":\"en-US\"},{\"@type\":\"Person\",\"@id\":\"https:\/\/www.intersoccermadrid.com\/en\/#\/schema\/person\/4843f782828393fd2fd34a6db5ce5d48\",\"name\":\"Administrator\",\"image\":{\"@type\":\"ImageObject\",\"inLanguage\":\"en-US\",\"@id\":\"https:\/\/www.intersoccermadrid.com\/en\/#\/schema\/person\/image\/\",\"url\":\"https:\/\/secure.gravatar.com\/avatar\/85ec5305f9a568d3e58c20ee91decabf?s=96&d=mm&r=g\",\"contentUrl\":\"https:\/\/secure.gravatar.com\/avatar\/85ec5305f9a568d3e58c20ee91decabf?s=96&d=mm&r=g\",\"caption\":\"Administrator\"},\"url\":\"https:\/\/www.intersoccermadrid.com\/en\/author\/admin\/\"}]}<\/script>\n<!-- \/ Yoast SEO plugin. -->","yoast_head_json":{"title":"Los clubes profesionales Deportivo Alav\u00e9s -Youssef- y Granada CF -Fabrice Ofon- ponen sus ojos en jugadores del Sub\/20 de la AC INTERSOCCER.- &middot; International Soccer Academy of Madrid","robots":{"index":"index","follow":"follow","max-snippet":"max-snippet:-1","max-image-preview":"max-image-preview:large","max-video-preview":"max-video-preview:-1"},"canonical":"https:\/\/www.intersoccermadrid.com\/en\/los-clubes-profesionales-deportivo-alaves-youssef-y-granada-cf-fabrice-ofon-ponen-sus-ojos-en-jugadores-del-sub20-de-la-ac-intersoccer\/","og_locale":"en_US","og_type":"article","og_title":"Los clubes profesionales Deportivo Alav\u00e9s -Youssef- y Granada CF -Fabrice Ofon- ponen sus ojos en jugadores del Sub\/20 de la AC INTERSOCCER.- &middot; International Soccer Academy of Madrid","og_description":"Un a\u00f1o m\u00e1s el trabajo que se desarrolla en la academia y en el equipo Sub\/20 de la AC Intersoccer Madrid no est\u00e1 pasando desapercibido para los clubes profesionales del f\u00fatbol espa\u00f1ol. Adem\u00e1s, son muchos los clubes y los profesionales del f\u00fatbol quienes est\u00e1n valorando muy mucho el concepto utilizado por la AC INTERSOCCER [&hellip;]","og_url":"https:\/\/www.intersoccermadrid.com\/en\/los-clubes-profesionales-deportivo-alaves-youssef-y-granada-cf-fabrice-ofon-ponen-sus-ojos-en-jugadores-del-sub20-de-la-ac-intersoccer\/","og_site_name":"International Soccer Academy of Madrid","article_published_time":"2018-04-06T22:00:00+00:00","article_modified_time":"2018-07-06T09:01:58+00:00","og_image":[{"width":800,"height":525,"url":"https:\/\/www.intersoccermadrid.com\/wp-content\/uploads\/2018\/04\/2018_youssef_fabrice_01.jpg","type":"image\/jpeg"}],"author":"Administrator","twitter_card":"summary_large_image","twitter_misc":{"Written by":"Administrator","Est. reading time":"3 minutes"},"schema":{"@context":"https:\/\/schema.org","@graph":[{"@type":"WebPage","@id":"https:\/\/www.intersoccermadrid.com\/en\/los-clubes-profesionales-deportivo-alaves-youssef-y-granada-cf-fabrice-ofon-ponen-sus-ojos-en-jugadores-del-sub20-de-la-ac-intersoccer\/","url":"https:\/\/www.intersoccermadrid.com\/en\/los-clubes-profesionales-deportivo-alaves-youssef-y-granada-cf-fabrice-ofon-ponen-sus-ojos-en-jugadores-del-sub20-de-la-ac-intersoccer\/","name":"Los clubes profesionales Deportivo Alav\u00e9s -Youssef- y Granada CF -Fabrice Ofon- ponen sus ojos en jugadores del Sub\/20 de la AC INTERSOCCER.- &middot; International Soccer Academy of Madrid","isPartOf":{"@id":"https:\/\/www.intersoccermadrid.com\/en\/#website"},"datePublished":"2018-04-06T22:00:00+00:00","dateModified":"2018-07-06T09:01:58+00:00","author":{"@id":"https:\/\/www.intersoccermadrid.com\/en\/#\/schema\/person\/4843f782828393fd2fd34a6db5ce5d48"},"breadcrumb":{"@id":"https:\/\/www.intersoccermadrid.com\/en\/los-clubes-profesionales-deportivo-alaves-youssef-y-granada-cf-fabrice-ofon-ponen-sus-ojos-en-jugadores-del-sub20-de-la-ac-intersoccer\/#breadcrumb"},"inLanguage":"en-US","potentialAction":[{"@type":"ReadAction","target":["https:\/\/www.intersoccermadrid.com\/en\/los-clubes-profesionales-deportivo-alaves-youssef-y-granada-cf-fabrice-ofon-ponen-sus-ojos-en-jugadores-del-sub20-de-la-ac-intersoccer\/"]}]},{"@type":"BreadcrumbList","@id":"https:\/\/www.intersoccermadrid.com\/en\/los-clubes-profesionales-deportivo-alaves-youssef-y-granada-cf-fabrice-ofon-ponen-sus-ojos-en-jugadores-del-sub20-de-la-ac-intersoccer\/#breadcrumb","itemListElement":[{"@type":"ListItem","position":1,"name":"Home","item":"https:\/\/www.intersoccermadrid.com\/en\/"},{"@type":"ListItem","position":2,"name":"Los clubes profesionales Deportivo Alav\u00e9s -Youssef- y Granada CF -Fabrice Ofon- ponen sus ojos en jugadores del Sub\/20 de la AC INTERSOCCER.-"}]},{"@type":"WebSite","@id":"https:\/\/www.intersoccermadrid.com\/en\/#website","url":"https:\/\/www.intersoccermadrid.com\/en\/","name":"International Soccer Academy of Madrid","description":"International Soccer Academy of Madrid","potentialAction":[{"@type":"SearchAction","target":{"@type":"EntryPoint","urlTemplate":"https:\/\/www.intersoccermadrid.com\/en\/?s={search_term_string}"},"query-input":"required name=search_term_string"}],"inLanguage":"en-US"},{"@type":"Person","@id":"https:\/\/www.intersoccermadrid.com\/en\/#\/schema\/person\/4843f782828393fd2fd34a6db5ce5d48","name":"Administrator","image":{"@type":"ImageObject","inLanguage":"en-US","@id":"https:\/\/www.intersoccermadrid.com\/en\/#\/schema\/person\/image\/","url":"https:\/\/secure.gravatar.com\/avatar\/85ec5305f9a568d3e58c20ee91decabf?s=96&d=mm&r=g","contentUrl":"https:\/\/secure.gravatar.com\/avatar\/85ec5305f9a568d3e58c20ee91decabf?s=96&d=mm&r=g","caption":"Administrator"},"url":"https:\/\/www.intersoccermadrid.com\/en\/author\/admin\/"}]}},"_links":{"self":[{"href":"https:\/\/www.intersoccermadrid.com\/en\/wp-json\/wp\/v2\/posts\/858"}],"collection":[{"href":"https:\/\/www.intersoccermadrid.com\/en\/wp-json\/wp\/v2\/posts"}],"about":[{"href":"https:\/\/www.intersoccermadrid.com\/en\/wp-json\/wp\/v2\/types\/post"}],"author":[{"embeddable":true,"href":"https:\/\/www.intersoccermadrid.com\/en\/wp-json\/wp\/v2\/users\/2"}],"replies":[{"embeddable":true,"href":"https:\/\/www.intersoccermadrid.com\/en\/wp-json\/wp\/v2\/comments?post=858"}],"version-history":[{"count":1,"href":"https:\/\/www.intersoccermadrid.com\/en\/wp-json\/wp\/v2\/posts\/858\/revisions"}],"predecessor-version":[{"id":8205,"href":"https:\/\/www.intersoccermadrid.com\/en\/wp-json\/wp\/v2\/posts\/858\/revisions\/8205"}],"wp:featuredmedia":[{"embeddable":true,"href":"https:\/\/www.intersoccermadrid.com\/en\/wp-json\/wp\/v2\/media\/7736"}],"wp:attachment":[{"href":"https:\/\/www.intersoccermadrid.com\/en\/wp-json\/wp\/v2\/media?parent=858"}],"wp:term":[{"taxonomy":"category","embeddable":true,"href":"https:\/\/www.intersoccermadrid.com\/en\/wp-json\/wp\/v2\/categories?post=858"},{"taxonomy":"post_tag","embeddable":true,"href":"https:\/\/www.intersoccermadrid.com\/en\/wp-json\/wp\/v2\/tags?post=858"}],"curies":[{"name":"wp","href":"https:\/\/api.w.org\/{rel}","templated":true}]}}