{"id":855,"date":"2018-03-15T00:00:00","date_gmt":"2018-03-14T23:00:00","guid":{"rendered":"https:\/\/www.intersoccermadrid.com\/en-proyecto-la-creacion-de-intersoccer-academy-italy-y-la-organizacion-de-la-qcup-novarello-internacional-de-futbol-femenino-sub18q\/"},"modified":"2018-07-06T11:52:20","modified_gmt":"2018-07-06T09:52:20","slug":"en-proyecto-la-creacion-de-intersoccer-academy-italy-y-la-organizacion-de-la-qcup-novarello-internacional-de-futbol-femenino-sub18q","status":"publish","type":"post","link":"https:\/\/www.intersoccermadrid.com\/en\/en-proyecto-la-creacion-de-intersoccer-academy-italy-y-la-organizacion-de-la-qcup-novarello-internacional-de-futbol-femenino-sub18q\/","title":{"rendered":"EN PROYECTO LA CREACI\u00d3N DE INTERSOCCER ACADEMY ITALY Y LA ORGANIZACI\u00d3N DE LA &#8220;CUP NOVARELLO INTERNACIONAL DE FUTBOL FEMENINO SUB\/18&#8221;.-"},"content":{"rendered":"<p>[et_pb_section bb_built=&#8221;1&#8243;][et_pb_row][et_pb_column type=&#8221;4_4&#8243;][et_pb_text _builder_version=&#8221;3.9&#8243;]<\/p>\n<p>Durante los \u00faltimos d\u00edas del mes de febrero nos trasladamos a Italia para estudiar y poner en marcha un interesant\u00edsimo proyecto que, muy probablemente, har\u00e1 posible la creaci\u00f3n de INTERSOCCER ACADEMY ITALY. <!--more--><\/p>\n<p>Para ello, ya en Mil\u00e1n, acompa\u00f1ados por el &#8220;alma mater&#8221; del proyecto, nuestro amigo Giorgio Beltrami, el martes 27 nos reunimos primero en su despacho con el avvocato -abogado- Gaetano Scionti; traslad\u00e1ndonos despu\u00e9s hasta la raz\u00f3n social del Dottore Comercialista Luca Corvi quien estaba acompa\u00f1ado de su colaboradora avvocato Sara Messina -experta en derecho del deporte-.<\/p>\n<p>[\/et_pb_text][\/et_pb_column][\/et_pb_row][et_pb_row][et_pb_column type=&#8221;4_4&#8243;][et_pb_gallery _builder_version=&#8221;3.9&#8243; fullwidth=&#8221;on&#8221; zoom_icon_color=&#8221;#2ea3f2&#8243; hover_overlay_color=&#8221;rgba(255,255,255,0.9)&#8221; gallery_ids=&#8221;7704,7705,7706,7707,7708,7709,7710,7711,7712,7713,7714,7715,7716,7717&#8243; \/][\/et_pb_column][\/et_pb_row][et_pb_row][et_pb_column type=&#8221;4_4&#8243;][et_pb_text]<\/p>\n<p>Ambas reuniones estuvieron basadas en el estudio de las posibilidades legales del proyecto. Posibilidades que actualmente encuentran un perfecto acomodo en las reci\u00e9n creadas Sociedades Deportivas Italianas; tan recientes que, si bien promulgadas, aun no han entrado en vigor. Tambi\u00e9n se dialog\u00f3 sobre las posibilidades y el estilo del negocio en proyecto. Resultando muy interesante las posibilidades que se refieren al trabajo con el f\u00fatbol femenino.<\/p>\n<p>Al d\u00eda siguiente, nos reunimos con Giani dottoressa Simona. Dirigente Scolastico del Centro Studi Athenaeum de Novara. El objetivo del encuentro con la directora de la Escuela Athenaeum era profundizar en los detalles que har\u00edan posible la elecci\u00f3n de la misma para matricular a los futuros alumnos de INTERSOCCER ACADEMY ITALY en dicho centro. La amabilidad de la dottoressa y los medios y ciclos de estudio que all\u00ed se imparten nos hicieron ver claro de inmediato que en nuestro proyecto en estudio ser\u00eda esa nuestra escuela en Novara.<\/p>\n<p>Sin tiempo que perder, distante a quince minutos en coche desde la escuela, nos dirigimos hasta el Resort Deportivo Novarello, all\u00ed nos estaba esperando Massimiliano Maroni, direttore del Hotel Novarello Resort &#8211; Spa. Lugar donde la pasada primavera nos alojamos durante nuestra gira por Italia para jugar contra el Novara Calcio y la Juventus FC de Tur\u00edn y lugar donde entrena el primero equipo profesional del Novara y tambi\u00e9n entrenan y juegan todas sus equipos de las inferiores. \u00a1Magn\u00edfica Ciudad Deportiva! Donde tambi\u00e9n realizan stages cada poco equipos de f\u00fatbol del primer nivel internacional profesional. La conversaci\u00f3n con el se\u00f1or Maroni verso sobre la conveniencia de fijar all\u00ed el lugar de residencia y tecnificaci\u00f3n del proyecto Intersoccer A. Y.; tambi\u00e9n estudiamos conjuntamente de realizar all\u00ed el torneo internacional femenino Su\/18. Esta idea entusiasmo tanto a nuestro anfitri\u00f3n que nos propuso que el mismo llevara el nombre del centro. Creemos que en ese momento naci\u00f3 la &#8220;Cup Novarello Internacional de F\u00fatbol Femenino Sub\/18&#8221;.<\/p>\n<p>Una vez en Novarello, realizamos una visita de cortes\u00eda a Paolo Morganti, Direttore Generale del Novara Calcio. A quien, por cierto, le satisficieron bastante nuestros proyectos. Tanto que, se puso a nuestra disposici\u00f3n para posibles colaboraciones con el club profesional que \u00e9l dirige y que all\u00ed, en ese fant\u00e1stico centro, tiene toda su infraestructura administrativa y deportiva.<\/p>\n<p>Al d\u00eda siguiente, en un d\u00eda de una monumental nevada en Mil\u00e1n, y antes de regresar a Espa\u00f1a, nos reun\u00edamos nuevamente con la avvocato Sara Messina. Ya mantuvimos una r\u00e1pida reuni\u00f3n de trabajo para el inicio de la puesta en marcha de ambos proyectos&#8230; incluso hablamos de la semana primera del pr\u00f3ximo mes de septiembre para desarrollar el torneo femenino.<\/p>\n<p>Actualmente, tanto desde Italia como desde la AC Intersoccer Madrid trabajamos para dar realidad a todo lo que nos propusimos durante nuestra reciente estancia en Mil\u00e1n y Novara.<\/p>\n<p>\u00a1Ojal\u00e1 que el tiempo nos sea propicio y consigamos llevar a buen t\u00e9rmino estos bonitos objetivos!<\/p>\n<p><!--<iframe loading=\"lazy\" width=\"320\" height=\"240\" src=\"\/\/www.youtube.com\/embed\/5QIQxATQka\" frameborder=\"0\"><\/iframe>\n\nPuedes ver el v\u00eddeo del partido a continuaci\u00f3n:\n\n<iframe loading=\"lazy\" width=\"560\" height=\"315\" src=\"https:\/\/www.youtube.com\/embed\/W8Tmz0UAfRE?rel=0\" frameborder=\"0\" allow=\"autoplay; encrypted-media\" allowfullscreen><\/iframe>  --><\/p>\n<p>[\/et_pb_text][\/et_pb_column][\/et_pb_row][\/et_pb_section]<\/p>\n","protected":false},"excerpt":{"rendered":"<p><div class=\"et_pb_row et_pb_row_0 et_pb_row_empty\">\n\t\t\t\t\n\t\t\t\t\n\t\t\t\t\n\t\t\t\t\n\t\t\t\t\n\t\t\t<\/div> Durante los \u00faltimos d\u00edas del mes de febrero nos trasladamos a Italia para estudiar y poner en marcha un interesant\u00edsimo proyecto que, muy probablemente, har\u00e1 posible la creaci\u00f3n de INTERSOCCER ACADEMY ITALY. Para ello, ya en Mil\u00e1n, acompa\u00f1ados por el &#8220;alma mater&#8221; del proyecto, nuestro amigo Giorgio Beltrami, el martes 27 nos reunimos primero [&hellip;]<\/p>\n","protected":false},"author":2,"featured_media":7704,"comment_status":"open","ping_status":"open","sticky":false,"template":"","format":"standard","meta":{"_et_pb_use_builder":"on","_et_pb_old_content":"<p>Ambas reuniones estuvieron basadas en el estudio de las posibilidades legales del proyecto. Posibilidades que actualmente encuentran un perfecto acomodo en las reci\u00e9n creadas Sociedades Deportivas Italianas; tan recientes que, si bien promulgadas, aun no han entrado en vigor. Tambi\u00e9n se dialog\u00f3 sobre las posibilidades y el estilo del negocio en proyecto. Resultando muy interesante las posibilidades que se refieren al trabajo con el f\u00fatbol femenino.<\/p><p>Al d\u00eda siguiente, nos reunimos con Giani dottoressa Simona. Dirigente Scolastico del Centro Studi Athenaeum de Novara. El objetivo del encuentro con la directora de la Escuela Athenaeum era profundizar en los detalles que har\u00edan posible la elecci\u00f3n de la misma para matricular a los futuros alumnos de INTERSOCCER ACADEMY ITALY en dicho centro. La amabilidad de la dottoressa y los medios y ciclos de estudio que all\u00ed se imparten nos hicieron ver claro de inmediato que en nuestro proyecto en estudio ser\u00eda esa nuestra escuela en Novara.<\/p><p>Sin tiempo que perder, distante a quince minutos en coche desde la escuela, nos dirigimos hasta el Resort Deportivo Novarello, all\u00ed nos estaba esperando Massimiliano Maroni, direttore del Hotel Novarello Resort - Spa. Lugar donde la pasada primavera nos alojamos durante nuestra gira por Italia para jugar contra el Novara Calcio y la Juventus FC de Tur\u00edn y lugar donde entrena el primero equipo profesional del Novara y tambi\u00e9n entrenan y juegan todas sus equipos de las inferiores. \u00a1Magn\u00edfica Ciudad Deportiva! Donde tambi\u00e9n realizan stages cada poco equipos de f\u00fatbol del primer nivel internacional profesional. La conversaci\u00f3n con el se\u00f1or Maroni verso sobre la conveniencia de fijar all\u00ed el lugar de residencia y tecnificaci\u00f3n del proyecto Intersoccer A. Y.; tambi\u00e9n estudiamos conjuntamente de realizar all\u00ed el torneo internacional femenino Su\/18. Esta idea entusiasmo tanto a nuestro anfitri\u00f3n que nos propuso que el mismo llevara el nombre del centro. Creemos que en ese momento naci\u00f3 la \"Cup Novarello Internacional de F\u00fatbol Femenino Sub\/18\".<\/p><p>Una vez en Novarello, realizamos una visita de cortes\u00eda a Paolo Morganti, Direttore Generale del Novara Calcio. A quien, por cierto, le satisficieron bastante nuestros proyectos. Tanto que, se puso a nuestra disposici\u00f3n para posibles colaboraciones con el club profesional que \u00e9l dirige y que all\u00ed, en ese fant\u00e1stico centro, tiene toda su infraestructura administrativa y deportiva.<\/p><p>Al d\u00eda siguiente, en un d\u00eda de una monumental nevada en Mil\u00e1n, y antes de regresar a Espa\u00f1a, nos reun\u00edamos nuevamente con la avvocato Sara Messina. Ya mantuvimos una r\u00e1pida reuni\u00f3n de trabajo para el inicio de la puesta en marcha de ambos proyectos... incluso hablamos de la semana primera del pr\u00f3ximo mes de septiembre para desarrollar el torneo femenino.<\/p><p>Actualmente, tanto desde Italia como desde la AC Intersoccer Madrid trabajamos para dar realidad a todo lo que nos propusimos durante nuestra reciente estancia en Mil\u00e1n y Novara.<\/p><p>\u00a1Ojal\u00e1 que el tiempo nos sea propicio y consigamos llevar a buen t\u00e9rmino estos bonitos objetivos!<\/p><p><!--<iframe width=\"320\" height=\"240\" src=\"\/\/www.youtube.com\/embed\/5QIQxATQka\" frameborder=\"0\"><\/iframe>     <\/p>\r\n<p>Puedes ver el v\u00eddeo del partido a continuaci\u00f3n:    <\/p>\r\n<p>             <iframe width=\"560\" height=\"315\" src=\"https:\/\/www.youtube.com\/embed\/W8Tmz0UAfRE?rel=0\" frameborder=\"0\" allow=\"autoplay; encrypted-media\" allowfullscreen><\/iframe>  --><\/p>","_et_gb_content_width":""},"categories":[8],"tags":[],"yoast_head":"<!-- This site is optimized with the Yoast SEO plugin v20.9 - https:\/\/yoast.com\/wordpress\/plugins\/seo\/ -->\n<title>EN PROYECTO LA CREACI\u00d3N DE INTERSOCCER ACADEMY ITALY Y LA ORGANIZACI\u00d3N DE LA &quot;CUP NOVARELLO INTERNACIONAL DE FUTBOL FEMENINO SUB\/18&quot;.- &middot; International Soccer Academy of Madrid<\/title>\n<meta name=\"robots\" content=\"index, follow, max-snippet:-1, max-image-preview:large, max-video-preview:-1\" \/>\n<link rel=\"canonical\" href=\"https:\/\/www.intersoccermadrid.com\/en\/en-proyecto-la-creacion-de-intersoccer-academy-italy-y-la-organizacion-de-la-qcup-novarello-internacional-de-futbol-femenino-sub18q\/\" \/>\n<meta property=\"og:locale\" content=\"en_US\" \/>\n<meta property=\"og:type\" content=\"article\" \/>\n<meta property=\"og:title\" content=\"EN PROYECTO LA CREACI\u00d3N DE INTERSOCCER ACADEMY ITALY Y LA ORGANIZACI\u00d3N DE LA &quot;CUP NOVARELLO INTERNACIONAL DE FUTBOL FEMENINO SUB\/18&quot;.- &middot; International Soccer Academy of Madrid\" \/>\n<meta property=\"og:description\" content=\"Durante los \u00faltimos d\u00edas del mes de febrero nos trasladamos a Italia para estudiar y poner en marcha un interesant\u00edsimo proyecto que, muy probablemente, har\u00e1 posible la creaci\u00f3n de INTERSOCCER ACADEMY ITALY. Para ello, ya en Mil\u00e1n, acompa\u00f1ados por el &quot;alma mater&quot; del proyecto, nuestro amigo Giorgio Beltrami, el martes 27 nos reunimos primero [&hellip;]\" \/>\n<meta property=\"og:url\" content=\"https:\/\/www.intersoccermadrid.com\/en\/en-proyecto-la-creacion-de-intersoccer-academy-italy-y-la-organizacion-de-la-qcup-novarello-internacional-de-futbol-femenino-sub18q\/\" \/>\n<meta property=\"og:site_name\" content=\"International Soccer Academy of Madrid\" \/>\n<meta property=\"article:published_time\" content=\"2018-03-14T23:00:00+00:00\" \/>\n<meta property=\"article:modified_time\" content=\"2018-07-06T09:52:20+00:00\" \/>\n<meta property=\"og:image\" content=\"https:\/\/www.intersoccermadrid.com\/wp-content\/uploads\/2018\/03\/2018_intersoccer_academy_italy_00.jpg\" \/>\n\t<meta property=\"og:image:width\" content=\"800\" \/>\n\t<meta property=\"og:image:height\" content=\"600\" \/>\n\t<meta property=\"og:image:type\" content=\"image\/jpeg\" \/>\n<meta name=\"author\" content=\"Administrator\" \/>\n<meta name=\"twitter:card\" content=\"summary_large_image\" \/>\n<meta name=\"twitter:label1\" content=\"Written by\" \/>\n\t<meta name=\"twitter:data1\" content=\"Administrator\" \/>\n\t<meta name=\"twitter:label2\" content=\"Est. reading time\" \/>\n\t<meta name=\"twitter:data2\" content=\"3 minutes\" \/>\n<script type=\"application\/ld+json\" class=\"yoast-schema-graph\">{\"@context\":\"https:\/\/schema.org\",\"@graph\":[{\"@type\":\"WebPage\",\"@id\":\"https:\/\/www.intersoccermadrid.com\/en\/en-proyecto-la-creacion-de-intersoccer-academy-italy-y-la-organizacion-de-la-qcup-novarello-internacional-de-futbol-femenino-sub18q\/\",\"url\":\"https:\/\/www.intersoccermadrid.com\/en\/en-proyecto-la-creacion-de-intersoccer-academy-italy-y-la-organizacion-de-la-qcup-novarello-internacional-de-futbol-femenino-sub18q\/\",\"name\":\"EN PROYECTO LA CREACI\u00d3N DE INTERSOCCER ACADEMY ITALY Y LA ORGANIZACI\u00d3N DE LA \\\"CUP NOVARELLO INTERNACIONAL DE FUTBOL FEMENINO SUB\/18\\\".- &middot; International Soccer Academy of Madrid\",\"isPartOf\":{\"@id\":\"https:\/\/www.intersoccermadrid.com\/en\/#website\"},\"datePublished\":\"2018-03-14T23:00:00+00:00\",\"dateModified\":\"2018-07-06T09:52:20+00:00\",\"author\":{\"@id\":\"https:\/\/www.intersoccermadrid.com\/en\/#\/schema\/person\/4843f782828393fd2fd34a6db5ce5d48\"},\"breadcrumb\":{\"@id\":\"https:\/\/www.intersoccermadrid.com\/en\/en-proyecto-la-creacion-de-intersoccer-academy-italy-y-la-organizacion-de-la-qcup-novarello-internacional-de-futbol-femenino-sub18q\/#breadcrumb\"},\"inLanguage\":\"en-US\",\"potentialAction\":[{\"@type\":\"ReadAction\",\"target\":[\"https:\/\/www.intersoccermadrid.com\/en\/en-proyecto-la-creacion-de-intersoccer-academy-italy-y-la-organizacion-de-la-qcup-novarello-internacional-de-futbol-femenino-sub18q\/\"]}]},{\"@type\":\"BreadcrumbList\",\"@id\":\"https:\/\/www.intersoccermadrid.com\/en\/en-proyecto-la-creacion-de-intersoccer-academy-italy-y-la-organizacion-de-la-qcup-novarello-internacional-de-futbol-femenino-sub18q\/#breadcrumb\",\"itemListElement\":[{\"@type\":\"ListItem\",\"position\":1,\"name\":\"Home\",\"item\":\"https:\/\/www.intersoccermadrid.com\/en\/\"},{\"@type\":\"ListItem\",\"position\":2,\"name\":\"EN PROYECTO LA CREACI\u00d3N DE INTERSOCCER ACADEMY ITALY Y LA ORGANIZACI\u00d3N DE LA &#8220;CUP NOVARELLO INTERNACIONAL DE FUTBOL FEMENINO SUB\/18&#8221;.-\"}]},{\"@type\":\"WebSite\",\"@id\":\"https:\/\/www.intersoccermadrid.com\/en\/#website\",\"url\":\"https:\/\/www.intersoccermadrid.com\/en\/\",\"name\":\"International Soccer Academy of Madrid\",\"description\":\"International Soccer Academy of Madrid\",\"potentialAction\":[{\"@type\":\"SearchAction\",\"target\":{\"@type\":\"EntryPoint\",\"urlTemplate\":\"https:\/\/www.intersoccermadrid.com\/en\/?s={search_term_string}\"},\"query-input\":\"required name=search_term_string\"}],\"inLanguage\":\"en-US\"},{\"@type\":\"Person\",\"@id\":\"https:\/\/www.intersoccermadrid.com\/en\/#\/schema\/person\/4843f782828393fd2fd34a6db5ce5d48\",\"name\":\"Administrator\",\"image\":{\"@type\":\"ImageObject\",\"inLanguage\":\"en-US\",\"@id\":\"https:\/\/www.intersoccermadrid.com\/en\/#\/schema\/person\/image\/\",\"url\":\"https:\/\/secure.gravatar.com\/avatar\/85ec5305f9a568d3e58c20ee91decabf?s=96&d=mm&r=g\",\"contentUrl\":\"https:\/\/secure.gravatar.com\/avatar\/85ec5305f9a568d3e58c20ee91decabf?s=96&d=mm&r=g\",\"caption\":\"Administrator\"},\"url\":\"https:\/\/www.intersoccermadrid.com\/en\/author\/admin\/\"}]}<\/script>\n<!-- \/ Yoast SEO plugin. -->","yoast_head_json":{"title":"EN PROYECTO LA CREACI\u00d3N DE INTERSOCCER ACADEMY ITALY Y LA ORGANIZACI\u00d3N DE LA \"CUP NOVARELLO INTERNACIONAL DE FUTBOL FEMENINO SUB\/18\".- &middot; International Soccer Academy of Madrid","robots":{"index":"index","follow":"follow","max-snippet":"max-snippet:-1","max-image-preview":"max-image-preview:large","max-video-preview":"max-video-preview:-1"},"canonical":"https:\/\/www.intersoccermadrid.com\/en\/en-proyecto-la-creacion-de-intersoccer-academy-italy-y-la-organizacion-de-la-qcup-novarello-internacional-de-futbol-femenino-sub18q\/","og_locale":"en_US","og_type":"article","og_title":"EN PROYECTO LA CREACI\u00d3N DE INTERSOCCER ACADEMY ITALY Y LA ORGANIZACI\u00d3N DE LA \"CUP NOVARELLO INTERNACIONAL DE FUTBOL FEMENINO SUB\/18\".- &middot; International Soccer Academy of Madrid","og_description":"Durante los \u00faltimos d\u00edas del mes de febrero nos trasladamos a Italia para estudiar y poner en marcha un interesant\u00edsimo proyecto que, muy probablemente, har\u00e1 posible la creaci\u00f3n de INTERSOCCER ACADEMY ITALY. Para ello, ya en Mil\u00e1n, acompa\u00f1ados por el \"alma mater\" del proyecto, nuestro amigo Giorgio Beltrami, el martes 27 nos reunimos primero [&hellip;]","og_url":"https:\/\/www.intersoccermadrid.com\/en\/en-proyecto-la-creacion-de-intersoccer-academy-italy-y-la-organizacion-de-la-qcup-novarello-internacional-de-futbol-femenino-sub18q\/","og_site_name":"International Soccer Academy of Madrid","article_published_time":"2018-03-14T23:00:00+00:00","article_modified_time":"2018-07-06T09:52:20+00:00","og_image":[{"width":800,"height":600,"url":"https:\/\/www.intersoccermadrid.com\/wp-content\/uploads\/2018\/03\/2018_intersoccer_academy_italy_00.jpg","type":"image\/jpeg"}],"author":"Administrator","twitter_card":"summary_large_image","twitter_misc":{"Written by":"Administrator","Est. reading time":"3 minutes"},"schema":{"@context":"https:\/\/schema.org","@graph":[{"@type":"WebPage","@id":"https:\/\/www.intersoccermadrid.com\/en\/en-proyecto-la-creacion-de-intersoccer-academy-italy-y-la-organizacion-de-la-qcup-novarello-internacional-de-futbol-femenino-sub18q\/","url":"https:\/\/www.intersoccermadrid.com\/en\/en-proyecto-la-creacion-de-intersoccer-academy-italy-y-la-organizacion-de-la-qcup-novarello-internacional-de-futbol-femenino-sub18q\/","name":"EN PROYECTO LA CREACI\u00d3N DE INTERSOCCER ACADEMY ITALY Y LA ORGANIZACI\u00d3N DE LA \"CUP NOVARELLO INTERNACIONAL DE FUTBOL FEMENINO SUB\/18\".- &middot; International Soccer Academy of Madrid","isPartOf":{"@id":"https:\/\/www.intersoccermadrid.com\/en\/#website"},"datePublished":"2018-03-14T23:00:00+00:00","dateModified":"2018-07-06T09:52:20+00:00","author":{"@id":"https:\/\/www.intersoccermadrid.com\/en\/#\/schema\/person\/4843f782828393fd2fd34a6db5ce5d48"},"breadcrumb":{"@id":"https:\/\/www.intersoccermadrid.com\/en\/en-proyecto-la-creacion-de-intersoccer-academy-italy-y-la-organizacion-de-la-qcup-novarello-internacional-de-futbol-femenino-sub18q\/#breadcrumb"},"inLanguage":"en-US","potentialAction":[{"@type":"ReadAction","target":["https:\/\/www.intersoccermadrid.com\/en\/en-proyecto-la-creacion-de-intersoccer-academy-italy-y-la-organizacion-de-la-qcup-novarello-internacional-de-futbol-femenino-sub18q\/"]}]},{"@type":"BreadcrumbList","@id":"https:\/\/www.intersoccermadrid.com\/en\/en-proyecto-la-creacion-de-intersoccer-academy-italy-y-la-organizacion-de-la-qcup-novarello-internacional-de-futbol-femenino-sub18q\/#breadcrumb","itemListElement":[{"@type":"ListItem","position":1,"name":"Home","item":"https:\/\/www.intersoccermadrid.com\/en\/"},{"@type":"ListItem","position":2,"name":"EN PROYECTO LA CREACI\u00d3N DE INTERSOCCER ACADEMY ITALY Y LA ORGANIZACI\u00d3N DE LA &#8220;CUP NOVARELLO INTERNACIONAL DE FUTBOL FEMENINO SUB\/18&#8221;.-"}]},{"@type":"WebSite","@id":"https:\/\/www.intersoccermadrid.com\/en\/#website","url":"https:\/\/www.intersoccermadrid.com\/en\/","name":"International Soccer Academy of Madrid","description":"International Soccer Academy of Madrid","potentialAction":[{"@type":"SearchAction","target":{"@type":"EntryPoint","urlTemplate":"https:\/\/www.intersoccermadrid.com\/en\/?s={search_term_string}"},"query-input":"required name=search_term_string"}],"inLanguage":"en-US"},{"@type":"Person","@id":"https:\/\/www.intersoccermadrid.com\/en\/#\/schema\/person\/4843f782828393fd2fd34a6db5ce5d48","name":"Administrator","image":{"@type":"ImageObject","inLanguage":"en-US","@id":"https:\/\/www.intersoccermadrid.com\/en\/#\/schema\/person\/image\/","url":"https:\/\/secure.gravatar.com\/avatar\/85ec5305f9a568d3e58c20ee91decabf?s=96&d=mm&r=g","contentUrl":"https:\/\/secure.gravatar.com\/avatar\/85ec5305f9a568d3e58c20ee91decabf?s=96&d=mm&r=g","caption":"Administrator"},"url":"https:\/\/www.intersoccermadrid.com\/en\/author\/admin\/"}]}},"_links":{"self":[{"href":"https:\/\/www.intersoccermadrid.com\/en\/wp-json\/wp\/v2\/posts\/855"}],"collection":[{"href":"https:\/\/www.intersoccermadrid.com\/en\/wp-json\/wp\/v2\/posts"}],"about":[{"href":"https:\/\/www.intersoccermadrid.com\/en\/wp-json\/wp\/v2\/types\/post"}],"author":[{"embeddable":true,"href":"https:\/\/www.intersoccermadrid.com\/en\/wp-json\/wp\/v2\/users\/2"}],"replies":[{"embeddable":true,"href":"https:\/\/www.intersoccermadrid.com\/en\/wp-json\/wp\/v2\/comments?post=855"}],"version-history":[{"count":3,"href":"https:\/\/www.intersoccermadrid.com\/en\/wp-json\/wp\/v2\/posts\/855\/revisions"}],"predecessor-version":[{"id":8210,"href":"https:\/\/www.intersoccermadrid.com\/en\/wp-json\/wp\/v2\/posts\/855\/revisions\/8210"}],"wp:featuredmedia":[{"embeddable":true,"href":"https:\/\/www.intersoccermadrid.com\/en\/wp-json\/wp\/v2\/media\/7704"}],"wp:attachment":[{"href":"https:\/\/www.intersoccermadrid.com\/en\/wp-json\/wp\/v2\/media?parent=855"}],"wp:term":[{"taxonomy":"category","embeddable":true,"href":"https:\/\/www.intersoccermadrid.com\/en\/wp-json\/wp\/v2\/categories?post=855"},{"taxonomy":"post_tag","embeddable":true,"href":"https:\/\/www.intersoccermadrid.com\/en\/wp-json\/wp\/v2\/tags?post=855"}],"curies":[{"name":"wp","href":"https:\/\/api.w.org\/{rel}","templated":true}]}}