{"id":842,"date":"2018-02-05T00:00:00","date_gmt":"2018-02-04T23:00:00","guid":{"rendered":"https:\/\/www.intersoccermadrid.com\/fotografia-oficial-de-la-ac-intersoccer-madrid-temporadacurso-20172018\/"},"modified":"2018-07-06T12:54:34","modified_gmt":"2018-07-06T10:54:34","slug":"fotografia-oficial-de-la-ac-intersoccer-madrid-temporadacurso-20172018","status":"publish","type":"post","link":"https:\/\/www.intersoccermadrid.com\/en\/fotografia-oficial-de-la-ac-intersoccer-madrid-temporadacurso-20172018\/","title":{"rendered":"FOTOGRAF\u00cdA OFICIAL DE LA AC INTERSOCCER MADRID TEMPORADA\/CURSO 2017\/2018.-"},"content":{"rendered":"<p>[et_pb_section bb_built=&#8221;1&#8243;][et_pb_row][et_pb_column type=&#8221;4_4&#8243;][et_pb_text]<\/p>\n<p>Puedes ver el alb\u00fam de fotos completo y descargar tus fotos preferidas en nuestra p\u00e1gina de Facebook <a href=\"https:\/\/www.facebook.com\/media\/set\/?set=a.1787410631268989.1073741841.764887893521273&amp;type=1&amp;l=76290f81eb\">pinchando aqu\u00ed <\/a> <!--more--><\/p>\n<p>[\/et_pb_text][et_pb_gallery _builder_version=&#8221;3.9&#8243; gallery_ids=&#8221;7530,7531,7532,7533,7534,7535,7536,7537,7538,7539,7540,7541,7542,7543,7544,7545&#8243; fullwidth=&#8221;on&#8221; zoom_icon_color=&#8221;#2ea3f2&#8243; hover_overlay_color=&#8221;rgba(255,255,255,0.9)&#8221; \/][\/et_pb_column][\/et_pb_row][\/et_pb_section]<\/p>\n","protected":false},"excerpt":{"rendered":"<p><div class=\"et_pb_row et_pb_row_0 et_pb_row_empty\">\n\t\t\t\t\n\t\t\t\t\n\t\t\t\t\n\t\t\t\t\n\t\t\t\t\n\t\t\t<\/div><div class=\"et_pb_module et_pb_text et_pb_text_0  et_pb_text_align_left et_pb_bg_layout_light\">\n\t\t\t\t\n\t\t\t\t\n\t\t\t\t\n\t\t\t\t\n\t\t\t\t\n\t\t\t<\/div> Puedes ver el alb\u00fam de fotos completo y descargar tus fotos preferidas en nuestra p\u00e1gina de Facebook pinchando aqu\u00ed<\/p>\n","protected":false},"author":2,"featured_media":7530,"comment_status":"open","ping_status":"open","sticky":false,"template":"","format":"standard","meta":{"_et_pb_use_builder":"on","_et_pb_old_content":"<p>Puedes ver el alb\u00fam de fotos completo y descargar tus fotos preferidas en nuestra p\u00e1gina de Facebook <a href=\"https:\/\/www.facebook.com\/media\/set\/?set=a.1787410631268989.1073741841.764887893521273&amp;type=1&amp;l=76290f81eb\">pinchando aqu\u00ed <\/a> <!--more--><\/p>","_et_gb_content_width":""},"categories":[8],"tags":[],"yoast_head":"<!-- This site is optimized with the Yoast SEO plugin v20.9 - https:\/\/yoast.com\/wordpress\/plugins\/seo\/ -->\n<title>FOTOGRAF\u00cdA OFICIAL DE LA AC INTERSOCCER MADRID TEMPORADA\/CURSO 2017\/2018.- &middot; International Soccer Academy of Madrid<\/title>\n<meta name=\"robots\" content=\"index, follow, max-snippet:-1, max-image-preview:large, max-video-preview:-1\" \/>\n<link rel=\"canonical\" href=\"https:\/\/www.intersoccermadrid.com\/en\/fotografia-oficial-de-la-ac-intersoccer-madrid-temporadacurso-20172018\/\" \/>\n<meta property=\"og:locale\" content=\"en_US\" \/>\n<meta property=\"og:type\" content=\"article\" \/>\n<meta property=\"og:title\" content=\"FOTOGRAF\u00cdA OFICIAL DE LA AC INTERSOCCER MADRID TEMPORADA\/CURSO 2017\/2018.- &middot; International Soccer Academy of Madrid\" \/>\n<meta property=\"og:description\" content=\"Puedes ver el alb\u00fam de fotos completo y descargar tus fotos preferidas en nuestra p\u00e1gina de Facebook pinchando aqu\u00ed\" \/>\n<meta property=\"og:url\" content=\"https:\/\/www.intersoccermadrid.com\/en\/fotografia-oficial-de-la-ac-intersoccer-madrid-temporadacurso-20172018\/\" \/>\n<meta property=\"og:site_name\" content=\"International Soccer Academy of Madrid\" \/>\n<meta property=\"article:published_time\" content=\"2018-02-04T23:00:00+00:00\" \/>\n<meta property=\"article:modified_time\" content=\"2018-07-06T10:54:34+00:00\" \/>\n<meta property=\"og:image\" content=\"https:\/\/www.intersoccermadrid.com\/wp-content\/uploads\/2018\/02\/2018_fotos_oficiales_01.jpg\" \/>\n\t<meta property=\"og:image:width\" content=\"800\" \/>\n\t<meta property=\"og:image:height\" content=\"460\" \/>\n\t<meta property=\"og:image:type\" content=\"image\/jpeg\" \/>\n<meta name=\"author\" content=\"Administrator\" \/>\n<meta name=\"twitter:card\" content=\"summary_large_image\" \/>\n<meta name=\"twitter:label1\" content=\"Written by\" \/>\n\t<meta name=\"twitter:data1\" content=\"Administrator\" \/>\n<script type=\"application\/ld+json\" class=\"yoast-schema-graph\">{\"@context\":\"https:\/\/schema.org\",\"@graph\":[{\"@type\":\"WebPage\",\"@id\":\"https:\/\/www.intersoccermadrid.com\/en\/fotografia-oficial-de-la-ac-intersoccer-madrid-temporadacurso-20172018\/\",\"url\":\"https:\/\/www.intersoccermadrid.com\/en\/fotografia-oficial-de-la-ac-intersoccer-madrid-temporadacurso-20172018\/\",\"name\":\"FOTOGRAF\u00cdA OFICIAL DE LA AC INTERSOCCER MADRID TEMPORADA\/CURSO 2017\/2018.- &middot; International Soccer Academy of Madrid\",\"isPartOf\":{\"@id\":\"https:\/\/www.intersoccermadrid.com\/en\/#website\"},\"datePublished\":\"2018-02-04T23:00:00+00:00\",\"dateModified\":\"2018-07-06T10:54:34+00:00\",\"author\":{\"@id\":\"https:\/\/www.intersoccermadrid.com\/en\/#\/schema\/person\/4843f782828393fd2fd34a6db5ce5d48\"},\"breadcrumb\":{\"@id\":\"https:\/\/www.intersoccermadrid.com\/en\/fotografia-oficial-de-la-ac-intersoccer-madrid-temporadacurso-20172018\/#breadcrumb\"},\"inLanguage\":\"en-US\",\"potentialAction\":[{\"@type\":\"ReadAction\",\"target\":[\"https:\/\/www.intersoccermadrid.com\/en\/fotografia-oficial-de-la-ac-intersoccer-madrid-temporadacurso-20172018\/\"]}]},{\"@type\":\"BreadcrumbList\",\"@id\":\"https:\/\/www.intersoccermadrid.com\/en\/fotografia-oficial-de-la-ac-intersoccer-madrid-temporadacurso-20172018\/#breadcrumb\",\"itemListElement\":[{\"@type\":\"ListItem\",\"position\":1,\"name\":\"Home\",\"item\":\"https:\/\/www.intersoccermadrid.com\/en\/\"},{\"@type\":\"ListItem\",\"position\":2,\"name\":\"FOTOGRAF\u00cdA OFICIAL DE LA AC INTERSOCCER MADRID TEMPORADA\/CURSO 2017\/2018.-\"}]},{\"@type\":\"WebSite\",\"@id\":\"https:\/\/www.intersoccermadrid.com\/en\/#website\",\"url\":\"https:\/\/www.intersoccermadrid.com\/en\/\",\"name\":\"International Soccer Academy of Madrid\",\"description\":\"International Soccer Academy of Madrid\",\"potentialAction\":[{\"@type\":\"SearchAction\",\"target\":{\"@type\":\"EntryPoint\",\"urlTemplate\":\"https:\/\/www.intersoccermadrid.com\/en\/?s={search_term_string}\"},\"query-input\":\"required name=search_term_string\"}],\"inLanguage\":\"en-US\"},{\"@type\":\"Person\",\"@id\":\"https:\/\/www.intersoccermadrid.com\/en\/#\/schema\/person\/4843f782828393fd2fd34a6db5ce5d48\",\"name\":\"Administrator\",\"image\":{\"@type\":\"ImageObject\",\"inLanguage\":\"en-US\",\"@id\":\"https:\/\/www.intersoccermadrid.com\/en\/#\/schema\/person\/image\/\",\"url\":\"https:\/\/secure.gravatar.com\/avatar\/85ec5305f9a568d3e58c20ee91decabf?s=96&d=mm&r=g\",\"contentUrl\":\"https:\/\/secure.gravatar.com\/avatar\/85ec5305f9a568d3e58c20ee91decabf?s=96&d=mm&r=g\",\"caption\":\"Administrator\"},\"url\":\"https:\/\/www.intersoccermadrid.com\/en\/author\/admin\/\"}]}<\/script>\n<!-- \/ Yoast SEO plugin. -->","yoast_head_json":{"title":"FOTOGRAF\u00cdA OFICIAL DE LA AC INTERSOCCER MADRID TEMPORADA\/CURSO 2017\/2018.- &middot; International Soccer Academy of Madrid","robots":{"index":"index","follow":"follow","max-snippet":"max-snippet:-1","max-image-preview":"max-image-preview:large","max-video-preview":"max-video-preview:-1"},"canonical":"https:\/\/www.intersoccermadrid.com\/en\/fotografia-oficial-de-la-ac-intersoccer-madrid-temporadacurso-20172018\/","og_locale":"en_US","og_type":"article","og_title":"FOTOGRAF\u00cdA OFICIAL DE LA AC INTERSOCCER MADRID TEMPORADA\/CURSO 2017\/2018.- &middot; International Soccer Academy of Madrid","og_description":"Puedes ver el alb\u00fam de fotos completo y descargar tus fotos preferidas en nuestra p\u00e1gina de Facebook pinchando aqu\u00ed","og_url":"https:\/\/www.intersoccermadrid.com\/en\/fotografia-oficial-de-la-ac-intersoccer-madrid-temporadacurso-20172018\/","og_site_name":"International Soccer Academy of Madrid","article_published_time":"2018-02-04T23:00:00+00:00","article_modified_time":"2018-07-06T10:54:34+00:00","og_image":[{"width":800,"height":460,"url":"https:\/\/www.intersoccermadrid.com\/wp-content\/uploads\/2018\/02\/2018_fotos_oficiales_01.jpg","type":"image\/jpeg"}],"author":"Administrator","twitter_card":"summary_large_image","twitter_misc":{"Written by":"Administrator"},"schema":{"@context":"https:\/\/schema.org","@graph":[{"@type":"WebPage","@id":"https:\/\/www.intersoccermadrid.com\/en\/fotografia-oficial-de-la-ac-intersoccer-madrid-temporadacurso-20172018\/","url":"https:\/\/www.intersoccermadrid.com\/en\/fotografia-oficial-de-la-ac-intersoccer-madrid-temporadacurso-20172018\/","name":"FOTOGRAF\u00cdA OFICIAL DE LA AC INTERSOCCER MADRID TEMPORADA\/CURSO 2017\/2018.- &middot; International Soccer Academy of Madrid","isPartOf":{"@id":"https:\/\/www.intersoccermadrid.com\/en\/#website"},"datePublished":"2018-02-04T23:00:00+00:00","dateModified":"2018-07-06T10:54:34+00:00","author":{"@id":"https:\/\/www.intersoccermadrid.com\/en\/#\/schema\/person\/4843f782828393fd2fd34a6db5ce5d48"},"breadcrumb":{"@id":"https:\/\/www.intersoccermadrid.com\/en\/fotografia-oficial-de-la-ac-intersoccer-madrid-temporadacurso-20172018\/#breadcrumb"},"inLanguage":"en-US","potentialAction":[{"@type":"ReadAction","target":["https:\/\/www.intersoccermadrid.com\/en\/fotografia-oficial-de-la-ac-intersoccer-madrid-temporadacurso-20172018\/"]}]},{"@type":"BreadcrumbList","@id":"https:\/\/www.intersoccermadrid.com\/en\/fotografia-oficial-de-la-ac-intersoccer-madrid-temporadacurso-20172018\/#breadcrumb","itemListElement":[{"@type":"ListItem","position":1,"name":"Home","item":"https:\/\/www.intersoccermadrid.com\/en\/"},{"@type":"ListItem","position":2,"name":"FOTOGRAF\u00cdA OFICIAL DE LA AC INTERSOCCER MADRID TEMPORADA\/CURSO 2017\/2018.-"}]},{"@type":"WebSite","@id":"https:\/\/www.intersoccermadrid.com\/en\/#website","url":"https:\/\/www.intersoccermadrid.com\/en\/","name":"International Soccer Academy of Madrid","description":"International Soccer Academy of Madrid","potentialAction":[{"@type":"SearchAction","target":{"@type":"EntryPoint","urlTemplate":"https:\/\/www.intersoccermadrid.com\/en\/?s={search_term_string}"},"query-input":"required name=search_term_string"}],"inLanguage":"en-US"},{"@type":"Person","@id":"https:\/\/www.intersoccermadrid.com\/en\/#\/schema\/person\/4843f782828393fd2fd34a6db5ce5d48","name":"Administrator","image":{"@type":"ImageObject","inLanguage":"en-US","@id":"https:\/\/www.intersoccermadrid.com\/en\/#\/schema\/person\/image\/","url":"https:\/\/secure.gravatar.com\/avatar\/85ec5305f9a568d3e58c20ee91decabf?s=96&d=mm&r=g","contentUrl":"https:\/\/secure.gravatar.com\/avatar\/85ec5305f9a568d3e58c20ee91decabf?s=96&d=mm&r=g","caption":"Administrator"},"url":"https:\/\/www.intersoccermadrid.com\/en\/author\/admin\/"}]}},"_links":{"self":[{"href":"https:\/\/www.intersoccermadrid.com\/en\/wp-json\/wp\/v2\/posts\/842"}],"collection":[{"href":"https:\/\/www.intersoccermadrid.com\/en\/wp-json\/wp\/v2\/posts"}],"about":[{"href":"https:\/\/www.intersoccermadrid.com\/en\/wp-json\/wp\/v2\/types\/post"}],"author":[{"embeddable":true,"href":"https:\/\/www.intersoccermadrid.com\/en\/wp-json\/wp\/v2\/users\/2"}],"replies":[{"embeddable":true,"href":"https:\/\/www.intersoccermadrid.com\/en\/wp-json\/wp\/v2\/comments?post=842"}],"version-history":[{"count":1,"href":"https:\/\/www.intersoccermadrid.com\/en\/wp-json\/wp\/v2\/posts\/842\/revisions"}],"predecessor-version":[{"id":8243,"href":"https:\/\/www.intersoccermadrid.com\/en\/wp-json\/wp\/v2\/posts\/842\/revisions\/8243"}],"wp:featuredmedia":[{"embeddable":true,"href":"https:\/\/www.intersoccermadrid.com\/en\/wp-json\/wp\/v2\/media\/7530"}],"wp:attachment":[{"href":"https:\/\/www.intersoccermadrid.com\/en\/wp-json\/wp\/v2\/media?parent=842"}],"wp:term":[{"taxonomy":"category","embeddable":true,"href":"https:\/\/www.intersoccermadrid.com\/en\/wp-json\/wp\/v2\/categories?post=842"},{"taxonomy":"post_tag","embeddable":true,"href":"https:\/\/www.intersoccermadrid.com\/en\/wp-json\/wp\/v2\/tags?post=842"}],"curies":[{"name":"wp","href":"https:\/\/api.w.org\/{rel}","templated":true}]}}