{"id":840,"date":"2018-02-02T00:00:00","date_gmt":"2018-02-01T23:00:00","guid":{"rendered":"https:\/\/www.intersoccermadrid.com\/ila-ac-intersoccer-volvera-a-italia-en-abril-de-2018\/"},"modified":"2018-07-06T13:00:51","modified_gmt":"2018-07-06T11:00:51","slug":"ila-ac-intersoccer-volvera-a-italia-en-abril-de-2018","status":"publish","type":"post","link":"https:\/\/www.intersoccermadrid.com\/en\/ila-ac-intersoccer-volvera-a-italia-en-abril-de-2018\/","title":{"rendered":"\u00a1La AC Intersoccer volver\u00e1 a Italia en abril de 2018!"},"content":{"rendered":"<p>[et_pb_section bb_built=&#8221;1&#8243;][et_pb_row][et_pb_column type=&#8221;4_4&#8243;][et_pb_text]<\/p>\n<p>Cerrado acuerdo para jugar contra el Giovanile del SS Monza 1912, el 10\/04\/2018, y contra el Novara Calcio CF Primavera, el 11\/04\/2018 <!--more--> .<\/p>\n<p>El martes d\u00eda 11, por la ma\u00f1ana, en las instalaciones de Novarello, se llevar\u00e1 a cabo un entrenamiento que contar\u00e1 con una lecci\u00f3n magistral de un ex jugador del Calcio Italiano de Serie A.<\/p>\n<p>[\/et_pb_text][et_pb_gallery _builder_version=&#8221;3.9&#8243; gallery_ids=&#8221;7524,7525&#8243; fullwidth=&#8221;on&#8221; zoom_icon_color=&#8221;#2ea3f2&#8243; hover_overlay_color=&#8221;rgba(255,255,255,0.9)&#8221; \/][\/et_pb_column][\/et_pb_row][\/et_pb_section]<\/p>\n","protected":false},"excerpt":{"rendered":"<p><div class=\"et_pb_row et_pb_row_0 et_pb_row_empty\">\n\t\t\t\t\n\t\t\t\t\n\t\t\t\t\n\t\t\t\t\n\t\t\t\t\n\t\t\t<\/div><div class=\"et_pb_module et_pb_text et_pb_text_0  et_pb_text_align_left et_pb_bg_layout_light\">\n\t\t\t\t\n\t\t\t\t\n\t\t\t\t\n\t\t\t\t\n\t\t\t\t\n\t\t\t<\/div> Cerrado acuerdo para jugar contra el Giovanile del SS Monza 1912, el 10\/04\/2018, y contra el Novara Calcio CF Primavera, el 11\/04\/2018 . El martes d\u00eda 11, por la ma\u00f1ana, en las instalaciones de Novarello, se llevar\u00e1 a cabo un entrenamiento que contar\u00e1 con una lecci\u00f3n magistral de un ex jugador del Calcio Italiano [&hellip;]<\/p>\n","protected":false},"author":2,"featured_media":7524,"comment_status":"open","ping_status":"open","sticky":false,"template":"","format":"standard","meta":{"_et_pb_use_builder":"on","_et_pb_old_content":"<p>Cerrado acuerdo para jugar contra el Giovanile del SS Monza 1912, el 10\/04\/2018, y contra el Novara Calcio CF Primavera, el 11\/04\/2018 <!--more--> .<\/p><p>El martes d\u00eda 11, por la ma\u00f1ana, en las instalaciones de Novarello, se llevar\u00e1 a cabo un entrenamiento que contar\u00e1 con una lecci\u00f3n magistral de un ex jugador del Calcio Italiano de Serie A.<\/p>","_et_gb_content_width":""},"categories":[8],"tags":[],"yoast_head":"<!-- This site is optimized with the Yoast SEO plugin v20.9 - https:\/\/yoast.com\/wordpress\/plugins\/seo\/ -->\n<title>\u00a1La AC Intersoccer volver\u00e1 a Italia en abril de 2018! &middot; International Soccer Academy of Madrid<\/title>\n<meta name=\"robots\" content=\"index, follow, max-snippet:-1, max-image-preview:large, max-video-preview:-1\" \/>\n<link rel=\"canonical\" href=\"https:\/\/www.intersoccermadrid.com\/en\/ila-ac-intersoccer-volvera-a-italia-en-abril-de-2018\/\" \/>\n<meta property=\"og:locale\" content=\"en_US\" \/>\n<meta property=\"og:type\" content=\"article\" \/>\n<meta property=\"og:title\" content=\"\u00a1La AC Intersoccer volver\u00e1 a Italia en abril de 2018! &middot; International Soccer Academy of Madrid\" \/>\n<meta property=\"og:description\" content=\"Cerrado acuerdo para jugar contra el Giovanile del SS Monza 1912, el 10\/04\/2018, y contra el Novara Calcio CF Primavera, el 11\/04\/2018 . El martes d\u00eda 11, por la ma\u00f1ana, en las instalaciones de Novarello, se llevar\u00e1 a cabo un entrenamiento que contar\u00e1 con una lecci\u00f3n magistral de un ex jugador del Calcio Italiano [&hellip;]\" \/>\n<meta property=\"og:url\" content=\"https:\/\/www.intersoccermadrid.com\/en\/ila-ac-intersoccer-volvera-a-italia-en-abril-de-2018\/\" \/>\n<meta property=\"og:site_name\" content=\"International Soccer Academy of Madrid\" \/>\n<meta property=\"article:published_time\" content=\"2018-02-01T23:00:00+00:00\" \/>\n<meta property=\"article:modified_time\" content=\"2018-07-06T11:00:51+00:00\" \/>\n<meta property=\"og:image\" content=\"https:\/\/www.intersoccermadrid.com\/wp-content\/uploads\/2018\/02\/2018_intersoccer-volvera_a_italia_01.jpg\" \/>\n\t<meta property=\"og:image:width\" content=\"800\" \/>\n\t<meta property=\"og:image:height\" content=\"500\" \/>\n\t<meta property=\"og:image:type\" content=\"image\/jpeg\" \/>\n<meta name=\"author\" content=\"Administrator\" \/>\n<meta name=\"twitter:card\" content=\"summary_large_image\" \/>\n<meta name=\"twitter:label1\" content=\"Written by\" \/>\n\t<meta name=\"twitter:data1\" content=\"Administrator\" \/>\n\t<meta name=\"twitter:label2\" content=\"Est. reading time\" \/>\n\t<meta name=\"twitter:data2\" content=\"1 minute\" \/>\n<script type=\"application\/ld+json\" class=\"yoast-schema-graph\">{\"@context\":\"https:\/\/schema.org\",\"@graph\":[{\"@type\":\"WebPage\",\"@id\":\"https:\/\/www.intersoccermadrid.com\/en\/ila-ac-intersoccer-volvera-a-italia-en-abril-de-2018\/\",\"url\":\"https:\/\/www.intersoccermadrid.com\/en\/ila-ac-intersoccer-volvera-a-italia-en-abril-de-2018\/\",\"name\":\"\u00a1La AC Intersoccer volver\u00e1 a Italia en abril de 2018! &middot; International Soccer Academy of Madrid\",\"isPartOf\":{\"@id\":\"https:\/\/www.intersoccermadrid.com\/en\/#website\"},\"datePublished\":\"2018-02-01T23:00:00+00:00\",\"dateModified\":\"2018-07-06T11:00:51+00:00\",\"author\":{\"@id\":\"https:\/\/www.intersoccermadrid.com\/en\/#\/schema\/person\/4843f782828393fd2fd34a6db5ce5d48\"},\"breadcrumb\":{\"@id\":\"https:\/\/www.intersoccermadrid.com\/en\/ila-ac-intersoccer-volvera-a-italia-en-abril-de-2018\/#breadcrumb\"},\"inLanguage\":\"en-US\",\"potentialAction\":[{\"@type\":\"ReadAction\",\"target\":[\"https:\/\/www.intersoccermadrid.com\/en\/ila-ac-intersoccer-volvera-a-italia-en-abril-de-2018\/\"]}]},{\"@type\":\"BreadcrumbList\",\"@id\":\"https:\/\/www.intersoccermadrid.com\/en\/ila-ac-intersoccer-volvera-a-italia-en-abril-de-2018\/#breadcrumb\",\"itemListElement\":[{\"@type\":\"ListItem\",\"position\":1,\"name\":\"Home\",\"item\":\"https:\/\/www.intersoccermadrid.com\/en\/\"},{\"@type\":\"ListItem\",\"position\":2,\"name\":\"\u00a1La AC Intersoccer volver\u00e1 a Italia en abril de 2018!\"}]},{\"@type\":\"WebSite\",\"@id\":\"https:\/\/www.intersoccermadrid.com\/en\/#website\",\"url\":\"https:\/\/www.intersoccermadrid.com\/en\/\",\"name\":\"International Soccer Academy of Madrid\",\"description\":\"International Soccer Academy of Madrid\",\"potentialAction\":[{\"@type\":\"SearchAction\",\"target\":{\"@type\":\"EntryPoint\",\"urlTemplate\":\"https:\/\/www.intersoccermadrid.com\/en\/?s={search_term_string}\"},\"query-input\":\"required name=search_term_string\"}],\"inLanguage\":\"en-US\"},{\"@type\":\"Person\",\"@id\":\"https:\/\/www.intersoccermadrid.com\/en\/#\/schema\/person\/4843f782828393fd2fd34a6db5ce5d48\",\"name\":\"Administrator\",\"image\":{\"@type\":\"ImageObject\",\"inLanguage\":\"en-US\",\"@id\":\"https:\/\/www.intersoccermadrid.com\/en\/#\/schema\/person\/image\/\",\"url\":\"https:\/\/secure.gravatar.com\/avatar\/85ec5305f9a568d3e58c20ee91decabf?s=96&d=mm&r=g\",\"contentUrl\":\"https:\/\/secure.gravatar.com\/avatar\/85ec5305f9a568d3e58c20ee91decabf?s=96&d=mm&r=g\",\"caption\":\"Administrator\"},\"url\":\"https:\/\/www.intersoccermadrid.com\/en\/author\/admin\/\"}]}<\/script>\n<!-- \/ Yoast SEO plugin. -->","yoast_head_json":{"title":"\u00a1La AC Intersoccer volver\u00e1 a Italia en abril de 2018! &middot; International Soccer Academy of Madrid","robots":{"index":"index","follow":"follow","max-snippet":"max-snippet:-1","max-image-preview":"max-image-preview:large","max-video-preview":"max-video-preview:-1"},"canonical":"https:\/\/www.intersoccermadrid.com\/en\/ila-ac-intersoccer-volvera-a-italia-en-abril-de-2018\/","og_locale":"en_US","og_type":"article","og_title":"\u00a1La AC Intersoccer volver\u00e1 a Italia en abril de 2018! &middot; International Soccer Academy of Madrid","og_description":"Cerrado acuerdo para jugar contra el Giovanile del SS Monza 1912, el 10\/04\/2018, y contra el Novara Calcio CF Primavera, el 11\/04\/2018 . El martes d\u00eda 11, por la ma\u00f1ana, en las instalaciones de Novarello, se llevar\u00e1 a cabo un entrenamiento que contar\u00e1 con una lecci\u00f3n magistral de un ex jugador del Calcio Italiano [&hellip;]","og_url":"https:\/\/www.intersoccermadrid.com\/en\/ila-ac-intersoccer-volvera-a-italia-en-abril-de-2018\/","og_site_name":"International Soccer Academy of Madrid","article_published_time":"2018-02-01T23:00:00+00:00","article_modified_time":"2018-07-06T11:00:51+00:00","og_image":[{"width":800,"height":500,"url":"https:\/\/www.intersoccermadrid.com\/wp-content\/uploads\/2018\/02\/2018_intersoccer-volvera_a_italia_01.jpg","type":"image\/jpeg"}],"author":"Administrator","twitter_card":"summary_large_image","twitter_misc":{"Written by":"Administrator","Est. reading time":"1 minute"},"schema":{"@context":"https:\/\/schema.org","@graph":[{"@type":"WebPage","@id":"https:\/\/www.intersoccermadrid.com\/en\/ila-ac-intersoccer-volvera-a-italia-en-abril-de-2018\/","url":"https:\/\/www.intersoccermadrid.com\/en\/ila-ac-intersoccer-volvera-a-italia-en-abril-de-2018\/","name":"\u00a1La AC Intersoccer volver\u00e1 a Italia en abril de 2018! &middot; International Soccer Academy of Madrid","isPartOf":{"@id":"https:\/\/www.intersoccermadrid.com\/en\/#website"},"datePublished":"2018-02-01T23:00:00+00:00","dateModified":"2018-07-06T11:00:51+00:00","author":{"@id":"https:\/\/www.intersoccermadrid.com\/en\/#\/schema\/person\/4843f782828393fd2fd34a6db5ce5d48"},"breadcrumb":{"@id":"https:\/\/www.intersoccermadrid.com\/en\/ila-ac-intersoccer-volvera-a-italia-en-abril-de-2018\/#breadcrumb"},"inLanguage":"en-US","potentialAction":[{"@type":"ReadAction","target":["https:\/\/www.intersoccermadrid.com\/en\/ila-ac-intersoccer-volvera-a-italia-en-abril-de-2018\/"]}]},{"@type":"BreadcrumbList","@id":"https:\/\/www.intersoccermadrid.com\/en\/ila-ac-intersoccer-volvera-a-italia-en-abril-de-2018\/#breadcrumb","itemListElement":[{"@type":"ListItem","position":1,"name":"Home","item":"https:\/\/www.intersoccermadrid.com\/en\/"},{"@type":"ListItem","position":2,"name":"\u00a1La AC Intersoccer volver\u00e1 a Italia en abril de 2018!"}]},{"@type":"WebSite","@id":"https:\/\/www.intersoccermadrid.com\/en\/#website","url":"https:\/\/www.intersoccermadrid.com\/en\/","name":"International Soccer Academy of Madrid","description":"International Soccer Academy of Madrid","potentialAction":[{"@type":"SearchAction","target":{"@type":"EntryPoint","urlTemplate":"https:\/\/www.intersoccermadrid.com\/en\/?s={search_term_string}"},"query-input":"required name=search_term_string"}],"inLanguage":"en-US"},{"@type":"Person","@id":"https:\/\/www.intersoccermadrid.com\/en\/#\/schema\/person\/4843f782828393fd2fd34a6db5ce5d48","name":"Administrator","image":{"@type":"ImageObject","inLanguage":"en-US","@id":"https:\/\/www.intersoccermadrid.com\/en\/#\/schema\/person\/image\/","url":"https:\/\/secure.gravatar.com\/avatar\/85ec5305f9a568d3e58c20ee91decabf?s=96&d=mm&r=g","contentUrl":"https:\/\/secure.gravatar.com\/avatar\/85ec5305f9a568d3e58c20ee91decabf?s=96&d=mm&r=g","caption":"Administrator"},"url":"https:\/\/www.intersoccermadrid.com\/en\/author\/admin\/"}]}},"_links":{"self":[{"href":"https:\/\/www.intersoccermadrid.com\/en\/wp-json\/wp\/v2\/posts\/840"}],"collection":[{"href":"https:\/\/www.intersoccermadrid.com\/en\/wp-json\/wp\/v2\/posts"}],"about":[{"href":"https:\/\/www.intersoccermadrid.com\/en\/wp-json\/wp\/v2\/types\/post"}],"author":[{"embeddable":true,"href":"https:\/\/www.intersoccermadrid.com\/en\/wp-json\/wp\/v2\/users\/2"}],"replies":[{"embeddable":true,"href":"https:\/\/www.intersoccermadrid.com\/en\/wp-json\/wp\/v2\/comments?post=840"}],"version-history":[{"count":2,"href":"https:\/\/www.intersoccermadrid.com\/en\/wp-json\/wp\/v2\/posts\/840\/revisions"}],"predecessor-version":[{"id":8246,"href":"https:\/\/www.intersoccermadrid.com\/en\/wp-json\/wp\/v2\/posts\/840\/revisions\/8246"}],"wp:featuredmedia":[{"embeddable":true,"href":"https:\/\/www.intersoccermadrid.com\/en\/wp-json\/wp\/v2\/media\/7524"}],"wp:attachment":[{"href":"https:\/\/www.intersoccermadrid.com\/en\/wp-json\/wp\/v2\/media?parent=840"}],"wp:term":[{"taxonomy":"category","embeddable":true,"href":"https:\/\/www.intersoccermadrid.com\/en\/wp-json\/wp\/v2\/categories?post=840"},{"taxonomy":"post_tag","embeddable":true,"href":"https:\/\/www.intersoccermadrid.com\/en\/wp-json\/wp\/v2\/tags?post=840"}],"curies":[{"name":"wp","href":"https:\/\/api.w.org\/{rel}","templated":true}]}}