{"id":830,"date":"2017-12-09T00:00:00","date_gmt":"2017-12-08T23:00:00","guid":{"rendered":"https:\/\/www.intersoccermadrid.com\/contra-el-granada-cf-la-ac-intersoccer-disputo-el-vi-y-vii-partido-de-la-qliga-open-20172018q\/"},"modified":"2018-07-06T13:18:24","modified_gmt":"2018-07-06T11:18:24","slug":"contra-el-granada-cf-la-ac-intersoccer-disputo-el-vi-y-vii-partido-de-la-qliga-open-20172018q","status":"publish","type":"post","link":"https:\/\/www.intersoccermadrid.com\/en\/contra-el-granada-cf-la-ac-intersoccer-disputo-el-vi-y-vii-partido-de-la-qliga-open-20172018q\/","title":{"rendered":"CONTRA EL GRANADA CF, LA AC INTERSOCCER, DISPUT\u00d3 EL VI Y VII PARTIDO DE LA &#8220;LIGA OPEN 2017\/2018&#8221;.-"},"content":{"rendered":"<p>[et_pb_section bb_built=&#8221;1&#8243;][et_pb_row][et_pb_column type=&#8221;4_4&#8243;][et_pb_text _builder_version=&#8221;3.9&#8243;]<\/p>\n<p>Descrita la inolvidable experiencia del stage en Granada del &#8220;puente de la Constituci\u00f3n&#8221;, en lo que hace referencia a lo estrictamente deportivo\/futbol\u00edstico, rese\u00f1ar que la AC INTERSOCCER disput\u00f3 su VI partido de la &#8220;Liga Open de Talentos Intersoccer 2017\/2018&#8221; <!--more--> , aprovechando la estancia en la ciudad de la Alhambra, contra el equipo juvenil de Divisi\u00f3n de Honor del Granada CF.<\/p>\n<p>[\/et_pb_text][et_pb_gallery _builder_version=&#8221;3.9&#8243; gallery_ids=&#8221;7468,7469,7470,7471,7472,7473,7474,7475,7476,7477&#8243; fullwidth=&#8221;on&#8221; zoom_icon_color=&#8221;#2ea3f2&#8243; hover_overlay_color=&#8221;rgba(255,255,255,0.9)&#8221; \/][et_pb_text _builder_version=&#8221;3.9&#8243;]<\/p>\n<p>-El martes d\u00eda 5, en el campo de hierba natural n\u00famero 3 de la magn\u00edfica ciudad deportiva del club nazar\u00ed, el m\u00edster y director de tecnificaci\u00f3n de la academia, Joaqu\u00edn Barrios, de salida, aline\u00f3 al siguiente once: Fahmy Youssef -Egipto-; Alec -EEUU-, Gonzalo Valle -Espa\u00f1a-, Vadim-Rusia-; Arturo -Paraguay-, Miguel San Segundo -Espa\u00f1a-, Moha -Costa de Marfil-, Cristian Jim\u00e9nez -Espa\u00f1a-, Khurshid -Uzbekistan-; Osman -Sierra Leona- y Ruslan -Rusia-. Despu\u00e9s fueron entrando: Iv\u00e1n Rozas -Espa\u00f1a-, C\u00e1 -Portugal-, Klien -La India-, Bhavneet -La India-, Luis Miguel -Venezuela-, Revanth -La India- y Brayan -Francia-.<\/p>\n<p>El partido comenz\u00f3 con mal pie para los chicos de la AC Intersoccer, ya que dos errores defensivos en los minutos iniciales hicieron que se moviera inmediatamente el marcador. As\u00ed, antes de los primeros diez minutos ya ganaba el Granada CF por 2\/0. Sin embargo, la progresiva adaptaci\u00f3n al terreno de juego -los chicos de la academia extra\u00f1aron mucho el fant\u00e1stico c\u00e9sped natural- y la mayor posesi\u00f3n de los verdinegros hicieron posible atemperar el incre\u00edble ritmo y velocidad del equipo local hasta conseguir un equilibrio absoluto del partido. Con esa t\u00f3nica ambas escuadras se marcharon hacia los vestuarios para el descanso. En la reanudaci\u00f3n, tambi\u00e9n al principio, los locales volvieron a marcar. A partir de ah\u00ed, los cambios propiciaron la entrada de muchos jugadores por ambos equipos y tambi\u00e9n la vuelta del equilibrio competitivo. En los minutos finales llegaron los \u00faltimos goles; el que cerrar\u00eda la cuenta de los locales y el que, convertido por Klein, abrir\u00eda la cuenta de los visitantes de la academia. 4\/1, resultado final. Algo enga\u00f1oso porque durante casi todo el partido los pupilos del m\u00edster Barrios, con su estilo atrevido y de b\u00fasqueda de la posesi\u00f3n, plantaron cara a los magn\u00edficos jugadores del Granada CF; todos ellos ya a un paso de acceder pronto al f\u00fatbol profesional.<\/p>\n<p>-El martes d\u00eda 6, en el estadio Miguel Prieto de la ciudad, los Sub\/17 de la academia disputaron el VII partido de la &#8220;Liga Open&#8221;; en esta ocasi\u00f3n, el rival fue el Granada CF cadete de Divisi\u00f3n de Honor. Joaqu\u00edn Barrios dispuso el siguiente once de inicio entre los m\u00e1s j\u00f3venes de la academia: Cabre -Espa\u00f1a-; Danila -Rusia-, Sebasti\u00e1n Scagliati -Venezuela-, Vadim -Rusia; Michael Jim\u00e9nez -Espa\u00f1a-, Aynar -Rusia-, Juan Pablo Arteaga -Colombia-, Brayan -Francia-, Maciej -Polonia-; Tanguy -Suiza- y Marcin Sziebe -Polonia-. Tambi\u00e9n jugaron: Revanth -La India-, Laurent -Congo-, Christian Chepkut -Kenia- y Fabian Whyte -Nigeria-.<\/p>\n<p>Gran partido el disputado por los chicos de la academia frente a un rival de una alt\u00edsima calidad t\u00e9cnica y con un sistema de juego con r\u00e1pidas transiciones buscando permanentemente la meta rival. La verdad es que, frente a un rival as\u00ed, fue muy interesante y alentador el comprobar el nivel competitivo de los chicos de Intersoccer -donde se vieron los frutos del trabajo diario-; en el primer tiempo, al menos durante m\u00e1s de treinta minutos, cuatro o cinco jugadores brillaron por su alto nivel t\u00e9cnico y competitivo mientras el resto manten\u00edan un m\u00e1s que discreto papel en el terreno de juego. Ya en el segundo tiempo la intensidad mantenida por los cadetes del Granada CF unida a los numerosos cambios realizados hicieron que bajara el nivel competitivo de los, en esta ocasi\u00f3n, blanquinegros de Intersoccer. La mayor fluidez y compenetraci\u00f3n de los locales -tal vez el segundo o tercero mejor equipo cadete de toda Andaluc\u00eda- hizo posible su completo acierto ante la porter\u00eda. Con un resultado final de 4\/0, despu\u00e9s de la lucha reparadora de todos los chicos y tras una afable y c\u00e1lida despedida de los siempre hospitalarios durante todo el stage componentes del club nazar\u00ed, toda la expedici\u00f3n de la AC INTERSOCCER, a las nueve de la noche, iniciamos el largo camino de vuelta hacia Madrid, hasta nuestro querido Alalpardo, la sede de nuestra academia.<\/p>\n<p>\u00a1Ser\u00e1 est\u00e1 una experiencia humana y deportiva para guardar siempre en la memoria de los mejores recuerdos de la AC INTERSOCCER MADRID!<\/p>\n<p><!--<iframe loading=\"lazy\" width=\"320\" height=\"240\" src=\"\/\/www.youtube.com\/embed\/5QIQxATQka\" frameborder=\"0\"><\/iframe>--><\/p>\n<p>[\/et_pb_text][\/et_pb_column][\/et_pb_row][\/et_pb_section]<\/p>\n","protected":false},"excerpt":{"rendered":"<p><div class=\"et_pb_row et_pb_row_0 et_pb_row_empty\">\n\t\t\t\t\n\t\t\t\t\n\t\t\t\t\n\t\t\t\t\n\t\t\t\t\n\t\t\t<\/div> Descrita la inolvidable experiencia del stage en Granada del &#8220;puente de la Constituci\u00f3n&#8221;, en lo que hace referencia a lo estrictamente deportivo\/futbol\u00edstico, rese\u00f1ar que la AC INTERSOCCER disput\u00f3 su VI partido de la &#8220;Liga Open de Talentos Intersoccer 2017\/2018&#8221; , aprovechando la estancia en la ciudad de la Alhambra, contra el equipo juvenil de [&hellip;]<\/p>\n","protected":false},"author":2,"featured_media":7468,"comment_status":"open","ping_status":"open","sticky":false,"template":"","format":"standard","meta":{"_et_pb_use_builder":"on","_et_pb_old_content":"<p>Descrita la inolvidable experiencia del stage en Granada del \"puente de la Constituci\u00f3n\", en lo que hace referencia a lo estrictamente deportivo\/futbol\u00edstico, rese\u00f1ar que la AC INTERSOCCER disput\u00f3 su VI partido de la \"Liga Open de Talentos Intersoccer 2017\/2018\" <!--more--> , aprovechando la estancia en la ciudad de la Alhambra, contra el equipo juvenil de Divisi\u00f3n de Honor del Granada CF.<\/p><p>-El martes d\u00eda 5, en el campo de hierba natural n\u00famero 3 de la magn\u00edfica ciudad deportiva del club nazar\u00ed, el m\u00edster y director de tecnificaci\u00f3n de la academia, Joaqu\u00edn Barrios, de salida, aline\u00f3 al siguiente once: Fahmy Youssef -Egipto-; Alec -EEUU-, Gonzalo Valle -Espa\u00f1a-, Vadim-Rusia-; Arturo -Paraguay-, Miguel San Segundo -Espa\u00f1a-, Moha -Costa de Marfil-, Cristian Jim\u00e9nez -Espa\u00f1a-, Khurshid -Uzbekistan-; Osman -Sierra Leona- y Ruslan -Rusia-. Despu\u00e9s fueron entrando: Iv\u00e1n Rozas -Espa\u00f1a-, C\u00e1 -Portugal-, Klien -La India-, Bhavneet -La India-, Luis Miguel -Venezuela-, Revanth -La India- y Brayan -Francia-.<\/p><p>El partido comenz\u00f3 con mal pie para los chicos de la AC Intersoccer, ya que dos errores defensivos en los minutos iniciales hicieron que se moviera inmediatamente el marcador. As\u00ed, antes de los primeros diez minutos ya ganaba el Granada CF por 2\/0. Sin embargo, la progresiva adaptaci\u00f3n al terreno de juego -los chicos de la academia extra\u00f1aron mucho el fant\u00e1stico c\u00e9sped natural- y la mayor posesi\u00f3n de los verdinegros hicieron posible atemperar el incre\u00edble ritmo y velocidad del equipo local hasta conseguir un equilibrio absoluto del partido. Con esa t\u00f3nica ambas escuadras se marcharon hacia los vestuarios para el descanso. En la reanudaci\u00f3n, tambi\u00e9n al principio, los locales volvieron a marcar. A partir de ah\u00ed, los cambios propiciaron la entrada de muchos jugadores por ambos equipos y tambi\u00e9n la vuelta del equilibrio competitivo. En los minutos finales llegaron los \u00faltimos goles; el que cerrar\u00eda la cuenta de los locales y el que, convertido por Klein, abrir\u00eda la cuenta de los visitantes de la academia. 4\/1, resultado final. Algo enga\u00f1oso porque durante casi todo el partido los pupilos del m\u00edster Barrios, con su estilo atrevido y de b\u00fasqueda de la posesi\u00f3n, plantaron cara a los magn\u00edficos jugadores del Granada CF; todos ellos ya a un paso de acceder pronto al f\u00fatbol profesional.<\/p><p>-El martes d\u00eda 6, en el estadio Miguel Prieto de la ciudad, los Sub\/17 de la academia disputaron el VII partido de la \"Liga Open\"; en esta ocasi\u00f3n, el rival fue el Granada CF cadete de Divisi\u00f3n de Honor. Joaqu\u00edn Barrios dispuso el siguiente once de inicio entre los m\u00e1s j\u00f3venes de la academia: Cabre -Espa\u00f1a-; Danila -Rusia-, Sebasti\u00e1n Scagliati -Venezuela-, Vadim -Rusia; Michael Jim\u00e9nez -Espa\u00f1a-, Aynar -Rusia-, Juan Pablo Arteaga -Colombia-, Brayan -Francia-, Maciej -Polonia-; Tanguy -Suiza- y Marcin Sziebe -Polonia-. Tambi\u00e9n jugaron: Revanth -La India-, Laurent -Congo-, Christian Chepkut -Kenia- y Fabian Whyte -Nigeria-.<\/p><p>Gran partido el disputado por los chicos de la academia frente a un rival de una alt\u00edsima calidad t\u00e9cnica y con un sistema de juego con r\u00e1pidas transiciones buscando permanentemente la meta rival. La verdad es que, frente a un rival as\u00ed, fue muy interesante y alentador el comprobar el nivel competitivo de los chicos de Intersoccer -donde se vieron los frutos del trabajo diario-; en el primer tiempo, al menos durante m\u00e1s de treinta minutos, cuatro o cinco jugadores brillaron por su alto nivel t\u00e9cnico y competitivo mientras el resto manten\u00edan un m\u00e1s que discreto papel en el terreno de juego. Ya en el segundo tiempo la intensidad mantenida por los cadetes del Granada CF unida a los numerosos cambios realizados hicieron que bajara el nivel competitivo de los, en esta ocasi\u00f3n, blanquinegros de Intersoccer. La mayor fluidez y compenetraci\u00f3n de los locales -tal vez el segundo o tercero mejor equipo cadete de toda Andaluc\u00eda- hizo posible su completo acierto ante la porter\u00eda. Con un resultado final de 4\/0, despu\u00e9s de la lucha reparadora de todos los chicos y tras una afable y c\u00e1lida despedida de los siempre hospitalarios durante todo el stage componentes del club nazar\u00ed, toda la expedici\u00f3n de la AC INTERSOCCER, a las nueve de la noche, iniciamos el largo camino de vuelta hacia Madrid, hasta nuestro querido Alalpardo, la sede de nuestra academia.<\/p><p>\u00a1Ser\u00e1 est\u00e1 una experiencia humana y deportiva para guardar siempre en la memoria de los mejores recuerdos de la AC INTERSOCCER MADRID!<\/p><p><!--<iframe width=\"320\" height=\"240\" src=\"\/\/www.youtube.com\/embed\/5QIQxATQka\" frameborder=\"0\"><\/iframe>--><\/p>","_et_gb_content_width":""},"categories":[8],"tags":[],"yoast_head":"<!-- This site is optimized with the Yoast SEO plugin v20.9 - https:\/\/yoast.com\/wordpress\/plugins\/seo\/ -->\n<title>CONTRA EL GRANADA CF, LA AC INTERSOCCER, DISPUT\u00d3 EL VI Y VII PARTIDO DE LA &quot;LIGA OPEN 2017\/2018&quot;.- &middot; International Soccer Academy of Madrid<\/title>\n<meta name=\"robots\" content=\"index, follow, max-snippet:-1, max-image-preview:large, max-video-preview:-1\" \/>\n<link rel=\"canonical\" href=\"https:\/\/www.intersoccermadrid.com\/en\/contra-el-granada-cf-la-ac-intersoccer-disputo-el-vi-y-vii-partido-de-la-qliga-open-20172018q\/\" \/>\n<meta property=\"og:locale\" content=\"en_US\" \/>\n<meta property=\"og:type\" content=\"article\" \/>\n<meta property=\"og:title\" content=\"CONTRA EL GRANADA CF, LA AC INTERSOCCER, DISPUT\u00d3 EL VI Y VII PARTIDO DE LA &quot;LIGA OPEN 2017\/2018&quot;.- &middot; International Soccer Academy of Madrid\" \/>\n<meta property=\"og:description\" content=\"Descrita la inolvidable experiencia del stage en Granada del &quot;puente de la Constituci\u00f3n&quot;, en lo que hace referencia a lo estrictamente deportivo\/futbol\u00edstico, rese\u00f1ar que la AC INTERSOCCER disput\u00f3 su VI partido de la &quot;Liga Open de Talentos Intersoccer 2017\/2018&quot; , aprovechando la estancia en la ciudad de la Alhambra, contra el equipo juvenil de [&hellip;]\" \/>\n<meta property=\"og:url\" content=\"https:\/\/www.intersoccermadrid.com\/en\/contra-el-granada-cf-la-ac-intersoccer-disputo-el-vi-y-vii-partido-de-la-qliga-open-20172018q\/\" \/>\n<meta property=\"og:site_name\" content=\"International Soccer Academy of Madrid\" \/>\n<meta property=\"article:published_time\" content=\"2017-12-08T23:00:00+00:00\" \/>\n<meta property=\"article:modified_time\" content=\"2018-07-06T11:18:24+00:00\" \/>\n<meta property=\"og:image\" content=\"https:\/\/www.intersoccermadrid.com\/wp-content\/uploads\/2017\/12\/2017_liga_open_granada_01.jpg\" \/>\n\t<meta property=\"og:image:width\" content=\"800\" \/>\n\t<meta property=\"og:image:height\" content=\"599\" \/>\n\t<meta property=\"og:image:type\" content=\"image\/jpeg\" \/>\n<meta name=\"author\" content=\"Administrator\" \/>\n<meta name=\"twitter:card\" content=\"summary_large_image\" \/>\n<meta name=\"twitter:label1\" content=\"Written by\" \/>\n\t<meta name=\"twitter:data1\" content=\"Administrator\" \/>\n\t<meta name=\"twitter:label2\" content=\"Est. reading time\" \/>\n\t<meta name=\"twitter:data2\" content=\"4 minutes\" \/>\n<script type=\"application\/ld+json\" class=\"yoast-schema-graph\">{\"@context\":\"https:\/\/schema.org\",\"@graph\":[{\"@type\":\"WebPage\",\"@id\":\"https:\/\/www.intersoccermadrid.com\/en\/contra-el-granada-cf-la-ac-intersoccer-disputo-el-vi-y-vii-partido-de-la-qliga-open-20172018q\/\",\"url\":\"https:\/\/www.intersoccermadrid.com\/en\/contra-el-granada-cf-la-ac-intersoccer-disputo-el-vi-y-vii-partido-de-la-qliga-open-20172018q\/\",\"name\":\"CONTRA EL GRANADA CF, LA AC INTERSOCCER, DISPUT\u00d3 EL VI Y VII PARTIDO DE LA \\\"LIGA OPEN 2017\/2018\\\".- &middot; International Soccer Academy of Madrid\",\"isPartOf\":{\"@id\":\"https:\/\/www.intersoccermadrid.com\/en\/#website\"},\"datePublished\":\"2017-12-08T23:00:00+00:00\",\"dateModified\":\"2018-07-06T11:18:24+00:00\",\"author\":{\"@id\":\"https:\/\/www.intersoccermadrid.com\/en\/#\/schema\/person\/4843f782828393fd2fd34a6db5ce5d48\"},\"breadcrumb\":{\"@id\":\"https:\/\/www.intersoccermadrid.com\/en\/contra-el-granada-cf-la-ac-intersoccer-disputo-el-vi-y-vii-partido-de-la-qliga-open-20172018q\/#breadcrumb\"},\"inLanguage\":\"en-US\",\"potentialAction\":[{\"@type\":\"ReadAction\",\"target\":[\"https:\/\/www.intersoccermadrid.com\/en\/contra-el-granada-cf-la-ac-intersoccer-disputo-el-vi-y-vii-partido-de-la-qliga-open-20172018q\/\"]}]},{\"@type\":\"BreadcrumbList\",\"@id\":\"https:\/\/www.intersoccermadrid.com\/en\/contra-el-granada-cf-la-ac-intersoccer-disputo-el-vi-y-vii-partido-de-la-qliga-open-20172018q\/#breadcrumb\",\"itemListElement\":[{\"@type\":\"ListItem\",\"position\":1,\"name\":\"Home\",\"item\":\"https:\/\/www.intersoccermadrid.com\/en\/\"},{\"@type\":\"ListItem\",\"position\":2,\"name\":\"CONTRA EL GRANADA CF, LA AC INTERSOCCER, DISPUT\u00d3 EL VI Y VII PARTIDO DE LA &#8220;LIGA OPEN 2017\/2018&#8221;.-\"}]},{\"@type\":\"WebSite\",\"@id\":\"https:\/\/www.intersoccermadrid.com\/en\/#website\",\"url\":\"https:\/\/www.intersoccermadrid.com\/en\/\",\"name\":\"International Soccer Academy of Madrid\",\"description\":\"International Soccer Academy of Madrid\",\"potentialAction\":[{\"@type\":\"SearchAction\",\"target\":{\"@type\":\"EntryPoint\",\"urlTemplate\":\"https:\/\/www.intersoccermadrid.com\/en\/?s={search_term_string}\"},\"query-input\":\"required name=search_term_string\"}],\"inLanguage\":\"en-US\"},{\"@type\":\"Person\",\"@id\":\"https:\/\/www.intersoccermadrid.com\/en\/#\/schema\/person\/4843f782828393fd2fd34a6db5ce5d48\",\"name\":\"Administrator\",\"image\":{\"@type\":\"ImageObject\",\"inLanguage\":\"en-US\",\"@id\":\"https:\/\/www.intersoccermadrid.com\/en\/#\/schema\/person\/image\/\",\"url\":\"https:\/\/secure.gravatar.com\/avatar\/85ec5305f9a568d3e58c20ee91decabf?s=96&d=mm&r=g\",\"contentUrl\":\"https:\/\/secure.gravatar.com\/avatar\/85ec5305f9a568d3e58c20ee91decabf?s=96&d=mm&r=g\",\"caption\":\"Administrator\"},\"url\":\"https:\/\/www.intersoccermadrid.com\/en\/author\/admin\/\"}]}<\/script>\n<!-- \/ Yoast SEO plugin. -->","yoast_head_json":{"title":"CONTRA EL GRANADA CF, LA AC INTERSOCCER, DISPUT\u00d3 EL VI Y VII PARTIDO DE LA \"LIGA OPEN 2017\/2018\".- &middot; International Soccer Academy of Madrid","robots":{"index":"index","follow":"follow","max-snippet":"max-snippet:-1","max-image-preview":"max-image-preview:large","max-video-preview":"max-video-preview:-1"},"canonical":"https:\/\/www.intersoccermadrid.com\/en\/contra-el-granada-cf-la-ac-intersoccer-disputo-el-vi-y-vii-partido-de-la-qliga-open-20172018q\/","og_locale":"en_US","og_type":"article","og_title":"CONTRA EL GRANADA CF, LA AC INTERSOCCER, DISPUT\u00d3 EL VI Y VII PARTIDO DE LA \"LIGA OPEN 2017\/2018\".- &middot; International Soccer Academy of Madrid","og_description":"Descrita la inolvidable experiencia del stage en Granada del \"puente de la Constituci\u00f3n\", en lo que hace referencia a lo estrictamente deportivo\/futbol\u00edstico, rese\u00f1ar que la AC INTERSOCCER disput\u00f3 su VI partido de la \"Liga Open de Talentos Intersoccer 2017\/2018\" , aprovechando la estancia en la ciudad de la Alhambra, contra el equipo juvenil de [&hellip;]","og_url":"https:\/\/www.intersoccermadrid.com\/en\/contra-el-granada-cf-la-ac-intersoccer-disputo-el-vi-y-vii-partido-de-la-qliga-open-20172018q\/","og_site_name":"International Soccer Academy of Madrid","article_published_time":"2017-12-08T23:00:00+00:00","article_modified_time":"2018-07-06T11:18:24+00:00","og_image":[{"width":800,"height":599,"url":"https:\/\/www.intersoccermadrid.com\/wp-content\/uploads\/2017\/12\/2017_liga_open_granada_01.jpg","type":"image\/jpeg"}],"author":"Administrator","twitter_card":"summary_large_image","twitter_misc":{"Written by":"Administrator","Est. reading time":"4 minutes"},"schema":{"@context":"https:\/\/schema.org","@graph":[{"@type":"WebPage","@id":"https:\/\/www.intersoccermadrid.com\/en\/contra-el-granada-cf-la-ac-intersoccer-disputo-el-vi-y-vii-partido-de-la-qliga-open-20172018q\/","url":"https:\/\/www.intersoccermadrid.com\/en\/contra-el-granada-cf-la-ac-intersoccer-disputo-el-vi-y-vii-partido-de-la-qliga-open-20172018q\/","name":"CONTRA EL GRANADA CF, LA AC INTERSOCCER, DISPUT\u00d3 EL VI Y VII PARTIDO DE LA \"LIGA OPEN 2017\/2018\".- &middot; International Soccer Academy of Madrid","isPartOf":{"@id":"https:\/\/www.intersoccermadrid.com\/en\/#website"},"datePublished":"2017-12-08T23:00:00+00:00","dateModified":"2018-07-06T11:18:24+00:00","author":{"@id":"https:\/\/www.intersoccermadrid.com\/en\/#\/schema\/person\/4843f782828393fd2fd34a6db5ce5d48"},"breadcrumb":{"@id":"https:\/\/www.intersoccermadrid.com\/en\/contra-el-granada-cf-la-ac-intersoccer-disputo-el-vi-y-vii-partido-de-la-qliga-open-20172018q\/#breadcrumb"},"inLanguage":"en-US","potentialAction":[{"@type":"ReadAction","target":["https:\/\/www.intersoccermadrid.com\/en\/contra-el-granada-cf-la-ac-intersoccer-disputo-el-vi-y-vii-partido-de-la-qliga-open-20172018q\/"]}]},{"@type":"BreadcrumbList","@id":"https:\/\/www.intersoccermadrid.com\/en\/contra-el-granada-cf-la-ac-intersoccer-disputo-el-vi-y-vii-partido-de-la-qliga-open-20172018q\/#breadcrumb","itemListElement":[{"@type":"ListItem","position":1,"name":"Home","item":"https:\/\/www.intersoccermadrid.com\/en\/"},{"@type":"ListItem","position":2,"name":"CONTRA EL GRANADA CF, LA AC INTERSOCCER, DISPUT\u00d3 EL VI Y VII PARTIDO DE LA &#8220;LIGA OPEN 2017\/2018&#8221;.-"}]},{"@type":"WebSite","@id":"https:\/\/www.intersoccermadrid.com\/en\/#website","url":"https:\/\/www.intersoccermadrid.com\/en\/","name":"International Soccer Academy of Madrid","description":"International Soccer Academy of Madrid","potentialAction":[{"@type":"SearchAction","target":{"@type":"EntryPoint","urlTemplate":"https:\/\/www.intersoccermadrid.com\/en\/?s={search_term_string}"},"query-input":"required name=search_term_string"}],"inLanguage":"en-US"},{"@type":"Person","@id":"https:\/\/www.intersoccermadrid.com\/en\/#\/schema\/person\/4843f782828393fd2fd34a6db5ce5d48","name":"Administrator","image":{"@type":"ImageObject","inLanguage":"en-US","@id":"https:\/\/www.intersoccermadrid.com\/en\/#\/schema\/person\/image\/","url":"https:\/\/secure.gravatar.com\/avatar\/85ec5305f9a568d3e58c20ee91decabf?s=96&d=mm&r=g","contentUrl":"https:\/\/secure.gravatar.com\/avatar\/85ec5305f9a568d3e58c20ee91decabf?s=96&d=mm&r=g","caption":"Administrator"},"url":"https:\/\/www.intersoccermadrid.com\/en\/author\/admin\/"}]}},"_links":{"self":[{"href":"https:\/\/www.intersoccermadrid.com\/en\/wp-json\/wp\/v2\/posts\/830"}],"collection":[{"href":"https:\/\/www.intersoccermadrid.com\/en\/wp-json\/wp\/v2\/posts"}],"about":[{"href":"https:\/\/www.intersoccermadrid.com\/en\/wp-json\/wp\/v2\/types\/post"}],"author":[{"embeddable":true,"href":"https:\/\/www.intersoccermadrid.com\/en\/wp-json\/wp\/v2\/users\/2"}],"replies":[{"embeddable":true,"href":"https:\/\/www.intersoccermadrid.com\/en\/wp-json\/wp\/v2\/comments?post=830"}],"version-history":[{"count":2,"href":"https:\/\/www.intersoccermadrid.com\/en\/wp-json\/wp\/v2\/posts\/830\/revisions"}],"predecessor-version":[{"id":8261,"href":"https:\/\/www.intersoccermadrid.com\/en\/wp-json\/wp\/v2\/posts\/830\/revisions\/8261"}],"wp:featuredmedia":[{"embeddable":true,"href":"https:\/\/www.intersoccermadrid.com\/en\/wp-json\/wp\/v2\/media\/7468"}],"wp:attachment":[{"href":"https:\/\/www.intersoccermadrid.com\/en\/wp-json\/wp\/v2\/media?parent=830"}],"wp:term":[{"taxonomy":"category","embeddable":true,"href":"https:\/\/www.intersoccermadrid.com\/en\/wp-json\/wp\/v2\/categories?post=830"},{"taxonomy":"post_tag","embeddable":true,"href":"https:\/\/www.intersoccermadrid.com\/en\/wp-json\/wp\/v2\/tags?post=830"}],"curies":[{"name":"wp","href":"https:\/\/api.w.org\/{rel}","templated":true}]}}