{"id":829,"date":"2017-12-07T00:00:00","date_gmt":"2017-12-06T23:00:00","guid":{"rendered":"https:\/\/www.intersoccermadrid.com\/ila-ac-intersoccer-qconquista-granadaq-un-lugar-de-ensueno\/"},"modified":"2018-07-09T10:18:44","modified_gmt":"2018-07-09T08:18:44","slug":"ila-ac-intersoccer-qconquista-granadaq-un-lugar-de-ensueno","status":"publish","type":"post","link":"https:\/\/www.intersoccermadrid.com\/en\/ila-ac-intersoccer-qconquista-granadaq-un-lugar-de-ensueno\/","title":{"rendered":"\u00a1LA AC INTERSOCCER &#8220;CONQUISTA GRANADA&#8221;, UN LUGAR DE ENSUE\u00d1O!"},"content":{"rendered":"<p>[et_pb_section bb_built=&#8221;1&#8243;][et_pb_row][et_pb_column type=&#8221;4_4&#8243;][et_pb_text _builder_version=&#8221;3.9&#8243;]<\/p>\n<p>S\u00ed, el sexto stage del &#8220;puente de la Constituci\u00f3n&#8221; de la AC INTERSOCCER signific\u00f3 llegar a Granada. Preciosa ciudad espa\u00f1ola, con esa impresionante Alhambra, patrimonio de la humanidad y considerada una de las maravillas del mundo. <!--more--> La verdad es que nuestra academia ya hab\u00eda viajado a la ciudad en noviembre de 2015 para jugar contra el juvenil de Divisi\u00f3n de Honor del Granada CF pero, en aquella ocasi\u00f3n, llegamos hasta all\u00ed con el tiempo suficiente para disputar el partido; por cierto, partido que vencimos por un abultado 5\/7 y en el que dejamos muy alto el pabell\u00f3n del nivel futbol\u00edstico de los chicos de la academia.<\/p>\n<p>[\/et_pb_text][et_pb_gallery _builder_version=&#8221;3.9&#8243; gallery_ids=&#8221;7408,7409,7410,7411,7412,7413,7414,7415,7416,7417,7418,7419,7420,7421,7422,7423,7424,7425,7426,7427,7428,7429,7430,7431,7432,7433,7434,7435,7436,7437&#8243; fullwidth=&#8221;on&#8221; zoom_icon_color=&#8221;#2ea3f2&#8243; hover_overlay_color=&#8221;rgba(255,255,255,0.9)&#8221; \/][et_pb_text]<\/p>\n<p>Ahora la situaci\u00f3n era diferente, el viaje estaba programado con tiempo suficiente y para disfrutar tambi\u00e9n de la ciudad. Una ciudad, actualmente, muy ligada a INTERSOCCER. All\u00ed juega en el primer equipo profesional del Granada CF Pierre Kunde, uno de los alumnos m\u00e1s sobresalientes de la historia de la academia. Raz\u00f3n suficiente, junto al alto pabell\u00f3n deportivo dejado en noviembre de 2015, para que los responsables deportivos del club nazar\u00ed tengan muy en cuenta el trabajo de formaci\u00f3n de j\u00f3venes futbolistas que se desarrolla d\u00eda a d\u00eda en la academia de Alalpardo.<\/p>\n<p>Tambi\u00e9n, en la gerencia y en la direcci\u00f3n deportiva del club, esos lazos de contacto han devenido en una fluida y afectuosa relaci\u00f3n para con nuestra organizaci\u00f3n.<\/p>\n<p>As\u00ed las cosas, programados los que significar\u00edan los partidos VI y VII de &#8220;Liga Open de Talentos Intersoccer 2017\/2018&#8221; contra el juvenil Divisi\u00f3n de Honor y el cadete de Divisi\u00f3n de Honor del Granada CF, respectivamente, viajamos hasta all\u00ed en, casi la madrugada, del martes cinco de diciembre.<\/p>\n<p>Y, como siempre, inmensa alegr\u00eda, ilusi\u00f3n y expectaci\u00f3n en la amplia expedici\u00f3n que parti\u00f3 desde Alalpardo hasta la &#8220;conquista de Granada&#8221;. 30 alumnos\/jugadores entre internos y externos de la academia compon\u00edan la expedici\u00f3n. \u00a1Representaban entre todos ellos a 19 pa\u00edses del mundo! \u00a1Qu\u00e9 maravilla! \u00a1Que apasionante convivencia multicultural y multirracial entre j\u00f3venes unidos por la pasi\u00f3n del f\u00fatbol!<\/p>\n<p>Con poco tiempo disponible ya, a las 13,30 h. lleg\u00e1bamos a Granada. Una vez alojados, comida en la residencia juvenil Inturjoven de la Junta de Andaluc\u00eda, bolsas preparadas y de nuevo al autob\u00fas en direcci\u00f3n a la nueva y estelar Ciudad Deportiva del Granada CF. \u00a1Impresionante, por cierto! Recibidos por altos responsables del club, todos los chicos se dirigieron hacia el vestuario para prepararse para el partido. Exquisita amabilidad para con toda la expedici\u00f3n de la AC INTERSOCCER. Ya en el campo de c\u00e9sped natural donde se iba a disputar el partido -all\u00ed hay cuatro a cu\u00e1l m\u00e1s espectacular- hizo acto de presencia &#8220;nuestro siempre alumno de Intersoccer Pierre Kunde&#8221;. Incre\u00edble la satisfacci\u00f3n de toda la expedici\u00f3n&#8230; algunos -Vadim, Osman, Brayan, Khurshid&#8230; &#8211; han compartido con \u00e9l muchos momentos en la residencia de Alalpardo. Tambi\u00e9n hicieron acto de presencia: Fran S\u00e1nchez -gerente y abogado del club-, Javi Sanz -uno de los altos responsables de la cantera-, Javi Jim\u00e9nez y muchos otros responsables de la formaci\u00f3n deportiva del club. Con un peque\u00f1o homenaje de todos los chicos a Pierre en la persona del capit\u00e1n Vadim; la entrega de una placa como gratitud por parte de INTERSOCCER a Fran S\u00e1nchez y los mejores mutuos deseos por parte de ambas escuadras contendientes se dio comienzo al muy esperado partido.<\/p>\n<p>Gan\u00f3, como en esta ocasi\u00f3n era muy l\u00f3gico, el Granada CF.<\/p>\n<p>Despu\u00e9s, todos los responsables de la academia, en una muy afable y hospitalaria visita guiada, fuimos testigos de las incre\u00edbles instalaciones de que goza la Ciudad Deportiva: gimnasios, salas de reuniones, piscinas, despachos de an\u00e1lisis, comedor para jugadores y empleados&#8230; etc, etc. \u00a1Abandonamos ya anochecida la Ciudad Deportiva sabedores de haber participado en una especie de pel\u00edcula!<\/p>\n<p>Y al d\u00eda siguiente nos esperaban el centro hist\u00f3rico de Granada y su Alhambra&#8230; \u00a1que maravilla! \u00a1Granada tierra so\u00f1ada del cantar gitano!<\/p>\n<p>Toda la ma\u00f1ana la expedici\u00f3n pudo sentirse parte de la maravilla. Fotograf\u00edas, an\u00e9cdotas, comentarios.. recuerdos imborrables para siempre. Sobran las palabras, se acumulan las sensaciones all\u00ed percibidas.<\/p>\n<p>Por la tarde esperaba a\u00fan el partido contra el cadete de Divisi\u00f3n de Honor del Granada CF en otra instalaci\u00f3n de la ciudad: el estadio Miguel Prieto. All\u00ed los Sub\/17 de la AC Intersoccer tambi\u00e9n demostraron su nivel en un partido desarrollado con toda la formalidad de un partido oficial, grande -tr\u00edo arbitral, protocolo de inicio, etc-. Cuando todo termin\u00f3, el tremendo fr\u00edo de la cercana Sierra Nevada nos anunci\u00f3 con melancol\u00eda que todo tiene su fin.<\/p>\n<p>Eran ya casi las nueve de la noche cuando abandonamos la Granada so\u00f1ada. Esperaba un largo viaje. A las tres de la madrugada llegamos finalmente hasta Alalpardo. Los chicos rotos de cansancio&#8230; pero plenos de vivencias maravillosas para almacenar para siempre en su recuerdo.<\/p>\n<p>Atr\u00e1s qued\u00f3 una conquista m\u00e1s de los sue\u00f1os que se van cumpliendo en la AC INTERSOCCER MADRID.<\/p>\n<p><!--<iframe loading=\"lazy\" width=\"320\" height=\"240\" src=\"\/\/www.youtube.com\/embed\/5QIQxATQka\" frameborder=\"0\"><\/iframe>--><\/p>\n<p>[\/et_pb_text][\/et_pb_column][\/et_pb_row][\/et_pb_section]<\/p>\n","protected":false},"excerpt":{"rendered":"<p><div class=\"et_pb_row et_pb_row_0 et_pb_row_empty\">\n\t\t\t\t\n\t\t\t\t\n\t\t\t\t\n\t\t\t\t\n\t\t\t\t\n\t\t\t<\/div> S\u00ed, el sexto stage del &#8220;puente de la Constituci\u00f3n&#8221; de la AC INTERSOCCER signific\u00f3 llegar a Granada. Preciosa ciudad espa\u00f1ola, con esa impresionante Alhambra, patrimonio de la humanidad y considerada una de las maravillas del mundo. La verdad es que nuestra academia ya hab\u00eda viajado a la ciudad en noviembre de 2015 para jugar [&hellip;]<\/p>\n","protected":false},"author":2,"featured_media":7408,"comment_status":"open","ping_status":"open","sticky":false,"template":"","format":"standard","meta":{"_et_pb_use_builder":"on","_et_pb_old_content":"<p>Ahora la situaci\u00f3n era diferente, el viaje estaba programado con tiempo suficiente y para disfrutar tambi\u00e9n de la ciudad. Una ciudad, actualmente, muy ligada a INTERSOCCER. All\u00ed juega en el primer equipo profesional del Granada CF Pierre Kunde, uno de los alumnos m\u00e1s sobresalientes de la historia de la academia. Raz\u00f3n suficiente, junto al alto pabell\u00f3n deportivo dejado en noviembre de 2015, para que los responsables deportivos del club nazar\u00ed tengan muy en cuenta el trabajo de formaci\u00f3n de j\u00f3venes futbolistas que se desarrolla d\u00eda a d\u00eda en la academia de Alalpardo.<\/p><p>Tambi\u00e9n, en la gerencia y en la direcci\u00f3n deportiva del club, esos lazos de contacto han devenido en una fluida y afectuosa relaci\u00f3n para con nuestra organizaci\u00f3n.<\/p><p>As\u00ed las cosas, programados los que significar\u00edan los partidos VI y VII de \"Liga Open de Talentos Intersoccer 2017\/2018\" contra el juvenil Divisi\u00f3n de Honor y el cadete de Divisi\u00f3n de Honor del Granada CF, respectivamente, viajamos hasta all\u00ed en, casi la madrugada, del martes cinco de diciembre.<\/p><p>Y, como siempre, inmensa alegr\u00eda, ilusi\u00f3n y expectaci\u00f3n en la amplia expedici\u00f3n que parti\u00f3 desde Alalpardo hasta la \"conquista de Granada\". 30 alumnos\/jugadores entre internos y externos de la academia compon\u00edan la expedici\u00f3n. \u00a1Representaban entre todos ellos a 19 pa\u00edses del mundo! \u00a1Qu\u00e9 maravilla! \u00a1Que apasionante convivencia multicultural y multirracial entre j\u00f3venes unidos por la pasi\u00f3n del f\u00fatbol!<\/p><p>Con poco tiempo disponible ya, a las 13,30 h. lleg\u00e1bamos a Granada. Una vez alojados, comida en la residencia juvenil Inturjoven de la Junta de Andaluc\u00eda, bolsas preparadas y de nuevo al autob\u00fas en direcci\u00f3n a la nueva y estelar Ciudad Deportiva del Granada CF. \u00a1Impresionante, por cierto! Recibidos por altos responsables del club, todos los chicos se dirigieron hacia el vestuario para prepararse para el partido. Exquisita amabilidad para con toda la expedici\u00f3n de la AC INTERSOCCER. Ya en el campo de c\u00e9sped natural donde se iba a disputar el partido -all\u00ed hay cuatro a cu\u00e1l m\u00e1s espectacular- hizo acto de presencia \"nuestro siempre alumno de Intersoccer Pierre Kunde\". Incre\u00edble la satisfacci\u00f3n de toda la expedici\u00f3n... algunos -Vadim, Osman, Brayan, Khurshid... - han compartido con \u00e9l muchos momentos en la residencia de Alalpardo. Tambi\u00e9n hicieron acto de presencia: Fran S\u00e1nchez -gerente y abogado del club-, Javi Sanz -uno de los altos responsables de la cantera-, Javi Jim\u00e9nez y muchos otros responsables de la formaci\u00f3n deportiva del club. Con un peque\u00f1o homenaje de todos los chicos a Pierre en la persona del capit\u00e1n Vadim; la entrega de una placa como gratitud por parte de INTERSOCCER a Fran S\u00e1nchez y los mejores mutuos deseos por parte de ambas escuadras contendientes se dio comienzo al muy esperado partido.<\/p><p>Gan\u00f3, como en esta ocasi\u00f3n era muy l\u00f3gico, el Granada CF.<\/p><p>Despu\u00e9s, todos los responsables de la academia, en una muy afable y hospitalaria visita guiada, fuimos testigos de las incre\u00edbles instalaciones de que goza la Ciudad Deportiva: gimnasios, salas de reuniones, piscinas, despachos de an\u00e1lisis, comedor para jugadores y empleados... etc, etc. \u00a1Abandonamos ya anochecida la Ciudad Deportiva sabedores de haber participado en una especie de pel\u00edcula!<\/p><p>Y al d\u00eda siguiente nos esperaban el centro hist\u00f3rico de Granada y su Alhambra... \u00a1que maravilla! \u00a1Granada tierra so\u00f1ada del cantar gitano!<\/p><p>Toda la ma\u00f1ana la expedici\u00f3n pudo sentirse parte de la maravilla. Fotograf\u00edas, an\u00e9cdotas, comentarios.. recuerdos imborrables para siempre. Sobran las palabras, se acumulan las sensaciones all\u00ed percibidas.<\/p><p>Por la tarde esperaba a\u00fan el partido contra el cadete de Divisi\u00f3n de Honor del Granada CF en otra instalaci\u00f3n de la ciudad: el estadio Miguel Prieto. All\u00ed los Sub\/17 de la AC Intersoccer tambi\u00e9n demostraron su nivel en un partido desarrollado con toda la formalidad de un partido oficial, grande -tr\u00edo arbitral, protocolo de inicio, etc-. Cuando todo termin\u00f3, el tremendo fr\u00edo de la cercana Sierra Nevada nos anunci\u00f3 con melancol\u00eda que todo tiene su fin.<\/p><p>Eran ya casi las nueve de la noche cuando abandonamos la Granada so\u00f1ada. Esperaba un largo viaje. A las tres de la madrugada llegamos finalmente hasta Alalpardo. Los chicos rotos de cansancio... pero plenos de vivencias maravillosas para almacenar para siempre en su recuerdo.<\/p><p>Atr\u00e1s qued\u00f3 una conquista m\u00e1s de los sue\u00f1os que se van cumpliendo en la AC INTERSOCCER MADRID.<\/p><p><!--<iframe width=\"320\" height=\"240\" src=\"\/\/www.youtube.com\/embed\/5QIQxATQka\" frameborder=\"0\"><\/iframe>--><\/p>","_et_gb_content_width":""},"categories":[8],"tags":[],"yoast_head":"<!-- This site is optimized with the Yoast SEO plugin v20.9 - https:\/\/yoast.com\/wordpress\/plugins\/seo\/ -->\n<title>\u00a1LA AC INTERSOCCER &quot;CONQUISTA GRANADA&quot;, UN LUGAR DE ENSUE\u00d1O! &middot; International Soccer Academy of Madrid<\/title>\n<meta name=\"robots\" content=\"index, follow, max-snippet:-1, max-image-preview:large, max-video-preview:-1\" \/>\n<link rel=\"canonical\" href=\"https:\/\/www.intersoccermadrid.com\/en\/ila-ac-intersoccer-qconquista-granadaq-un-lugar-de-ensueno\/\" \/>\n<meta property=\"og:locale\" content=\"en_US\" \/>\n<meta property=\"og:type\" content=\"article\" \/>\n<meta property=\"og:title\" content=\"\u00a1LA AC INTERSOCCER &quot;CONQUISTA GRANADA&quot;, UN LUGAR DE ENSUE\u00d1O! &middot; International Soccer Academy of Madrid\" \/>\n<meta property=\"og:description\" content=\"S\u00ed, el sexto stage del &quot;puente de la Constituci\u00f3n&quot; de la AC INTERSOCCER signific\u00f3 llegar a Granada. Preciosa ciudad espa\u00f1ola, con esa impresionante Alhambra, patrimonio de la humanidad y considerada una de las maravillas del mundo. La verdad es que nuestra academia ya hab\u00eda viajado a la ciudad en noviembre de 2015 para jugar [&hellip;]\" \/>\n<meta property=\"og:url\" content=\"https:\/\/www.intersoccermadrid.com\/en\/ila-ac-intersoccer-qconquista-granadaq-un-lugar-de-ensueno\/\" \/>\n<meta property=\"og:site_name\" content=\"International Soccer Academy of Madrid\" \/>\n<meta property=\"article:published_time\" content=\"2017-12-06T23:00:00+00:00\" \/>\n<meta property=\"article:modified_time\" content=\"2018-07-09T08:18:44+00:00\" \/>\n<meta property=\"og:image\" content=\"https:\/\/www.intersoccermadrid.com\/wp-content\/uploads\/2017\/12\/2017_conquista_granada_01.jpg\" \/>\n\t<meta property=\"og:image:width\" content=\"800\" \/>\n\t<meta property=\"og:image:height\" content=\"601\" \/>\n\t<meta property=\"og:image:type\" content=\"image\/jpeg\" \/>\n<meta name=\"author\" content=\"Administrator\" \/>\n<meta name=\"twitter:card\" content=\"summary_large_image\" \/>\n<meta name=\"twitter:label1\" content=\"Written by\" \/>\n\t<meta name=\"twitter:data1\" content=\"Administrator\" \/>\n\t<meta name=\"twitter:label2\" content=\"Est. reading time\" \/>\n\t<meta name=\"twitter:data2\" content=\"5 minutes\" \/>\n<script type=\"application\/ld+json\" class=\"yoast-schema-graph\">{\"@context\":\"https:\/\/schema.org\",\"@graph\":[{\"@type\":\"WebPage\",\"@id\":\"https:\/\/www.intersoccermadrid.com\/en\/ila-ac-intersoccer-qconquista-granadaq-un-lugar-de-ensueno\/\",\"url\":\"https:\/\/www.intersoccermadrid.com\/en\/ila-ac-intersoccer-qconquista-granadaq-un-lugar-de-ensueno\/\",\"name\":\"\u00a1LA AC INTERSOCCER \\\"CONQUISTA GRANADA\\\", UN LUGAR DE ENSUE\u00d1O! &middot; International Soccer Academy of Madrid\",\"isPartOf\":{\"@id\":\"https:\/\/www.intersoccermadrid.com\/en\/#website\"},\"datePublished\":\"2017-12-06T23:00:00+00:00\",\"dateModified\":\"2018-07-09T08:18:44+00:00\",\"author\":{\"@id\":\"https:\/\/www.intersoccermadrid.com\/en\/#\/schema\/person\/4843f782828393fd2fd34a6db5ce5d48\"},\"breadcrumb\":{\"@id\":\"https:\/\/www.intersoccermadrid.com\/en\/ila-ac-intersoccer-qconquista-granadaq-un-lugar-de-ensueno\/#breadcrumb\"},\"inLanguage\":\"en-US\",\"potentialAction\":[{\"@type\":\"ReadAction\",\"target\":[\"https:\/\/www.intersoccermadrid.com\/en\/ila-ac-intersoccer-qconquista-granadaq-un-lugar-de-ensueno\/\"]}]},{\"@type\":\"BreadcrumbList\",\"@id\":\"https:\/\/www.intersoccermadrid.com\/en\/ila-ac-intersoccer-qconquista-granadaq-un-lugar-de-ensueno\/#breadcrumb\",\"itemListElement\":[{\"@type\":\"ListItem\",\"position\":1,\"name\":\"Home\",\"item\":\"https:\/\/www.intersoccermadrid.com\/en\/\"},{\"@type\":\"ListItem\",\"position\":2,\"name\":\"\u00a1LA AC INTERSOCCER &#8220;CONQUISTA GRANADA&#8221;, UN LUGAR DE ENSUE\u00d1O!\"}]},{\"@type\":\"WebSite\",\"@id\":\"https:\/\/www.intersoccermadrid.com\/en\/#website\",\"url\":\"https:\/\/www.intersoccermadrid.com\/en\/\",\"name\":\"International Soccer Academy of Madrid\",\"description\":\"International Soccer Academy of Madrid\",\"potentialAction\":[{\"@type\":\"SearchAction\",\"target\":{\"@type\":\"EntryPoint\",\"urlTemplate\":\"https:\/\/www.intersoccermadrid.com\/en\/?s={search_term_string}\"},\"query-input\":\"required name=search_term_string\"}],\"inLanguage\":\"en-US\"},{\"@type\":\"Person\",\"@id\":\"https:\/\/www.intersoccermadrid.com\/en\/#\/schema\/person\/4843f782828393fd2fd34a6db5ce5d48\",\"name\":\"Administrator\",\"image\":{\"@type\":\"ImageObject\",\"inLanguage\":\"en-US\",\"@id\":\"https:\/\/www.intersoccermadrid.com\/en\/#\/schema\/person\/image\/\",\"url\":\"https:\/\/secure.gravatar.com\/avatar\/85ec5305f9a568d3e58c20ee91decabf?s=96&d=mm&r=g\",\"contentUrl\":\"https:\/\/secure.gravatar.com\/avatar\/85ec5305f9a568d3e58c20ee91decabf?s=96&d=mm&r=g\",\"caption\":\"Administrator\"},\"url\":\"https:\/\/www.intersoccermadrid.com\/en\/author\/admin\/\"}]}<\/script>\n<!-- \/ Yoast SEO plugin. -->","yoast_head_json":{"title":"\u00a1LA AC INTERSOCCER \"CONQUISTA GRANADA\", UN LUGAR DE ENSUE\u00d1O! &middot; International Soccer Academy of Madrid","robots":{"index":"index","follow":"follow","max-snippet":"max-snippet:-1","max-image-preview":"max-image-preview:large","max-video-preview":"max-video-preview:-1"},"canonical":"https:\/\/www.intersoccermadrid.com\/en\/ila-ac-intersoccer-qconquista-granadaq-un-lugar-de-ensueno\/","og_locale":"en_US","og_type":"article","og_title":"\u00a1LA AC INTERSOCCER \"CONQUISTA GRANADA\", UN LUGAR DE ENSUE\u00d1O! &middot; International Soccer Academy of Madrid","og_description":"S\u00ed, el sexto stage del \"puente de la Constituci\u00f3n\" de la AC INTERSOCCER signific\u00f3 llegar a Granada. Preciosa ciudad espa\u00f1ola, con esa impresionante Alhambra, patrimonio de la humanidad y considerada una de las maravillas del mundo. La verdad es que nuestra academia ya hab\u00eda viajado a la ciudad en noviembre de 2015 para jugar [&hellip;]","og_url":"https:\/\/www.intersoccermadrid.com\/en\/ila-ac-intersoccer-qconquista-granadaq-un-lugar-de-ensueno\/","og_site_name":"International Soccer Academy of Madrid","article_published_time":"2017-12-06T23:00:00+00:00","article_modified_time":"2018-07-09T08:18:44+00:00","og_image":[{"width":800,"height":601,"url":"https:\/\/www.intersoccermadrid.com\/wp-content\/uploads\/2017\/12\/2017_conquista_granada_01.jpg","type":"image\/jpeg"}],"author":"Administrator","twitter_card":"summary_large_image","twitter_misc":{"Written by":"Administrator","Est. reading time":"5 minutes"},"schema":{"@context":"https:\/\/schema.org","@graph":[{"@type":"WebPage","@id":"https:\/\/www.intersoccermadrid.com\/en\/ila-ac-intersoccer-qconquista-granadaq-un-lugar-de-ensueno\/","url":"https:\/\/www.intersoccermadrid.com\/en\/ila-ac-intersoccer-qconquista-granadaq-un-lugar-de-ensueno\/","name":"\u00a1LA AC INTERSOCCER \"CONQUISTA GRANADA\", UN LUGAR DE ENSUE\u00d1O! &middot; International Soccer Academy of Madrid","isPartOf":{"@id":"https:\/\/www.intersoccermadrid.com\/en\/#website"},"datePublished":"2017-12-06T23:00:00+00:00","dateModified":"2018-07-09T08:18:44+00:00","author":{"@id":"https:\/\/www.intersoccermadrid.com\/en\/#\/schema\/person\/4843f782828393fd2fd34a6db5ce5d48"},"breadcrumb":{"@id":"https:\/\/www.intersoccermadrid.com\/en\/ila-ac-intersoccer-qconquista-granadaq-un-lugar-de-ensueno\/#breadcrumb"},"inLanguage":"en-US","potentialAction":[{"@type":"ReadAction","target":["https:\/\/www.intersoccermadrid.com\/en\/ila-ac-intersoccer-qconquista-granadaq-un-lugar-de-ensueno\/"]}]},{"@type":"BreadcrumbList","@id":"https:\/\/www.intersoccermadrid.com\/en\/ila-ac-intersoccer-qconquista-granadaq-un-lugar-de-ensueno\/#breadcrumb","itemListElement":[{"@type":"ListItem","position":1,"name":"Home","item":"https:\/\/www.intersoccermadrid.com\/en\/"},{"@type":"ListItem","position":2,"name":"\u00a1LA AC INTERSOCCER &#8220;CONQUISTA GRANADA&#8221;, UN LUGAR DE ENSUE\u00d1O!"}]},{"@type":"WebSite","@id":"https:\/\/www.intersoccermadrid.com\/en\/#website","url":"https:\/\/www.intersoccermadrid.com\/en\/","name":"International Soccer Academy of Madrid","description":"International Soccer Academy of Madrid","potentialAction":[{"@type":"SearchAction","target":{"@type":"EntryPoint","urlTemplate":"https:\/\/www.intersoccermadrid.com\/en\/?s={search_term_string}"},"query-input":"required name=search_term_string"}],"inLanguage":"en-US"},{"@type":"Person","@id":"https:\/\/www.intersoccermadrid.com\/en\/#\/schema\/person\/4843f782828393fd2fd34a6db5ce5d48","name":"Administrator","image":{"@type":"ImageObject","inLanguage":"en-US","@id":"https:\/\/www.intersoccermadrid.com\/en\/#\/schema\/person\/image\/","url":"https:\/\/secure.gravatar.com\/avatar\/85ec5305f9a568d3e58c20ee91decabf?s=96&d=mm&r=g","contentUrl":"https:\/\/secure.gravatar.com\/avatar\/85ec5305f9a568d3e58c20ee91decabf?s=96&d=mm&r=g","caption":"Administrator"},"url":"https:\/\/www.intersoccermadrid.com\/en\/author\/admin\/"}]}},"_links":{"self":[{"href":"https:\/\/www.intersoccermadrid.com\/en\/wp-json\/wp\/v2\/posts\/829"}],"collection":[{"href":"https:\/\/www.intersoccermadrid.com\/en\/wp-json\/wp\/v2\/posts"}],"about":[{"href":"https:\/\/www.intersoccermadrid.com\/en\/wp-json\/wp\/v2\/types\/post"}],"author":[{"embeddable":true,"href":"https:\/\/www.intersoccermadrid.com\/en\/wp-json\/wp\/v2\/users\/2"}],"replies":[{"embeddable":true,"href":"https:\/\/www.intersoccermadrid.com\/en\/wp-json\/wp\/v2\/comments?post=829"}],"version-history":[{"count":2,"href":"https:\/\/www.intersoccermadrid.com\/en\/wp-json\/wp\/v2\/posts\/829\/revisions"}],"predecessor-version":[{"id":8264,"href":"https:\/\/www.intersoccermadrid.com\/en\/wp-json\/wp\/v2\/posts\/829\/revisions\/8264"}],"wp:featuredmedia":[{"embeddable":true,"href":"https:\/\/www.intersoccermadrid.com\/en\/wp-json\/wp\/v2\/media\/7408"}],"wp:attachment":[{"href":"https:\/\/www.intersoccermadrid.com\/en\/wp-json\/wp\/v2\/media?parent=829"}],"wp:term":[{"taxonomy":"category","embeddable":true,"href":"https:\/\/www.intersoccermadrid.com\/en\/wp-json\/wp\/v2\/categories?post=829"},{"taxonomy":"post_tag","embeddable":true,"href":"https:\/\/www.intersoccermadrid.com\/en\/wp-json\/wp\/v2\/tags?post=829"}],"curies":[{"name":"wp","href":"https:\/\/api.w.org\/{rel}","templated":true}]}}