{"id":824,"date":"2017-11-28T00:00:00","date_gmt":"2017-11-27T23:00:00","guid":{"rendered":"https:\/\/www.intersoccermadrid.com\/sory-kaba-y-samba-en-dos-anos-de-alumnos-de-la-ac-intersoccer-al-wanda-metropolitano\/"},"modified":"2018-07-09T10:39:06","modified_gmt":"2018-07-09T08:39:06","slug":"sory-kaba-y-samba-en-dos-anos-de-alumnos-de-la-ac-intersoccer-al-wanda-metropolitano","status":"publish","type":"post","link":"https:\/\/www.intersoccermadrid.com\/en\/sory-kaba-y-samba-en-dos-anos-de-alumnos-de-la-ac-intersoccer-al-wanda-metropolitano\/","title":{"rendered":"SORY KABA Y SAMBA, EN DOS A\u00d1OS,  DE ALUMNOS DE LA A.C. INTERSOCCER AL WANDA METROPOLITANO.-"},"content":{"rendered":"<p>[et_pb_section bb_built=&#8221;1&#8243;][et_pb_row][et_pb_column type=&#8221;4_4&#8243;][et_pb_text]<\/p>\n<p>\u201dUna bonita historia&#8221;. S\u00ed, una bonita historia&#8230; dentro de las muchas que cada poco nos depara el f\u00fatbol; nuestra pasi\u00f3n, nuestro empe\u00f1o, nuestra lucha mantenida en los buenos y en los malos momentos. <!--more--> Que por cierto, estos se acumulan como los d\u00edas del calendario, sin respiro, sin interrupci\u00f3n. Pero los buenos momentos del f\u00fatbol, todo hay que decirlo, sin embargo, se constituyen en sensaciones maravillosas, por muy ef\u00edmeras que sean, y en recuerdos imborrables de la mente; ese otro f\u00fatbol memorial tan m\u00e1gico e incre\u00edble donde se acumulan seguramente los mejores recuerdos de nuestras vidas.<\/p>\n<p><!--<iframe loading=\"lazy\" width=\"320\" height=\"240\" src=\"\/\/www.youtube.com\/embed\/5QIQxATQka\" frameborder=\"0\"><\/iframe>--><\/p>\n<p>[\/et_pb_text][et_pb_gallery _builder_version=&#8221;3.9&#8243; gallery_ids=&#8221;7372,7373,7374,7375,7376,7377&#8243; fullwidth=&#8221;on&#8221; zoom_icon_color=&#8221;#2ea3f2&#8243; hover_overlay_color=&#8221;rgba(255,255,255,0.9)&#8221; \/][et_pb_text _builder_version=&#8221;3.9&#8243;]<\/p>\n<p>&#8220;Una bonita historia&#8221;. Sory Kaba, hace dos a\u00f1os por estas fechas, era jugador del Preferente senior de nuestro club patrocinador: el Alcobendas Levitt C.F.. Samba, por entonces, jugaba en Divisi\u00f3n de Honor pero, meses antes, lo hac\u00eda en nuestro equipo senior de la academia, en Primera Regional por aquellos tiempos.<\/p>\n<p>Sory Kaba tuvo con nosotros su primera ficha de futbolista: en &#8220;Tercera Regional&#8221;; s\u00ed, en Tercera Regional senior donde, en la temporada 2012\/2013, con diecis\u00e9is a\u00f1os, meti\u00f3 23 goles. Despu\u00e9s lleg\u00f3 un a\u00f1o muy dif\u00edcil por sus lesiones pero, al final de la siguiente temporada, tras un paso m\u00ednimo por el Juvenil B del Levitt, en 6 o 7 presencias en el primer equipo senior del club, con David Hern\u00e1ndez como entrenador, fue el jugador m\u00e1s destacado de aquellos \u00faltimos partidos que llevaron al equipo al anhelado ascenso a Tercera Nacional despu\u00e9s de 20 a\u00f1os sin presencia en ella. \u00bfQuien en el entorno verde del Levitt -la siempre Agrupaci\u00f3n- no recuerda sus tres espectaculares goles en el campo del Pardillo certificando pr\u00e1cticamente el ascenso?<\/p>\n<p>Despu\u00e9s llegar\u00eda su presencia en Tercera Divisi\u00f3n, su presencia despu\u00e9s de vuelta -desgraciadamente- en Preferente&#8230; y su fichaje no hace a\u00fan dos a\u00f1os por el Elche C.F.; despu\u00e9s que ojeadores de este club viesen su talento e impronta en una &#8220;gira stage&#8221; de nuestra academia por tierras levantinas disputando partidos amistosos en el puente de la Constituci\u00f3n de 2015. Desde su llegada al club Ilicitano su progresi\u00f3n ha sido espectacular. Algo que ha dado valor ya la selecci\u00f3n de su pa\u00eds: hace dos meses debut\u00f3 con la absoluta de Guinea Conackri. Algo que pudo comprobar toda Espa\u00f1a por televisi\u00f3n en el partido de ida de Copa del Rey disputado en el Martinez Valero hace un mes. Su talento y pelea volvieron locos en todo momento a las estrellas consagradas de todo un Atl\u00e9tico de Madrid.<\/p>\n<p>\u00bfY Samba? A sus 19 a\u00f1os es la dif\u00edcil facilidad del f\u00fatbol. El joven camerun\u00e9s es la m\u00e1s grata alegr\u00eda de toda la cantera Ilicitana. Perteneciente al filial de Tercera, sin embargo, sus presencias en las convocatorias del primer equipo se prodigan ya cada poco. Algo que tambi\u00e9n pudieron comprobar todos los telespectadores en el partido de ida. \u00a1Atenci\u00f3n a este chico! Su talento y clase en el medio campo llaman siempre la atenci\u00f3n. Como lo hac\u00eda ya con 17 a\u00f1os dominando la medular de nuestro equipo senior de la A.C. INTERSOCCER en Primera Regional. Captado tambi\u00e9n por ojeadores del Elche en junio de 2016, desde entonces, su progresi\u00f3n contin\u00faa imparable.<\/p>\n<p>Ma\u00f1ana ambos tambi\u00e9n estrenar\u00e1n el Wanda METROPOLITANO, uno de los m\u00e1s modernos templos mundiales del f\u00fatbol actual&#8230; \u00a1Qu\u00e9 maravilla!<\/p>\n<p>&#8220;Una bonita historia&#8221;. S\u00ed, a veces los sue\u00f1os se van cumpliendo pero, para ello, factores como talento, trabajo y m\u00e1s trabajo, perseverancia, respeto, confianza, superaci\u00f3n continuada, constancia en el aprendizaje, determinaci\u00f3n&#8230; son imprescindibles. Semanas y semanas de 6 y 7 sesiones de entrenamiento durante a\u00f1os, la inmensa lejan\u00eda de la familia, el desamparo de no poder tener ficha por ser extranjero, el aprendizaje del castellano y la asistencia diaria al colegio, la ilusi\u00f3n y juego al limite en los amistosos programados por la academia para paliar esa injusticia del f\u00fatbol, la entrega hasta el exceso cuando por fin la ficha permite competir, el paso por los quir\u00f3fanos cuando llegan las lesiones, etc, etc. En esa dura pasta se han forjado jugadores como Sory Kaba y Samba durante estos a\u00f1o en INTERSOCCER primero y en los clubes profesionales que han venido apostando por ellos, despu\u00e9s.<\/p>\n<p>Ma\u00f1ana en un d\u00eda tan bonito para ellos&#8230; todos quienes conformamos INTERSOCCER, repasando su bonita historia, seguiremos con mucho entusiasmo intentando ayudar en muchas otras que est\u00e1n por llegar. \u00a1Viva el f\u00fatbol!&#8230; el mejor lugar para perseguir los mejores sue\u00f1os de la vida.<\/p>\n<p>\u00a1Enhorabuena chicos!<\/p>\n<p>[\/et_pb_text][\/et_pb_column][\/et_pb_row][\/et_pb_section]<\/p>\n","protected":false},"excerpt":{"rendered":"<p><div class=\"et_pb_row et_pb_row_0 et_pb_row_empty\">\n\t\t\t\t\n\t\t\t\t\n\t\t\t\t\n\t\t\t\t\n\t\t\t\t\n\t\t\t<\/div><div class=\"et_pb_module et_pb_text et_pb_text_0  et_pb_text_align_left et_pb_bg_layout_light\">\n\t\t\t\t\n\t\t\t\t\n\t\t\t\t\n\t\t\t\t\n\t\t\t\t\n\t\t\t<\/div> \u201dUna bonita historia&#8221;. S\u00ed, una bonita historia&#8230; dentro de las muchas que cada poco nos depara el f\u00fatbol; nuestra pasi\u00f3n, nuestro empe\u00f1o, nuestra lucha mantenida en los buenos y en los malos momentos. Que por cierto, estos se acumulan como los d\u00edas del calendario, sin respiro, sin interrupci\u00f3n. Pero los buenos momentos del f\u00fatbol, [&hellip;]<\/p>\n","protected":false},"author":2,"featured_media":7372,"comment_status":"open","ping_status":"open","sticky":false,"template":"","format":"standard","meta":{"_et_pb_use_builder":"on","_et_pb_old_content":"<p>\u201dUna bonita historia\". S\u00ed, una bonita historia... dentro de las muchas que cada poco nos depara el f\u00fatbol; nuestra pasi\u00f3n, nuestro empe\u00f1o, nuestra lucha mantenida en los buenos y en los malos momentos. <!--more--> Que por cierto, estos se acumulan como los d\u00edas del calendario, sin respiro, sin interrupci\u00f3n. Pero los buenos momentos del f\u00fatbol, todo hay que decirlo, sin embargo, se constituyen en sensaciones maravillosas, por muy ef\u00edmeras que sean, y en recuerdos imborrables de la mente; ese otro f\u00fatbol memorial tan m\u00e1gico e incre\u00edble donde se acumulan seguramente los mejores recuerdos de nuestras vidas.<\/p><p><!--<iframe width=\"320\" height=\"240\" src=\"\/\/www.youtube.com\/embed\/5QIQxATQka\" frameborder=\"0\"><\/iframe>--><\/p>","_et_gb_content_width":""},"categories":[8],"tags":[],"yoast_head":"<!-- This site is optimized with the Yoast SEO plugin v20.9 - https:\/\/yoast.com\/wordpress\/plugins\/seo\/ -->\n<title>SORY KABA Y SAMBA, EN DOS A\u00d1OS, DE ALUMNOS DE LA A.C. INTERSOCCER AL WANDA METROPOLITANO.- &middot; International Soccer Academy of Madrid<\/title>\n<meta name=\"robots\" content=\"index, follow, max-snippet:-1, max-image-preview:large, max-video-preview:-1\" \/>\n<link rel=\"canonical\" href=\"https:\/\/www.intersoccermadrid.com\/en\/sory-kaba-y-samba-en-dos-anos-de-alumnos-de-la-ac-intersoccer-al-wanda-metropolitano\/\" \/>\n<meta property=\"og:locale\" content=\"en_US\" \/>\n<meta property=\"og:type\" content=\"article\" \/>\n<meta property=\"og:title\" content=\"SORY KABA Y SAMBA, EN DOS A\u00d1OS, DE ALUMNOS DE LA A.C. INTERSOCCER AL WANDA METROPOLITANO.- &middot; International Soccer Academy of Madrid\" \/>\n<meta property=\"og:description\" content=\"\u201dUna bonita historia&quot;. S\u00ed, una bonita historia... dentro de las muchas que cada poco nos depara el f\u00fatbol; nuestra pasi\u00f3n, nuestro empe\u00f1o, nuestra lucha mantenida en los buenos y en los malos momentos. Que por cierto, estos se acumulan como los d\u00edas del calendario, sin respiro, sin interrupci\u00f3n. Pero los buenos momentos del f\u00fatbol, [&hellip;]\" \/>\n<meta property=\"og:url\" content=\"https:\/\/www.intersoccermadrid.com\/en\/sory-kaba-y-samba-en-dos-anos-de-alumnos-de-la-ac-intersoccer-al-wanda-metropolitano\/\" \/>\n<meta property=\"og:site_name\" content=\"International Soccer Academy of Madrid\" \/>\n<meta property=\"article:published_time\" content=\"2017-11-27T23:00:00+00:00\" \/>\n<meta property=\"article:modified_time\" content=\"2018-07-09T08:39:06+00:00\" \/>\n<meta property=\"og:image\" content=\"https:\/\/www.intersoccermadrid.com\/wp-content\/uploads\/2017\/11\/2017_sory_samba_metropolitano_1.jpg\" \/>\n\t<meta property=\"og:image:width\" content=\"800\" \/>\n\t<meta property=\"og:image:height\" content=\"448\" \/>\n\t<meta property=\"og:image:type\" content=\"image\/jpeg\" \/>\n<meta name=\"author\" content=\"Administrator\" \/>\n<meta name=\"twitter:card\" content=\"summary_large_image\" \/>\n<meta name=\"twitter:label1\" content=\"Written by\" \/>\n\t<meta name=\"twitter:data1\" content=\"Administrator\" \/>\n\t<meta name=\"twitter:label2\" content=\"Est. reading time\" \/>\n\t<meta name=\"twitter:data2\" content=\"4 minutes\" \/>\n<script type=\"application\/ld+json\" class=\"yoast-schema-graph\">{\"@context\":\"https:\/\/schema.org\",\"@graph\":[{\"@type\":\"WebPage\",\"@id\":\"https:\/\/www.intersoccermadrid.com\/en\/sory-kaba-y-samba-en-dos-anos-de-alumnos-de-la-ac-intersoccer-al-wanda-metropolitano\/\",\"url\":\"https:\/\/www.intersoccermadrid.com\/en\/sory-kaba-y-samba-en-dos-anos-de-alumnos-de-la-ac-intersoccer-al-wanda-metropolitano\/\",\"name\":\"SORY KABA Y SAMBA, EN DOS A\u00d1OS, DE ALUMNOS DE LA A.C. INTERSOCCER AL WANDA METROPOLITANO.- &middot; International Soccer Academy of Madrid\",\"isPartOf\":{\"@id\":\"https:\/\/www.intersoccermadrid.com\/en\/#website\"},\"datePublished\":\"2017-11-27T23:00:00+00:00\",\"dateModified\":\"2018-07-09T08:39:06+00:00\",\"author\":{\"@id\":\"https:\/\/www.intersoccermadrid.com\/en\/#\/schema\/person\/4843f782828393fd2fd34a6db5ce5d48\"},\"breadcrumb\":{\"@id\":\"https:\/\/www.intersoccermadrid.com\/en\/sory-kaba-y-samba-en-dos-anos-de-alumnos-de-la-ac-intersoccer-al-wanda-metropolitano\/#breadcrumb\"},\"inLanguage\":\"en-US\",\"potentialAction\":[{\"@type\":\"ReadAction\",\"target\":[\"https:\/\/www.intersoccermadrid.com\/en\/sory-kaba-y-samba-en-dos-anos-de-alumnos-de-la-ac-intersoccer-al-wanda-metropolitano\/\"]}]},{\"@type\":\"BreadcrumbList\",\"@id\":\"https:\/\/www.intersoccermadrid.com\/en\/sory-kaba-y-samba-en-dos-anos-de-alumnos-de-la-ac-intersoccer-al-wanda-metropolitano\/#breadcrumb\",\"itemListElement\":[{\"@type\":\"ListItem\",\"position\":1,\"name\":\"Home\",\"item\":\"https:\/\/www.intersoccermadrid.com\/en\/\"},{\"@type\":\"ListItem\",\"position\":2,\"name\":\"SORY KABA Y SAMBA, EN DOS A\u00d1OS, DE ALUMNOS DE LA A.C. INTERSOCCER AL WANDA METROPOLITANO.-\"}]},{\"@type\":\"WebSite\",\"@id\":\"https:\/\/www.intersoccermadrid.com\/en\/#website\",\"url\":\"https:\/\/www.intersoccermadrid.com\/en\/\",\"name\":\"International Soccer Academy of Madrid\",\"description\":\"International Soccer Academy of Madrid\",\"potentialAction\":[{\"@type\":\"SearchAction\",\"target\":{\"@type\":\"EntryPoint\",\"urlTemplate\":\"https:\/\/www.intersoccermadrid.com\/en\/?s={search_term_string}\"},\"query-input\":\"required name=search_term_string\"}],\"inLanguage\":\"en-US\"},{\"@type\":\"Person\",\"@id\":\"https:\/\/www.intersoccermadrid.com\/en\/#\/schema\/person\/4843f782828393fd2fd34a6db5ce5d48\",\"name\":\"Administrator\",\"image\":{\"@type\":\"ImageObject\",\"inLanguage\":\"en-US\",\"@id\":\"https:\/\/www.intersoccermadrid.com\/en\/#\/schema\/person\/image\/\",\"url\":\"https:\/\/secure.gravatar.com\/avatar\/85ec5305f9a568d3e58c20ee91decabf?s=96&d=mm&r=g\",\"contentUrl\":\"https:\/\/secure.gravatar.com\/avatar\/85ec5305f9a568d3e58c20ee91decabf?s=96&d=mm&r=g\",\"caption\":\"Administrator\"},\"url\":\"https:\/\/www.intersoccermadrid.com\/en\/author\/admin\/\"}]}<\/script>\n<!-- \/ Yoast SEO plugin. -->","yoast_head_json":{"title":"SORY KABA Y SAMBA, EN DOS A\u00d1OS, DE ALUMNOS DE LA A.C. INTERSOCCER AL WANDA METROPOLITANO.- &middot; International Soccer Academy of Madrid","robots":{"index":"index","follow":"follow","max-snippet":"max-snippet:-1","max-image-preview":"max-image-preview:large","max-video-preview":"max-video-preview:-1"},"canonical":"https:\/\/www.intersoccermadrid.com\/en\/sory-kaba-y-samba-en-dos-anos-de-alumnos-de-la-ac-intersoccer-al-wanda-metropolitano\/","og_locale":"en_US","og_type":"article","og_title":"SORY KABA Y SAMBA, EN DOS A\u00d1OS, DE ALUMNOS DE LA A.C. INTERSOCCER AL WANDA METROPOLITANO.- &middot; International Soccer Academy of Madrid","og_description":"\u201dUna bonita historia\". S\u00ed, una bonita historia... dentro de las muchas que cada poco nos depara el f\u00fatbol; nuestra pasi\u00f3n, nuestro empe\u00f1o, nuestra lucha mantenida en los buenos y en los malos momentos. Que por cierto, estos se acumulan como los d\u00edas del calendario, sin respiro, sin interrupci\u00f3n. Pero los buenos momentos del f\u00fatbol, [&hellip;]","og_url":"https:\/\/www.intersoccermadrid.com\/en\/sory-kaba-y-samba-en-dos-anos-de-alumnos-de-la-ac-intersoccer-al-wanda-metropolitano\/","og_site_name":"International Soccer Academy of Madrid","article_published_time":"2017-11-27T23:00:00+00:00","article_modified_time":"2018-07-09T08:39:06+00:00","og_image":[{"width":800,"height":448,"url":"https:\/\/www.intersoccermadrid.com\/wp-content\/uploads\/2017\/11\/2017_sory_samba_metropolitano_1.jpg","type":"image\/jpeg"}],"author":"Administrator","twitter_card":"summary_large_image","twitter_misc":{"Written by":"Administrator","Est. reading time":"4 minutes"},"schema":{"@context":"https:\/\/schema.org","@graph":[{"@type":"WebPage","@id":"https:\/\/www.intersoccermadrid.com\/en\/sory-kaba-y-samba-en-dos-anos-de-alumnos-de-la-ac-intersoccer-al-wanda-metropolitano\/","url":"https:\/\/www.intersoccermadrid.com\/en\/sory-kaba-y-samba-en-dos-anos-de-alumnos-de-la-ac-intersoccer-al-wanda-metropolitano\/","name":"SORY KABA Y SAMBA, EN DOS A\u00d1OS, DE ALUMNOS DE LA A.C. INTERSOCCER AL WANDA METROPOLITANO.- &middot; International Soccer Academy of Madrid","isPartOf":{"@id":"https:\/\/www.intersoccermadrid.com\/en\/#website"},"datePublished":"2017-11-27T23:00:00+00:00","dateModified":"2018-07-09T08:39:06+00:00","author":{"@id":"https:\/\/www.intersoccermadrid.com\/en\/#\/schema\/person\/4843f782828393fd2fd34a6db5ce5d48"},"breadcrumb":{"@id":"https:\/\/www.intersoccermadrid.com\/en\/sory-kaba-y-samba-en-dos-anos-de-alumnos-de-la-ac-intersoccer-al-wanda-metropolitano\/#breadcrumb"},"inLanguage":"en-US","potentialAction":[{"@type":"ReadAction","target":["https:\/\/www.intersoccermadrid.com\/en\/sory-kaba-y-samba-en-dos-anos-de-alumnos-de-la-ac-intersoccer-al-wanda-metropolitano\/"]}]},{"@type":"BreadcrumbList","@id":"https:\/\/www.intersoccermadrid.com\/en\/sory-kaba-y-samba-en-dos-anos-de-alumnos-de-la-ac-intersoccer-al-wanda-metropolitano\/#breadcrumb","itemListElement":[{"@type":"ListItem","position":1,"name":"Home","item":"https:\/\/www.intersoccermadrid.com\/en\/"},{"@type":"ListItem","position":2,"name":"SORY KABA Y SAMBA, EN DOS A\u00d1OS, DE ALUMNOS DE LA A.C. INTERSOCCER AL WANDA METROPOLITANO.-"}]},{"@type":"WebSite","@id":"https:\/\/www.intersoccermadrid.com\/en\/#website","url":"https:\/\/www.intersoccermadrid.com\/en\/","name":"International Soccer Academy of Madrid","description":"International Soccer Academy of Madrid","potentialAction":[{"@type":"SearchAction","target":{"@type":"EntryPoint","urlTemplate":"https:\/\/www.intersoccermadrid.com\/en\/?s={search_term_string}"},"query-input":"required name=search_term_string"}],"inLanguage":"en-US"},{"@type":"Person","@id":"https:\/\/www.intersoccermadrid.com\/en\/#\/schema\/person\/4843f782828393fd2fd34a6db5ce5d48","name":"Administrator","image":{"@type":"ImageObject","inLanguage":"en-US","@id":"https:\/\/www.intersoccermadrid.com\/en\/#\/schema\/person\/image\/","url":"https:\/\/secure.gravatar.com\/avatar\/85ec5305f9a568d3e58c20ee91decabf?s=96&d=mm&r=g","contentUrl":"https:\/\/secure.gravatar.com\/avatar\/85ec5305f9a568d3e58c20ee91decabf?s=96&d=mm&r=g","caption":"Administrator"},"url":"https:\/\/www.intersoccermadrid.com\/en\/author\/admin\/"}]}},"_links":{"self":[{"href":"https:\/\/www.intersoccermadrid.com\/en\/wp-json\/wp\/v2\/posts\/824"}],"collection":[{"href":"https:\/\/www.intersoccermadrid.com\/en\/wp-json\/wp\/v2\/posts"}],"about":[{"href":"https:\/\/www.intersoccermadrid.com\/en\/wp-json\/wp\/v2\/types\/post"}],"author":[{"embeddable":true,"href":"https:\/\/www.intersoccermadrid.com\/en\/wp-json\/wp\/v2\/users\/2"}],"replies":[{"embeddable":true,"href":"https:\/\/www.intersoccermadrid.com\/en\/wp-json\/wp\/v2\/comments?post=824"}],"version-history":[{"count":2,"href":"https:\/\/www.intersoccermadrid.com\/en\/wp-json\/wp\/v2\/posts\/824\/revisions"}],"predecessor-version":[{"id":8273,"href":"https:\/\/www.intersoccermadrid.com\/en\/wp-json\/wp\/v2\/posts\/824\/revisions\/8273"}],"wp:featuredmedia":[{"embeddable":true,"href":"https:\/\/www.intersoccermadrid.com\/en\/wp-json\/wp\/v2\/media\/7372"}],"wp:attachment":[{"href":"https:\/\/www.intersoccermadrid.com\/en\/wp-json\/wp\/v2\/media?parent=824"}],"wp:term":[{"taxonomy":"category","embeddable":true,"href":"https:\/\/www.intersoccermadrid.com\/en\/wp-json\/wp\/v2\/categories?post=824"},{"taxonomy":"post_tag","embeddable":true,"href":"https:\/\/www.intersoccermadrid.com\/en\/wp-json\/wp\/v2\/tags?post=824"}],"curies":[{"name":"wp","href":"https:\/\/api.w.org\/{rel}","templated":true}]}}