{"id":822,"date":"2017-11-24T00:00:00","date_gmt":"2017-11-23T23:00:00","guid":{"rendered":"https:\/\/www.intersoccermadrid.com\/joaquin-barrios-qjoacoq-director-de-tecnificacion-de-la-ac-intersoccer-madrid-se-hace-cargo-del-primer-equipo-del-alcobendas-levitt-cf\/"},"modified":"2017-11-24T00:00:00","modified_gmt":"2017-11-23T23:00:00","slug":"joaquin-barrios-qjoacoq-director-de-tecnificacion-de-la-ac-intersoccer-madrid-se-hace-cargo-del-primer-equipo-del-alcobendas-levitt-cf","status":"publish","type":"post","link":"https:\/\/www.intersoccermadrid.com\/en\/joaquin-barrios-qjoacoq-director-de-tecnificacion-de-la-ac-intersoccer-madrid-se-hace-cargo-del-primer-equipo-del-alcobendas-levitt-cf\/","title":{"rendered":"Joaqu\u00edn Barrios &#8220;Joaco&#8221;, Director de Tecnificaci\u00f3n de la AC Intersoccer Madrid, se hace cargo del primer equipo del Alcobendas Levitt CF"},"content":{"rendered":"<p><img decoding=\"async\" loading=\"lazy\" class=\" alignleft size-full wp-image-7366\" src=\"https:\/\/www.intersoccermadrid.com\/wp-content\/uploads\/2017\/11\/2017_joaco_primer_equipo_01.jpg\" border=\"0\" alt=\"Joaqu\u00edn Barrios 'Joaco', Director de Tecnificaci\u00f3n de la AC Intersoccer Madrid, se hace cargo del primer equipo del Alcobendas Levitt CF\" title=\"Joaqu\u00edn Barrios 'Joaco', Director de Tecnificaci\u00f3n de la AC Intersoccer Madrid, se hace cargo del primer equipo del Alcobendas Levitt CF\" align=\"left\" width=\"800\" height=\"525\" srcset=\"https:\/\/www.intersoccermadrid.com\/wp-content\/uploads\/2017\/11\/2017_joaco_primer_equipo_01.jpg 800w, https:\/\/www.intersoccermadrid.com\/wp-content\/uploads\/2017\/11\/2017_joaco_primer_equipo_01-300x197.jpg 300w, https:\/\/www.intersoccermadrid.com\/wp-content\/uploads\/2017\/11\/2017_joaco_primer_equipo_01-768x504.jpg 768w\" sizes=\"(max-width: 800px) 100vw, 800px\" \/><\/p>\n<p>En el f\u00fatbol como en la vida las malas y las buenas noticias se alternan, se suceden&#8230; y te disgustan, te estremecen o te alegran. <!--more-->  Pues bien, el domingo pasado, la dimisi\u00f3n de Jos\u00e9 Manuel Jimeno supuso una muy mala noticia para todos quienes conformamos la A.C. INTERSOCCER Madrid, y un disgusto subsiguiente. Jos\u00e9 Manuel Jimeno fue y es en nuestro sentimiento &#8220;un hombre de la casa&#8221;, no en vano durante mucho tiempo fue director de tecnificaci\u00f3n de Intersoccer&#8230; un dato que acrecienta para todos su admiraci\u00f3n por \u00e9l; el contacto personal en nuestra academia ratific\u00f3, con creces, el respeto que ya le ten\u00edamos por su espectacular trayectoria como entrenador. Por lo tanto, y por tantas cosas, el domingo nos estremeci\u00f3 su marcha&#8230; a\u00fan sabedores de que pronto, en otro banquillo, volver\u00e1 a demostrar su alta val\u00eda, sus conocimientos de gran entrenador y, sobre todo, su hombr\u00eda de bien.<\/p>\n<p>Como en la vida, sin embargo, la mala nos depar\u00f3 enseguida una buena noticia: Joaqu\u00edn BARRIOS &#8220;Joaco&#8221;, nuestro actual director de tecnificaci\u00f3n, por decisi\u00f3n de los rectores del Alcobendas Levitt, se hizo cargo el pasado martes del primer equipo senior de nuestro club patrocinador. Noticia que alegra a toda la organizaci\u00f3n Intersoccer Madrid, pero que en absoluto sorprende a nadie. Joaco apunta unas maneras extraordinarias para llegar a ser tambi\u00e9n un gran entrenador. No en vano, en su regreso al club, Jimeno ya le eligi\u00f3 como segundo entrenador en su cuerpo t\u00e9cnico. Actualmente ya lo es para todos nosotros si para coincidir en esa conclusi\u00f3n se tuviesen en cuenta sus conocimientos, su pasi\u00f3n, su capacidad de trabajo y la manera de llegar siempre hasta sus alumnos y jugadores. Factores necesarios e imprescindibles para que despu\u00e9s puedan llegar los buenos resultados y los \u00e9xitos pretendidos. Algo que no tenemos duda alguna de que llegar\u00e1n. <\/p>\n<p>Gran noticia y fant\u00e1stica satisfacci\u00f3n en la Academia Intersoccer. Como lo es tambi\u00e9n el que en su debut como primer entrenador tendr\u00e1 bajo su direcci\u00f3n a varios antiguos y actuales alumnos de INTERSOCCER, todos ellos pupilos suyos. No son otros que: Kang, Oscar y Kevin Castro, Alex Alonso, Rodri y el \u00faltimo en incorporarse al grupo, el paraguayo Arturo; perteneciente a la plantilla del Sub\/20 de la academia y quien, despu\u00e9s de trabajar durante dos meses en la matinal de Alalpardo, ya debut\u00f3 el pasado domingo con la verde del Levitt y quien nos consta y sabemos que despierta muy buenas sensaciones en el nuevo y flamante m\u00edster.<\/p>\n<p>Joaco se retir\u00f3 de jugador a los 34 a\u00f1os la pasada temporada vistiendo la camiseta del club que ahora le brinda su primera gran oportunidad como entrenador: el Alcobendas Levitt. Anteriormente fue durante muchos a\u00f1os un jugador emblem\u00e1tico en Tercera y en Segunda B del M\u00e9rida, su lugar de nacimiento y coraz\u00f3n, adem\u00e1s de jugar en alg\u00fan otro equipo de dichas categor\u00edas en Extremadura e incluso en Madrid.<\/p>\n<p>\u00a1Felicidades Joaco&#8230; y mucha suerte!<\/p>\n<p>En Intersoccer Madrid nos sentimos orgullosos de ti y de la confianza depositada por el Levitt en su club filial.<\/p>\n<p><img decoding=\"async\" loading=\"lazy\" class=\" alignleft size-full wp-image-7367\" src=\"https:\/\/www.intersoccermadrid.com\/wp-content\/uploads\/2017\/11\/2017_joaco_primer_equipo_02.jpg\" border=\"0\" alt=\"Joaqu\u00edn Barrios 'Joaco', Director de Tecnificaci\u00f3n de la AC Intersoccer Madrid, se hace cargo del primer equipo del Alcobendas Levitt CF\" title=\"Joaqu\u00edn Barrios 'Joaco', Director de Tecnificaci\u00f3n de la AC Intersoccer Madrid, se hace cargo del primer equipo del Alcobendas Levitt CF\" align=\"left\" width=\"800\" height=\"450\" srcset=\"https:\/\/www.intersoccermadrid.com\/wp-content\/uploads\/2017\/11\/2017_joaco_primer_equipo_02.jpg 800w, https:\/\/www.intersoccermadrid.com\/wp-content\/uploads\/2017\/11\/2017_joaco_primer_equipo_02-300x169.jpg 300w, https:\/\/www.intersoccermadrid.com\/wp-content\/uploads\/2017\/11\/2017_joaco_primer_equipo_02-768x432.jpg 768w\" sizes=\"(max-width: 800px) 100vw, 800px\" \/><\/p>\n<p>  <!--<iframe loading=\"lazy\" width=\"320\" height=\"240\" src=\"\/\/www.youtube.com\/embed\/5QIQxATQka\" frameborder=\"0\"><\/iframe>--><\/p>\n","protected":false},"excerpt":{"rendered":"<p>En el f\u00fatbol como en la vida las malas y las buenas noticias se alternan, se suceden&#8230; y te disgustan, te estremecen o te alegran.<\/p>\n","protected":false},"author":2,"featured_media":7366,"comment_status":"open","ping_status":"open","sticky":false,"template":"","format":"standard","meta":{"_et_pb_use_builder":"","_et_pb_old_content":"","_et_gb_content_width":""},"categories":[8],"tags":[],"yoast_head":"<!-- This site is optimized with the Yoast SEO plugin v20.9 - https:\/\/yoast.com\/wordpress\/plugins\/seo\/ -->\n<title>Joaqu\u00edn Barrios &quot;Joaco&quot;, Director de Tecnificaci\u00f3n de la AC Intersoccer Madrid, se hace cargo del primer equipo del Alcobendas Levitt CF &middot; International Soccer Academy of Madrid<\/title>\n<meta name=\"robots\" content=\"index, follow, max-snippet:-1, max-image-preview:large, max-video-preview:-1\" \/>\n<link rel=\"canonical\" href=\"https:\/\/www.intersoccermadrid.com\/en\/joaquin-barrios-qjoacoq-director-de-tecnificacion-de-la-ac-intersoccer-madrid-se-hace-cargo-del-primer-equipo-del-alcobendas-levitt-cf\/\" \/>\n<meta property=\"og:locale\" content=\"en_US\" \/>\n<meta property=\"og:type\" content=\"article\" \/>\n<meta property=\"og:title\" content=\"Joaqu\u00edn Barrios &quot;Joaco&quot;, Director de Tecnificaci\u00f3n de la AC Intersoccer Madrid, se hace cargo del primer equipo del Alcobendas Levitt CF &middot; International Soccer Academy of Madrid\" \/>\n<meta property=\"og:description\" content=\"En el f\u00fatbol como en la vida las malas y las buenas noticias se alternan, se suceden&#8230; y te disgustan, te estremecen o te alegran.\" \/>\n<meta property=\"og:url\" content=\"https:\/\/www.intersoccermadrid.com\/en\/joaquin-barrios-qjoacoq-director-de-tecnificacion-de-la-ac-intersoccer-madrid-se-hace-cargo-del-primer-equipo-del-alcobendas-levitt-cf\/\" \/>\n<meta property=\"og:site_name\" content=\"International Soccer Academy of Madrid\" \/>\n<meta property=\"article:published_time\" content=\"2017-11-23T23:00:00+00:00\" \/>\n<meta property=\"og:image\" content=\"https:\/\/www.intersoccermadrid.com\/wp-content\/uploads\/2017\/11\/2017_joaco_primer_equipo_01.jpg\" \/>\n\t<meta property=\"og:image:width\" content=\"800\" \/>\n\t<meta property=\"og:image:height\" content=\"525\" \/>\n\t<meta property=\"og:image:type\" content=\"image\/jpeg\" \/>\n<meta name=\"author\" content=\"Administrator\" \/>\n<meta name=\"twitter:card\" content=\"summary_large_image\" \/>\n<meta name=\"twitter:label1\" content=\"Written by\" \/>\n\t<meta name=\"twitter:data1\" content=\"Administrator\" \/>\n\t<meta name=\"twitter:label2\" content=\"Est. reading time\" \/>\n\t<meta name=\"twitter:data2\" content=\"3 minutes\" \/>\n<script type=\"application\/ld+json\" class=\"yoast-schema-graph\">{\"@context\":\"https:\/\/schema.org\",\"@graph\":[{\"@type\":\"WebPage\",\"@id\":\"https:\/\/www.intersoccermadrid.com\/en\/joaquin-barrios-qjoacoq-director-de-tecnificacion-de-la-ac-intersoccer-madrid-se-hace-cargo-del-primer-equipo-del-alcobendas-levitt-cf\/\",\"url\":\"https:\/\/www.intersoccermadrid.com\/en\/joaquin-barrios-qjoacoq-director-de-tecnificacion-de-la-ac-intersoccer-madrid-se-hace-cargo-del-primer-equipo-del-alcobendas-levitt-cf\/\",\"name\":\"Joaqu\u00edn Barrios \\\"Joaco\\\", Director de Tecnificaci\u00f3n de la AC Intersoccer Madrid, se hace cargo del primer equipo del Alcobendas Levitt CF &middot; International Soccer Academy of Madrid\",\"isPartOf\":{\"@id\":\"https:\/\/www.intersoccermadrid.com\/en\/#website\"},\"datePublished\":\"2017-11-23T23:00:00+00:00\",\"dateModified\":\"2017-11-23T23:00:00+00:00\",\"author\":{\"@id\":\"https:\/\/www.intersoccermadrid.com\/en\/#\/schema\/person\/4843f782828393fd2fd34a6db5ce5d48\"},\"breadcrumb\":{\"@id\":\"https:\/\/www.intersoccermadrid.com\/en\/joaquin-barrios-qjoacoq-director-de-tecnificacion-de-la-ac-intersoccer-madrid-se-hace-cargo-del-primer-equipo-del-alcobendas-levitt-cf\/#breadcrumb\"},\"inLanguage\":\"en-US\",\"potentialAction\":[{\"@type\":\"ReadAction\",\"target\":[\"https:\/\/www.intersoccermadrid.com\/en\/joaquin-barrios-qjoacoq-director-de-tecnificacion-de-la-ac-intersoccer-madrid-se-hace-cargo-del-primer-equipo-del-alcobendas-levitt-cf\/\"]}]},{\"@type\":\"BreadcrumbList\",\"@id\":\"https:\/\/www.intersoccermadrid.com\/en\/joaquin-barrios-qjoacoq-director-de-tecnificacion-de-la-ac-intersoccer-madrid-se-hace-cargo-del-primer-equipo-del-alcobendas-levitt-cf\/#breadcrumb\",\"itemListElement\":[{\"@type\":\"ListItem\",\"position\":1,\"name\":\"Home\",\"item\":\"https:\/\/www.intersoccermadrid.com\/en\/\"},{\"@type\":\"ListItem\",\"position\":2,\"name\":\"Joaqu\u00edn Barrios &#8220;Joaco&#8221;, Director de Tecnificaci\u00f3n de la AC Intersoccer Madrid, se hace cargo del primer equipo del Alcobendas Levitt CF\"}]},{\"@type\":\"WebSite\",\"@id\":\"https:\/\/www.intersoccermadrid.com\/en\/#website\",\"url\":\"https:\/\/www.intersoccermadrid.com\/en\/\",\"name\":\"International Soccer Academy of Madrid\",\"description\":\"International Soccer Academy of Madrid\",\"potentialAction\":[{\"@type\":\"SearchAction\",\"target\":{\"@type\":\"EntryPoint\",\"urlTemplate\":\"https:\/\/www.intersoccermadrid.com\/en\/?s={search_term_string}\"},\"query-input\":\"required name=search_term_string\"}],\"inLanguage\":\"en-US\"},{\"@type\":\"Person\",\"@id\":\"https:\/\/www.intersoccermadrid.com\/en\/#\/schema\/person\/4843f782828393fd2fd34a6db5ce5d48\",\"name\":\"Administrator\",\"image\":{\"@type\":\"ImageObject\",\"inLanguage\":\"en-US\",\"@id\":\"https:\/\/www.intersoccermadrid.com\/en\/#\/schema\/person\/image\/\",\"url\":\"https:\/\/secure.gravatar.com\/avatar\/85ec5305f9a568d3e58c20ee91decabf?s=96&d=mm&r=g\",\"contentUrl\":\"https:\/\/secure.gravatar.com\/avatar\/85ec5305f9a568d3e58c20ee91decabf?s=96&d=mm&r=g\",\"caption\":\"Administrator\"},\"url\":\"https:\/\/www.intersoccermadrid.com\/en\/author\/admin\/\"}]}<\/script>\n<!-- \/ Yoast SEO plugin. -->","yoast_head_json":{"title":"Joaqu\u00edn Barrios \"Joaco\", Director de Tecnificaci\u00f3n de la AC Intersoccer Madrid, se hace cargo del primer equipo del Alcobendas Levitt CF &middot; International Soccer Academy of Madrid","robots":{"index":"index","follow":"follow","max-snippet":"max-snippet:-1","max-image-preview":"max-image-preview:large","max-video-preview":"max-video-preview:-1"},"canonical":"https:\/\/www.intersoccermadrid.com\/en\/joaquin-barrios-qjoacoq-director-de-tecnificacion-de-la-ac-intersoccer-madrid-se-hace-cargo-del-primer-equipo-del-alcobendas-levitt-cf\/","og_locale":"en_US","og_type":"article","og_title":"Joaqu\u00edn Barrios \"Joaco\", Director de Tecnificaci\u00f3n de la AC Intersoccer Madrid, se hace cargo del primer equipo del Alcobendas Levitt CF &middot; International Soccer Academy of Madrid","og_description":"En el f\u00fatbol como en la vida las malas y las buenas noticias se alternan, se suceden&#8230; y te disgustan, te estremecen o te alegran.","og_url":"https:\/\/www.intersoccermadrid.com\/en\/joaquin-barrios-qjoacoq-director-de-tecnificacion-de-la-ac-intersoccer-madrid-se-hace-cargo-del-primer-equipo-del-alcobendas-levitt-cf\/","og_site_name":"International Soccer Academy of Madrid","article_published_time":"2017-11-23T23:00:00+00:00","og_image":[{"width":800,"height":525,"url":"https:\/\/www.intersoccermadrid.com\/wp-content\/uploads\/2017\/11\/2017_joaco_primer_equipo_01.jpg","type":"image\/jpeg"}],"author":"Administrator","twitter_card":"summary_large_image","twitter_misc":{"Written by":"Administrator","Est. reading time":"3 minutes"},"schema":{"@context":"https:\/\/schema.org","@graph":[{"@type":"WebPage","@id":"https:\/\/www.intersoccermadrid.com\/en\/joaquin-barrios-qjoacoq-director-de-tecnificacion-de-la-ac-intersoccer-madrid-se-hace-cargo-del-primer-equipo-del-alcobendas-levitt-cf\/","url":"https:\/\/www.intersoccermadrid.com\/en\/joaquin-barrios-qjoacoq-director-de-tecnificacion-de-la-ac-intersoccer-madrid-se-hace-cargo-del-primer-equipo-del-alcobendas-levitt-cf\/","name":"Joaqu\u00edn Barrios \"Joaco\", Director de Tecnificaci\u00f3n de la AC Intersoccer Madrid, se hace cargo del primer equipo del Alcobendas Levitt CF &middot; International Soccer Academy of Madrid","isPartOf":{"@id":"https:\/\/www.intersoccermadrid.com\/en\/#website"},"datePublished":"2017-11-23T23:00:00+00:00","dateModified":"2017-11-23T23:00:00+00:00","author":{"@id":"https:\/\/www.intersoccermadrid.com\/en\/#\/schema\/person\/4843f782828393fd2fd34a6db5ce5d48"},"breadcrumb":{"@id":"https:\/\/www.intersoccermadrid.com\/en\/joaquin-barrios-qjoacoq-director-de-tecnificacion-de-la-ac-intersoccer-madrid-se-hace-cargo-del-primer-equipo-del-alcobendas-levitt-cf\/#breadcrumb"},"inLanguage":"en-US","potentialAction":[{"@type":"ReadAction","target":["https:\/\/www.intersoccermadrid.com\/en\/joaquin-barrios-qjoacoq-director-de-tecnificacion-de-la-ac-intersoccer-madrid-se-hace-cargo-del-primer-equipo-del-alcobendas-levitt-cf\/"]}]},{"@type":"BreadcrumbList","@id":"https:\/\/www.intersoccermadrid.com\/en\/joaquin-barrios-qjoacoq-director-de-tecnificacion-de-la-ac-intersoccer-madrid-se-hace-cargo-del-primer-equipo-del-alcobendas-levitt-cf\/#breadcrumb","itemListElement":[{"@type":"ListItem","position":1,"name":"Home","item":"https:\/\/www.intersoccermadrid.com\/en\/"},{"@type":"ListItem","position":2,"name":"Joaqu\u00edn Barrios &#8220;Joaco&#8221;, Director de Tecnificaci\u00f3n de la AC Intersoccer Madrid, se hace cargo del primer equipo del Alcobendas Levitt CF"}]},{"@type":"WebSite","@id":"https:\/\/www.intersoccermadrid.com\/en\/#website","url":"https:\/\/www.intersoccermadrid.com\/en\/","name":"International Soccer Academy of Madrid","description":"International Soccer Academy of Madrid","potentialAction":[{"@type":"SearchAction","target":{"@type":"EntryPoint","urlTemplate":"https:\/\/www.intersoccermadrid.com\/en\/?s={search_term_string}"},"query-input":"required name=search_term_string"}],"inLanguage":"en-US"},{"@type":"Person","@id":"https:\/\/www.intersoccermadrid.com\/en\/#\/schema\/person\/4843f782828393fd2fd34a6db5ce5d48","name":"Administrator","image":{"@type":"ImageObject","inLanguage":"en-US","@id":"https:\/\/www.intersoccermadrid.com\/en\/#\/schema\/person\/image\/","url":"https:\/\/secure.gravatar.com\/avatar\/85ec5305f9a568d3e58c20ee91decabf?s=96&d=mm&r=g","contentUrl":"https:\/\/secure.gravatar.com\/avatar\/85ec5305f9a568d3e58c20ee91decabf?s=96&d=mm&r=g","caption":"Administrator"},"url":"https:\/\/www.intersoccermadrid.com\/en\/author\/admin\/"}]}},"_links":{"self":[{"href":"https:\/\/www.intersoccermadrid.com\/en\/wp-json\/wp\/v2\/posts\/822"}],"collection":[{"href":"https:\/\/www.intersoccermadrid.com\/en\/wp-json\/wp\/v2\/posts"}],"about":[{"href":"https:\/\/www.intersoccermadrid.com\/en\/wp-json\/wp\/v2\/types\/post"}],"author":[{"embeddable":true,"href":"https:\/\/www.intersoccermadrid.com\/en\/wp-json\/wp\/v2\/users\/2"}],"replies":[{"embeddable":true,"href":"https:\/\/www.intersoccermadrid.com\/en\/wp-json\/wp\/v2\/comments?post=822"}],"version-history":[{"count":0,"href":"https:\/\/www.intersoccermadrid.com\/en\/wp-json\/wp\/v2\/posts\/822\/revisions"}],"wp:featuredmedia":[{"embeddable":true,"href":"https:\/\/www.intersoccermadrid.com\/en\/wp-json\/wp\/v2\/media\/7366"}],"wp:attachment":[{"href":"https:\/\/www.intersoccermadrid.com\/en\/wp-json\/wp\/v2\/media?parent=822"}],"wp:term":[{"taxonomy":"category","embeddable":true,"href":"https:\/\/www.intersoccermadrid.com\/en\/wp-json\/wp\/v2\/categories?post=822"},{"taxonomy":"post_tag","embeddable":true,"href":"https:\/\/www.intersoccermadrid.com\/en\/wp-json\/wp\/v2\/tags?post=822"}],"curies":[{"name":"wp","href":"https:\/\/api.w.org\/{rel}","templated":true}]}}