{"id":817,"date":"2017-11-13T00:00:00","date_gmt":"2017-11-12T23:00:00","guid":{"rendered":"https:\/\/www.intersoccermadrid.com\/kevin-castro-otro-qtalento-intersoccerq-que-debuta-como-titular-con-el-primer-equipo-del-alcobendas-levitt\/"},"modified":"2017-11-13T00:00:00","modified_gmt":"2017-11-12T23:00:00","slug":"kevin-castro-otro-qtalento-intersoccerq-que-debuta-como-titular-con-el-primer-equipo-del-alcobendas-levitt","status":"publish","type":"post","link":"https:\/\/www.intersoccermadrid.com\/en\/kevin-castro-otro-qtalento-intersoccerq-que-debuta-como-titular-con-el-primer-equipo-del-alcobendas-levitt\/","title":{"rendered":"KEVIN CASTRO, OTRO &#8220;TALENTO INTERSOCCER&#8221; QUE DEBUTA COMO TITULAR CON EL PRIMER EQUIPO DEL ALCOBENDAS LEVITT.-"},"content":{"rendered":"<p><img decoding=\"async\" loading=\"lazy\" class=\" alignleft size-full wp-image-7301\" src=\"https:\/\/www.intersoccermadrid.com\/wp-content\/uploads\/2017\/11\/2017_kevin_primer_equipo_01.jpg\" border=\"0\" alt=\"KEVIN CASTRO, OTRO 'TALENTO INTERSOCCER' QUE DEBUTA COMO TITULAR CON EL PRIMER EQUIPO DEL ALCOBENDAS LEVITT.-\" title=\"KEVIN CASTRO, OTRO 'TALENTO INTERSOCCER' QUE DEBUTA COMO TITULAR CON EL PRIMER EQUIPO DEL ALCOBENDAS LEVITT.-\" align=\"left\" width=\"800\" height=\"588\" srcset=\"https:\/\/www.intersoccermadrid.com\/wp-content\/uploads\/2017\/11\/2017_kevin_primer_equipo_01.jpg 800w, https:\/\/www.intersoccermadrid.com\/wp-content\/uploads\/2017\/11\/2017_kevin_primer_equipo_01-300x221.jpg 300w, https:\/\/www.intersoccermadrid.com\/wp-content\/uploads\/2017\/11\/2017_kevin_primer_equipo_01-768x564.jpg 768w\" sizes=\"(max-width: 800px) 100vw, 800px\" \/><\/p>\n<p>Kevin Castro, en su primer a\u00f1o senior, forma parte de la plantilla del primer equipo senior del Alcobendas Levitt CF <!--more--> , club patrocinador de la A.C. INTERSOCCER Madrid, organizaci\u00f3n deportiva hasta donde lleg\u00f3 Kevin en enero de 2015 junto a su hermano Oscar -un a\u00f1o mayor que \u00e9l y componente tambi\u00e9n del primer equipo verde-. <\/p>\n<p>Pues bien, despu\u00e9s de un dif\u00edcil inicio de temporada donde ha sumado varias peque\u00f1as e inoportunas lesiones, por fin el pasado domingo d\u00eda 5 Kevin pudo debutar como titular en el partido disputado por el Levitt a domicilio frente a la AD Torrej\u00f3n, actual segundo clasificado de la competici\u00f3n. Partido que termin\u00f3 2\/2 -un gran punto para el equipo verde- y en el que Kevin tuvo una destacada actuaci\u00f3n.<\/p>\n<p>Recordar que Kevin, jugando desde hace dos temporadas en el juvenil nacional del Levitt, durante la temporada pasada fue un jugador determinante e important\u00edsimo en el ascenso del equipo a la Divisi\u00f3n de Honor Nacional; adem\u00e1s de ser el m\u00e1ximo goleador del mismo. Igualmente, en la A.C. INTERSOCCER, ha sido uno de los alumnos m\u00e1s destacados de los \u00faltimos a\u00f1os. Su estilismo, capacidad t\u00e9cnica y olfato goleador siempre se han dejado notar en la &#8220;Liga Open de Talentos Intersoccer&#8221;. A\u00fan tenemos todos recientes entre los mejores recuerdos los momentos vividos en el viaje a Italia de la academia durante el pasado mes de abril en el que Kevin ejerci\u00f3 de capit\u00e1n en el partido disputado frente al Calcio Novara de Primavera en las instalaciones de &#8220;Novarello&#8221;.<\/p>\n<p>Estamos muy seguros de que pronto veremos a Kevin en plenitud destacar en su actual equipo; en cuanto trabaje con la confianza e intensidad competitiva necesaria para marcar diferencias en el rect\u00e1ngulo de juego. <\/p>\n<p>\u00a1Enhorabuena Kevin!<\/p>\n<p>\u00a1Ojal\u00e1 sigas la estela de otros alumnos de INTERSOCCER que, como primer paso muy importante de su carrera, debutaron en el primer equipo del Alcobendas Levitt!<\/p>\n<p><img decoding=\"async\" loading=\"lazy\" class=\" alignleft size-full wp-image-7302\" src=\"https:\/\/www.intersoccermadrid.com\/wp-content\/uploads\/2017\/11\/2017_kevin_primer_equipo_02.jpg\" border=\"0\" alt=\"KEVIN CASTRO, OTRO 'TALENTO INTERSOCCER' QUE DEBUTA COMO TITULAR CON EL PRIMER EQUIPO DEL ALCOBENDAS LEVITT.-\" title=\"KEVIN CASTRO, OTRO 'TALENTO INTERSOCCER' QUE DEBUTA COMO TITULAR CON EL PRIMER EQUIPO DEL ALCOBENDAS LEVITT.-\" align=\"left\" width=\"800\" height=\"444\" srcset=\"https:\/\/www.intersoccermadrid.com\/wp-content\/uploads\/2017\/11\/2017_kevin_primer_equipo_02.jpg 800w, https:\/\/www.intersoccermadrid.com\/wp-content\/uploads\/2017\/11\/2017_kevin_primer_equipo_02-300x167.jpg 300w, https:\/\/www.intersoccermadrid.com\/wp-content\/uploads\/2017\/11\/2017_kevin_primer_equipo_02-768x426.jpg 768w\" sizes=\"(max-width: 800px) 100vw, 800px\" \/><\/p>\n<p>     <!--<iframe loading=\"lazy\" width=\"320\" height=\"240\" src=\"\/\/www.youtube.com\/embed\/5QIQxATQka\" frameborder=\"0\"><\/iframe>--><\/p>\n","protected":false},"excerpt":{"rendered":"<p>Kevin Castro, en su primer a\u00f1o senior, forma parte de la plantilla del primer equipo senior del Alcobendas Levitt CF<\/p>\n","protected":false},"author":2,"featured_media":7301,"comment_status":"open","ping_status":"open","sticky":false,"template":"","format":"standard","meta":{"_et_pb_use_builder":"","_et_pb_old_content":"","_et_gb_content_width":""},"categories":[8],"tags":[],"yoast_head":"<!-- This site is optimized with the Yoast SEO plugin v20.9 - https:\/\/yoast.com\/wordpress\/plugins\/seo\/ -->\n<title>KEVIN CASTRO, OTRO &quot;TALENTO INTERSOCCER&quot; QUE DEBUTA COMO TITULAR CON EL PRIMER EQUIPO DEL ALCOBENDAS LEVITT.- &middot; International Soccer Academy of Madrid<\/title>\n<meta name=\"robots\" content=\"index, follow, max-snippet:-1, max-image-preview:large, max-video-preview:-1\" \/>\n<link rel=\"canonical\" href=\"https:\/\/www.intersoccermadrid.com\/en\/kevin-castro-otro-qtalento-intersoccerq-que-debuta-como-titular-con-el-primer-equipo-del-alcobendas-levitt\/\" \/>\n<meta property=\"og:locale\" content=\"en_US\" \/>\n<meta property=\"og:type\" content=\"article\" \/>\n<meta property=\"og:title\" content=\"KEVIN CASTRO, OTRO &quot;TALENTO INTERSOCCER&quot; QUE DEBUTA COMO TITULAR CON EL PRIMER EQUIPO DEL ALCOBENDAS LEVITT.- &middot; International Soccer Academy of Madrid\" \/>\n<meta property=\"og:description\" content=\"Kevin Castro, en su primer a\u00f1o senior, forma parte de la plantilla del primer equipo senior del Alcobendas Levitt CF\" \/>\n<meta property=\"og:url\" content=\"https:\/\/www.intersoccermadrid.com\/en\/kevin-castro-otro-qtalento-intersoccerq-que-debuta-como-titular-con-el-primer-equipo-del-alcobendas-levitt\/\" \/>\n<meta property=\"og:site_name\" content=\"International Soccer Academy of Madrid\" \/>\n<meta property=\"article:published_time\" content=\"2017-11-12T23:00:00+00:00\" \/>\n<meta property=\"og:image\" content=\"https:\/\/www.intersoccermadrid.com\/wp-content\/uploads\/2017\/11\/2017_kevin_primer_equipo_01.jpg\" \/>\n\t<meta property=\"og:image:width\" content=\"800\" \/>\n\t<meta property=\"og:image:height\" content=\"588\" \/>\n\t<meta property=\"og:image:type\" content=\"image\/jpeg\" \/>\n<meta name=\"author\" content=\"Administrator\" \/>\n<meta name=\"twitter:card\" content=\"summary_large_image\" \/>\n<meta name=\"twitter:label1\" content=\"Written by\" \/>\n\t<meta name=\"twitter:data1\" content=\"Administrator\" \/>\n\t<meta name=\"twitter:label2\" content=\"Est. reading time\" \/>\n\t<meta name=\"twitter:data2\" content=\"2 minutes\" \/>\n<script type=\"application\/ld+json\" class=\"yoast-schema-graph\">{\"@context\":\"https:\/\/schema.org\",\"@graph\":[{\"@type\":\"WebPage\",\"@id\":\"https:\/\/www.intersoccermadrid.com\/en\/kevin-castro-otro-qtalento-intersoccerq-que-debuta-como-titular-con-el-primer-equipo-del-alcobendas-levitt\/\",\"url\":\"https:\/\/www.intersoccermadrid.com\/en\/kevin-castro-otro-qtalento-intersoccerq-que-debuta-como-titular-con-el-primer-equipo-del-alcobendas-levitt\/\",\"name\":\"KEVIN CASTRO, OTRO \\\"TALENTO INTERSOCCER\\\" QUE DEBUTA COMO TITULAR CON EL PRIMER EQUIPO DEL ALCOBENDAS LEVITT.- &middot; International Soccer Academy of Madrid\",\"isPartOf\":{\"@id\":\"https:\/\/www.intersoccermadrid.com\/en\/#website\"},\"datePublished\":\"2017-11-12T23:00:00+00:00\",\"dateModified\":\"2017-11-12T23:00:00+00:00\",\"author\":{\"@id\":\"https:\/\/www.intersoccermadrid.com\/en\/#\/schema\/person\/4843f782828393fd2fd34a6db5ce5d48\"},\"breadcrumb\":{\"@id\":\"https:\/\/www.intersoccermadrid.com\/en\/kevin-castro-otro-qtalento-intersoccerq-que-debuta-como-titular-con-el-primer-equipo-del-alcobendas-levitt\/#breadcrumb\"},\"inLanguage\":\"en-US\",\"potentialAction\":[{\"@type\":\"ReadAction\",\"target\":[\"https:\/\/www.intersoccermadrid.com\/en\/kevin-castro-otro-qtalento-intersoccerq-que-debuta-como-titular-con-el-primer-equipo-del-alcobendas-levitt\/\"]}]},{\"@type\":\"BreadcrumbList\",\"@id\":\"https:\/\/www.intersoccermadrid.com\/en\/kevin-castro-otro-qtalento-intersoccerq-que-debuta-como-titular-con-el-primer-equipo-del-alcobendas-levitt\/#breadcrumb\",\"itemListElement\":[{\"@type\":\"ListItem\",\"position\":1,\"name\":\"Home\",\"item\":\"https:\/\/www.intersoccermadrid.com\/en\/\"},{\"@type\":\"ListItem\",\"position\":2,\"name\":\"KEVIN CASTRO, OTRO &#8220;TALENTO INTERSOCCER&#8221; QUE DEBUTA COMO TITULAR CON EL PRIMER EQUIPO DEL ALCOBENDAS LEVITT.-\"}]},{\"@type\":\"WebSite\",\"@id\":\"https:\/\/www.intersoccermadrid.com\/en\/#website\",\"url\":\"https:\/\/www.intersoccermadrid.com\/en\/\",\"name\":\"International Soccer Academy of Madrid\",\"description\":\"International Soccer Academy of Madrid\",\"potentialAction\":[{\"@type\":\"SearchAction\",\"target\":{\"@type\":\"EntryPoint\",\"urlTemplate\":\"https:\/\/www.intersoccermadrid.com\/en\/?s={search_term_string}\"},\"query-input\":\"required name=search_term_string\"}],\"inLanguage\":\"en-US\"},{\"@type\":\"Person\",\"@id\":\"https:\/\/www.intersoccermadrid.com\/en\/#\/schema\/person\/4843f782828393fd2fd34a6db5ce5d48\",\"name\":\"Administrator\",\"image\":{\"@type\":\"ImageObject\",\"inLanguage\":\"en-US\",\"@id\":\"https:\/\/www.intersoccermadrid.com\/en\/#\/schema\/person\/image\/\",\"url\":\"https:\/\/secure.gravatar.com\/avatar\/85ec5305f9a568d3e58c20ee91decabf?s=96&d=mm&r=g\",\"contentUrl\":\"https:\/\/secure.gravatar.com\/avatar\/85ec5305f9a568d3e58c20ee91decabf?s=96&d=mm&r=g\",\"caption\":\"Administrator\"},\"url\":\"https:\/\/www.intersoccermadrid.com\/en\/author\/admin\/\"}]}<\/script>\n<!-- \/ Yoast SEO plugin. -->","yoast_head_json":{"title":"KEVIN CASTRO, OTRO \"TALENTO INTERSOCCER\" QUE DEBUTA COMO TITULAR CON EL PRIMER EQUIPO DEL ALCOBENDAS LEVITT.- &middot; International Soccer Academy of Madrid","robots":{"index":"index","follow":"follow","max-snippet":"max-snippet:-1","max-image-preview":"max-image-preview:large","max-video-preview":"max-video-preview:-1"},"canonical":"https:\/\/www.intersoccermadrid.com\/en\/kevin-castro-otro-qtalento-intersoccerq-que-debuta-como-titular-con-el-primer-equipo-del-alcobendas-levitt\/","og_locale":"en_US","og_type":"article","og_title":"KEVIN CASTRO, OTRO \"TALENTO INTERSOCCER\" QUE DEBUTA COMO TITULAR CON EL PRIMER EQUIPO DEL ALCOBENDAS LEVITT.- &middot; International Soccer Academy of Madrid","og_description":"Kevin Castro, en su primer a\u00f1o senior, forma parte de la plantilla del primer equipo senior del Alcobendas Levitt CF","og_url":"https:\/\/www.intersoccermadrid.com\/en\/kevin-castro-otro-qtalento-intersoccerq-que-debuta-como-titular-con-el-primer-equipo-del-alcobendas-levitt\/","og_site_name":"International Soccer Academy of Madrid","article_published_time":"2017-11-12T23:00:00+00:00","og_image":[{"width":800,"height":588,"url":"https:\/\/www.intersoccermadrid.com\/wp-content\/uploads\/2017\/11\/2017_kevin_primer_equipo_01.jpg","type":"image\/jpeg"}],"author":"Administrator","twitter_card":"summary_large_image","twitter_misc":{"Written by":"Administrator","Est. reading time":"2 minutes"},"schema":{"@context":"https:\/\/schema.org","@graph":[{"@type":"WebPage","@id":"https:\/\/www.intersoccermadrid.com\/en\/kevin-castro-otro-qtalento-intersoccerq-que-debuta-como-titular-con-el-primer-equipo-del-alcobendas-levitt\/","url":"https:\/\/www.intersoccermadrid.com\/en\/kevin-castro-otro-qtalento-intersoccerq-que-debuta-como-titular-con-el-primer-equipo-del-alcobendas-levitt\/","name":"KEVIN CASTRO, OTRO \"TALENTO INTERSOCCER\" QUE DEBUTA COMO TITULAR CON EL PRIMER EQUIPO DEL ALCOBENDAS LEVITT.- &middot; International Soccer Academy of Madrid","isPartOf":{"@id":"https:\/\/www.intersoccermadrid.com\/en\/#website"},"datePublished":"2017-11-12T23:00:00+00:00","dateModified":"2017-11-12T23:00:00+00:00","author":{"@id":"https:\/\/www.intersoccermadrid.com\/en\/#\/schema\/person\/4843f782828393fd2fd34a6db5ce5d48"},"breadcrumb":{"@id":"https:\/\/www.intersoccermadrid.com\/en\/kevin-castro-otro-qtalento-intersoccerq-que-debuta-como-titular-con-el-primer-equipo-del-alcobendas-levitt\/#breadcrumb"},"inLanguage":"en-US","potentialAction":[{"@type":"ReadAction","target":["https:\/\/www.intersoccermadrid.com\/en\/kevin-castro-otro-qtalento-intersoccerq-que-debuta-como-titular-con-el-primer-equipo-del-alcobendas-levitt\/"]}]},{"@type":"BreadcrumbList","@id":"https:\/\/www.intersoccermadrid.com\/en\/kevin-castro-otro-qtalento-intersoccerq-que-debuta-como-titular-con-el-primer-equipo-del-alcobendas-levitt\/#breadcrumb","itemListElement":[{"@type":"ListItem","position":1,"name":"Home","item":"https:\/\/www.intersoccermadrid.com\/en\/"},{"@type":"ListItem","position":2,"name":"KEVIN CASTRO, OTRO &#8220;TALENTO INTERSOCCER&#8221; QUE DEBUTA COMO TITULAR CON EL PRIMER EQUIPO DEL ALCOBENDAS LEVITT.-"}]},{"@type":"WebSite","@id":"https:\/\/www.intersoccermadrid.com\/en\/#website","url":"https:\/\/www.intersoccermadrid.com\/en\/","name":"International Soccer Academy of Madrid","description":"International Soccer Academy of Madrid","potentialAction":[{"@type":"SearchAction","target":{"@type":"EntryPoint","urlTemplate":"https:\/\/www.intersoccermadrid.com\/en\/?s={search_term_string}"},"query-input":"required name=search_term_string"}],"inLanguage":"en-US"},{"@type":"Person","@id":"https:\/\/www.intersoccermadrid.com\/en\/#\/schema\/person\/4843f782828393fd2fd34a6db5ce5d48","name":"Administrator","image":{"@type":"ImageObject","inLanguage":"en-US","@id":"https:\/\/www.intersoccermadrid.com\/en\/#\/schema\/person\/image\/","url":"https:\/\/secure.gravatar.com\/avatar\/85ec5305f9a568d3e58c20ee91decabf?s=96&d=mm&r=g","contentUrl":"https:\/\/secure.gravatar.com\/avatar\/85ec5305f9a568d3e58c20ee91decabf?s=96&d=mm&r=g","caption":"Administrator"},"url":"https:\/\/www.intersoccermadrid.com\/en\/author\/admin\/"}]}},"_links":{"self":[{"href":"https:\/\/www.intersoccermadrid.com\/en\/wp-json\/wp\/v2\/posts\/817"}],"collection":[{"href":"https:\/\/www.intersoccermadrid.com\/en\/wp-json\/wp\/v2\/posts"}],"about":[{"href":"https:\/\/www.intersoccermadrid.com\/en\/wp-json\/wp\/v2\/types\/post"}],"author":[{"embeddable":true,"href":"https:\/\/www.intersoccermadrid.com\/en\/wp-json\/wp\/v2\/users\/2"}],"replies":[{"embeddable":true,"href":"https:\/\/www.intersoccermadrid.com\/en\/wp-json\/wp\/v2\/comments?post=817"}],"version-history":[{"count":0,"href":"https:\/\/www.intersoccermadrid.com\/en\/wp-json\/wp\/v2\/posts\/817\/revisions"}],"wp:featuredmedia":[{"embeddable":true,"href":"https:\/\/www.intersoccermadrid.com\/en\/wp-json\/wp\/v2\/media\/7301"}],"wp:attachment":[{"href":"https:\/\/www.intersoccermadrid.com\/en\/wp-json\/wp\/v2\/media?parent=817"}],"wp:term":[{"taxonomy":"category","embeddable":true,"href":"https:\/\/www.intersoccermadrid.com\/en\/wp-json\/wp\/v2\/categories?post=817"},{"taxonomy":"post_tag","embeddable":true,"href":"https:\/\/www.intersoccermadrid.com\/en\/wp-json\/wp\/v2\/tags?post=817"}],"curies":[{"name":"wp","href":"https:\/\/api.w.org\/{rel}","templated":true}]}}