{"id":804,"date":"2017-09-27T00:00:00","date_gmt":"2017-09-26T22:00:00","guid":{"rendered":"https:\/\/www.intersoccermadrid.com\/sory-kaba-convocado-por-la-seleccion-absoluta-de-guinea\/"},"modified":"2018-07-09T12:34:43","modified_gmt":"2018-07-09T10:34:43","slug":"sory-kaba-convocado-por-la-seleccion-absoluta-de-guinea","status":"publish","type":"post","link":"https:\/\/www.intersoccermadrid.com\/en\/sory-kaba-convocado-por-la-seleccion-absoluta-de-guinea\/","title":{"rendered":"Sory Kaba convocado por la selecci\u00f3n absoluta de Guinea"},"content":{"rendered":"<p>[et_pb_section bb_built=&#8221;1&#8243;][et_pb_row][et_pb_column type=&#8221;4_4&#8243;][et_pb_text]<\/p>\n<p>Han pasado apenas dos a\u00f1os desde que nuestro alumno Sory Kaba participara, dentro de nuestro tour anual que ese a\u00f1o tuvo lugar por tierras levantinas, en uno de los partidos de la <strong>Liga Open de Talentos Intersoccer<\/strong> <!--more--> , que le sirvi\u00f3 para ser descubierto por su actual equipo, el Elche CF, y que le permiti\u00f3 firmar su primer contrato profesional. Ahora, despu\u00e9s de una temporada plagada de aciertos y de goles con el primer equipo del Elche CF, Sory nos sorprende de nuevo con la grata noticia de la convocatoria por parte de la selecci\u00f3n nacional de su pa\u00eds, Guinea Conakry.<\/p>\n<p>Desde esta p\u00e1gina queremos darte nuestra m\u00e1s sincera enhorabuena y desearte lo mejor en esta nueva experiencia.<\/p>\n<p>\u00a1\u00a1\u00a1Orgullosos de Sory!!!<\/p>\n<p><!--<iframe loading=\"lazy\" width=\"320\" height=\"240\" src=\"\/\/www.youtube.com\/embed\/5QIQxATQka\" frameborder=\"0\"><\/iframe>--><\/p>\n<p>[\/et_pb_text][et_pb_gallery _builder_version=&#8221;3.9&#8243; fullwidth=&#8221;on&#8221; zoom_icon_color=&#8221;#2ea3f2&#8243; hover_overlay_color=&#8221;rgba(255,255,255,0.9)&#8221; \/][\/et_pb_column][\/et_pb_row][\/et_pb_section]<\/p>\n","protected":false},"excerpt":{"rendered":"<p><div class=\"et_pb_row et_pb_row_0 et_pb_row_empty\">\n\t\t\t\t\n\t\t\t\t\n\t\t\t\t\n\t\t\t\t\n\t\t\t\t\n\t\t\t<\/div><div class=\"et_pb_module et_pb_text et_pb_text_0  et_pb_text_align_left et_pb_bg_layout_light\">\n\t\t\t\t\n\t\t\t\t\n\t\t\t\t\n\t\t\t\t\n\t\t\t\t\n\t\t\t<\/div> Han pasado apenas dos a\u00f1os desde que nuestro alumno Sory Kaba participara, dentro de nuestro tour anual que ese a\u00f1o tuvo lugar por tierras levantinas, en uno de los partidos de la Liga Open de Talentos Intersoccer , que le sirvi\u00f3 para ser descubierto por su actual equipo, el Elche CF, y que le [&hellip;]<\/p>\n","protected":false},"author":2,"featured_media":7070,"comment_status":"open","ping_status":"open","sticky":false,"template":"","format":"standard","meta":{"_et_pb_use_builder":"on","_et_pb_old_content":"<p>Han pasado apenas dos a\u00f1os desde que nuestro alumno Sory Kaba participara, dentro de nuestro tour anual que ese a\u00f1o tuvo lugar por tierras levantinas, en uno de los partidos de la <strong>Liga Open de Talentos Intersoccer<\/strong> <!--more--> , que le sirvi\u00f3 para ser descubierto por su actual equipo, el Elche CF, y que le permiti\u00f3 firmar su primer contrato profesional. Ahora, despu\u00e9s de una temporada plagada de aciertos y de goles con el primer equipo del Elche CF, Sory nos sorprende de nuevo con la grata noticia de la convocatoria por parte de la selecci\u00f3n nacional de su pa\u00eds, Guinea Conakry.<\/p><p>Desde esta p\u00e1gina queremos darte nuestra m\u00e1s sincera enhorabuena y desearte lo mejor en esta nueva experiencia.<\/p><p>\u00a1\u00a1\u00a1Orgullosos de Sory!!!<\/p><p><!--<iframe width=\"320\" height=\"240\" src=\"\/\/www.youtube.com\/embed\/5QIQxATQka\" frameborder=\"0\"><\/iframe>--><\/p>","_et_gb_content_width":""},"categories":[8],"tags":[],"yoast_head":"<!-- This site is optimized with the Yoast SEO plugin v20.9 - https:\/\/yoast.com\/wordpress\/plugins\/seo\/ -->\n<title>Sory Kaba convocado por la selecci\u00f3n absoluta de Guinea &middot; International Soccer Academy of Madrid<\/title>\n<meta name=\"robots\" content=\"index, follow, max-snippet:-1, max-image-preview:large, max-video-preview:-1\" \/>\n<link rel=\"canonical\" href=\"https:\/\/www.intersoccermadrid.com\/en\/sory-kaba-convocado-por-la-seleccion-absoluta-de-guinea\/\" \/>\n<meta property=\"og:locale\" content=\"en_US\" \/>\n<meta property=\"og:type\" content=\"article\" \/>\n<meta property=\"og:title\" content=\"Sory Kaba convocado por la selecci\u00f3n absoluta de Guinea &middot; International Soccer Academy of Madrid\" \/>\n<meta property=\"og:description\" content=\"Han pasado apenas dos a\u00f1os desde que nuestro alumno Sory Kaba participara, dentro de nuestro tour anual que ese a\u00f1o tuvo lugar por tierras levantinas, en uno de los partidos de la Liga Open de Talentos Intersoccer , que le sirvi\u00f3 para ser descubierto por su actual equipo, el Elche CF, y que le [&hellip;]\" \/>\n<meta property=\"og:url\" content=\"https:\/\/www.intersoccermadrid.com\/en\/sory-kaba-convocado-por-la-seleccion-absoluta-de-guinea\/\" \/>\n<meta property=\"og:site_name\" content=\"International Soccer Academy of Madrid\" \/>\n<meta property=\"article:published_time\" content=\"2017-09-26T22:00:00+00:00\" \/>\n<meta property=\"article:modified_time\" content=\"2018-07-09T10:34:43+00:00\" \/>\n<meta property=\"og:image\" content=\"https:\/\/www.intersoccermadrid.com\/wp-content\/uploads\/2017\/09\/2017_sory_seleccion_01.jpg\" \/>\n\t<meta property=\"og:image:width\" content=\"800\" \/>\n\t<meta property=\"og:image:height\" content=\"600\" \/>\n\t<meta property=\"og:image:type\" content=\"image\/jpeg\" \/>\n<meta name=\"author\" content=\"Administrator\" \/>\n<meta name=\"twitter:card\" content=\"summary_large_image\" \/>\n<meta name=\"twitter:label1\" content=\"Written by\" \/>\n\t<meta name=\"twitter:data1\" content=\"Administrator\" \/>\n\t<meta name=\"twitter:label2\" content=\"Est. reading time\" \/>\n\t<meta name=\"twitter:data2\" content=\"1 minute\" \/>\n<script type=\"application\/ld+json\" class=\"yoast-schema-graph\">{\"@context\":\"https:\/\/schema.org\",\"@graph\":[{\"@type\":\"WebPage\",\"@id\":\"https:\/\/www.intersoccermadrid.com\/en\/sory-kaba-convocado-por-la-seleccion-absoluta-de-guinea\/\",\"url\":\"https:\/\/www.intersoccermadrid.com\/en\/sory-kaba-convocado-por-la-seleccion-absoluta-de-guinea\/\",\"name\":\"Sory Kaba convocado por la selecci\u00f3n absoluta de Guinea &middot; International Soccer Academy of Madrid\",\"isPartOf\":{\"@id\":\"https:\/\/www.intersoccermadrid.com\/en\/#website\"},\"datePublished\":\"2017-09-26T22:00:00+00:00\",\"dateModified\":\"2018-07-09T10:34:43+00:00\",\"author\":{\"@id\":\"https:\/\/www.intersoccermadrid.com\/en\/#\/schema\/person\/4843f782828393fd2fd34a6db5ce5d48\"},\"breadcrumb\":{\"@id\":\"https:\/\/www.intersoccermadrid.com\/en\/sory-kaba-convocado-por-la-seleccion-absoluta-de-guinea\/#breadcrumb\"},\"inLanguage\":\"en-US\",\"potentialAction\":[{\"@type\":\"ReadAction\",\"target\":[\"https:\/\/www.intersoccermadrid.com\/en\/sory-kaba-convocado-por-la-seleccion-absoluta-de-guinea\/\"]}]},{\"@type\":\"BreadcrumbList\",\"@id\":\"https:\/\/www.intersoccermadrid.com\/en\/sory-kaba-convocado-por-la-seleccion-absoluta-de-guinea\/#breadcrumb\",\"itemListElement\":[{\"@type\":\"ListItem\",\"position\":1,\"name\":\"Home\",\"item\":\"https:\/\/www.intersoccermadrid.com\/en\/\"},{\"@type\":\"ListItem\",\"position\":2,\"name\":\"Sory Kaba convocado por la selecci\u00f3n absoluta de Guinea\"}]},{\"@type\":\"WebSite\",\"@id\":\"https:\/\/www.intersoccermadrid.com\/en\/#website\",\"url\":\"https:\/\/www.intersoccermadrid.com\/en\/\",\"name\":\"International Soccer Academy of Madrid\",\"description\":\"International Soccer Academy of Madrid\",\"potentialAction\":[{\"@type\":\"SearchAction\",\"target\":{\"@type\":\"EntryPoint\",\"urlTemplate\":\"https:\/\/www.intersoccermadrid.com\/en\/?s={search_term_string}\"},\"query-input\":\"required name=search_term_string\"}],\"inLanguage\":\"en-US\"},{\"@type\":\"Person\",\"@id\":\"https:\/\/www.intersoccermadrid.com\/en\/#\/schema\/person\/4843f782828393fd2fd34a6db5ce5d48\",\"name\":\"Administrator\",\"image\":{\"@type\":\"ImageObject\",\"inLanguage\":\"en-US\",\"@id\":\"https:\/\/www.intersoccermadrid.com\/en\/#\/schema\/person\/image\/\",\"url\":\"https:\/\/secure.gravatar.com\/avatar\/85ec5305f9a568d3e58c20ee91decabf?s=96&d=mm&r=g\",\"contentUrl\":\"https:\/\/secure.gravatar.com\/avatar\/85ec5305f9a568d3e58c20ee91decabf?s=96&d=mm&r=g\",\"caption\":\"Administrator\"},\"url\":\"https:\/\/www.intersoccermadrid.com\/en\/author\/admin\/\"}]}<\/script>\n<!-- \/ Yoast SEO plugin. -->","yoast_head_json":{"title":"Sory Kaba convocado por la selecci\u00f3n absoluta de Guinea &middot; International Soccer Academy of Madrid","robots":{"index":"index","follow":"follow","max-snippet":"max-snippet:-1","max-image-preview":"max-image-preview:large","max-video-preview":"max-video-preview:-1"},"canonical":"https:\/\/www.intersoccermadrid.com\/en\/sory-kaba-convocado-por-la-seleccion-absoluta-de-guinea\/","og_locale":"en_US","og_type":"article","og_title":"Sory Kaba convocado por la selecci\u00f3n absoluta de Guinea &middot; International Soccer Academy of Madrid","og_description":"Han pasado apenas dos a\u00f1os desde que nuestro alumno Sory Kaba participara, dentro de nuestro tour anual que ese a\u00f1o tuvo lugar por tierras levantinas, en uno de los partidos de la Liga Open de Talentos Intersoccer , que le sirvi\u00f3 para ser descubierto por su actual equipo, el Elche CF, y que le [&hellip;]","og_url":"https:\/\/www.intersoccermadrid.com\/en\/sory-kaba-convocado-por-la-seleccion-absoluta-de-guinea\/","og_site_name":"International Soccer Academy of Madrid","article_published_time":"2017-09-26T22:00:00+00:00","article_modified_time":"2018-07-09T10:34:43+00:00","og_image":[{"width":800,"height":600,"url":"https:\/\/www.intersoccermadrid.com\/wp-content\/uploads\/2017\/09\/2017_sory_seleccion_01.jpg","type":"image\/jpeg"}],"author":"Administrator","twitter_card":"summary_large_image","twitter_misc":{"Written by":"Administrator","Est. reading time":"1 minute"},"schema":{"@context":"https:\/\/schema.org","@graph":[{"@type":"WebPage","@id":"https:\/\/www.intersoccermadrid.com\/en\/sory-kaba-convocado-por-la-seleccion-absoluta-de-guinea\/","url":"https:\/\/www.intersoccermadrid.com\/en\/sory-kaba-convocado-por-la-seleccion-absoluta-de-guinea\/","name":"Sory Kaba convocado por la selecci\u00f3n absoluta de Guinea &middot; International Soccer Academy of Madrid","isPartOf":{"@id":"https:\/\/www.intersoccermadrid.com\/en\/#website"},"datePublished":"2017-09-26T22:00:00+00:00","dateModified":"2018-07-09T10:34:43+00:00","author":{"@id":"https:\/\/www.intersoccermadrid.com\/en\/#\/schema\/person\/4843f782828393fd2fd34a6db5ce5d48"},"breadcrumb":{"@id":"https:\/\/www.intersoccermadrid.com\/en\/sory-kaba-convocado-por-la-seleccion-absoluta-de-guinea\/#breadcrumb"},"inLanguage":"en-US","potentialAction":[{"@type":"ReadAction","target":["https:\/\/www.intersoccermadrid.com\/en\/sory-kaba-convocado-por-la-seleccion-absoluta-de-guinea\/"]}]},{"@type":"BreadcrumbList","@id":"https:\/\/www.intersoccermadrid.com\/en\/sory-kaba-convocado-por-la-seleccion-absoluta-de-guinea\/#breadcrumb","itemListElement":[{"@type":"ListItem","position":1,"name":"Home","item":"https:\/\/www.intersoccermadrid.com\/en\/"},{"@type":"ListItem","position":2,"name":"Sory Kaba convocado por la selecci\u00f3n absoluta de Guinea"}]},{"@type":"WebSite","@id":"https:\/\/www.intersoccermadrid.com\/en\/#website","url":"https:\/\/www.intersoccermadrid.com\/en\/","name":"International Soccer Academy of Madrid","description":"International Soccer Academy of Madrid","potentialAction":[{"@type":"SearchAction","target":{"@type":"EntryPoint","urlTemplate":"https:\/\/www.intersoccermadrid.com\/en\/?s={search_term_string}"},"query-input":"required name=search_term_string"}],"inLanguage":"en-US"},{"@type":"Person","@id":"https:\/\/www.intersoccermadrid.com\/en\/#\/schema\/person\/4843f782828393fd2fd34a6db5ce5d48","name":"Administrator","image":{"@type":"ImageObject","inLanguage":"en-US","@id":"https:\/\/www.intersoccermadrid.com\/en\/#\/schema\/person\/image\/","url":"https:\/\/secure.gravatar.com\/avatar\/85ec5305f9a568d3e58c20ee91decabf?s=96&d=mm&r=g","contentUrl":"https:\/\/secure.gravatar.com\/avatar\/85ec5305f9a568d3e58c20ee91decabf?s=96&d=mm&r=g","caption":"Administrator"},"url":"https:\/\/www.intersoccermadrid.com\/en\/author\/admin\/"}]}},"_links":{"self":[{"href":"https:\/\/www.intersoccermadrid.com\/en\/wp-json\/wp\/v2\/posts\/804"}],"collection":[{"href":"https:\/\/www.intersoccermadrid.com\/en\/wp-json\/wp\/v2\/posts"}],"about":[{"href":"https:\/\/www.intersoccermadrid.com\/en\/wp-json\/wp\/v2\/types\/post"}],"author":[{"embeddable":true,"href":"https:\/\/www.intersoccermadrid.com\/en\/wp-json\/wp\/v2\/users\/2"}],"replies":[{"embeddable":true,"href":"https:\/\/www.intersoccermadrid.com\/en\/wp-json\/wp\/v2\/comments?post=804"}],"version-history":[{"count":2,"href":"https:\/\/www.intersoccermadrid.com\/en\/wp-json\/wp\/v2\/posts\/804\/revisions"}],"predecessor-version":[{"id":8301,"href":"https:\/\/www.intersoccermadrid.com\/en\/wp-json\/wp\/v2\/posts\/804\/revisions\/8301"}],"wp:featuredmedia":[{"embeddable":true,"href":"https:\/\/www.intersoccermadrid.com\/en\/wp-json\/wp\/v2\/media\/7070"}],"wp:attachment":[{"href":"https:\/\/www.intersoccermadrid.com\/en\/wp-json\/wp\/v2\/media?parent=804"}],"wp:term":[{"taxonomy":"category","embeddable":true,"href":"https:\/\/www.intersoccermadrid.com\/en\/wp-json\/wp\/v2\/categories?post=804"},{"taxonomy":"post_tag","embeddable":true,"href":"https:\/\/www.intersoccermadrid.com\/en\/wp-json\/wp\/v2\/tags?post=804"}],"curies":[{"name":"wp","href":"https:\/\/api.w.org\/{rel}","templated":true}]}}