{"id":752,"date":"2017-02-27T00:00:00","date_gmt":"2017-02-26T23:00:00","guid":{"rendered":"https:\/\/www.intersoccermadrid.com\/jornada-21-nuevo-empate-de-la-academia\/"},"modified":"2017-02-27T00:00:00","modified_gmt":"2017-02-26T23:00:00","slug":"jornada-21-nuevo-empate-de-la-academia","status":"publish","type":"post","link":"https:\/\/www.intersoccermadrid.com\/en\/jornada-21-nuevo-empate-de-la-academia\/","title":{"rendered":"Jornada 21 &#8211; Nuevo empate de la Academia"},"content":{"rendered":"<p><img decoding=\"async\" loading=\"lazy\" class=\" alignleft size-full wp-image-6923\" src=\"https:\/\/www.intersoccermadrid.com\/wp-content\/uploads\/2017\/02\/2017_j21_intersoccer_rayobrunete_01.jpg\" border=\"0\" alt=\"Jornada 21 - Nuevo empate de la Academia\" title=\"Jornada 21 - Nuevo empate de la Academia\" align=\"left\" width=\"1311\" height=\"867\" srcset=\"https:\/\/www.intersoccermadrid.com\/wp-content\/uploads\/2017\/02\/2017_j21_intersoccer_rayobrunete_01.jpg 1311w, https:\/\/www.intersoccermadrid.com\/wp-content\/uploads\/2017\/02\/2017_j21_intersoccer_rayobrunete_01-300x198.jpg 300w, https:\/\/www.intersoccermadrid.com\/wp-content\/uploads\/2017\/02\/2017_j21_intersoccer_rayobrunete_01-768x508.jpg 768w, https:\/\/www.intersoccermadrid.com\/wp-content\/uploads\/2017\/02\/2017_j21_intersoccer_rayobrunete_01-1024x677.jpg 1024w\" sizes=\"(max-width: 1311px) 100vw, 1311px\" \/><\/p>\n<p>Jornada 21: A. C. INTERSOCCER MADRID &#8211; RAYO BRUNETE C.F. (0-0) <\/p>\n<p>La fortuna sigue esquivando al equipo senior de la A. C. Intersoccer y se reparten los puntos de nuevo, ante el Rayo Brunete C.F. en un partido totalmente dominado por los verdinegros. <!--more--> <\/p>\n<p>Destacar las nuevas incorporaciones al equipo de Jota y Capi, que disfrutaron de algunos minutos, demostrando que han venido a aportar buen juego al equipo.<\/p>\n<p><img decoding=\"async\" loading=\"lazy\" class=\" alignleft size-full wp-image-6924\" src=\"https:\/\/www.intersoccermadrid.com\/wp-content\/uploads\/2017\/02\/2017_j21_intersoccer_rayobrunete_02.jpg\" border=\"0\" alt=\"Jornada 21 - Nuevo empate de la Academia\" title=\"Jornada 21 - Nuevo empate de la Academia\" align=\"left\" width=\"2090\" height=\"1518\" srcset=\"https:\/\/www.intersoccermadrid.com\/wp-content\/uploads\/2017\/02\/2017_j21_intersoccer_rayobrunete_02.jpg 2090w, https:\/\/www.intersoccermadrid.com\/wp-content\/uploads\/2017\/02\/2017_j21_intersoccer_rayobrunete_02-300x218.jpg 300w, https:\/\/www.intersoccermadrid.com\/wp-content\/uploads\/2017\/02\/2017_j21_intersoccer_rayobrunete_02-768x558.jpg 768w, https:\/\/www.intersoccermadrid.com\/wp-content\/uploads\/2017\/02\/2017_j21_intersoccer_rayobrunete_02-1024x744.jpg 1024w\" sizes=\"(max-width: 2090px) 100vw, 2090px\" \/><\/p>\n<p><img decoding=\"async\" loading=\"lazy\" class=\" alignleft size-full wp-image-6925\" src=\"https:\/\/www.intersoccermadrid.com\/wp-content\/uploads\/2017\/02\/2017_j21_intersoccer_rayobrunete_03.jpg\" border=\"0\" alt=\"Jornada 21 - Nuevo empate de la Academia\" title=\"Jornada 21 - Nuevo empate de la Academia\" align=\"left\" width=\"1386\" height=\"950\" srcset=\"https:\/\/www.intersoccermadrid.com\/wp-content\/uploads\/2017\/02\/2017_j21_intersoccer_rayobrunete_03.jpg 1386w, https:\/\/www.intersoccermadrid.com\/wp-content\/uploads\/2017\/02\/2017_j21_intersoccer_rayobrunete_03-300x206.jpg 300w, https:\/\/www.intersoccermadrid.com\/wp-content\/uploads\/2017\/02\/2017_j21_intersoccer_rayobrunete_03-768x526.jpg 768w, https:\/\/www.intersoccermadrid.com\/wp-content\/uploads\/2017\/02\/2017_j21_intersoccer_rayobrunete_03-1024x702.jpg 1024w\" sizes=\"(max-width: 1386px) 100vw, 1386px\" \/><\/p>\n<p><img decoding=\"async\" loading=\"lazy\" class=\" alignleft size-full wp-image-6926\" src=\"https:\/\/www.intersoccermadrid.com\/wp-content\/uploads\/2017\/02\/2017_j21_intersoccer_rayobrunete_04.jpg\" border=\"0\" alt=\"Jornada 21 - Nuevo empate de la Academia\" title=\"Jornada 21 - Nuevo empate de la Academia\" align=\"left\" width=\"1533\" height=\"916\" srcset=\"https:\/\/www.intersoccermadrid.com\/wp-content\/uploads\/2017\/02\/2017_j21_intersoccer_rayobrunete_04.jpg 1533w, https:\/\/www.intersoccermadrid.com\/wp-content\/uploads\/2017\/02\/2017_j21_intersoccer_rayobrunete_04-300x179.jpg 300w, https:\/\/www.intersoccermadrid.com\/wp-content\/uploads\/2017\/02\/2017_j21_intersoccer_rayobrunete_04-768x459.jpg 768w, https:\/\/www.intersoccermadrid.com\/wp-content\/uploads\/2017\/02\/2017_j21_intersoccer_rayobrunete_04-1024x612.jpg 1024w\" sizes=\"(max-width: 1533px) 100vw, 1533px\" \/><\/p>\n<p><img decoding=\"async\" loading=\"lazy\" class=\" alignleft size-full wp-image-6927\" src=\"https:\/\/www.intersoccermadrid.com\/wp-content\/uploads\/2017\/02\/2017_j21_intersoccer_rayobrunete_05.jpg\" border=\"0\" alt=\"Jornada 21 - Nuevo empate de la Academia\" title=\"Jornada 21 - Nuevo empate de la Academia\" align=\"left\" width=\"1669\" height=\"1126\" srcset=\"https:\/\/www.intersoccermadrid.com\/wp-content\/uploads\/2017\/02\/2017_j21_intersoccer_rayobrunete_05.jpg 1669w, https:\/\/www.intersoccermadrid.com\/wp-content\/uploads\/2017\/02\/2017_j21_intersoccer_rayobrunete_05-300x202.jpg 300w, https:\/\/www.intersoccermadrid.com\/wp-content\/uploads\/2017\/02\/2017_j21_intersoccer_rayobrunete_05-768x518.jpg 768w, https:\/\/www.intersoccermadrid.com\/wp-content\/uploads\/2017\/02\/2017_j21_intersoccer_rayobrunete_05-1024x691.jpg 1024w\" sizes=\"(max-width: 1669px) 100vw, 1669px\" \/><\/p>\n<p><img decoding=\"async\" loading=\"lazy\" class=\" alignleft size-full wp-image-6928\" src=\"https:\/\/www.intersoccermadrid.com\/wp-content\/uploads\/2017\/02\/2017_j21_intersoccer_rayobrunete_06.jpg\" border=\"0\" alt=\"Jornada 21 - Nuevo empate de la Academia\" title=\"Jornada 21 - Nuevo empate de la Academia\" align=\"left\" width=\"1998\" height=\"1402\" srcset=\"https:\/\/www.intersoccermadrid.com\/wp-content\/uploads\/2017\/02\/2017_j21_intersoccer_rayobrunete_06.jpg 1998w, https:\/\/www.intersoccermadrid.com\/wp-content\/uploads\/2017\/02\/2017_j21_intersoccer_rayobrunete_06-300x211.jpg 300w, https:\/\/www.intersoccermadrid.com\/wp-content\/uploads\/2017\/02\/2017_j21_intersoccer_rayobrunete_06-768x539.jpg 768w, https:\/\/www.intersoccermadrid.com\/wp-content\/uploads\/2017\/02\/2017_j21_intersoccer_rayobrunete_06-1024x719.jpg 1024w\" sizes=\"(max-width: 1998px) 100vw, 1998px\" \/><\/p>\n<p><img decoding=\"async\" loading=\"lazy\" class=\" alignleft size-full wp-image-6929\" src=\"https:\/\/www.intersoccermadrid.com\/wp-content\/uploads\/2017\/02\/2017_j21_intersoccer_rayobrunete_07.jpg\" border=\"0\" alt=\"Jornada 21 - Nuevo empate de la Academia\" title=\"Jornada 21 - Nuevo empate de la Academia\" align=\"left\" width=\"1837\" height=\"1284\" srcset=\"https:\/\/www.intersoccermadrid.com\/wp-content\/uploads\/2017\/02\/2017_j21_intersoccer_rayobrunete_07.jpg 1837w, https:\/\/www.intersoccermadrid.com\/wp-content\/uploads\/2017\/02\/2017_j21_intersoccer_rayobrunete_07-300x210.jpg 300w, https:\/\/www.intersoccermadrid.com\/wp-content\/uploads\/2017\/02\/2017_j21_intersoccer_rayobrunete_07-768x537.jpg 768w, https:\/\/www.intersoccermadrid.com\/wp-content\/uploads\/2017\/02\/2017_j21_intersoccer_rayobrunete_07-1024x716.jpg 1024w\" sizes=\"(max-width: 1837px) 100vw, 1837px\" \/><\/p>\n<p><img decoding=\"async\" loading=\"lazy\" class=\" alignleft size-full wp-image-6930\" src=\"https:\/\/www.intersoccermadrid.com\/wp-content\/uploads\/2017\/02\/2017_j21_intersoccer_rayobrunete_08.jpg\" border=\"0\" alt=\"Jornada 21 - Nuevo empate de la Academia\" title=\"Jornada 21 - Nuevo empate de la Academia\" align=\"left\" width=\"1788\" height=\"1181\" srcset=\"https:\/\/www.intersoccermadrid.com\/wp-content\/uploads\/2017\/02\/2017_j21_intersoccer_rayobrunete_08.jpg 1788w, https:\/\/www.intersoccermadrid.com\/wp-content\/uploads\/2017\/02\/2017_j21_intersoccer_rayobrunete_08-300x198.jpg 300w, https:\/\/www.intersoccermadrid.com\/wp-content\/uploads\/2017\/02\/2017_j21_intersoccer_rayobrunete_08-768x507.jpg 768w, https:\/\/www.intersoccermadrid.com\/wp-content\/uploads\/2017\/02\/2017_j21_intersoccer_rayobrunete_08-1024x676.jpg 1024w\" sizes=\"(max-width: 1788px) 100vw, 1788px\" \/><\/p>\n<p><img decoding=\"async\" loading=\"lazy\" class=\" alignleft size-full wp-image-6931\" src=\"https:\/\/www.intersoccermadrid.com\/wp-content\/uploads\/2017\/02\/2017_j21_intersoccer_rayobrunete_09.jpg\" border=\"0\" alt=\"Jornada 21 - Nuevo empate de la Academia\" title=\"Jornada 21 - Nuevo empate de la Academia\" align=\"left\" width=\"1779\" height=\"1304\" srcset=\"https:\/\/www.intersoccermadrid.com\/wp-content\/uploads\/2017\/02\/2017_j21_intersoccer_rayobrunete_09.jpg 1779w, https:\/\/www.intersoccermadrid.com\/wp-content\/uploads\/2017\/02\/2017_j21_intersoccer_rayobrunete_09-300x220.jpg 300w, https:\/\/www.intersoccermadrid.com\/wp-content\/uploads\/2017\/02\/2017_j21_intersoccer_rayobrunete_09-768x563.jpg 768w, https:\/\/www.intersoccermadrid.com\/wp-content\/uploads\/2017\/02\/2017_j21_intersoccer_rayobrunete_09-1024x751.jpg 1024w\" sizes=\"(max-width: 1779px) 100vw, 1779px\" \/><\/p>\n<p><img decoding=\"async\" loading=\"lazy\" class=\" alignleft size-full wp-image-6932\" src=\"https:\/\/www.intersoccermadrid.com\/wp-content\/uploads\/2017\/02\/2017_j21_intersoccer_rayobrunete_10.jpg\" border=\"0\" alt=\"Jornada 21 - Nuevo empate de la Academia\" title=\"Jornada 21 - Nuevo empate de la Academia\" align=\"left\" width=\"1870\" height=\"1236\" srcset=\"https:\/\/www.intersoccermadrid.com\/wp-content\/uploads\/2017\/02\/2017_j21_intersoccer_rayobrunete_10.jpg 1870w, https:\/\/www.intersoccermadrid.com\/wp-content\/uploads\/2017\/02\/2017_j21_intersoccer_rayobrunete_10-300x198.jpg 300w, https:\/\/www.intersoccermadrid.com\/wp-content\/uploads\/2017\/02\/2017_j21_intersoccer_rayobrunete_10-768x508.jpg 768w, https:\/\/www.intersoccermadrid.com\/wp-content\/uploads\/2017\/02\/2017_j21_intersoccer_rayobrunete_10-1024x677.jpg 1024w\" sizes=\"(max-width: 1870px) 100vw, 1870px\" \/><\/p>\n<p> <strong>Titulares: <\/strong>   25        RAMOS ESPESO, RUBEN   2        FERNANDEZ GOMEZ, JONATHAN   4        MARTIN RAMON, ALBERTO   7        GARCIA FERNANDEZ, JOSE MANUEL   9        RAMIREZ BRAVO, MIGUEL ANGEL   10        CASTRO CHOREN, OSCAR   12        DIAZ GARRIDO, GABRIEL   15        DE LA TORRE PAGE, ALEJANDRO   20        ALONSO JIMENEZ, ALEJANDRO   21        ALCAIDE PEREZ, ADRIAN   24        MU\u00d1IZ GUTIERREZ, RODRIGO <\/p>\n<p> <strong>Suplentes:<\/strong>     1        OLIAS ALMENDRO, EDUARDO   3        GARCIA DE MATA, MILL\u00c1N   6        GARCIA VAZQUEZ, ALEJANDRO   8        CABEZAOLIAS LOPEZ, JOSE JAVIER   11        GONZALEZ PELAEZ, JOSE ADRIAN <\/p>\n<p> <strong>Cuerpo T\u00e9cnico:<\/strong>     DEL. CAMPO: GARC\u00cdA S\u00c1NCHEZ , ANTONIO   DEL. EQUIPO: LUCAS GARC\u00cdA, JOSE MANUEL   ENTRENADOR: No presenta <\/p>\n<p><strong>Sustituciones<\/strong>   3       GARCIA DE MATA, MILL\u00c1N   7       GARCIA FERNANDEZ, JOSE MANUEL (75&#8242;)   11       GONZALEZ PELAEZ, JOSE ADRIAN   12       DIAZ GARRIDO, GABRIEL (84&#8242;)   8       CABEZAOLIAS LOPEZ, JOSE JAVIER   21       ALCAIDE PEREZ, ADRIAN (87&#8242;) <\/p>\n<p><strong>\u00c1rbitros<\/strong>   :  REDONDO SANCHEZ-CAMBRONERO, DAVID   :  PADIAL TORAN, JAIME   :  LAHUERTA GRACIA, JAVIER JOSE <\/p>\n<p><strong>Goles<\/strong>    <\/p>\n<p>  <!--<iframe loading=\"lazy\" width=\"320\" height=\"240\" src=\"\/\/www.youtube.com\/embed\/5QIQxATQka\" frameborder=\"0\"><\/iframe>--><\/p>\n","protected":false},"excerpt":{"rendered":"<p>Jornada 21: A. C. INTERSOCCER MADRID &#8211; RAYO BRUNETE C.F. (0-0) La fortuna sigue esquivando al equipo senior de la A. C. Intersoccer y se reparten los puntos de nuevo, ante el Rayo Brunete C.F. en un partido totalmente dominado por los verdinegros.<\/p>\n","protected":false},"author":2,"featured_media":6923,"comment_status":"open","ping_status":"open","sticky":false,"template":"","format":"standard","meta":{"_et_pb_use_builder":"","_et_pb_old_content":"","_et_gb_content_width":""},"categories":[54],"tags":[],"yoast_head":"<!-- This site is optimized with the Yoast SEO plugin v20.9 - https:\/\/yoast.com\/wordpress\/plugins\/seo\/ -->\n<title>Jornada 21 - Nuevo empate de la Academia &middot; International Soccer Academy of Madrid<\/title>\n<meta name=\"robots\" content=\"index, follow, max-snippet:-1, max-image-preview:large, max-video-preview:-1\" \/>\n<link rel=\"canonical\" href=\"https:\/\/www.intersoccermadrid.com\/en\/jornada-21-nuevo-empate-de-la-academia\/\" \/>\n<meta property=\"og:locale\" content=\"en_US\" \/>\n<meta property=\"og:type\" content=\"article\" \/>\n<meta property=\"og:title\" content=\"Jornada 21 - Nuevo empate de la Academia &middot; International Soccer Academy of Madrid\" \/>\n<meta property=\"og:description\" content=\"Jornada 21: A. C. INTERSOCCER MADRID &#8211; RAYO BRUNETE C.F. (0-0) La fortuna sigue esquivando al equipo senior de la A. C. Intersoccer y se reparten los puntos de nuevo, ante el Rayo Brunete C.F. en un partido totalmente dominado por los verdinegros.\" \/>\n<meta property=\"og:url\" content=\"https:\/\/www.intersoccermadrid.com\/en\/jornada-21-nuevo-empate-de-la-academia\/\" \/>\n<meta property=\"og:site_name\" content=\"International Soccer Academy of Madrid\" \/>\n<meta property=\"article:published_time\" content=\"2017-02-26T23:00:00+00:00\" \/>\n<meta property=\"og:image\" content=\"https:\/\/www.intersoccermadrid.com\/wp-content\/uploads\/2017\/02\/2017_j21_intersoccer_rayobrunete_01.jpg\" \/>\n\t<meta property=\"og:image:width\" content=\"1311\" \/>\n\t<meta property=\"og:image:height\" content=\"867\" \/>\n\t<meta property=\"og:image:type\" content=\"image\/jpeg\" \/>\n<meta name=\"author\" content=\"Administrator\" \/>\n<meta name=\"twitter:card\" content=\"summary_large_image\" \/>\n<meta name=\"twitter:label1\" content=\"Written by\" \/>\n\t<meta name=\"twitter:data1\" content=\"Administrator\" \/>\n\t<meta name=\"twitter:label2\" content=\"Est. reading time\" \/>\n\t<meta name=\"twitter:data2\" content=\"1 minute\" \/>\n<script type=\"application\/ld+json\" class=\"yoast-schema-graph\">{\"@context\":\"https:\/\/schema.org\",\"@graph\":[{\"@type\":\"WebPage\",\"@id\":\"https:\/\/www.intersoccermadrid.com\/en\/jornada-21-nuevo-empate-de-la-academia\/\",\"url\":\"https:\/\/www.intersoccermadrid.com\/en\/jornada-21-nuevo-empate-de-la-academia\/\",\"name\":\"Jornada 21 - Nuevo empate de la Academia &middot; International Soccer Academy of Madrid\",\"isPartOf\":{\"@id\":\"https:\/\/www.intersoccermadrid.com\/en\/#website\"},\"datePublished\":\"2017-02-26T23:00:00+00:00\",\"dateModified\":\"2017-02-26T23:00:00+00:00\",\"author\":{\"@id\":\"https:\/\/www.intersoccermadrid.com\/en\/#\/schema\/person\/4843f782828393fd2fd34a6db5ce5d48\"},\"breadcrumb\":{\"@id\":\"https:\/\/www.intersoccermadrid.com\/en\/jornada-21-nuevo-empate-de-la-academia\/#breadcrumb\"},\"inLanguage\":\"en-US\",\"potentialAction\":[{\"@type\":\"ReadAction\",\"target\":[\"https:\/\/www.intersoccermadrid.com\/en\/jornada-21-nuevo-empate-de-la-academia\/\"]}]},{\"@type\":\"BreadcrumbList\",\"@id\":\"https:\/\/www.intersoccermadrid.com\/en\/jornada-21-nuevo-empate-de-la-academia\/#breadcrumb\",\"itemListElement\":[{\"@type\":\"ListItem\",\"position\":1,\"name\":\"Home\",\"item\":\"https:\/\/www.intersoccermadrid.com\/en\/\"},{\"@type\":\"ListItem\",\"position\":2,\"name\":\"Jornada 21 &#8211; Nuevo empate de la Academia\"}]},{\"@type\":\"WebSite\",\"@id\":\"https:\/\/www.intersoccermadrid.com\/en\/#website\",\"url\":\"https:\/\/www.intersoccermadrid.com\/en\/\",\"name\":\"International Soccer Academy of Madrid\",\"description\":\"International Soccer Academy of Madrid\",\"potentialAction\":[{\"@type\":\"SearchAction\",\"target\":{\"@type\":\"EntryPoint\",\"urlTemplate\":\"https:\/\/www.intersoccermadrid.com\/en\/?s={search_term_string}\"},\"query-input\":\"required name=search_term_string\"}],\"inLanguage\":\"en-US\"},{\"@type\":\"Person\",\"@id\":\"https:\/\/www.intersoccermadrid.com\/en\/#\/schema\/person\/4843f782828393fd2fd34a6db5ce5d48\",\"name\":\"Administrator\",\"image\":{\"@type\":\"ImageObject\",\"inLanguage\":\"en-US\",\"@id\":\"https:\/\/www.intersoccermadrid.com\/en\/#\/schema\/person\/image\/\",\"url\":\"https:\/\/secure.gravatar.com\/avatar\/85ec5305f9a568d3e58c20ee91decabf?s=96&d=mm&r=g\",\"contentUrl\":\"https:\/\/secure.gravatar.com\/avatar\/85ec5305f9a568d3e58c20ee91decabf?s=96&d=mm&r=g\",\"caption\":\"Administrator\"},\"url\":\"https:\/\/www.intersoccermadrid.com\/en\/author\/admin\/\"}]}<\/script>\n<!-- \/ Yoast SEO plugin. -->","yoast_head_json":{"title":"Jornada 21 - Nuevo empate de la Academia &middot; International Soccer Academy of Madrid","robots":{"index":"index","follow":"follow","max-snippet":"max-snippet:-1","max-image-preview":"max-image-preview:large","max-video-preview":"max-video-preview:-1"},"canonical":"https:\/\/www.intersoccermadrid.com\/en\/jornada-21-nuevo-empate-de-la-academia\/","og_locale":"en_US","og_type":"article","og_title":"Jornada 21 - Nuevo empate de la Academia &middot; International Soccer Academy of Madrid","og_description":"Jornada 21: A. C. INTERSOCCER MADRID &#8211; RAYO BRUNETE C.F. (0-0) La fortuna sigue esquivando al equipo senior de la A. C. Intersoccer y se reparten los puntos de nuevo, ante el Rayo Brunete C.F. en un partido totalmente dominado por los verdinegros.","og_url":"https:\/\/www.intersoccermadrid.com\/en\/jornada-21-nuevo-empate-de-la-academia\/","og_site_name":"International Soccer Academy of Madrid","article_published_time":"2017-02-26T23:00:00+00:00","og_image":[{"width":1311,"height":867,"url":"https:\/\/www.intersoccermadrid.com\/wp-content\/uploads\/2017\/02\/2017_j21_intersoccer_rayobrunete_01.jpg","type":"image\/jpeg"}],"author":"Administrator","twitter_card":"summary_large_image","twitter_misc":{"Written by":"Administrator","Est. reading time":"1 minute"},"schema":{"@context":"https:\/\/schema.org","@graph":[{"@type":"WebPage","@id":"https:\/\/www.intersoccermadrid.com\/en\/jornada-21-nuevo-empate-de-la-academia\/","url":"https:\/\/www.intersoccermadrid.com\/en\/jornada-21-nuevo-empate-de-la-academia\/","name":"Jornada 21 - Nuevo empate de la Academia &middot; International Soccer Academy of Madrid","isPartOf":{"@id":"https:\/\/www.intersoccermadrid.com\/en\/#website"},"datePublished":"2017-02-26T23:00:00+00:00","dateModified":"2017-02-26T23:00:00+00:00","author":{"@id":"https:\/\/www.intersoccermadrid.com\/en\/#\/schema\/person\/4843f782828393fd2fd34a6db5ce5d48"},"breadcrumb":{"@id":"https:\/\/www.intersoccermadrid.com\/en\/jornada-21-nuevo-empate-de-la-academia\/#breadcrumb"},"inLanguage":"en-US","potentialAction":[{"@type":"ReadAction","target":["https:\/\/www.intersoccermadrid.com\/en\/jornada-21-nuevo-empate-de-la-academia\/"]}]},{"@type":"BreadcrumbList","@id":"https:\/\/www.intersoccermadrid.com\/en\/jornada-21-nuevo-empate-de-la-academia\/#breadcrumb","itemListElement":[{"@type":"ListItem","position":1,"name":"Home","item":"https:\/\/www.intersoccermadrid.com\/en\/"},{"@type":"ListItem","position":2,"name":"Jornada 21 &#8211; Nuevo empate de la Academia"}]},{"@type":"WebSite","@id":"https:\/\/www.intersoccermadrid.com\/en\/#website","url":"https:\/\/www.intersoccermadrid.com\/en\/","name":"International Soccer Academy of Madrid","description":"International Soccer Academy of Madrid","potentialAction":[{"@type":"SearchAction","target":{"@type":"EntryPoint","urlTemplate":"https:\/\/www.intersoccermadrid.com\/en\/?s={search_term_string}"},"query-input":"required name=search_term_string"}],"inLanguage":"en-US"},{"@type":"Person","@id":"https:\/\/www.intersoccermadrid.com\/en\/#\/schema\/person\/4843f782828393fd2fd34a6db5ce5d48","name":"Administrator","image":{"@type":"ImageObject","inLanguage":"en-US","@id":"https:\/\/www.intersoccermadrid.com\/en\/#\/schema\/person\/image\/","url":"https:\/\/secure.gravatar.com\/avatar\/85ec5305f9a568d3e58c20ee91decabf?s=96&d=mm&r=g","contentUrl":"https:\/\/secure.gravatar.com\/avatar\/85ec5305f9a568d3e58c20ee91decabf?s=96&d=mm&r=g","caption":"Administrator"},"url":"https:\/\/www.intersoccermadrid.com\/en\/author\/admin\/"}]}},"_links":{"self":[{"href":"https:\/\/www.intersoccermadrid.com\/en\/wp-json\/wp\/v2\/posts\/752"}],"collection":[{"href":"https:\/\/www.intersoccermadrid.com\/en\/wp-json\/wp\/v2\/posts"}],"about":[{"href":"https:\/\/www.intersoccermadrid.com\/en\/wp-json\/wp\/v2\/types\/post"}],"author":[{"embeddable":true,"href":"https:\/\/www.intersoccermadrid.com\/en\/wp-json\/wp\/v2\/users\/2"}],"replies":[{"embeddable":true,"href":"https:\/\/www.intersoccermadrid.com\/en\/wp-json\/wp\/v2\/comments?post=752"}],"version-history":[{"count":0,"href":"https:\/\/www.intersoccermadrid.com\/en\/wp-json\/wp\/v2\/posts\/752\/revisions"}],"wp:featuredmedia":[{"embeddable":true,"href":"https:\/\/www.intersoccermadrid.com\/en\/wp-json\/wp\/v2\/media\/6923"}],"wp:attachment":[{"href":"https:\/\/www.intersoccermadrid.com\/en\/wp-json\/wp\/v2\/media?parent=752"}],"wp:term":[{"taxonomy":"category","embeddable":true,"href":"https:\/\/www.intersoccermadrid.com\/en\/wp-json\/wp\/v2\/categories?post=752"},{"taxonomy":"post_tag","embeddable":true,"href":"https:\/\/www.intersoccermadrid.com\/en\/wp-json\/wp\/v2\/tags?post=752"}],"curies":[{"name":"wp","href":"https:\/\/api.w.org\/{rel}","templated":true}]}}