{"id":702,"date":"2017-08-17T00:00:00","date_gmt":"2017-08-16T22:00:00","guid":{"rendered":"https:\/\/www.intersoccermadrid.com\/ienhorabuena-a-kike-hermoso-por-su-fichaje-por-el-rayo-vallecano-sad\/"},"modified":"2018-07-09T12:58:58","modified_gmt":"2018-07-09T10:58:58","slug":"ienhorabuena-a-kike-hermoso-por-su-fichaje-por-el-rayo-vallecano-sad","status":"publish","type":"post","link":"https:\/\/www.intersoccermadrid.com\/en\/ienhorabuena-a-kike-hermoso-por-su-fichaje-por-el-rayo-vallecano-sad\/","title":{"rendered":"\u00a1ENHORABUENA A KIKE HERMOSO POR SU FICHAJE POR EL RAYO VALLECANO SAD!"},"content":{"rendered":"<p>[et_pb_section bb_built=&#8221;1&#8243;][et_pb_row][et_pb_column type=&#8221;4_4&#8243;][et_pb_text]<\/p>\n<p>Todos los que componemos la organizaci\u00f3n deportiva A.C. INTERSOCCER MADRID, desde esta web, queremos dar nuestra m\u00e1s cordial enhorabuena a KIKE HERMOSO, jugador juvenil de nuestro club patrocinador, ALCOBENDAS LEVITT C.F. <!--more--> , qui\u00e9n, siendo a\u00fan jugador juvenil de dicho club, ha firmado por el club profesional RAYO VALLECANO SAD para incorporarse, en principio,\u00a0 su equipo senior B que milita en Tercera Divisi\u00f3n Nacional Grupo VII.<\/p>\n<p><!--<iframe loading=\"lazy\" width=\"320\" height=\"240\" src=\"\/\/www.youtube.com\/embed\/5QIQxATQka\" frameborder=\"0\"><\/iframe>--><\/p>\n<p>[\/et_pb_text][et_pb_gallery _builder_version=&#8221;3.9&#8243; fullwidth=&#8221;on&#8221; zoom_icon_color=&#8221;#2ea3f2&#8243; hover_overlay_color=&#8221;rgba(255,255,255,0.9)&#8221; \/][et_pb_text _builder_version=&#8221;3.9&#8243;]<\/p>\n<p>Tan fant\u00e1stica noticia, adem\u00e1s, ha sido ampliada en el hecho de que, ya en el Rayo Vallecano, Kike est\u00e1 realizando pretemporada con su primer equipo profesional que milita en Segunda Divisi\u00f3n A y donde ya ha jugado m\u00e1s de cinco partidos amistosos; tres de ellos como titular. \u00a1Incre\u00edble! \u00a1Ojal\u00e1 que le veamos pronto debutando en la Liga 1\/2\/3 que comienza durante los pr\u00f3ximos d\u00edas!<\/p>\n<p>Fruto del convenio existente entre el Alcobendas Levitt C.F. y nuestra organizaci\u00f3n A.C. Intersoccer Madrid -club filial del primero-, Kike, durante las dos \u00faltimas temporadas, ha jugado varios partidos amistosos de la &#8220;Liga Open de Talentos INTERSOCCER&#8221;, los dos \u00faltimos disputados durante el pasado mes de abril en Italia frente al equipo primavera del club Novara Calcio y frente a los juveniles de la Juventus de Tur\u00edn F.C.; recordado partido celebrado en Vinovo, en la ciudad deportiva de la m\u00edtica &#8220;vecchia signora&#8221;, y partido en el que Kike Hermoso ejerci\u00f3 como capit\u00e1n del combinado formado por chicos de INTERSOCCER y del ALCOBENDAS LEVITT.<\/p>\n<p>\u00a1KIKE, mucha suerte en ese espl\u00e9ndido futuro profesional que te espera inminentemente!<\/p>\n<p>\u00a1Y repetimos: nuestra ENHORABUENA m\u00e1s cordial desde la A.C. INTERSOCCER!<\/p>\n<p>[\/et_pb_text][\/et_pb_column][\/et_pb_row][\/et_pb_section]<\/p>\n","protected":false},"excerpt":{"rendered":"<p><div class=\"et_pb_row et_pb_row_0 et_pb_row_empty\">\n\t\t\t\t\n\t\t\t\t\n\t\t\t\t\n\t\t\t\t\n\t\t\t\t\n\t\t\t<\/div><div class=\"et_pb_module et_pb_text et_pb_text_0  et_pb_text_align_left et_pb_bg_layout_light\">\n\t\t\t\t\n\t\t\t\t\n\t\t\t\t\n\t\t\t\t\n\t\t\t\t\n\t\t\t<\/div> Todos los que componemos la organizaci\u00f3n deportiva A.C. INTERSOCCER MADRID, desde esta web, queremos dar nuestra m\u00e1s cordial enhorabuena a KIKE HERMOSO, jugador juvenil de nuestro club patrocinador, ALCOBENDAS LEVITT C.F. , qui\u00e9n, siendo a\u00fan jugador juvenil de dicho club, ha firmado por el club profesional RAYO VALLECANO SAD para incorporarse, en principio,\u00a0 su [&hellip;]<\/p>\n","protected":false},"author":2,"featured_media":6696,"comment_status":"open","ping_status":"open","sticky":false,"template":"","format":"standard","meta":{"_et_pb_use_builder":"on","_et_pb_old_content":"<p>Todos los que componemos la organizaci\u00f3n deportiva A.C. INTERSOCCER MADRID, desde esta web, queremos dar nuestra m\u00e1s cordial enhorabuena a KIKE HERMOSO, jugador juvenil de nuestro club patrocinador, ALCOBENDAS LEVITT C.F. <!--more--> , qui\u00e9n, siendo a\u00fan jugador juvenil de dicho club, ha firmado por el club profesional RAYO VALLECANO SAD para incorporarse, en principio,\u00a0 su equipo senior B que milita en Tercera Divisi\u00f3n Nacional Grupo VII.<\/p><p><!--<iframe width=\"320\" height=\"240\" src=\"\/\/www.youtube.com\/embed\/5QIQxATQka\" frameborder=\"0\"><\/iframe>--><\/p>","_et_gb_content_width":""},"categories":[8],"tags":[],"yoast_head":"<!-- This site is optimized with the Yoast SEO plugin v20.9 - https:\/\/yoast.com\/wordpress\/plugins\/seo\/ -->\n<title>\u00a1ENHORABUENA A KIKE HERMOSO POR SU FICHAJE POR EL RAYO VALLECANO SAD! &middot; International Soccer Academy of Madrid<\/title>\n<meta name=\"robots\" content=\"index, follow, max-snippet:-1, max-image-preview:large, max-video-preview:-1\" \/>\n<link rel=\"canonical\" href=\"https:\/\/www.intersoccermadrid.com\/en\/ienhorabuena-a-kike-hermoso-por-su-fichaje-por-el-rayo-vallecano-sad\/\" \/>\n<meta property=\"og:locale\" content=\"en_US\" \/>\n<meta property=\"og:type\" content=\"article\" \/>\n<meta property=\"og:title\" content=\"\u00a1ENHORABUENA A KIKE HERMOSO POR SU FICHAJE POR EL RAYO VALLECANO SAD! &middot; International Soccer Academy of Madrid\" \/>\n<meta property=\"og:description\" content=\"Todos los que componemos la organizaci\u00f3n deportiva A.C. INTERSOCCER MADRID, desde esta web, queremos dar nuestra m\u00e1s cordial enhorabuena a KIKE HERMOSO, jugador juvenil de nuestro club patrocinador, ALCOBENDAS LEVITT C.F. , qui\u00e9n, siendo a\u00fan jugador juvenil de dicho club, ha firmado por el club profesional RAYO VALLECANO SAD para incorporarse, en principio,\u00a0 su [&hellip;]\" \/>\n<meta property=\"og:url\" content=\"https:\/\/www.intersoccermadrid.com\/en\/ienhorabuena-a-kike-hermoso-por-su-fichaje-por-el-rayo-vallecano-sad\/\" \/>\n<meta property=\"og:site_name\" content=\"International Soccer Academy of Madrid\" \/>\n<meta property=\"article:published_time\" content=\"2017-08-16T22:00:00+00:00\" \/>\n<meta property=\"article:modified_time\" content=\"2018-07-09T10:58:58+00:00\" \/>\n<meta property=\"og:image\" content=\"https:\/\/www.intersoccermadrid.com\/wp-content\/uploads\/2017\/08\/2017_kike_con_rayo_vallecano_01.jpg\" \/>\n\t<meta property=\"og:image:width\" content=\"800\" \/>\n\t<meta property=\"og:image:height\" content=\"600\" \/>\n\t<meta property=\"og:image:type\" content=\"image\/jpeg\" \/>\n<meta name=\"author\" content=\"Administrator\" \/>\n<meta name=\"twitter:card\" content=\"summary_large_image\" \/>\n<meta name=\"twitter:label1\" content=\"Written by\" \/>\n\t<meta name=\"twitter:data1\" content=\"Administrator\" \/>\n\t<meta name=\"twitter:label2\" content=\"Est. reading time\" \/>\n\t<meta name=\"twitter:data2\" content=\"2 minutes\" \/>\n<script type=\"application\/ld+json\" class=\"yoast-schema-graph\">{\"@context\":\"https:\/\/schema.org\",\"@graph\":[{\"@type\":\"WebPage\",\"@id\":\"https:\/\/www.intersoccermadrid.com\/en\/ienhorabuena-a-kike-hermoso-por-su-fichaje-por-el-rayo-vallecano-sad\/\",\"url\":\"https:\/\/www.intersoccermadrid.com\/en\/ienhorabuena-a-kike-hermoso-por-su-fichaje-por-el-rayo-vallecano-sad\/\",\"name\":\"\u00a1ENHORABUENA A KIKE HERMOSO POR SU FICHAJE POR EL RAYO VALLECANO SAD! &middot; International Soccer Academy of Madrid\",\"isPartOf\":{\"@id\":\"https:\/\/www.intersoccermadrid.com\/en\/#website\"},\"datePublished\":\"2017-08-16T22:00:00+00:00\",\"dateModified\":\"2018-07-09T10:58:58+00:00\",\"author\":{\"@id\":\"https:\/\/www.intersoccermadrid.com\/en\/#\/schema\/person\/4843f782828393fd2fd34a6db5ce5d48\"},\"breadcrumb\":{\"@id\":\"https:\/\/www.intersoccermadrid.com\/en\/ienhorabuena-a-kike-hermoso-por-su-fichaje-por-el-rayo-vallecano-sad\/#breadcrumb\"},\"inLanguage\":\"en-US\",\"potentialAction\":[{\"@type\":\"ReadAction\",\"target\":[\"https:\/\/www.intersoccermadrid.com\/en\/ienhorabuena-a-kike-hermoso-por-su-fichaje-por-el-rayo-vallecano-sad\/\"]}]},{\"@type\":\"BreadcrumbList\",\"@id\":\"https:\/\/www.intersoccermadrid.com\/en\/ienhorabuena-a-kike-hermoso-por-su-fichaje-por-el-rayo-vallecano-sad\/#breadcrumb\",\"itemListElement\":[{\"@type\":\"ListItem\",\"position\":1,\"name\":\"Home\",\"item\":\"https:\/\/www.intersoccermadrid.com\/en\/\"},{\"@type\":\"ListItem\",\"position\":2,\"name\":\"\u00a1ENHORABUENA A KIKE HERMOSO POR SU FICHAJE POR EL RAYO VALLECANO SAD!\"}]},{\"@type\":\"WebSite\",\"@id\":\"https:\/\/www.intersoccermadrid.com\/en\/#website\",\"url\":\"https:\/\/www.intersoccermadrid.com\/en\/\",\"name\":\"International Soccer Academy of Madrid\",\"description\":\"International Soccer Academy of Madrid\",\"potentialAction\":[{\"@type\":\"SearchAction\",\"target\":{\"@type\":\"EntryPoint\",\"urlTemplate\":\"https:\/\/www.intersoccermadrid.com\/en\/?s={search_term_string}\"},\"query-input\":\"required name=search_term_string\"}],\"inLanguage\":\"en-US\"},{\"@type\":\"Person\",\"@id\":\"https:\/\/www.intersoccermadrid.com\/en\/#\/schema\/person\/4843f782828393fd2fd34a6db5ce5d48\",\"name\":\"Administrator\",\"image\":{\"@type\":\"ImageObject\",\"inLanguage\":\"en-US\",\"@id\":\"https:\/\/www.intersoccermadrid.com\/en\/#\/schema\/person\/image\/\",\"url\":\"https:\/\/secure.gravatar.com\/avatar\/85ec5305f9a568d3e58c20ee91decabf?s=96&d=mm&r=g\",\"contentUrl\":\"https:\/\/secure.gravatar.com\/avatar\/85ec5305f9a568d3e58c20ee91decabf?s=96&d=mm&r=g\",\"caption\":\"Administrator\"},\"url\":\"https:\/\/www.intersoccermadrid.com\/en\/author\/admin\/\"}]}<\/script>\n<!-- \/ Yoast SEO plugin. -->","yoast_head_json":{"title":"\u00a1ENHORABUENA A KIKE HERMOSO POR SU FICHAJE POR EL RAYO VALLECANO SAD! &middot; International Soccer Academy of Madrid","robots":{"index":"index","follow":"follow","max-snippet":"max-snippet:-1","max-image-preview":"max-image-preview:large","max-video-preview":"max-video-preview:-1"},"canonical":"https:\/\/www.intersoccermadrid.com\/en\/ienhorabuena-a-kike-hermoso-por-su-fichaje-por-el-rayo-vallecano-sad\/","og_locale":"en_US","og_type":"article","og_title":"\u00a1ENHORABUENA A KIKE HERMOSO POR SU FICHAJE POR EL RAYO VALLECANO SAD! &middot; International Soccer Academy of Madrid","og_description":"Todos los que componemos la organizaci\u00f3n deportiva A.C. INTERSOCCER MADRID, desde esta web, queremos dar nuestra m\u00e1s cordial enhorabuena a KIKE HERMOSO, jugador juvenil de nuestro club patrocinador, ALCOBENDAS LEVITT C.F. , qui\u00e9n, siendo a\u00fan jugador juvenil de dicho club, ha firmado por el club profesional RAYO VALLECANO SAD para incorporarse, en principio,\u00a0 su [&hellip;]","og_url":"https:\/\/www.intersoccermadrid.com\/en\/ienhorabuena-a-kike-hermoso-por-su-fichaje-por-el-rayo-vallecano-sad\/","og_site_name":"International Soccer Academy of Madrid","article_published_time":"2017-08-16T22:00:00+00:00","article_modified_time":"2018-07-09T10:58:58+00:00","og_image":[{"width":800,"height":600,"url":"https:\/\/www.intersoccermadrid.com\/wp-content\/uploads\/2017\/08\/2017_kike_con_rayo_vallecano_01.jpg","type":"image\/jpeg"}],"author":"Administrator","twitter_card":"summary_large_image","twitter_misc":{"Written by":"Administrator","Est. reading time":"2 minutes"},"schema":{"@context":"https:\/\/schema.org","@graph":[{"@type":"WebPage","@id":"https:\/\/www.intersoccermadrid.com\/en\/ienhorabuena-a-kike-hermoso-por-su-fichaje-por-el-rayo-vallecano-sad\/","url":"https:\/\/www.intersoccermadrid.com\/en\/ienhorabuena-a-kike-hermoso-por-su-fichaje-por-el-rayo-vallecano-sad\/","name":"\u00a1ENHORABUENA A KIKE HERMOSO POR SU FICHAJE POR EL RAYO VALLECANO SAD! &middot; International Soccer Academy of Madrid","isPartOf":{"@id":"https:\/\/www.intersoccermadrid.com\/en\/#website"},"datePublished":"2017-08-16T22:00:00+00:00","dateModified":"2018-07-09T10:58:58+00:00","author":{"@id":"https:\/\/www.intersoccermadrid.com\/en\/#\/schema\/person\/4843f782828393fd2fd34a6db5ce5d48"},"breadcrumb":{"@id":"https:\/\/www.intersoccermadrid.com\/en\/ienhorabuena-a-kike-hermoso-por-su-fichaje-por-el-rayo-vallecano-sad\/#breadcrumb"},"inLanguage":"en-US","potentialAction":[{"@type":"ReadAction","target":["https:\/\/www.intersoccermadrid.com\/en\/ienhorabuena-a-kike-hermoso-por-su-fichaje-por-el-rayo-vallecano-sad\/"]}]},{"@type":"BreadcrumbList","@id":"https:\/\/www.intersoccermadrid.com\/en\/ienhorabuena-a-kike-hermoso-por-su-fichaje-por-el-rayo-vallecano-sad\/#breadcrumb","itemListElement":[{"@type":"ListItem","position":1,"name":"Home","item":"https:\/\/www.intersoccermadrid.com\/en\/"},{"@type":"ListItem","position":2,"name":"\u00a1ENHORABUENA A KIKE HERMOSO POR SU FICHAJE POR EL RAYO VALLECANO SAD!"}]},{"@type":"WebSite","@id":"https:\/\/www.intersoccermadrid.com\/en\/#website","url":"https:\/\/www.intersoccermadrid.com\/en\/","name":"International Soccer Academy of Madrid","description":"International Soccer Academy of Madrid","potentialAction":[{"@type":"SearchAction","target":{"@type":"EntryPoint","urlTemplate":"https:\/\/www.intersoccermadrid.com\/en\/?s={search_term_string}"},"query-input":"required name=search_term_string"}],"inLanguage":"en-US"},{"@type":"Person","@id":"https:\/\/www.intersoccermadrid.com\/en\/#\/schema\/person\/4843f782828393fd2fd34a6db5ce5d48","name":"Administrator","image":{"@type":"ImageObject","inLanguage":"en-US","@id":"https:\/\/www.intersoccermadrid.com\/en\/#\/schema\/person\/image\/","url":"https:\/\/secure.gravatar.com\/avatar\/85ec5305f9a568d3e58c20ee91decabf?s=96&d=mm&r=g","contentUrl":"https:\/\/secure.gravatar.com\/avatar\/85ec5305f9a568d3e58c20ee91decabf?s=96&d=mm&r=g","caption":"Administrator"},"url":"https:\/\/www.intersoccermadrid.com\/en\/author\/admin\/"}]}},"_links":{"self":[{"href":"https:\/\/www.intersoccermadrid.com\/en\/wp-json\/wp\/v2\/posts\/702"}],"collection":[{"href":"https:\/\/www.intersoccermadrid.com\/en\/wp-json\/wp\/v2\/posts"}],"about":[{"href":"https:\/\/www.intersoccermadrid.com\/en\/wp-json\/wp\/v2\/types\/post"}],"author":[{"embeddable":true,"href":"https:\/\/www.intersoccermadrid.com\/en\/wp-json\/wp\/v2\/users\/2"}],"replies":[{"embeddable":true,"href":"https:\/\/www.intersoccermadrid.com\/en\/wp-json\/wp\/v2\/comments?post=702"}],"version-history":[{"count":1,"href":"https:\/\/www.intersoccermadrid.com\/en\/wp-json\/wp\/v2\/posts\/702\/revisions"}],"predecessor-version":[{"id":8312,"href":"https:\/\/www.intersoccermadrid.com\/en\/wp-json\/wp\/v2\/posts\/702\/revisions\/8312"}],"wp:featuredmedia":[{"embeddable":true,"href":"https:\/\/www.intersoccermadrid.com\/en\/wp-json\/wp\/v2\/media\/6696"}],"wp:attachment":[{"href":"https:\/\/www.intersoccermadrid.com\/en\/wp-json\/wp\/v2\/media?parent=702"}],"wp:term":[{"taxonomy":"category","embeddable":true,"href":"https:\/\/www.intersoccermadrid.com\/en\/wp-json\/wp\/v2\/categories?post=702"},{"taxonomy":"post_tag","embeddable":true,"href":"https:\/\/www.intersoccermadrid.com\/en\/wp-json\/wp\/v2\/tags?post=702"}],"curies":[{"name":"wp","href":"https:\/\/api.w.org\/{rel}","templated":true}]}}