{"id":700,"date":"2017-07-26T00:00:00","date_gmt":"2017-07-25T22:00:00","guid":{"rendered":"https:\/\/www.intersoccermadrid.com\/pierre-antiguo-alumno-de-intersoccer-sigue-su-carrera-ascendente-y-ficha-con-el-granada-cf\/"},"modified":"2017-07-26T00:00:00","modified_gmt":"2017-07-25T22:00:00","slug":"pierre-antiguo-alumno-de-intersoccer-sigue-su-carrera-ascendente-y-ficha-con-el-granada-cf","status":"publish","type":"post","link":"https:\/\/www.intersoccermadrid.com\/en\/pierre-antiguo-alumno-de-intersoccer-sigue-su-carrera-ascendente-y-ficha-con-el-granada-cf\/","title":{"rendered":"Pierre, antiguo alumno de INTERSOCCER, sigue su carrera ascendente y ficha con el GRANADA C.F."},"content":{"rendered":"<p><img decoding=\"async\" loading=\"lazy\" class=\" alignleft size-full wp-image-6688\" src=\"https:\/\/www.intersoccermadrid.com\/wp-content\/uploads\/2017\/07\/2017_pierre_ficha_granada_01.jpg\" border=\"0\" alt=\"Pierre, antiguo alumno de INTERSOCCER, sigue su carrera ascendente y ficha con el GRANADA C.F.\" title=\"Pierre, antiguo alumno de INTERSOCCER, sigue su carrera ascendente y ficha con el GRANADA C.F.\" align=\"left\" width=\"800\" height=\"587\" srcset=\"https:\/\/www.intersoccermadrid.com\/wp-content\/uploads\/2017\/07\/2017_pierre_ficha_granada_01.jpg 800w, https:\/\/www.intersoccermadrid.com\/wp-content\/uploads\/2017\/07\/2017_pierre_ficha_granada_01-300x220.jpg 300w, https:\/\/www.intersoccermadrid.com\/wp-content\/uploads\/2017\/07\/2017_pierre_ficha_granada_01-768x564.jpg 768w\" sizes=\"(max-width: 800px) 100vw, 800px\" \/><\/p>\n<p>Pierre Kunde Malong est\u00e1 demostrando como un jugador surgido de nuestro programa de \u201cTalentos Intersoccer\u201d puede realizar una carrera ascendente en el f\u00fatbol profesional <!--more-->  manteniendo intactas dos constantes: trabajo y humildad.  <\/p>\n<p>Desde su llegada a la Academia Club Intersoccer Madrid procedente de Camer\u00fan, Pierre destac\u00f3 por su talento que le hizo merecedor desde el siguiente a\u00f1o de su llegada a Espa\u00f1a de un contrato con el Atl\u00e9tico de Madrid -club con el que tiene contrato desde la temporada 2013-2014-. Antes, mientras se formaba en la academia, jug\u00f3 en el Alcobendas Levitt C.F. -club patrocinador de la A.C. Intersoccer Madrid-, desde donde se dio a conocer a su actual club. Despu\u00e9s de jugar con el juvenil de Divisi\u00f3n de Honor -donde disput\u00f3 tambi\u00e9n la Youth League de la categor\u00eda- y con el filial del Atl\u00e9tico de Madrid, fue cedido al Extemadura UD, donde la temporada pasada, como ya recog\u00edamos en esta p\u00e1gina, logr\u00f3 destacar sobremanera en la categor\u00eda de la segunda b espa\u00f1ola, consiguiendo, desde su posici\u00f3n de mediocentro, la friolera de 11 goles para su equipo, algunos dignos de ser enmarcados. Entre tanto, tambi\u00e9n ha sido llamado en varias ocasiones por la selecci\u00f3n sub-23 de Camer\u00fan. Ayer,  despu\u00e9s de este brillante bagaje en su formaci\u00f3n, logra por m\u00e9ritos propios conseguir una plaza en la categor\u00eda de plata del f\u00fatbol espa\u00f1ol con el Granada C.F., donde llega como cedido del Atl\u00e9tico de Madrid. <\/p>\n<p>Desde Intersoccer nos alegramos enormemente de este nuevo paso en la carrera de Pierre. Estamos convencidos de que todav\u00eda no ha parado de crecer y queremos desearle mucha suerte en tu nuevo periplo profesional con el Granada CF. Queremos tambi\u00e9n agradecer a nuestro colaborador, la agencia de jugadores ISSports, por la gran profesionalidad que han demostrado en su colaboraci\u00f3n para la consecuci\u00f3n de este nuevo contrato para el gran talento surgido de la Academia Intersoccer. <\/p>\n<p>\u00a1Enhorabuena Pierre! \u00a1Te deseamos los mayores \u00e9xitos! <\/p>\n<p><img decoding=\"async\" loading=\"lazy\" class=\" alignleft size-full wp-image-6689\" src=\"https:\/\/www.intersoccermadrid.com\/wp-content\/uploads\/2017\/07\/2017_pierre_ficha_granada_02.jpg\" border=\"0\" alt=\"Pierre, antiguo alumno de INTERSOCCER, sigue su carrera ascendente y ficha con el GRANADA C.F.\" title=\"Pierre, antiguo alumno de INTERSOCCER, sigue su carrera ascendente y ficha con el GRANADA C.F.\" align=\"left\" width=\"600\" height=\"800\" srcset=\"https:\/\/www.intersoccermadrid.com\/wp-content\/uploads\/2017\/07\/2017_pierre_ficha_granada_02.jpg 600w, https:\/\/www.intersoccermadrid.com\/wp-content\/uploads\/2017\/07\/2017_pierre_ficha_granada_02-225x300.jpg 225w\" sizes=\"(max-width: 600px) 100vw, 600px\" \/><\/p>\n<p>   <!--<iframe loading=\"lazy\" width=\"320\" height=\"240\" src=\"\/\/www.youtube.com\/embed\/5QIQxATQka\" frameborder=\"0\"><\/iframe>--><\/p>\n","protected":false},"excerpt":{"rendered":"<p>Pierre Kunde Malong est\u00e1 demostrando como un jugador surgido de nuestro programa de \u201cTalentos Intersoccer\u201d puede realizar una carrera ascendente en el f\u00fatbol profesional<\/p>\n","protected":false},"author":2,"featured_media":6688,"comment_status":"open","ping_status":"open","sticky":false,"template":"","format":"standard","meta":{"_et_pb_use_builder":"","_et_pb_old_content":"","_et_gb_content_width":""},"categories":[8],"tags":[],"yoast_head":"<!-- This site is optimized with the Yoast SEO plugin v20.9 - https:\/\/yoast.com\/wordpress\/plugins\/seo\/ -->\n<title>Pierre, antiguo alumno de INTERSOCCER, sigue su carrera ascendente y ficha con el GRANADA C.F. &middot; International Soccer Academy of Madrid<\/title>\n<meta name=\"robots\" content=\"index, follow, max-snippet:-1, max-image-preview:large, max-video-preview:-1\" \/>\n<link rel=\"canonical\" href=\"https:\/\/www.intersoccermadrid.com\/en\/pierre-antiguo-alumno-de-intersoccer-sigue-su-carrera-ascendente-y-ficha-con-el-granada-cf\/\" \/>\n<meta property=\"og:locale\" content=\"en_US\" \/>\n<meta property=\"og:type\" content=\"article\" \/>\n<meta property=\"og:title\" content=\"Pierre, antiguo alumno de INTERSOCCER, sigue su carrera ascendente y ficha con el GRANADA C.F. &middot; International Soccer Academy of Madrid\" \/>\n<meta property=\"og:description\" content=\"Pierre Kunde Malong est\u00e1 demostrando como un jugador surgido de nuestro programa de \u201cTalentos Intersoccer\u201d puede realizar una carrera ascendente en el f\u00fatbol profesional\" \/>\n<meta property=\"og:url\" content=\"https:\/\/www.intersoccermadrid.com\/en\/pierre-antiguo-alumno-de-intersoccer-sigue-su-carrera-ascendente-y-ficha-con-el-granada-cf\/\" \/>\n<meta property=\"og:site_name\" content=\"International Soccer Academy of Madrid\" \/>\n<meta property=\"article:published_time\" content=\"2017-07-25T22:00:00+00:00\" \/>\n<meta property=\"og:image\" content=\"https:\/\/www.intersoccermadrid.com\/wp-content\/uploads\/2017\/07\/2017_pierre_ficha_granada_01.jpg\" \/>\n\t<meta property=\"og:image:width\" content=\"800\" \/>\n\t<meta property=\"og:image:height\" content=\"587\" \/>\n\t<meta property=\"og:image:type\" content=\"image\/jpeg\" \/>\n<meta name=\"author\" content=\"Administrator\" \/>\n<meta name=\"twitter:card\" content=\"summary_large_image\" \/>\n<meta name=\"twitter:label1\" content=\"Written by\" \/>\n\t<meta name=\"twitter:data1\" content=\"Administrator\" \/>\n\t<meta name=\"twitter:label2\" content=\"Est. reading time\" \/>\n\t<meta name=\"twitter:data2\" content=\"2 minutes\" \/>\n<script type=\"application\/ld+json\" class=\"yoast-schema-graph\">{\"@context\":\"https:\/\/schema.org\",\"@graph\":[{\"@type\":\"WebPage\",\"@id\":\"https:\/\/www.intersoccermadrid.com\/en\/pierre-antiguo-alumno-de-intersoccer-sigue-su-carrera-ascendente-y-ficha-con-el-granada-cf\/\",\"url\":\"https:\/\/www.intersoccermadrid.com\/en\/pierre-antiguo-alumno-de-intersoccer-sigue-su-carrera-ascendente-y-ficha-con-el-granada-cf\/\",\"name\":\"Pierre, antiguo alumno de INTERSOCCER, sigue su carrera ascendente y ficha con el GRANADA C.F. &middot; International Soccer Academy of Madrid\",\"isPartOf\":{\"@id\":\"https:\/\/www.intersoccermadrid.com\/en\/#website\"},\"datePublished\":\"2017-07-25T22:00:00+00:00\",\"dateModified\":\"2017-07-25T22:00:00+00:00\",\"author\":{\"@id\":\"https:\/\/www.intersoccermadrid.com\/en\/#\/schema\/person\/4843f782828393fd2fd34a6db5ce5d48\"},\"breadcrumb\":{\"@id\":\"https:\/\/www.intersoccermadrid.com\/en\/pierre-antiguo-alumno-de-intersoccer-sigue-su-carrera-ascendente-y-ficha-con-el-granada-cf\/#breadcrumb\"},\"inLanguage\":\"en-US\",\"potentialAction\":[{\"@type\":\"ReadAction\",\"target\":[\"https:\/\/www.intersoccermadrid.com\/en\/pierre-antiguo-alumno-de-intersoccer-sigue-su-carrera-ascendente-y-ficha-con-el-granada-cf\/\"]}]},{\"@type\":\"BreadcrumbList\",\"@id\":\"https:\/\/www.intersoccermadrid.com\/en\/pierre-antiguo-alumno-de-intersoccer-sigue-su-carrera-ascendente-y-ficha-con-el-granada-cf\/#breadcrumb\",\"itemListElement\":[{\"@type\":\"ListItem\",\"position\":1,\"name\":\"Home\",\"item\":\"https:\/\/www.intersoccermadrid.com\/en\/\"},{\"@type\":\"ListItem\",\"position\":2,\"name\":\"Pierre, antiguo alumno de INTERSOCCER, sigue su carrera ascendente y ficha con el GRANADA C.F.\"}]},{\"@type\":\"WebSite\",\"@id\":\"https:\/\/www.intersoccermadrid.com\/en\/#website\",\"url\":\"https:\/\/www.intersoccermadrid.com\/en\/\",\"name\":\"International Soccer Academy of Madrid\",\"description\":\"International Soccer Academy of Madrid\",\"potentialAction\":[{\"@type\":\"SearchAction\",\"target\":{\"@type\":\"EntryPoint\",\"urlTemplate\":\"https:\/\/www.intersoccermadrid.com\/en\/?s={search_term_string}\"},\"query-input\":\"required name=search_term_string\"}],\"inLanguage\":\"en-US\"},{\"@type\":\"Person\",\"@id\":\"https:\/\/www.intersoccermadrid.com\/en\/#\/schema\/person\/4843f782828393fd2fd34a6db5ce5d48\",\"name\":\"Administrator\",\"image\":{\"@type\":\"ImageObject\",\"inLanguage\":\"en-US\",\"@id\":\"https:\/\/www.intersoccermadrid.com\/en\/#\/schema\/person\/image\/\",\"url\":\"https:\/\/secure.gravatar.com\/avatar\/85ec5305f9a568d3e58c20ee91decabf?s=96&d=mm&r=g\",\"contentUrl\":\"https:\/\/secure.gravatar.com\/avatar\/85ec5305f9a568d3e58c20ee91decabf?s=96&d=mm&r=g\",\"caption\":\"Administrator\"},\"url\":\"https:\/\/www.intersoccermadrid.com\/en\/author\/admin\/\"}]}<\/script>\n<!-- \/ Yoast SEO plugin. -->","yoast_head_json":{"title":"Pierre, antiguo alumno de INTERSOCCER, sigue su carrera ascendente y ficha con el GRANADA C.F. &middot; International Soccer Academy of Madrid","robots":{"index":"index","follow":"follow","max-snippet":"max-snippet:-1","max-image-preview":"max-image-preview:large","max-video-preview":"max-video-preview:-1"},"canonical":"https:\/\/www.intersoccermadrid.com\/en\/pierre-antiguo-alumno-de-intersoccer-sigue-su-carrera-ascendente-y-ficha-con-el-granada-cf\/","og_locale":"en_US","og_type":"article","og_title":"Pierre, antiguo alumno de INTERSOCCER, sigue su carrera ascendente y ficha con el GRANADA C.F. &middot; International Soccer Academy of Madrid","og_description":"Pierre Kunde Malong est\u00e1 demostrando como un jugador surgido de nuestro programa de \u201cTalentos Intersoccer\u201d puede realizar una carrera ascendente en el f\u00fatbol profesional","og_url":"https:\/\/www.intersoccermadrid.com\/en\/pierre-antiguo-alumno-de-intersoccer-sigue-su-carrera-ascendente-y-ficha-con-el-granada-cf\/","og_site_name":"International Soccer Academy of Madrid","article_published_time":"2017-07-25T22:00:00+00:00","og_image":[{"width":800,"height":587,"url":"https:\/\/www.intersoccermadrid.com\/wp-content\/uploads\/2017\/07\/2017_pierre_ficha_granada_01.jpg","type":"image\/jpeg"}],"author":"Administrator","twitter_card":"summary_large_image","twitter_misc":{"Written by":"Administrator","Est. reading time":"2 minutes"},"schema":{"@context":"https:\/\/schema.org","@graph":[{"@type":"WebPage","@id":"https:\/\/www.intersoccermadrid.com\/en\/pierre-antiguo-alumno-de-intersoccer-sigue-su-carrera-ascendente-y-ficha-con-el-granada-cf\/","url":"https:\/\/www.intersoccermadrid.com\/en\/pierre-antiguo-alumno-de-intersoccer-sigue-su-carrera-ascendente-y-ficha-con-el-granada-cf\/","name":"Pierre, antiguo alumno de INTERSOCCER, sigue su carrera ascendente y ficha con el GRANADA C.F. &middot; International Soccer Academy of Madrid","isPartOf":{"@id":"https:\/\/www.intersoccermadrid.com\/en\/#website"},"datePublished":"2017-07-25T22:00:00+00:00","dateModified":"2017-07-25T22:00:00+00:00","author":{"@id":"https:\/\/www.intersoccermadrid.com\/en\/#\/schema\/person\/4843f782828393fd2fd34a6db5ce5d48"},"breadcrumb":{"@id":"https:\/\/www.intersoccermadrid.com\/en\/pierre-antiguo-alumno-de-intersoccer-sigue-su-carrera-ascendente-y-ficha-con-el-granada-cf\/#breadcrumb"},"inLanguage":"en-US","potentialAction":[{"@type":"ReadAction","target":["https:\/\/www.intersoccermadrid.com\/en\/pierre-antiguo-alumno-de-intersoccer-sigue-su-carrera-ascendente-y-ficha-con-el-granada-cf\/"]}]},{"@type":"BreadcrumbList","@id":"https:\/\/www.intersoccermadrid.com\/en\/pierre-antiguo-alumno-de-intersoccer-sigue-su-carrera-ascendente-y-ficha-con-el-granada-cf\/#breadcrumb","itemListElement":[{"@type":"ListItem","position":1,"name":"Home","item":"https:\/\/www.intersoccermadrid.com\/en\/"},{"@type":"ListItem","position":2,"name":"Pierre, antiguo alumno de INTERSOCCER, sigue su carrera ascendente y ficha con el GRANADA C.F."}]},{"@type":"WebSite","@id":"https:\/\/www.intersoccermadrid.com\/en\/#website","url":"https:\/\/www.intersoccermadrid.com\/en\/","name":"International Soccer Academy of Madrid","description":"International Soccer Academy of Madrid","potentialAction":[{"@type":"SearchAction","target":{"@type":"EntryPoint","urlTemplate":"https:\/\/www.intersoccermadrid.com\/en\/?s={search_term_string}"},"query-input":"required name=search_term_string"}],"inLanguage":"en-US"},{"@type":"Person","@id":"https:\/\/www.intersoccermadrid.com\/en\/#\/schema\/person\/4843f782828393fd2fd34a6db5ce5d48","name":"Administrator","image":{"@type":"ImageObject","inLanguage":"en-US","@id":"https:\/\/www.intersoccermadrid.com\/en\/#\/schema\/person\/image\/","url":"https:\/\/secure.gravatar.com\/avatar\/85ec5305f9a568d3e58c20ee91decabf?s=96&d=mm&r=g","contentUrl":"https:\/\/secure.gravatar.com\/avatar\/85ec5305f9a568d3e58c20ee91decabf?s=96&d=mm&r=g","caption":"Administrator"},"url":"https:\/\/www.intersoccermadrid.com\/en\/author\/admin\/"}]}},"_links":{"self":[{"href":"https:\/\/www.intersoccermadrid.com\/en\/wp-json\/wp\/v2\/posts\/700"}],"collection":[{"href":"https:\/\/www.intersoccermadrid.com\/en\/wp-json\/wp\/v2\/posts"}],"about":[{"href":"https:\/\/www.intersoccermadrid.com\/en\/wp-json\/wp\/v2\/types\/post"}],"author":[{"embeddable":true,"href":"https:\/\/www.intersoccermadrid.com\/en\/wp-json\/wp\/v2\/users\/2"}],"replies":[{"embeddable":true,"href":"https:\/\/www.intersoccermadrid.com\/en\/wp-json\/wp\/v2\/comments?post=700"}],"version-history":[{"count":0,"href":"https:\/\/www.intersoccermadrid.com\/en\/wp-json\/wp\/v2\/posts\/700\/revisions"}],"wp:featuredmedia":[{"embeddable":true,"href":"https:\/\/www.intersoccermadrid.com\/en\/wp-json\/wp\/v2\/media\/6688"}],"wp:attachment":[{"href":"https:\/\/www.intersoccermadrid.com\/en\/wp-json\/wp\/v2\/media?parent=700"}],"wp:term":[{"taxonomy":"category","embeddable":true,"href":"https:\/\/www.intersoccermadrid.com\/en\/wp-json\/wp\/v2\/categories?post=700"},{"taxonomy":"post_tag","embeddable":true,"href":"https:\/\/www.intersoccermadrid.com\/en\/wp-json\/wp\/v2\/tags?post=700"}],"curies":[{"name":"wp","href":"https:\/\/api.w.org\/{rel}","templated":true}]}}