{"id":692,"date":"2017-05-22T00:00:00","date_gmt":"2017-05-21T22:00:00","guid":{"rendered":"https:\/\/www.intersoccermadrid.com\/sory-kaba-primer-alumno-de-intersoccer-que-debuta-como-titular-en-segunda-a-profesional-vistiendo-la-camiseta-del-elche-cf\/"},"modified":"2017-05-22T00:00:00","modified_gmt":"2017-05-21T22:00:00","slug":"sory-kaba-primer-alumno-de-intersoccer-que-debuta-como-titular-en-segunda-a-profesional-vistiendo-la-camiseta-del-elche-cf","status":"publish","type":"post","link":"https:\/\/www.intersoccermadrid.com\/en\/sory-kaba-primer-alumno-de-intersoccer-que-debuta-como-titular-en-segunda-a-profesional-vistiendo-la-camiseta-del-elche-cf\/","title":{"rendered":"SORY KABA, PRIMER ALUMNO DE INTERSOCCER QUE DEBUTA COMO TITULAR EN SEGUNDA A) PROFESIONAL, VISTIENDO LA CAMISETA DEL ELCHE C.F."},"content":{"rendered":"<p><img decoding=\"async\" loading=\"lazy\" class=\" alignleft size-full wp-image-6603\" src=\"https:\/\/www.intersoccermadrid.com\/wp-content\/uploads\/2017\/05\/2017_sory_segunda_a_01.jpg\" border=\"0\" alt=\"SORY KABA, PRIMER ALUMNO DE INTERSOCCER QUE DEBUTA COMO TITULAR EN SEGUNDA A) PROFESIONAL, VISTIENDO LA CAMISETA DEL ELCHE C.F.\" title=\"SORY KABA, PRIMER ALUMNO DE INTERSOCCER QUE DEBUTA COMO TITULAR EN SEGUNDA A) PROFESIONAL, VISTIENDO LA CAMISETA DEL ELCHE C.F.\" align=\"left\" width=\"800\" height=\"512\" srcset=\"https:\/\/www.intersoccermadrid.com\/wp-content\/uploads\/2017\/05\/2017_sory_segunda_a_01.jpg 800w, https:\/\/www.intersoccermadrid.com\/wp-content\/uploads\/2017\/05\/2017_sory_segunda_a_01-300x192.jpg 300w, https:\/\/www.intersoccermadrid.com\/wp-content\/uploads\/2017\/05\/2017_sory_segunda_a_01-768x492.jpg 768w\" sizes=\"(max-width: 800px) 100vw, 800px\" \/><\/p>\n<p>\u00a1Sory Kaba jugador de Segunda A) profesional! Y lo hizo debutando como titular en Madrid, en el Estadio Coliseum del Getafe C.F., despu\u00e9s de haber jugado ya la semana anterior saliendo en el minuto 63 vistiendo la camiseta del Elche en su casa frente al Mirand\u00e9s. <!--more--> <\/p>\n<p>Sory es el exponente m\u00e1s claro y palpable del trabajo que se hace con los chicos en la A.C. INTERSOCCER MADRID. El joven de Guinea Conakry lleg\u00f3 a Espa\u00f1a, y a la residencia y academia de Alalpardo, en Septiembre de 2012, con 16 a\u00f1os reci\u00e9n cumplidos y sin haber estado federado compitiendo en equipo alguno. Durante aquella temporada mientras estudiaba y realizaba tecnificaci\u00f3n y entrenamientos tanto con INTERSOCCER como con la base del Alcobendas Levitt, adem\u00e1s jugaba en el equipo senior regional de Intersoccer, donde siendo el jugador m\u00e1s joven meti\u00f3 25 goles. Durante la temporada siguiente, en la que por lesiones y enfermedad no pudo jugar hasta febrero del 2014, altern\u00f3 el equipo del Juvenil B del Levitt con el primer equipo de este mismo en el que durante el mes final del campeonato, con sus 5 goles en momentos decisivos, se convirti\u00f3 en el jugador fundamental para conseguir el ascenso del Alcobendas Levitt a Tercera Divisi\u00f3n Nacional. En la 2014\/2015 fue jugador referente en la delantera del Levitt compitiendo en Tercera Nacional. Ya en la 2015\/2016 despu\u00e9s de entrenar durante el verano con varios equipos espa\u00f1oles de Segunda B, tras analizarlo con detalle conjuntamente entre la AC Intersoccer y el jugador, se decidi\u00f3 su continuidad en el Levitt para proseguir adecuadamente su formaci\u00f3n y, jugando varios partidos amistosos por la zona de Murcia y Alicante dentro de la &#8220;Liga Talentos de Intersoccer&#8221; en diciembre de 2015, fue captado por el Elche CF, donde desde febrero de 2016 form\u00f3 parte del Elche B -Ilicitano- de Tercera Divisi\u00f3n; con quien al final de temporada jugar\u00eda Playoff de ascenso a 2a B, siendo su jugador m\u00e1s destacado. <\/p>\n<p>Ya durante la presente temporada, a\u00fan siendo jugador del Elche B, desde la pretemporada ha sido un habitual en los entrenamientos y din\u00e1mica del hist\u00f3rico primer equipo del Elche C.F., llegando a debutar marcando goles en amistosos de la preparaci\u00f3n veraniega. Lamentablemente, en Septiembre de 2016, tuvo una importante lesi\u00f3n en el recto anterior del muslo derecho, siendo operado y necesitado de una recuperaci\u00f3n que le hizo esperar a iniciar &#8220;su temporada particular&#8221; a finales del mes de enero del presente a\u00f1o. Desde entonces ha marcado 12 goles en el Elche B, algo que ha hecho de mucho m\u00e9rito su debut en el Elche de Segunda A profesional.<\/p>\n<p>\u00a1Impresionante Sory Kaba! \u00a1Tienes ya todo un magn\u00edfico futuro profesional por delante! <\/p>\n<p>Sory, ejemplo de evoluci\u00f3n en la AC INTERSOCCER Madrid. Ejemplo, sobre todo, de paciente y muy trabajada formaci\u00f3n. Con \u00e9l se valor\u00f3 siempre m\u00e1s su evoluci\u00f3n personal que las categor\u00edas donde iba jugando; adem\u00e1s mientras sufr\u00eda lesiones en momentos importantes de esa evoluci\u00f3n. Ese caminar con mesura y paciencia, sin embargo, ahora le ha dado el fruto merecido -trabajando \u00e9l siempre sin parar- de su debut en Segunda A. <\/p>\n<p>La AC Intersoccer se acredita cada vez m\u00e1s como un magn\u00edfico centro educativo y formativo de alto rendimiento para todos aquellos chicos que tengan sue\u00f1os mantenidos de ser futbolistas profesionales de verdad. \u00a1Os esperamos aqu\u00ed! <\/p>\n<p><img decoding=\"async\" loading=\"lazy\" class=\" alignleft size-full wp-image-6604\" src=\"https:\/\/www.intersoccermadrid.com\/wp-content\/uploads\/2017\/05\/2017_sory_segunda_a_02.jpg\" border=\"0\" alt=\"SORY KABA, PRIMER ALUMNO DE INTERSOCCER QUE DEBUTA COMO TITULAR EN SEGUNDA A) PROFESIONAL, VISTIENDO LA CAMISETA DEL ELCHE C.F.\" title=\"SORY KABA, PRIMER ALUMNO DE INTERSOCCER QUE DEBUTA COMO TITULAR EN SEGUNDA A) PROFESIONAL, VISTIENDO LA CAMISETA DEL ELCHE C.F.\" align=\"left\" width=\"800\" height=\"463\" srcset=\"https:\/\/www.intersoccermadrid.com\/wp-content\/uploads\/2017\/05\/2017_sory_segunda_a_02.jpg 800w, https:\/\/www.intersoccermadrid.com\/wp-content\/uploads\/2017\/05\/2017_sory_segunda_a_02-300x174.jpg 300w, https:\/\/www.intersoccermadrid.com\/wp-content\/uploads\/2017\/05\/2017_sory_segunda_a_02-768x444.jpg 768w\" sizes=\"(max-width: 800px) 100vw, 800px\" \/><\/p>\n<p><img decoding=\"async\" loading=\"lazy\" class=\" alignleft size-full wp-image-6605\" src=\"https:\/\/www.intersoccermadrid.com\/wp-content\/uploads\/2017\/05\/2017_sory_segunda_a_03.jpg\" border=\"0\" alt=\"SORY KABA, PRIMER ALUMNO DE INTERSOCCER QUE DEBUTA COMO TITULAR EN SEGUNDA A) PROFESIONAL, VISTIENDO LA CAMISETA DEL ELCHE C.F.\" title=\"SORY KABA, PRIMER ALUMNO DE INTERSOCCER QUE DEBUTA COMO TITULAR EN SEGUNDA A) PROFESIONAL, VISTIENDO LA CAMISETA DEL ELCHE C.F.\" align=\"left\" width=\"800\" height=\"522\" srcset=\"https:\/\/www.intersoccermadrid.com\/wp-content\/uploads\/2017\/05\/2017_sory_segunda_a_03.jpg 800w, https:\/\/www.intersoccermadrid.com\/wp-content\/uploads\/2017\/05\/2017_sory_segunda_a_03-300x196.jpg 300w, https:\/\/www.intersoccermadrid.com\/wp-content\/uploads\/2017\/05\/2017_sory_segunda_a_03-768x501.jpg 768w\" sizes=\"(max-width: 800px) 100vw, 800px\" \/><\/p>\n<p>    <!--<iframe loading=\"lazy\" width=\"320\" height=\"240\" src=\"\/\/www.youtube.com\/embed\/5QIQxATQka\" frameborder=\"0\"><\/iframe>--><\/p>\n","protected":false},"excerpt":{"rendered":"<p>\u00a1Sory Kaba jugador de Segunda A) profesional! Y lo hizo debutando como titular en Madrid, en el Estadio Coliseum del Getafe C.F., despu\u00e9s de haber jugado ya la semana anterior saliendo en el minuto 63 vistiendo la camiseta del Elche en su casa frente al Mirand\u00e9s.<\/p>\n","protected":false},"author":2,"featured_media":6603,"comment_status":"open","ping_status":"open","sticky":false,"template":"","format":"standard","meta":{"_et_pb_use_builder":"","_et_pb_old_content":"","_et_gb_content_width":""},"categories":[8],"tags":[],"yoast_head":"<!-- This site is optimized with the Yoast SEO plugin v20.9 - https:\/\/yoast.com\/wordpress\/plugins\/seo\/ -->\n<title>SORY KABA, PRIMER ALUMNO DE INTERSOCCER QUE DEBUTA COMO TITULAR EN SEGUNDA A) PROFESIONAL, VISTIENDO LA CAMISETA DEL ELCHE C.F. &middot; International Soccer Academy of Madrid<\/title>\n<meta name=\"robots\" content=\"index, follow, max-snippet:-1, max-image-preview:large, max-video-preview:-1\" \/>\n<link rel=\"canonical\" href=\"https:\/\/www.intersoccermadrid.com\/en\/sory-kaba-primer-alumno-de-intersoccer-que-debuta-como-titular-en-segunda-a-profesional-vistiendo-la-camiseta-del-elche-cf\/\" \/>\n<meta property=\"og:locale\" content=\"en_US\" \/>\n<meta property=\"og:type\" content=\"article\" \/>\n<meta property=\"og:title\" content=\"SORY KABA, PRIMER ALUMNO DE INTERSOCCER QUE DEBUTA COMO TITULAR EN SEGUNDA A) PROFESIONAL, VISTIENDO LA CAMISETA DEL ELCHE C.F. &middot; International Soccer Academy of Madrid\" \/>\n<meta property=\"og:description\" content=\"\u00a1Sory Kaba jugador de Segunda A) profesional! Y lo hizo debutando como titular en Madrid, en el Estadio Coliseum del Getafe C.F., despu\u00e9s de haber jugado ya la semana anterior saliendo en el minuto 63 vistiendo la camiseta del Elche en su casa frente al Mirand\u00e9s.\" \/>\n<meta property=\"og:url\" content=\"https:\/\/www.intersoccermadrid.com\/en\/sory-kaba-primer-alumno-de-intersoccer-que-debuta-como-titular-en-segunda-a-profesional-vistiendo-la-camiseta-del-elche-cf\/\" \/>\n<meta property=\"og:site_name\" content=\"International Soccer Academy of Madrid\" \/>\n<meta property=\"article:published_time\" content=\"2017-05-21T22:00:00+00:00\" \/>\n<meta property=\"og:image\" content=\"https:\/\/www.intersoccermadrid.com\/wp-content\/uploads\/2017\/05\/2017_sory_segunda_a_01.jpg\" \/>\n\t<meta property=\"og:image:width\" content=\"800\" \/>\n\t<meta property=\"og:image:height\" content=\"512\" \/>\n\t<meta property=\"og:image:type\" content=\"image\/jpeg\" \/>\n<meta name=\"author\" content=\"Administrator\" \/>\n<meta name=\"twitter:card\" content=\"summary_large_image\" \/>\n<meta name=\"twitter:label1\" content=\"Written by\" \/>\n\t<meta name=\"twitter:data1\" content=\"Administrator\" \/>\n\t<meta name=\"twitter:label2\" content=\"Est. reading time\" \/>\n\t<meta name=\"twitter:data2\" content=\"3 minutes\" \/>\n<script type=\"application\/ld+json\" class=\"yoast-schema-graph\">{\"@context\":\"https:\/\/schema.org\",\"@graph\":[{\"@type\":\"WebPage\",\"@id\":\"https:\/\/www.intersoccermadrid.com\/en\/sory-kaba-primer-alumno-de-intersoccer-que-debuta-como-titular-en-segunda-a-profesional-vistiendo-la-camiseta-del-elche-cf\/\",\"url\":\"https:\/\/www.intersoccermadrid.com\/en\/sory-kaba-primer-alumno-de-intersoccer-que-debuta-como-titular-en-segunda-a-profesional-vistiendo-la-camiseta-del-elche-cf\/\",\"name\":\"SORY KABA, PRIMER ALUMNO DE INTERSOCCER QUE DEBUTA COMO TITULAR EN SEGUNDA A) PROFESIONAL, VISTIENDO LA CAMISETA DEL ELCHE C.F. &middot; International Soccer Academy of Madrid\",\"isPartOf\":{\"@id\":\"https:\/\/www.intersoccermadrid.com\/en\/#website\"},\"datePublished\":\"2017-05-21T22:00:00+00:00\",\"dateModified\":\"2017-05-21T22:00:00+00:00\",\"author\":{\"@id\":\"https:\/\/www.intersoccermadrid.com\/en\/#\/schema\/person\/4843f782828393fd2fd34a6db5ce5d48\"},\"breadcrumb\":{\"@id\":\"https:\/\/www.intersoccermadrid.com\/en\/sory-kaba-primer-alumno-de-intersoccer-que-debuta-como-titular-en-segunda-a-profesional-vistiendo-la-camiseta-del-elche-cf\/#breadcrumb\"},\"inLanguage\":\"en-US\",\"potentialAction\":[{\"@type\":\"ReadAction\",\"target\":[\"https:\/\/www.intersoccermadrid.com\/en\/sory-kaba-primer-alumno-de-intersoccer-que-debuta-como-titular-en-segunda-a-profesional-vistiendo-la-camiseta-del-elche-cf\/\"]}]},{\"@type\":\"BreadcrumbList\",\"@id\":\"https:\/\/www.intersoccermadrid.com\/en\/sory-kaba-primer-alumno-de-intersoccer-que-debuta-como-titular-en-segunda-a-profesional-vistiendo-la-camiseta-del-elche-cf\/#breadcrumb\",\"itemListElement\":[{\"@type\":\"ListItem\",\"position\":1,\"name\":\"Home\",\"item\":\"https:\/\/www.intersoccermadrid.com\/en\/\"},{\"@type\":\"ListItem\",\"position\":2,\"name\":\"SORY KABA, PRIMER ALUMNO DE INTERSOCCER QUE DEBUTA COMO TITULAR EN SEGUNDA A) PROFESIONAL, VISTIENDO LA CAMISETA DEL ELCHE C.F.\"}]},{\"@type\":\"WebSite\",\"@id\":\"https:\/\/www.intersoccermadrid.com\/en\/#website\",\"url\":\"https:\/\/www.intersoccermadrid.com\/en\/\",\"name\":\"International Soccer Academy of Madrid\",\"description\":\"International Soccer Academy of Madrid\",\"potentialAction\":[{\"@type\":\"SearchAction\",\"target\":{\"@type\":\"EntryPoint\",\"urlTemplate\":\"https:\/\/www.intersoccermadrid.com\/en\/?s={search_term_string}\"},\"query-input\":\"required name=search_term_string\"}],\"inLanguage\":\"en-US\"},{\"@type\":\"Person\",\"@id\":\"https:\/\/www.intersoccermadrid.com\/en\/#\/schema\/person\/4843f782828393fd2fd34a6db5ce5d48\",\"name\":\"Administrator\",\"image\":{\"@type\":\"ImageObject\",\"inLanguage\":\"en-US\",\"@id\":\"https:\/\/www.intersoccermadrid.com\/en\/#\/schema\/person\/image\/\",\"url\":\"https:\/\/secure.gravatar.com\/avatar\/85ec5305f9a568d3e58c20ee91decabf?s=96&d=mm&r=g\",\"contentUrl\":\"https:\/\/secure.gravatar.com\/avatar\/85ec5305f9a568d3e58c20ee91decabf?s=96&d=mm&r=g\",\"caption\":\"Administrator\"},\"url\":\"https:\/\/www.intersoccermadrid.com\/en\/author\/admin\/\"}]}<\/script>\n<!-- \/ Yoast SEO plugin. -->","yoast_head_json":{"title":"SORY KABA, PRIMER ALUMNO DE INTERSOCCER QUE DEBUTA COMO TITULAR EN SEGUNDA A) PROFESIONAL, VISTIENDO LA CAMISETA DEL ELCHE C.F. &middot; International Soccer Academy of Madrid","robots":{"index":"index","follow":"follow","max-snippet":"max-snippet:-1","max-image-preview":"max-image-preview:large","max-video-preview":"max-video-preview:-1"},"canonical":"https:\/\/www.intersoccermadrid.com\/en\/sory-kaba-primer-alumno-de-intersoccer-que-debuta-como-titular-en-segunda-a-profesional-vistiendo-la-camiseta-del-elche-cf\/","og_locale":"en_US","og_type":"article","og_title":"SORY KABA, PRIMER ALUMNO DE INTERSOCCER QUE DEBUTA COMO TITULAR EN SEGUNDA A) PROFESIONAL, VISTIENDO LA CAMISETA DEL ELCHE C.F. &middot; International Soccer Academy of Madrid","og_description":"\u00a1Sory Kaba jugador de Segunda A) profesional! Y lo hizo debutando como titular en Madrid, en el Estadio Coliseum del Getafe C.F., despu\u00e9s de haber jugado ya la semana anterior saliendo en el minuto 63 vistiendo la camiseta del Elche en su casa frente al Mirand\u00e9s.","og_url":"https:\/\/www.intersoccermadrid.com\/en\/sory-kaba-primer-alumno-de-intersoccer-que-debuta-como-titular-en-segunda-a-profesional-vistiendo-la-camiseta-del-elche-cf\/","og_site_name":"International Soccer Academy of Madrid","article_published_time":"2017-05-21T22:00:00+00:00","og_image":[{"width":800,"height":512,"url":"https:\/\/www.intersoccermadrid.com\/wp-content\/uploads\/2017\/05\/2017_sory_segunda_a_01.jpg","type":"image\/jpeg"}],"author":"Administrator","twitter_card":"summary_large_image","twitter_misc":{"Written by":"Administrator","Est. reading time":"3 minutes"},"schema":{"@context":"https:\/\/schema.org","@graph":[{"@type":"WebPage","@id":"https:\/\/www.intersoccermadrid.com\/en\/sory-kaba-primer-alumno-de-intersoccer-que-debuta-como-titular-en-segunda-a-profesional-vistiendo-la-camiseta-del-elche-cf\/","url":"https:\/\/www.intersoccermadrid.com\/en\/sory-kaba-primer-alumno-de-intersoccer-que-debuta-como-titular-en-segunda-a-profesional-vistiendo-la-camiseta-del-elche-cf\/","name":"SORY KABA, PRIMER ALUMNO DE INTERSOCCER QUE DEBUTA COMO TITULAR EN SEGUNDA A) PROFESIONAL, VISTIENDO LA CAMISETA DEL ELCHE C.F. &middot; International Soccer Academy of Madrid","isPartOf":{"@id":"https:\/\/www.intersoccermadrid.com\/en\/#website"},"datePublished":"2017-05-21T22:00:00+00:00","dateModified":"2017-05-21T22:00:00+00:00","author":{"@id":"https:\/\/www.intersoccermadrid.com\/en\/#\/schema\/person\/4843f782828393fd2fd34a6db5ce5d48"},"breadcrumb":{"@id":"https:\/\/www.intersoccermadrid.com\/en\/sory-kaba-primer-alumno-de-intersoccer-que-debuta-como-titular-en-segunda-a-profesional-vistiendo-la-camiseta-del-elche-cf\/#breadcrumb"},"inLanguage":"en-US","potentialAction":[{"@type":"ReadAction","target":["https:\/\/www.intersoccermadrid.com\/en\/sory-kaba-primer-alumno-de-intersoccer-que-debuta-como-titular-en-segunda-a-profesional-vistiendo-la-camiseta-del-elche-cf\/"]}]},{"@type":"BreadcrumbList","@id":"https:\/\/www.intersoccermadrid.com\/en\/sory-kaba-primer-alumno-de-intersoccer-que-debuta-como-titular-en-segunda-a-profesional-vistiendo-la-camiseta-del-elche-cf\/#breadcrumb","itemListElement":[{"@type":"ListItem","position":1,"name":"Home","item":"https:\/\/www.intersoccermadrid.com\/en\/"},{"@type":"ListItem","position":2,"name":"SORY KABA, PRIMER ALUMNO DE INTERSOCCER QUE DEBUTA COMO TITULAR EN SEGUNDA A) PROFESIONAL, VISTIENDO LA CAMISETA DEL ELCHE C.F."}]},{"@type":"WebSite","@id":"https:\/\/www.intersoccermadrid.com\/en\/#website","url":"https:\/\/www.intersoccermadrid.com\/en\/","name":"International Soccer Academy of Madrid","description":"International Soccer Academy of Madrid","potentialAction":[{"@type":"SearchAction","target":{"@type":"EntryPoint","urlTemplate":"https:\/\/www.intersoccermadrid.com\/en\/?s={search_term_string}"},"query-input":"required name=search_term_string"}],"inLanguage":"en-US"},{"@type":"Person","@id":"https:\/\/www.intersoccermadrid.com\/en\/#\/schema\/person\/4843f782828393fd2fd34a6db5ce5d48","name":"Administrator","image":{"@type":"ImageObject","inLanguage":"en-US","@id":"https:\/\/www.intersoccermadrid.com\/en\/#\/schema\/person\/image\/","url":"https:\/\/secure.gravatar.com\/avatar\/85ec5305f9a568d3e58c20ee91decabf?s=96&d=mm&r=g","contentUrl":"https:\/\/secure.gravatar.com\/avatar\/85ec5305f9a568d3e58c20ee91decabf?s=96&d=mm&r=g","caption":"Administrator"},"url":"https:\/\/www.intersoccermadrid.com\/en\/author\/admin\/"}]}},"_links":{"self":[{"href":"https:\/\/www.intersoccermadrid.com\/en\/wp-json\/wp\/v2\/posts\/692"}],"collection":[{"href":"https:\/\/www.intersoccermadrid.com\/en\/wp-json\/wp\/v2\/posts"}],"about":[{"href":"https:\/\/www.intersoccermadrid.com\/en\/wp-json\/wp\/v2\/types\/post"}],"author":[{"embeddable":true,"href":"https:\/\/www.intersoccermadrid.com\/en\/wp-json\/wp\/v2\/users\/2"}],"replies":[{"embeddable":true,"href":"https:\/\/www.intersoccermadrid.com\/en\/wp-json\/wp\/v2\/comments?post=692"}],"version-history":[{"count":0,"href":"https:\/\/www.intersoccermadrid.com\/en\/wp-json\/wp\/v2\/posts\/692\/revisions"}],"wp:featuredmedia":[{"embeddable":true,"href":"https:\/\/www.intersoccermadrid.com\/en\/wp-json\/wp\/v2\/media\/6603"}],"wp:attachment":[{"href":"https:\/\/www.intersoccermadrid.com\/en\/wp-json\/wp\/v2\/media?parent=692"}],"wp:term":[{"taxonomy":"category","embeddable":true,"href":"https:\/\/www.intersoccermadrid.com\/en\/wp-json\/wp\/v2\/categories?post=692"},{"taxonomy":"post_tag","embeddable":true,"href":"https:\/\/www.intersoccermadrid.com\/en\/wp-json\/wp\/v2\/tags?post=692"}],"curies":[{"name":"wp","href":"https:\/\/api.w.org\/{rel}","templated":true}]}}