{"id":691,"date":"2017-05-19T00:00:00","date_gmt":"2017-05-18T22:00:00","guid":{"rendered":"https:\/\/www.intersoccermadrid.com\/tomas-paramo-deja-la-presidencia-del-alcobendas-levitt-cf\/"},"modified":"2017-05-19T00:00:00","modified_gmt":"2017-05-18T22:00:00","slug":"tomas-paramo-deja-la-presidencia-del-alcobendas-levitt-cf","status":"publish","type":"post","link":"https:\/\/www.intersoccermadrid.com\/en\/tomas-paramo-deja-la-presidencia-del-alcobendas-levitt-cf\/","title":{"rendered":"TOM\u00c1S P\u00c1RAMO DEJA LA PRESIDENCIA DEL ALCOBENDAS LEVITT C.F.-"},"content":{"rendered":"<p><img decoding=\"async\" loading=\"lazy\" class=\" alignleft size-full wp-image-6597\" src=\"https:\/\/www.intersoccermadrid.com\/wp-content\/uploads\/2017\/05\/2017_tomas_deja_presidencia_01.jpg\" border=\"0\" alt=\"TOM\u00c1S P\u00c1RAMO DEJA LA PRESIDENCIA DEL ALCOBENDAS LEVITT C.F.-\" title=\"TOM\u00c1S P\u00c1RAMO DEJA LA PRESIDENCIA DEL ALCOBENDAS LEVITT C.F.-\" align=\"left\" width=\"800\" height=\"533\" srcset=\"https:\/\/www.intersoccermadrid.com\/wp-content\/uploads\/2017\/05\/2017_tomas_deja_presidencia_01.jpg 800w, https:\/\/www.intersoccermadrid.com\/wp-content\/uploads\/2017\/05\/2017_tomas_deja_presidencia_01-300x200.jpg 300w, https:\/\/www.intersoccermadrid.com\/wp-content\/uploads\/2017\/05\/2017_tomas_deja_presidencia_01-768x512.jpg 768w\" sizes=\"(max-width: 800px) 100vw, 800px\" \/><\/p>\n<p>Despu\u00e9s de 12 a\u00f1os en el cargo Tom\u00e1s P\u00e1ramo ha dejado de ser presidente del Alcobendas Levitt C.F.; club al que est\u00e1 ligado por lazos familiares y sentimentales. Su difunto padre fue socio fundador del club en 1970 y \u00e9l visti\u00f3 la camiseta verde del club <!--more--> , entre otros, en el equipo que en junio de 1980 ascendi\u00f3 por primera vez a Tercera Divisi\u00f3n Nacional. <\/p>\n<p>Anunciado ya desde el comienzo de la actual temporada, finalmente, una vez concluidas las competiciones de los dos equipos m\u00e1s emblem\u00e1ticos del club, la dimisi\u00f3n de P\u00e1ramo abre un proceso electoral que concluir\u00e1 durante los primeros d\u00edas del pr\u00f3ximo mes de junio con la elecci\u00f3n de un nuevo presidente.   <\/p>\n<p>La vuelta del Juvenil A) a Divisi\u00f3n de Honor Nacional consolida a\u00fan m\u00e1s al club como un claro referente entre las mejores canteras de Madrid; dado que todos los equipos A) -en benjamines, alevines, infantiles y cadetes- compiten ya tambi\u00e9n en las m\u00e1s altas categor\u00edas posibles de la RFFM. <\/p>\n<p>El club, a pesar del sinsabor a \u00faltima hora del descenso, tambi\u00e9n seguir\u00e1 apostando por volver a Tercera Divisi\u00f3n Nacional con el primer equipo y tratar a medio plazo de consolidarse en dicha categor\u00eda. No obstante, como es esp\u00edritu en el club el potenciar y dar salida a los mejores jugadores de la base se seguir\u00e1 dando prioridad a dicho objetivo.<\/p>\n<p>Tom\u00e1s P\u00e1ramo, a partir de ahora, ejercer\u00e1 la direcci\u00f3n de la ACADEMIA CLUB INTERSOCCER MADRID, organizaci\u00f3n pionera en la formaci\u00f3n de j\u00f3venes futbolistas y que cuenta con residencia y centro de tecnificaci\u00f3n de alto rendimiento, donde adem\u00e1s se cuida hasta el \u00faltimo detalle la formaci\u00f3n acad\u00e9mica de los chicos en niveles de ense\u00f1anza media y aprendizaje de los idiomas ingl\u00e9s y castellano. Tras ocho a\u00f1os de trabajo, INTERSOCCER MADRID, se ha convertido en un verdadero semillero de j\u00f3venes futbolistas nacionales y extranjeros que ya lucen el escudo, adem\u00e1s del ALCOBENDAS LEVITT, de clubes como el Atl\u00e9tico de Madrid, Rayo Vallecano, Getafe CF, Elche CF, CD Legan\u00e9s, UD Extremadura&#8230; etc. Desde los \u00faltimos cursos, se est\u00e1n incorporando al proyecto bastantes j\u00f3venes procedentes del \u00e1mbito futbol\u00edstico nacional espa\u00f1ol. Como novedad, desde la pr\u00f3xima temporada, se comenzar\u00e1 a trabajar en un programa de aprendizaje y tecnificaci\u00f3n de jugadores externos que d\u00e9 cabida a los jugadores de la Comunidad de Madrid que lo deseen en sus centros de alto rendimiento de Alalpardo -sede de la Residencia- y de VALDELASFUENTES (en Alcobendas), sede del Alcobendas Levitt, club del que la A.C. INTERSOCCER tambi\u00e9n es club filial. Y club con quien la academia seguir\u00e1 colaborando y trabajando para potenciar su magn\u00edfica cantera y proyectar a sus mejores jugadores hacia el f\u00fatbol profesional. <\/p>\n<p><img decoding=\"async\" loading=\"lazy\" class=\" alignleft size-full wp-image-6598\" src=\"https:\/\/www.intersoccermadrid.com\/wp-content\/uploads\/2017\/05\/2017_tomas_deja_presidencia_02.jpg\" border=\"0\" alt=\"TOM\u00c1S P\u00c1RAMO DEJA LA PRESIDENCIA DEL ALCOBENDAS LEVITT C.F.-\" title=\"TOM\u00c1S P\u00c1RAMO DEJA LA PRESIDENCIA DEL ALCOBENDAS LEVITT C.F.-\" align=\"left\" width=\"600\" height=\"609\" srcset=\"https:\/\/www.intersoccermadrid.com\/wp-content\/uploads\/2017\/05\/2017_tomas_deja_presidencia_02.jpg 600w, https:\/\/www.intersoccermadrid.com\/wp-content\/uploads\/2017\/05\/2017_tomas_deja_presidencia_02-296x300.jpg 296w\" sizes=\"(max-width: 600px) 100vw, 600px\" \/><\/p>\n<p><img decoding=\"async\" loading=\"lazy\" class=\" alignleft size-full wp-image-6599\" src=\"https:\/\/www.intersoccermadrid.com\/wp-content\/uploads\/2017\/05\/2017_tomas_deja_presidencia_03.jpg\" border=\"0\" alt=\"TOM\u00c1S P\u00c1RAMO DEJA LA PRESIDENCIA DEL ALCOBENDAS LEVITT C.F.-\" title=\"TOM\u00c1S P\u00c1RAMO DEJA LA PRESIDENCIA DEL ALCOBENDAS LEVITT C.F.-\" align=\"left\" width=\"800\" height=\"533\" srcset=\"https:\/\/www.intersoccermadrid.com\/wp-content\/uploads\/2017\/05\/2017_tomas_deja_presidencia_03.jpg 800w, https:\/\/www.intersoccermadrid.com\/wp-content\/uploads\/2017\/05\/2017_tomas_deja_presidencia_03-300x200.jpg 300w, https:\/\/www.intersoccermadrid.com\/wp-content\/uploads\/2017\/05\/2017_tomas_deja_presidencia_03-768x512.jpg 768w\" sizes=\"(max-width: 800px) 100vw, 800px\" \/><\/p>\n<p>  <!--<iframe loading=\"lazy\" width=\"320\" height=\"240\" src=\"\/\/www.youtube.com\/embed\/5QIQxATQka\" frameborder=\"0\"><\/iframe>--><\/p>\n","protected":false},"excerpt":{"rendered":"<p>Despu\u00e9s de 12 a\u00f1os en el cargo Tom\u00e1s P\u00e1ramo ha dejado de ser presidente del Alcobendas Levitt C.F.; club al que est\u00e1 ligado por lazos familiares y sentimentales. Su difunto padre fue socio fundador del club en 1970 y \u00e9l visti\u00f3 la camiseta verde del club<\/p>\n","protected":false},"author":2,"featured_media":6597,"comment_status":"open","ping_status":"open","sticky":false,"template":"","format":"standard","meta":{"_et_pb_use_builder":"","_et_pb_old_content":"","_et_gb_content_width":""},"categories":[8],"tags":[],"yoast_head":"<!-- This site is optimized with the Yoast SEO plugin v20.9 - https:\/\/yoast.com\/wordpress\/plugins\/seo\/ -->\n<title>TOM\u00c1S P\u00c1RAMO DEJA LA PRESIDENCIA DEL ALCOBENDAS LEVITT C.F.- &middot; International Soccer Academy of Madrid<\/title>\n<meta name=\"robots\" content=\"index, follow, max-snippet:-1, max-image-preview:large, max-video-preview:-1\" \/>\n<link rel=\"canonical\" href=\"https:\/\/www.intersoccermadrid.com\/en\/tomas-paramo-deja-la-presidencia-del-alcobendas-levitt-cf\/\" \/>\n<meta property=\"og:locale\" content=\"en_US\" \/>\n<meta property=\"og:type\" content=\"article\" \/>\n<meta property=\"og:title\" content=\"TOM\u00c1S P\u00c1RAMO DEJA LA PRESIDENCIA DEL ALCOBENDAS LEVITT C.F.- &middot; International Soccer Academy of Madrid\" \/>\n<meta property=\"og:description\" content=\"Despu\u00e9s de 12 a\u00f1os en el cargo Tom\u00e1s P\u00e1ramo ha dejado de ser presidente del Alcobendas Levitt C.F.; club al que est\u00e1 ligado por lazos familiares y sentimentales. Su difunto padre fue socio fundador del club en 1970 y \u00e9l visti\u00f3 la camiseta verde del club\" \/>\n<meta property=\"og:url\" content=\"https:\/\/www.intersoccermadrid.com\/en\/tomas-paramo-deja-la-presidencia-del-alcobendas-levitt-cf\/\" \/>\n<meta property=\"og:site_name\" content=\"International Soccer Academy of Madrid\" \/>\n<meta property=\"article:published_time\" content=\"2017-05-18T22:00:00+00:00\" \/>\n<meta property=\"og:image\" content=\"https:\/\/www.intersoccermadrid.com\/wp-content\/uploads\/2017\/05\/2017_tomas_deja_presidencia_01.jpg\" \/>\n\t<meta property=\"og:image:width\" content=\"800\" \/>\n\t<meta property=\"og:image:height\" content=\"533\" \/>\n\t<meta property=\"og:image:type\" content=\"image\/jpeg\" \/>\n<meta name=\"author\" content=\"Administrator\" \/>\n<meta name=\"twitter:card\" content=\"summary_large_image\" \/>\n<meta name=\"twitter:label1\" content=\"Written by\" \/>\n\t<meta name=\"twitter:data1\" content=\"Administrator\" \/>\n\t<meta name=\"twitter:label2\" content=\"Est. reading time\" \/>\n\t<meta name=\"twitter:data2\" content=\"2 minutes\" \/>\n<script type=\"application\/ld+json\" class=\"yoast-schema-graph\">{\"@context\":\"https:\/\/schema.org\",\"@graph\":[{\"@type\":\"WebPage\",\"@id\":\"https:\/\/www.intersoccermadrid.com\/en\/tomas-paramo-deja-la-presidencia-del-alcobendas-levitt-cf\/\",\"url\":\"https:\/\/www.intersoccermadrid.com\/en\/tomas-paramo-deja-la-presidencia-del-alcobendas-levitt-cf\/\",\"name\":\"TOM\u00c1S P\u00c1RAMO DEJA LA PRESIDENCIA DEL ALCOBENDAS LEVITT C.F.- &middot; International Soccer Academy of Madrid\",\"isPartOf\":{\"@id\":\"https:\/\/www.intersoccermadrid.com\/en\/#website\"},\"datePublished\":\"2017-05-18T22:00:00+00:00\",\"dateModified\":\"2017-05-18T22:00:00+00:00\",\"author\":{\"@id\":\"https:\/\/www.intersoccermadrid.com\/en\/#\/schema\/person\/4843f782828393fd2fd34a6db5ce5d48\"},\"breadcrumb\":{\"@id\":\"https:\/\/www.intersoccermadrid.com\/en\/tomas-paramo-deja-la-presidencia-del-alcobendas-levitt-cf\/#breadcrumb\"},\"inLanguage\":\"en-US\",\"potentialAction\":[{\"@type\":\"ReadAction\",\"target\":[\"https:\/\/www.intersoccermadrid.com\/en\/tomas-paramo-deja-la-presidencia-del-alcobendas-levitt-cf\/\"]}]},{\"@type\":\"BreadcrumbList\",\"@id\":\"https:\/\/www.intersoccermadrid.com\/en\/tomas-paramo-deja-la-presidencia-del-alcobendas-levitt-cf\/#breadcrumb\",\"itemListElement\":[{\"@type\":\"ListItem\",\"position\":1,\"name\":\"Home\",\"item\":\"https:\/\/www.intersoccermadrid.com\/en\/\"},{\"@type\":\"ListItem\",\"position\":2,\"name\":\"TOM\u00c1S P\u00c1RAMO DEJA LA PRESIDENCIA DEL ALCOBENDAS LEVITT C.F.-\"}]},{\"@type\":\"WebSite\",\"@id\":\"https:\/\/www.intersoccermadrid.com\/en\/#website\",\"url\":\"https:\/\/www.intersoccermadrid.com\/en\/\",\"name\":\"International Soccer Academy of Madrid\",\"description\":\"International Soccer Academy of Madrid\",\"potentialAction\":[{\"@type\":\"SearchAction\",\"target\":{\"@type\":\"EntryPoint\",\"urlTemplate\":\"https:\/\/www.intersoccermadrid.com\/en\/?s={search_term_string}\"},\"query-input\":\"required name=search_term_string\"}],\"inLanguage\":\"en-US\"},{\"@type\":\"Person\",\"@id\":\"https:\/\/www.intersoccermadrid.com\/en\/#\/schema\/person\/4843f782828393fd2fd34a6db5ce5d48\",\"name\":\"Administrator\",\"image\":{\"@type\":\"ImageObject\",\"inLanguage\":\"en-US\",\"@id\":\"https:\/\/www.intersoccermadrid.com\/en\/#\/schema\/person\/image\/\",\"url\":\"https:\/\/secure.gravatar.com\/avatar\/85ec5305f9a568d3e58c20ee91decabf?s=96&d=mm&r=g\",\"contentUrl\":\"https:\/\/secure.gravatar.com\/avatar\/85ec5305f9a568d3e58c20ee91decabf?s=96&d=mm&r=g\",\"caption\":\"Administrator\"},\"url\":\"https:\/\/www.intersoccermadrid.com\/en\/author\/admin\/\"}]}<\/script>\n<!-- \/ Yoast SEO plugin. -->","yoast_head_json":{"title":"TOM\u00c1S P\u00c1RAMO DEJA LA PRESIDENCIA DEL ALCOBENDAS LEVITT C.F.- &middot; International Soccer Academy of Madrid","robots":{"index":"index","follow":"follow","max-snippet":"max-snippet:-1","max-image-preview":"max-image-preview:large","max-video-preview":"max-video-preview:-1"},"canonical":"https:\/\/www.intersoccermadrid.com\/en\/tomas-paramo-deja-la-presidencia-del-alcobendas-levitt-cf\/","og_locale":"en_US","og_type":"article","og_title":"TOM\u00c1S P\u00c1RAMO DEJA LA PRESIDENCIA DEL ALCOBENDAS LEVITT C.F.- &middot; International Soccer Academy of Madrid","og_description":"Despu\u00e9s de 12 a\u00f1os en el cargo Tom\u00e1s P\u00e1ramo ha dejado de ser presidente del Alcobendas Levitt C.F.; club al que est\u00e1 ligado por lazos familiares y sentimentales. Su difunto padre fue socio fundador del club en 1970 y \u00e9l visti\u00f3 la camiseta verde del club","og_url":"https:\/\/www.intersoccermadrid.com\/en\/tomas-paramo-deja-la-presidencia-del-alcobendas-levitt-cf\/","og_site_name":"International Soccer Academy of Madrid","article_published_time":"2017-05-18T22:00:00+00:00","og_image":[{"width":800,"height":533,"url":"https:\/\/www.intersoccermadrid.com\/wp-content\/uploads\/2017\/05\/2017_tomas_deja_presidencia_01.jpg","type":"image\/jpeg"}],"author":"Administrator","twitter_card":"summary_large_image","twitter_misc":{"Written by":"Administrator","Est. reading time":"2 minutes"},"schema":{"@context":"https:\/\/schema.org","@graph":[{"@type":"WebPage","@id":"https:\/\/www.intersoccermadrid.com\/en\/tomas-paramo-deja-la-presidencia-del-alcobendas-levitt-cf\/","url":"https:\/\/www.intersoccermadrid.com\/en\/tomas-paramo-deja-la-presidencia-del-alcobendas-levitt-cf\/","name":"TOM\u00c1S P\u00c1RAMO DEJA LA PRESIDENCIA DEL ALCOBENDAS LEVITT C.F.- &middot; International Soccer Academy of Madrid","isPartOf":{"@id":"https:\/\/www.intersoccermadrid.com\/en\/#website"},"datePublished":"2017-05-18T22:00:00+00:00","dateModified":"2017-05-18T22:00:00+00:00","author":{"@id":"https:\/\/www.intersoccermadrid.com\/en\/#\/schema\/person\/4843f782828393fd2fd34a6db5ce5d48"},"breadcrumb":{"@id":"https:\/\/www.intersoccermadrid.com\/en\/tomas-paramo-deja-la-presidencia-del-alcobendas-levitt-cf\/#breadcrumb"},"inLanguage":"en-US","potentialAction":[{"@type":"ReadAction","target":["https:\/\/www.intersoccermadrid.com\/en\/tomas-paramo-deja-la-presidencia-del-alcobendas-levitt-cf\/"]}]},{"@type":"BreadcrumbList","@id":"https:\/\/www.intersoccermadrid.com\/en\/tomas-paramo-deja-la-presidencia-del-alcobendas-levitt-cf\/#breadcrumb","itemListElement":[{"@type":"ListItem","position":1,"name":"Home","item":"https:\/\/www.intersoccermadrid.com\/en\/"},{"@type":"ListItem","position":2,"name":"TOM\u00c1S P\u00c1RAMO DEJA LA PRESIDENCIA DEL ALCOBENDAS LEVITT C.F.-"}]},{"@type":"WebSite","@id":"https:\/\/www.intersoccermadrid.com\/en\/#website","url":"https:\/\/www.intersoccermadrid.com\/en\/","name":"International Soccer Academy of Madrid","description":"International Soccer Academy of Madrid","potentialAction":[{"@type":"SearchAction","target":{"@type":"EntryPoint","urlTemplate":"https:\/\/www.intersoccermadrid.com\/en\/?s={search_term_string}"},"query-input":"required name=search_term_string"}],"inLanguage":"en-US"},{"@type":"Person","@id":"https:\/\/www.intersoccermadrid.com\/en\/#\/schema\/person\/4843f782828393fd2fd34a6db5ce5d48","name":"Administrator","image":{"@type":"ImageObject","inLanguage":"en-US","@id":"https:\/\/www.intersoccermadrid.com\/en\/#\/schema\/person\/image\/","url":"https:\/\/secure.gravatar.com\/avatar\/85ec5305f9a568d3e58c20ee91decabf?s=96&d=mm&r=g","contentUrl":"https:\/\/secure.gravatar.com\/avatar\/85ec5305f9a568d3e58c20ee91decabf?s=96&d=mm&r=g","caption":"Administrator"},"url":"https:\/\/www.intersoccermadrid.com\/en\/author\/admin\/"}]}},"_links":{"self":[{"href":"https:\/\/www.intersoccermadrid.com\/en\/wp-json\/wp\/v2\/posts\/691"}],"collection":[{"href":"https:\/\/www.intersoccermadrid.com\/en\/wp-json\/wp\/v2\/posts"}],"about":[{"href":"https:\/\/www.intersoccermadrid.com\/en\/wp-json\/wp\/v2\/types\/post"}],"author":[{"embeddable":true,"href":"https:\/\/www.intersoccermadrid.com\/en\/wp-json\/wp\/v2\/users\/2"}],"replies":[{"embeddable":true,"href":"https:\/\/www.intersoccermadrid.com\/en\/wp-json\/wp\/v2\/comments?post=691"}],"version-history":[{"count":0,"href":"https:\/\/www.intersoccermadrid.com\/en\/wp-json\/wp\/v2\/posts\/691\/revisions"}],"wp:featuredmedia":[{"embeddable":true,"href":"https:\/\/www.intersoccermadrid.com\/en\/wp-json\/wp\/v2\/media\/6597"}],"wp:attachment":[{"href":"https:\/\/www.intersoccermadrid.com\/en\/wp-json\/wp\/v2\/media?parent=691"}],"wp:term":[{"taxonomy":"category","embeddable":true,"href":"https:\/\/www.intersoccermadrid.com\/en\/wp-json\/wp\/v2\/categories?post=691"},{"taxonomy":"post_tag","embeddable":true,"href":"https:\/\/www.intersoccermadrid.com\/en\/wp-json\/wp\/v2\/tags?post=691"}],"curies":[{"name":"wp","href":"https:\/\/api.w.org\/{rel}","templated":true}]}}