{"id":687,"date":"2017-05-01T19:00:00","date_gmt":"2017-05-01T17:00:00","guid":{"rendered":"https:\/\/www.intersoccermadrid.com\/jornada-2-del-ii-torneo-de-futbol-cadete-vicente-del-bosque-alalpardo\/"},"modified":"2017-05-01T19:00:00","modified_gmt":"2017-05-01T17:00:00","slug":"jornada-2-del-ii-torneo-de-futbol-cadete-vicente-del-bosque-alalpardo","status":"publish","type":"post","link":"https:\/\/www.intersoccermadrid.com\/en\/jornada-2-del-ii-torneo-de-futbol-cadete-vicente-del-bosque-alalpardo\/","title":{"rendered":"Jornada 2 del II Torneo de F\u00fatbol Cadete VICENTE DEL BOSQUE, Alalpardo"},"content":{"rendered":"<p><img decoding=\"async\" loading=\"lazy\" class=\" alignleft size-full wp-image-6531\" src=\"https:\/\/www.intersoccermadrid.com\/wp-content\/uploads\/2017\/05\/2017_2tfvb_jornada2_02.jpg\" border=\"0\" alt=\"Jornada 2 del II Torneo de F\u00fatbol Cadete VICENTE DEL BOSQUE, Alalpardo\" title=\"Jornada 2 del II Torneo de F\u00fatbol Cadete VICENTE DEL BOSQUE, Alalpardo\" align=\"left\" width=\"800\" height=\"502\" srcset=\"https:\/\/www.intersoccermadrid.com\/wp-content\/uploads\/2017\/05\/2017_2tfvb_jornada2_02.jpg 800w, https:\/\/www.intersoccermadrid.com\/wp-content\/uploads\/2017\/05\/2017_2tfvb_jornada2_02-300x188.jpg 300w, https:\/\/www.intersoccermadrid.com\/wp-content\/uploads\/2017\/05\/2017_2tfvb_jornada2_02-768x482.jpg 768w\" sizes=\"(max-width: 800px) 100vw, 800px\" \/><\/p>\n<p>La jornada 2 se desarrolla el d\u00eda 1 de mayo, siguiendo con la segunda y tercera fase de grupos. Los equipos juegan esta vez un partido por la ma\u00f1ana y otro por la tarde. Afortunadamente en esta ocasi\u00f3n el tiempo acompa\u00f1a y todos podemos disfrutar de un magn\u00edfico d\u00eda soleado. <!--more--> Los resultados de esta jornada son:  <\/p>\n<p>C.F Alalpardo \u2013 Alcobendas Levitt CF (0-3)<\/p>\n<p>Atl\u00e9tico de Madrid &#8211; Getafe C.F (3-0)<\/p>\n<p>Legan\u00e9s &#8211; Rayo Vallecano (2-2)<\/p>\n<p>Las Rozas &#8211; Brunete (3-2)<\/p>\n<p>Y por la tarde:<\/p>\n<p>C.F. Alalpardo &#8211; Getafe C.F (0-7)<\/p>\n<p>Atl\u00e9tico de Madrid &#8211; Alcobendas Levitt C.F (3-1)<\/p>\n<p>Legan\u00e9s &#8211; Brunete (4-3)<\/p>\n<p>Rayo Vallecano &#8211; Las Rozas (2-0)  <\/p>\n<p>Lo que supone la clasificaci\u00f3n para las semifinales del Atl\u00e9tico de Madrid y Las Rozas como primeros de los grupos 1 y 2 respectivamente. Tambi\u00e9n se clasifica el Alcobendas Levitt C.F. y el Rayo Vallecano. Los cruces para ma\u00f1ana ser\u00edan: primera semifinal -a las 10:00- Atl\u00e9tico de Madrid vs Rayo Vallecano; segunda semifinal -a las 11:30- Las Rozas vs Alcobendas Levitt C.F. Los ganadores se enfrentaran en la final que se disputar\u00e1 a las 16:30<\/p>\n<p>  <em><\/p>\n<p>Pod\u00e9is seguir en directo los partidos a trav\u00e9s de Youtube siguiendo  <a href=\"https:\/\/www.youtube.com\/channel\/UCNEhh42LYW5JOT0jB_NC7_w\">este enlace<\/a><\/p>\n<p>Tambi\u00e9n en las redes sociales: Twitter @TornVdelBosque, Instagram <a ref=\"https:\/\/www.instagram.com\/TornVdelBosque\/\">https:\/\/www.instagram.com\/TornVdelBosque\/     <\/a> y Facebook <a href=\"https:\/\/www.facebook.com\/TornVdelBosque\">https:\/\/www.facebook.com\/TornVdelBosque<\/a><\/p>\n<p>   <\/em>  <\/p>\n<p><img decoding=\"async\" loading=\"lazy\" class=\" alignleft size-full wp-image-6532\" src=\"https:\/\/www.intersoccermadrid.com\/wp-content\/uploads\/2017\/05\/2017_2tfvb_jornada2_01.jpg\" border=\"0\" alt=\"Jornada 2 del II Torneo de F\u00fatbol Cadete VICENTE DEL BOSQUE, Alalpardo\" title=\"Jornada 2 del II Torneo de F\u00fatbol Cadete VICENTE DEL BOSQUE, Alalpardo\" align=\"left\" width=\"800\" height=\"477\" srcset=\"https:\/\/www.intersoccermadrid.com\/wp-content\/uploads\/2017\/05\/2017_2tfvb_jornada2_01.jpg 800w, https:\/\/www.intersoccermadrid.com\/wp-content\/uploads\/2017\/05\/2017_2tfvb_jornada2_01-300x179.jpg 300w, https:\/\/www.intersoccermadrid.com\/wp-content\/uploads\/2017\/05\/2017_2tfvb_jornada2_01-768x458.jpg 768w\" sizes=\"(max-width: 800px) 100vw, 800px\" \/><\/p>\n<p><img decoding=\"async\" loading=\"lazy\" class=\" alignleft size-full wp-image-6533\" src=\"https:\/\/www.intersoccermadrid.com\/wp-content\/uploads\/2017\/05\/2017_2tfvb_jornada2_03.jpg\" border=\"0\" alt=\"Jornada 2 del II Torneo de F\u00fatbol Cadete VICENTE DEL BOSQUE, Alalpardo\" title=\"Jornada 2 del II Torneo de F\u00fatbol Cadete VICENTE DEL BOSQUE, Alalpardo\" align=\"left\" width=\"800\" height=\"520\" srcset=\"https:\/\/www.intersoccermadrid.com\/wp-content\/uploads\/2017\/05\/2017_2tfvb_jornada2_03.jpg 800w, https:\/\/www.intersoccermadrid.com\/wp-content\/uploads\/2017\/05\/2017_2tfvb_jornada2_03-300x195.jpg 300w, https:\/\/www.intersoccermadrid.com\/wp-content\/uploads\/2017\/05\/2017_2tfvb_jornada2_03-768x499.jpg 768w\" sizes=\"(max-width: 800px) 100vw, 800px\" \/><\/p>\n<p><img decoding=\"async\" loading=\"lazy\" class=\" alignleft size-full wp-image-6534\" src=\"https:\/\/www.intersoccermadrid.com\/wp-content\/uploads\/2017\/05\/2017_2tfvb_jornada2_04.jpg\" border=\"0\" alt=\"Jornada 2 del II Torneo de F\u00fatbol Cadete VICENTE DEL BOSQUE, Alalpardo\" title=\"Jornada 2 del II Torneo de F\u00fatbol Cadete VICENTE DEL BOSQUE, Alalpardo\" align=\"left\" width=\"800\" height=\"436\" srcset=\"https:\/\/www.intersoccermadrid.com\/wp-content\/uploads\/2017\/05\/2017_2tfvb_jornada2_04.jpg 800w, https:\/\/www.intersoccermadrid.com\/wp-content\/uploads\/2017\/05\/2017_2tfvb_jornada2_04-300x164.jpg 300w, https:\/\/www.intersoccermadrid.com\/wp-content\/uploads\/2017\/05\/2017_2tfvb_jornada2_04-768x419.jpg 768w\" sizes=\"(max-width: 800px) 100vw, 800px\" \/><\/p>\n<p><img decoding=\"async\" loading=\"lazy\" class=\" alignleft size-full wp-image-6535\" src=\"https:\/\/www.intersoccermadrid.com\/wp-content\/uploads\/2017\/05\/2017_2tfvb_jornada2_05.jpg\" border=\"0\" alt=\"Jornada 2 del II Torneo de F\u00fatbol Cadete VICENTE DEL BOSQUE, Alalpardo\" title=\"Jornada 2 del II Torneo de F\u00fatbol Cadete VICENTE DEL BOSQUE, Alalpardo\" align=\"left\" width=\"800\" height=\"454\" srcset=\"https:\/\/www.intersoccermadrid.com\/wp-content\/uploads\/2017\/05\/2017_2tfvb_jornada2_05.jpg 800w, https:\/\/www.intersoccermadrid.com\/wp-content\/uploads\/2017\/05\/2017_2tfvb_jornada2_05-300x170.jpg 300w, https:\/\/www.intersoccermadrid.com\/wp-content\/uploads\/2017\/05\/2017_2tfvb_jornada2_05-768x436.jpg 768w\" sizes=\"(max-width: 800px) 100vw, 800px\" \/><\/p>\n<p><img decoding=\"async\" loading=\"lazy\" class=\" alignleft size-full wp-image-6536\" src=\"https:\/\/www.intersoccermadrid.com\/wp-content\/uploads\/2017\/05\/2017_2tfvb_jornada2_06.jpg\" border=\"0\" alt=\"Jornada 2 del II Torneo de F\u00fatbol Cadete VICENTE DEL BOSQUE, Alalpardo\" title=\"Jornada 2 del II Torneo de F\u00fatbol Cadete VICENTE DEL BOSQUE, Alalpardo\" align=\"left\" width=\"800\" height=\"532\" srcset=\"https:\/\/www.intersoccermadrid.com\/wp-content\/uploads\/2017\/05\/2017_2tfvb_jornada2_06.jpg 800w, https:\/\/www.intersoccermadrid.com\/wp-content\/uploads\/2017\/05\/2017_2tfvb_jornada2_06-300x200.jpg 300w, https:\/\/www.intersoccermadrid.com\/wp-content\/uploads\/2017\/05\/2017_2tfvb_jornada2_06-768x511.jpg 768w\" sizes=\"(max-width: 800px) 100vw, 800px\" \/><\/p>\n<p><img decoding=\"async\" loading=\"lazy\" class=\" alignleft size-full wp-image-6537\" src=\"https:\/\/www.intersoccermadrid.com\/wp-content\/uploads\/2017\/05\/2017_2tfvb_jornada2_07.jpg\" border=\"0\" alt=\"Jornada 2 del II Torneo de F\u00fatbol Cadete VICENTE DEL BOSQUE, Alalpardo\" title=\"Jornada 2 del II Torneo de F\u00fatbol Cadete VICENTE DEL BOSQUE, Alalpardo\" align=\"left\" width=\"800\" height=\"455\" srcset=\"https:\/\/www.intersoccermadrid.com\/wp-content\/uploads\/2017\/05\/2017_2tfvb_jornada2_07.jpg 800w, https:\/\/www.intersoccermadrid.com\/wp-content\/uploads\/2017\/05\/2017_2tfvb_jornada2_07-300x171.jpg 300w, https:\/\/www.intersoccermadrid.com\/wp-content\/uploads\/2017\/05\/2017_2tfvb_jornada2_07-768x437.jpg 768w\" sizes=\"(max-width: 800px) 100vw, 800px\" \/><\/p>\n<p><img decoding=\"async\" loading=\"lazy\" class=\" alignleft size-full wp-image-6538\" src=\"https:\/\/www.intersoccermadrid.com\/wp-content\/uploads\/2017\/05\/2017_2tfvb_jornada2_08.jpg\" border=\"0\" alt=\"Jornada 2 del II Torneo de F\u00fatbol Cadete VICENTE DEL BOSQUE, Alalpardo\" title=\"Jornada 2 del II Torneo de F\u00fatbol Cadete VICENTE DEL BOSQUE, Alalpardo\" align=\"left\" width=\"800\" height=\"455\" srcset=\"https:\/\/www.intersoccermadrid.com\/wp-content\/uploads\/2017\/05\/2017_2tfvb_jornada2_08.jpg 800w, https:\/\/www.intersoccermadrid.com\/wp-content\/uploads\/2017\/05\/2017_2tfvb_jornada2_08-300x171.jpg 300w, https:\/\/www.intersoccermadrid.com\/wp-content\/uploads\/2017\/05\/2017_2tfvb_jornada2_08-768x437.jpg 768w\" sizes=\"(max-width: 800px) 100vw, 800px\" \/><\/p>\n<p><img decoding=\"async\" loading=\"lazy\" class=\" alignleft size-full wp-image-6539\" src=\"https:\/\/www.intersoccermadrid.com\/wp-content\/uploads\/2017\/05\/2017_2tfvb_jornada2_09.jpg\" border=\"0\" alt=\"Jornada 2 del II Torneo de F\u00fatbol Cadete VICENTE DEL BOSQUE, Alalpardo\" title=\"Jornada 2 del II Torneo de F\u00fatbol Cadete VICENTE DEL BOSQUE, Alalpardo\" align=\"left\" width=\"800\" height=\"444\" srcset=\"https:\/\/www.intersoccermadrid.com\/wp-content\/uploads\/2017\/05\/2017_2tfvb_jornada2_09.jpg 800w, https:\/\/www.intersoccermadrid.com\/wp-content\/uploads\/2017\/05\/2017_2tfvb_jornada2_09-300x167.jpg 300w, https:\/\/www.intersoccermadrid.com\/wp-content\/uploads\/2017\/05\/2017_2tfvb_jornada2_09-768x426.jpg 768w\" sizes=\"(max-width: 800px) 100vw, 800px\" \/><\/p>\n<p><img decoding=\"async\" loading=\"lazy\" class=\" alignleft size-full wp-image-6540\" src=\"https:\/\/www.intersoccermadrid.com\/wp-content\/uploads\/2017\/05\/2017_2tfvb_jornada2_10.jpg\" border=\"0\" alt=\"Jornada 2 del II Torneo de F\u00fatbol Cadete VICENTE DEL BOSQUE, Alalpardo\" title=\"Jornada 2 del II Torneo de F\u00fatbol Cadete VICENTE DEL BOSQUE, Alalpardo\" align=\"left\" width=\"800\" height=\"493\" srcset=\"https:\/\/www.intersoccermadrid.com\/wp-content\/uploads\/2017\/05\/2017_2tfvb_jornada2_10.jpg 800w, https:\/\/www.intersoccermadrid.com\/wp-content\/uploads\/2017\/05\/2017_2tfvb_jornada2_10-300x185.jpg 300w, https:\/\/www.intersoccermadrid.com\/wp-content\/uploads\/2017\/05\/2017_2tfvb_jornada2_10-768x473.jpg 768w\" sizes=\"(max-width: 800px) 100vw, 800px\" \/><\/p>\n<p><img decoding=\"async\" loading=\"lazy\" class=\" alignleft size-full wp-image-6541\" src=\"https:\/\/www.intersoccermadrid.com\/wp-content\/uploads\/2017\/05\/2017_2tfvb_jornada2_11.jpg\" border=\"0\" alt=\"Jornada 2 del II Torneo de F\u00fatbol Cadete VICENTE DEL BOSQUE, Alalpardo\" title=\"Jornada 2 del II Torneo de F\u00fatbol Cadete VICENTE DEL BOSQUE, Alalpardo\" align=\"left\" width=\"800\" height=\"461\" srcset=\"https:\/\/www.intersoccermadrid.com\/wp-content\/uploads\/2017\/05\/2017_2tfvb_jornada2_11.jpg 800w, https:\/\/www.intersoccermadrid.com\/wp-content\/uploads\/2017\/05\/2017_2tfvb_jornada2_11-300x173.jpg 300w, https:\/\/www.intersoccermadrid.com\/wp-content\/uploads\/2017\/05\/2017_2tfvb_jornada2_11-768x443.jpg 768w\" sizes=\"(max-width: 800px) 100vw, 800px\" \/><\/p>\n<p>   <!--<iframe loading=\"lazy\" width=\"320\" height=\"240\" src=\"\/\/www.youtube.com\/embed\/5QIQxATQka\" frameborder=\"0\"><\/iframe>--><\/p>\n","protected":false},"excerpt":{"rendered":"<p>La jornada 2 se desarrolla el d\u00eda 1 de mayo, siguiendo con la segunda y tercera fase de grupos. Los equipos juegan esta vez un partido por la ma\u00f1ana y otro por la tarde. Afortunadamente en esta ocasi\u00f3n el tiempo acompa\u00f1a y todos podemos disfrutar de un magn\u00edfico d\u00eda soleado.<\/p>\n","protected":false},"author":2,"featured_media":6531,"comment_status":"open","ping_status":"open","sticky":false,"template":"","format":"standard","meta":{"_et_pb_use_builder":"","_et_pb_old_content":"","_et_gb_content_width":""},"categories":[8],"tags":[],"yoast_head":"<!-- This site is optimized with the Yoast SEO plugin v20.9 - https:\/\/yoast.com\/wordpress\/plugins\/seo\/ -->\n<title>Jornada 2 del II Torneo de F\u00fatbol Cadete VICENTE DEL BOSQUE, Alalpardo &middot; International Soccer Academy of Madrid<\/title>\n<meta name=\"robots\" content=\"index, follow, max-snippet:-1, max-image-preview:large, max-video-preview:-1\" \/>\n<link rel=\"canonical\" href=\"https:\/\/www.intersoccermadrid.com\/en\/jornada-2-del-ii-torneo-de-futbol-cadete-vicente-del-bosque-alalpardo\/\" \/>\n<meta property=\"og:locale\" content=\"en_US\" \/>\n<meta property=\"og:type\" content=\"article\" \/>\n<meta property=\"og:title\" content=\"Jornada 2 del II Torneo de F\u00fatbol Cadete VICENTE DEL BOSQUE, Alalpardo &middot; International Soccer Academy of Madrid\" \/>\n<meta property=\"og:description\" content=\"La jornada 2 se desarrolla el d\u00eda 1 de mayo, siguiendo con la segunda y tercera fase de grupos. Los equipos juegan esta vez un partido por la ma\u00f1ana y otro por la tarde. Afortunadamente en esta ocasi\u00f3n el tiempo acompa\u00f1a y todos podemos disfrutar de un magn\u00edfico d\u00eda soleado.\" \/>\n<meta property=\"og:url\" content=\"https:\/\/www.intersoccermadrid.com\/en\/jornada-2-del-ii-torneo-de-futbol-cadete-vicente-del-bosque-alalpardo\/\" \/>\n<meta property=\"og:site_name\" content=\"International Soccer Academy of Madrid\" \/>\n<meta property=\"article:published_time\" content=\"2017-05-01T17:00:00+00:00\" \/>\n<meta property=\"og:image\" content=\"https:\/\/www.intersoccermadrid.com\/wp-content\/uploads\/2017\/05\/2017_2tfvb_jornada2_02.jpg\" \/>\n\t<meta property=\"og:image:width\" content=\"800\" \/>\n\t<meta property=\"og:image:height\" content=\"502\" \/>\n\t<meta property=\"og:image:type\" content=\"image\/jpeg\" \/>\n<meta name=\"author\" content=\"Administrator\" \/>\n<meta name=\"twitter:card\" content=\"summary_large_image\" \/>\n<meta name=\"twitter:label1\" content=\"Written by\" \/>\n\t<meta name=\"twitter:data1\" content=\"Administrator\" \/>\n\t<meta name=\"twitter:label2\" content=\"Est. reading time\" \/>\n\t<meta name=\"twitter:data2\" content=\"1 minute\" \/>\n<script type=\"application\/ld+json\" class=\"yoast-schema-graph\">{\"@context\":\"https:\/\/schema.org\",\"@graph\":[{\"@type\":\"WebPage\",\"@id\":\"https:\/\/www.intersoccermadrid.com\/en\/jornada-2-del-ii-torneo-de-futbol-cadete-vicente-del-bosque-alalpardo\/\",\"url\":\"https:\/\/www.intersoccermadrid.com\/en\/jornada-2-del-ii-torneo-de-futbol-cadete-vicente-del-bosque-alalpardo\/\",\"name\":\"Jornada 2 del II Torneo de F\u00fatbol Cadete VICENTE DEL BOSQUE, Alalpardo &middot; International Soccer Academy of Madrid\",\"isPartOf\":{\"@id\":\"https:\/\/www.intersoccermadrid.com\/en\/#website\"},\"datePublished\":\"2017-05-01T17:00:00+00:00\",\"dateModified\":\"2017-05-01T17:00:00+00:00\",\"author\":{\"@id\":\"https:\/\/www.intersoccermadrid.com\/en\/#\/schema\/person\/4843f782828393fd2fd34a6db5ce5d48\"},\"breadcrumb\":{\"@id\":\"https:\/\/www.intersoccermadrid.com\/en\/jornada-2-del-ii-torneo-de-futbol-cadete-vicente-del-bosque-alalpardo\/#breadcrumb\"},\"inLanguage\":\"en-US\",\"potentialAction\":[{\"@type\":\"ReadAction\",\"target\":[\"https:\/\/www.intersoccermadrid.com\/en\/jornada-2-del-ii-torneo-de-futbol-cadete-vicente-del-bosque-alalpardo\/\"]}]},{\"@type\":\"BreadcrumbList\",\"@id\":\"https:\/\/www.intersoccermadrid.com\/en\/jornada-2-del-ii-torneo-de-futbol-cadete-vicente-del-bosque-alalpardo\/#breadcrumb\",\"itemListElement\":[{\"@type\":\"ListItem\",\"position\":1,\"name\":\"Home\",\"item\":\"https:\/\/www.intersoccermadrid.com\/en\/\"},{\"@type\":\"ListItem\",\"position\":2,\"name\":\"Jornada 2 del II Torneo de F\u00fatbol Cadete VICENTE DEL BOSQUE, Alalpardo\"}]},{\"@type\":\"WebSite\",\"@id\":\"https:\/\/www.intersoccermadrid.com\/en\/#website\",\"url\":\"https:\/\/www.intersoccermadrid.com\/en\/\",\"name\":\"International Soccer Academy of Madrid\",\"description\":\"International Soccer Academy of Madrid\",\"potentialAction\":[{\"@type\":\"SearchAction\",\"target\":{\"@type\":\"EntryPoint\",\"urlTemplate\":\"https:\/\/www.intersoccermadrid.com\/en\/?s={search_term_string}\"},\"query-input\":\"required name=search_term_string\"}],\"inLanguage\":\"en-US\"},{\"@type\":\"Person\",\"@id\":\"https:\/\/www.intersoccermadrid.com\/en\/#\/schema\/person\/4843f782828393fd2fd34a6db5ce5d48\",\"name\":\"Administrator\",\"image\":{\"@type\":\"ImageObject\",\"inLanguage\":\"en-US\",\"@id\":\"https:\/\/www.intersoccermadrid.com\/en\/#\/schema\/person\/image\/\",\"url\":\"https:\/\/secure.gravatar.com\/avatar\/85ec5305f9a568d3e58c20ee91decabf?s=96&d=mm&r=g\",\"contentUrl\":\"https:\/\/secure.gravatar.com\/avatar\/85ec5305f9a568d3e58c20ee91decabf?s=96&d=mm&r=g\",\"caption\":\"Administrator\"},\"url\":\"https:\/\/www.intersoccermadrid.com\/en\/author\/admin\/\"}]}<\/script>\n<!-- \/ Yoast SEO plugin. -->","yoast_head_json":{"title":"Jornada 2 del II Torneo de F\u00fatbol Cadete VICENTE DEL BOSQUE, Alalpardo &middot; International Soccer Academy of Madrid","robots":{"index":"index","follow":"follow","max-snippet":"max-snippet:-1","max-image-preview":"max-image-preview:large","max-video-preview":"max-video-preview:-1"},"canonical":"https:\/\/www.intersoccermadrid.com\/en\/jornada-2-del-ii-torneo-de-futbol-cadete-vicente-del-bosque-alalpardo\/","og_locale":"en_US","og_type":"article","og_title":"Jornada 2 del II Torneo de F\u00fatbol Cadete VICENTE DEL BOSQUE, Alalpardo &middot; International Soccer Academy of Madrid","og_description":"La jornada 2 se desarrolla el d\u00eda 1 de mayo, siguiendo con la segunda y tercera fase de grupos. Los equipos juegan esta vez un partido por la ma\u00f1ana y otro por la tarde. Afortunadamente en esta ocasi\u00f3n el tiempo acompa\u00f1a y todos podemos disfrutar de un magn\u00edfico d\u00eda soleado.","og_url":"https:\/\/www.intersoccermadrid.com\/en\/jornada-2-del-ii-torneo-de-futbol-cadete-vicente-del-bosque-alalpardo\/","og_site_name":"International Soccer Academy of Madrid","article_published_time":"2017-05-01T17:00:00+00:00","og_image":[{"width":800,"height":502,"url":"https:\/\/www.intersoccermadrid.com\/wp-content\/uploads\/2017\/05\/2017_2tfvb_jornada2_02.jpg","type":"image\/jpeg"}],"author":"Administrator","twitter_card":"summary_large_image","twitter_misc":{"Written by":"Administrator","Est. reading time":"1 minute"},"schema":{"@context":"https:\/\/schema.org","@graph":[{"@type":"WebPage","@id":"https:\/\/www.intersoccermadrid.com\/en\/jornada-2-del-ii-torneo-de-futbol-cadete-vicente-del-bosque-alalpardo\/","url":"https:\/\/www.intersoccermadrid.com\/en\/jornada-2-del-ii-torneo-de-futbol-cadete-vicente-del-bosque-alalpardo\/","name":"Jornada 2 del II Torneo de F\u00fatbol Cadete VICENTE DEL BOSQUE, Alalpardo &middot; International Soccer Academy of Madrid","isPartOf":{"@id":"https:\/\/www.intersoccermadrid.com\/en\/#website"},"datePublished":"2017-05-01T17:00:00+00:00","dateModified":"2017-05-01T17:00:00+00:00","author":{"@id":"https:\/\/www.intersoccermadrid.com\/en\/#\/schema\/person\/4843f782828393fd2fd34a6db5ce5d48"},"breadcrumb":{"@id":"https:\/\/www.intersoccermadrid.com\/en\/jornada-2-del-ii-torneo-de-futbol-cadete-vicente-del-bosque-alalpardo\/#breadcrumb"},"inLanguage":"en-US","potentialAction":[{"@type":"ReadAction","target":["https:\/\/www.intersoccermadrid.com\/en\/jornada-2-del-ii-torneo-de-futbol-cadete-vicente-del-bosque-alalpardo\/"]}]},{"@type":"BreadcrumbList","@id":"https:\/\/www.intersoccermadrid.com\/en\/jornada-2-del-ii-torneo-de-futbol-cadete-vicente-del-bosque-alalpardo\/#breadcrumb","itemListElement":[{"@type":"ListItem","position":1,"name":"Home","item":"https:\/\/www.intersoccermadrid.com\/en\/"},{"@type":"ListItem","position":2,"name":"Jornada 2 del II Torneo de F\u00fatbol Cadete VICENTE DEL BOSQUE, Alalpardo"}]},{"@type":"WebSite","@id":"https:\/\/www.intersoccermadrid.com\/en\/#website","url":"https:\/\/www.intersoccermadrid.com\/en\/","name":"International Soccer Academy of Madrid","description":"International Soccer Academy of Madrid","potentialAction":[{"@type":"SearchAction","target":{"@type":"EntryPoint","urlTemplate":"https:\/\/www.intersoccermadrid.com\/en\/?s={search_term_string}"},"query-input":"required name=search_term_string"}],"inLanguage":"en-US"},{"@type":"Person","@id":"https:\/\/www.intersoccermadrid.com\/en\/#\/schema\/person\/4843f782828393fd2fd34a6db5ce5d48","name":"Administrator","image":{"@type":"ImageObject","inLanguage":"en-US","@id":"https:\/\/www.intersoccermadrid.com\/en\/#\/schema\/person\/image\/","url":"https:\/\/secure.gravatar.com\/avatar\/85ec5305f9a568d3e58c20ee91decabf?s=96&d=mm&r=g","contentUrl":"https:\/\/secure.gravatar.com\/avatar\/85ec5305f9a568d3e58c20ee91decabf?s=96&d=mm&r=g","caption":"Administrator"},"url":"https:\/\/www.intersoccermadrid.com\/en\/author\/admin\/"}]}},"_links":{"self":[{"href":"https:\/\/www.intersoccermadrid.com\/en\/wp-json\/wp\/v2\/posts\/687"}],"collection":[{"href":"https:\/\/www.intersoccermadrid.com\/en\/wp-json\/wp\/v2\/posts"}],"about":[{"href":"https:\/\/www.intersoccermadrid.com\/en\/wp-json\/wp\/v2\/types\/post"}],"author":[{"embeddable":true,"href":"https:\/\/www.intersoccermadrid.com\/en\/wp-json\/wp\/v2\/users\/2"}],"replies":[{"embeddable":true,"href":"https:\/\/www.intersoccermadrid.com\/en\/wp-json\/wp\/v2\/comments?post=687"}],"version-history":[{"count":0,"href":"https:\/\/www.intersoccermadrid.com\/en\/wp-json\/wp\/v2\/posts\/687\/revisions"}],"wp:featuredmedia":[{"embeddable":true,"href":"https:\/\/www.intersoccermadrid.com\/en\/wp-json\/wp\/v2\/media\/6531"}],"wp:attachment":[{"href":"https:\/\/www.intersoccermadrid.com\/en\/wp-json\/wp\/v2\/media?parent=687"}],"wp:term":[{"taxonomy":"category","embeddable":true,"href":"https:\/\/www.intersoccermadrid.com\/en\/wp-json\/wp\/v2\/categories?post=687"},{"taxonomy":"post_tag","embeddable":true,"href":"https:\/\/www.intersoccermadrid.com\/en\/wp-json\/wp\/v2\/tags?post=687"}],"curies":[{"name":"wp","href":"https:\/\/api.w.org\/{rel}","templated":true}]}}