{"id":684,"date":"2017-04-28T00:00:00","date_gmt":"2017-04-27T22:00:00","guid":{"rendered":"https:\/\/www.intersoccermadrid.com\/brayan-y-austin-alumnos-de-intersoccer-seleccionados-para-jugar-el-torneo-de-futbol-cadete-vicente-de-bosque-de-alalpardo\/"},"modified":"2017-04-28T00:00:00","modified_gmt":"2017-04-27T22:00:00","slug":"brayan-y-austin-alumnos-de-intersoccer-seleccionados-para-jugar-el-torneo-de-futbol-cadete-vicente-de-bosque-de-alalpardo","status":"publish","type":"post","link":"https:\/\/www.intersoccermadrid.com\/en\/brayan-y-austin-alumnos-de-intersoccer-seleccionados-para-jugar-el-torneo-de-futbol-cadete-vicente-de-bosque-de-alalpardo\/","title":{"rendered":"Brayan y Austin, alumnos de Intersoccer, seleccionados para jugar el Torneo de F\u00fatbol Cadete Vicente de Bosque de Alalpardo"},"content":{"rendered":"<p><img decoding=\"async\" loading=\"lazy\" class=\" alignleft size-full wp-image-6513\" src=\"https:\/\/www.intersoccermadrid.com\/wp-content\/uploads\/2017\/04\/2017_brayan_y_austin_seleccionados_2TFVB_00.jpg\" border=\"0\" alt=\"Brayan y Austin, alumnos de Intersoccer, seleccionados para jugar el Torneo de F\u00fatbol Cadete Vicente de Bosque de Alalpardo\" title=\"Brayan y Austin, alumnos de Intersoccer, seleccionados para jugar el Torneo de F\u00fatbol Cadete Vicente de Bosque de Alalpardo\" align=\"left\" width=\"800\" height=\"450\" srcset=\"https:\/\/www.intersoccermadrid.com\/wp-content\/uploads\/2017\/04\/2017_brayan_y_austin_seleccionados_2TFVB_00.jpg 800w, https:\/\/www.intersoccermadrid.com\/wp-content\/uploads\/2017\/04\/2017_brayan_y_austin_seleccionados_2TFVB_00-300x169.jpg 300w, https:\/\/www.intersoccermadrid.com\/wp-content\/uploads\/2017\/04\/2017_brayan_y_austin_seleccionados_2TFVB_00-768x432.jpg 768w\" sizes=\"(max-width: 800px) 100vw, 800px\" \/><\/p>\n<p>Cuando estamos a muy pocos d\u00edas del comienzo del Torneo de F\u00fatbol Cadete Vicente del Bosque en Alalpardo, del que ya anunciamos su presentaci\u00f3n la pasada semana en esta misma p\u00e1gina, queremos compartir la noticia de la participaci\u00f3n de dos de nuestros alumnos, Brayan (Francia) y Austin (Chile-China) <!--more--> , en tan destacado evento.<\/p>\n<p>Los dos estar\u00e1n integrados en las filas del Cadete &#8220;B&#8221; del club Alocbendas Levitt CF, club patrocinador de la A.C. Intersoccer Madrid, en el que est\u00e1n integrados, en sus diferentes equipos, los alumnos del programa Madrid Elite Intersoccer<\/p>\n<p>Este a\u00f1o el torneo cuenta con la participaci\u00f3n de los clubes m\u00e1s destacados de las ligas madrile\u00f1as, como son: Club Atl\u00e9tico de Madrid, C.D. Leganes, Getafe C.F., Rayo Vallecano SAD, Alcobendas Levitt C.F., Las Rozas C.F., Escuela de F\u00fatbol Brunete y el club anfitri\u00f3n C.F. Alalpardo.  El torneo se desarrolla en 3 d\u00edas, 30 de abril, 1 y 2 de mayo, jugando primero cada equipo tres partidos correspondientes a una fase de grupos y el \u00faltimo d\u00eda las semifinales y final<\/p>\n<p>Queremos desde aqu\u00ed felicitar a nuestros dos estudiantes por esta gran experiencia y oportunidad que les va a permitir disfrutar de un f\u00fatbol del m\u00e1s alto nivel dentro de la categoria cadete y poder demostrar su potencial<\/p>\n<p>Pod\u00e9is seguir en directo los partidos a trav\u00e9s de Youtube siguiendo  <a href=\"https:\/\/www.youtube.com\/channel\/UCNEhh42LYW5JOT0jB_NC7_w\">este enlace<\/a><\/p>\n<p>Tambi\u00e9n en las redes sociales: Twitter @TornVdelBosque, Instagram <a ref=\"https:\/\/www.instagram.com\/TornVdelBosque\/\">https:\/\/www.instagram.com\/TornVdelBosque\/   <\/a> y Facebook <a href=\"https:\/\/www.facebook.com\/TornVdelBosque\">https:\/\/www.facebook.com\/TornVdelBosque<\/a><\/p>\n<p><img decoding=\"async\" loading=\"lazy\" class=\" alignleft size-full wp-image-6514\" src=\"https:\/\/www.intersoccermadrid.com\/wp-content\/uploads\/2017\/04\/2017_brayan_y_austin_seleccionados_2TFVB_01.jpg\" border=\"0\" alt=\"Brayan y Austin, alumnos de Intersoccer, seleccionados para jugar el Torneo de F\u00fatbol Cadete Vicente de Bosque de Alalpardo\" title=\"Brayan y Austin, alumnos de Intersoccer, seleccionados para jugar el Torneo de F\u00fatbol Cadete Vicente de Bosque de Alalpardo\" align=\"left\" width=\"681\" height=\"973\" srcset=\"https:\/\/www.intersoccermadrid.com\/wp-content\/uploads\/2017\/04\/2017_brayan_y_austin_seleccionados_2TFVB_01.jpg 681w, https:\/\/www.intersoccermadrid.com\/wp-content\/uploads\/2017\/04\/2017_brayan_y_austin_seleccionados_2TFVB_01-210x300.jpg 210w\" sizes=\"(max-width: 681px) 100vw, 681px\" \/><\/p>\n<p>         <!--<iframe loading=\"lazy\" width=\"320\" height=\"240\" src=\"\/\/www.youtube.com\/embed\/5QIQxATQka\" frameborder=\"0\"><\/iframe>--><\/p>\n","protected":false},"excerpt":{"rendered":"<p>Cuando estamos a muy pocos d\u00edas del comienzo del Torneo de F\u00fatbol Cadete Vicente del Bosque en Alalpardo, del que ya anunciamos su presentaci\u00f3n la pasada semana en esta misma p\u00e1gina, queremos compartir la noticia de la participaci\u00f3n de dos de nuestros alumnos, Brayan (Francia) y Austin (Chile-China)<\/p>\n","protected":false},"author":2,"featured_media":6513,"comment_status":"open","ping_status":"open","sticky":false,"template":"","format":"standard","meta":{"_et_pb_use_builder":"","_et_pb_old_content":"","_et_gb_content_width":""},"categories":[8],"tags":[],"yoast_head":"<!-- This site is optimized with the Yoast SEO plugin v20.9 - https:\/\/yoast.com\/wordpress\/plugins\/seo\/ -->\n<title>Brayan y Austin, alumnos de Intersoccer, seleccionados para jugar el Torneo de F\u00fatbol Cadete Vicente de Bosque de Alalpardo &middot; International Soccer Academy of Madrid<\/title>\n<meta name=\"robots\" content=\"index, follow, max-snippet:-1, max-image-preview:large, max-video-preview:-1\" \/>\n<link rel=\"canonical\" href=\"https:\/\/www.intersoccermadrid.com\/en\/brayan-y-austin-alumnos-de-intersoccer-seleccionados-para-jugar-el-torneo-de-futbol-cadete-vicente-de-bosque-de-alalpardo\/\" \/>\n<meta property=\"og:locale\" content=\"en_US\" \/>\n<meta property=\"og:type\" content=\"article\" \/>\n<meta property=\"og:title\" content=\"Brayan y Austin, alumnos de Intersoccer, seleccionados para jugar el Torneo de F\u00fatbol Cadete Vicente de Bosque de Alalpardo &middot; International Soccer Academy of Madrid\" \/>\n<meta property=\"og:description\" content=\"Cuando estamos a muy pocos d\u00edas del comienzo del Torneo de F\u00fatbol Cadete Vicente del Bosque en Alalpardo, del que ya anunciamos su presentaci\u00f3n la pasada semana en esta misma p\u00e1gina, queremos compartir la noticia de la participaci\u00f3n de dos de nuestros alumnos, Brayan (Francia) y Austin (Chile-China)\" \/>\n<meta property=\"og:url\" content=\"https:\/\/www.intersoccermadrid.com\/en\/brayan-y-austin-alumnos-de-intersoccer-seleccionados-para-jugar-el-torneo-de-futbol-cadete-vicente-de-bosque-de-alalpardo\/\" \/>\n<meta property=\"og:site_name\" content=\"International Soccer Academy of Madrid\" \/>\n<meta property=\"article:published_time\" content=\"2017-04-27T22:00:00+00:00\" \/>\n<meta property=\"og:image\" content=\"https:\/\/www.intersoccermadrid.com\/wp-content\/uploads\/2017\/04\/2017_brayan_y_austin_seleccionados_2TFVB_00.jpg\" \/>\n\t<meta property=\"og:image:width\" content=\"800\" \/>\n\t<meta property=\"og:image:height\" content=\"450\" \/>\n\t<meta property=\"og:image:type\" content=\"image\/jpeg\" \/>\n<meta name=\"author\" content=\"Administrator\" \/>\n<meta name=\"twitter:card\" content=\"summary_large_image\" \/>\n<meta name=\"twitter:label1\" content=\"Written by\" \/>\n\t<meta name=\"twitter:data1\" content=\"Administrator\" \/>\n\t<meta name=\"twitter:label2\" content=\"Est. reading time\" \/>\n\t<meta name=\"twitter:data2\" content=\"1 minute\" \/>\n<script type=\"application\/ld+json\" class=\"yoast-schema-graph\">{\"@context\":\"https:\/\/schema.org\",\"@graph\":[{\"@type\":\"WebPage\",\"@id\":\"https:\/\/www.intersoccermadrid.com\/en\/brayan-y-austin-alumnos-de-intersoccer-seleccionados-para-jugar-el-torneo-de-futbol-cadete-vicente-de-bosque-de-alalpardo\/\",\"url\":\"https:\/\/www.intersoccermadrid.com\/en\/brayan-y-austin-alumnos-de-intersoccer-seleccionados-para-jugar-el-torneo-de-futbol-cadete-vicente-de-bosque-de-alalpardo\/\",\"name\":\"Brayan y Austin, alumnos de Intersoccer, seleccionados para jugar el Torneo de F\u00fatbol Cadete Vicente de Bosque de Alalpardo &middot; International Soccer Academy of Madrid\",\"isPartOf\":{\"@id\":\"https:\/\/www.intersoccermadrid.com\/en\/#website\"},\"datePublished\":\"2017-04-27T22:00:00+00:00\",\"dateModified\":\"2017-04-27T22:00:00+00:00\",\"author\":{\"@id\":\"https:\/\/www.intersoccermadrid.com\/en\/#\/schema\/person\/4843f782828393fd2fd34a6db5ce5d48\"},\"breadcrumb\":{\"@id\":\"https:\/\/www.intersoccermadrid.com\/en\/brayan-y-austin-alumnos-de-intersoccer-seleccionados-para-jugar-el-torneo-de-futbol-cadete-vicente-de-bosque-de-alalpardo\/#breadcrumb\"},\"inLanguage\":\"en-US\",\"potentialAction\":[{\"@type\":\"ReadAction\",\"target\":[\"https:\/\/www.intersoccermadrid.com\/en\/brayan-y-austin-alumnos-de-intersoccer-seleccionados-para-jugar-el-torneo-de-futbol-cadete-vicente-de-bosque-de-alalpardo\/\"]}]},{\"@type\":\"BreadcrumbList\",\"@id\":\"https:\/\/www.intersoccermadrid.com\/en\/brayan-y-austin-alumnos-de-intersoccer-seleccionados-para-jugar-el-torneo-de-futbol-cadete-vicente-de-bosque-de-alalpardo\/#breadcrumb\",\"itemListElement\":[{\"@type\":\"ListItem\",\"position\":1,\"name\":\"Home\",\"item\":\"https:\/\/www.intersoccermadrid.com\/en\/\"},{\"@type\":\"ListItem\",\"position\":2,\"name\":\"Brayan y Austin, alumnos de Intersoccer, seleccionados para jugar el Torneo de F\u00fatbol Cadete Vicente de Bosque de Alalpardo\"}]},{\"@type\":\"WebSite\",\"@id\":\"https:\/\/www.intersoccermadrid.com\/en\/#website\",\"url\":\"https:\/\/www.intersoccermadrid.com\/en\/\",\"name\":\"International Soccer Academy of Madrid\",\"description\":\"International Soccer Academy of Madrid\",\"potentialAction\":[{\"@type\":\"SearchAction\",\"target\":{\"@type\":\"EntryPoint\",\"urlTemplate\":\"https:\/\/www.intersoccermadrid.com\/en\/?s={search_term_string}\"},\"query-input\":\"required name=search_term_string\"}],\"inLanguage\":\"en-US\"},{\"@type\":\"Person\",\"@id\":\"https:\/\/www.intersoccermadrid.com\/en\/#\/schema\/person\/4843f782828393fd2fd34a6db5ce5d48\",\"name\":\"Administrator\",\"image\":{\"@type\":\"ImageObject\",\"inLanguage\":\"en-US\",\"@id\":\"https:\/\/www.intersoccermadrid.com\/en\/#\/schema\/person\/image\/\",\"url\":\"https:\/\/secure.gravatar.com\/avatar\/85ec5305f9a568d3e58c20ee91decabf?s=96&d=mm&r=g\",\"contentUrl\":\"https:\/\/secure.gravatar.com\/avatar\/85ec5305f9a568d3e58c20ee91decabf?s=96&d=mm&r=g\",\"caption\":\"Administrator\"},\"url\":\"https:\/\/www.intersoccermadrid.com\/en\/author\/admin\/\"}]}<\/script>\n<!-- \/ Yoast SEO plugin. -->","yoast_head_json":{"title":"Brayan y Austin, alumnos de Intersoccer, seleccionados para jugar el Torneo de F\u00fatbol Cadete Vicente de Bosque de Alalpardo &middot; International Soccer Academy of Madrid","robots":{"index":"index","follow":"follow","max-snippet":"max-snippet:-1","max-image-preview":"max-image-preview:large","max-video-preview":"max-video-preview:-1"},"canonical":"https:\/\/www.intersoccermadrid.com\/en\/brayan-y-austin-alumnos-de-intersoccer-seleccionados-para-jugar-el-torneo-de-futbol-cadete-vicente-de-bosque-de-alalpardo\/","og_locale":"en_US","og_type":"article","og_title":"Brayan y Austin, alumnos de Intersoccer, seleccionados para jugar el Torneo de F\u00fatbol Cadete Vicente de Bosque de Alalpardo &middot; International Soccer Academy of Madrid","og_description":"Cuando estamos a muy pocos d\u00edas del comienzo del Torneo de F\u00fatbol Cadete Vicente del Bosque en Alalpardo, del que ya anunciamos su presentaci\u00f3n la pasada semana en esta misma p\u00e1gina, queremos compartir la noticia de la participaci\u00f3n de dos de nuestros alumnos, Brayan (Francia) y Austin (Chile-China)","og_url":"https:\/\/www.intersoccermadrid.com\/en\/brayan-y-austin-alumnos-de-intersoccer-seleccionados-para-jugar-el-torneo-de-futbol-cadete-vicente-de-bosque-de-alalpardo\/","og_site_name":"International Soccer Academy of Madrid","article_published_time":"2017-04-27T22:00:00+00:00","og_image":[{"width":800,"height":450,"url":"https:\/\/www.intersoccermadrid.com\/wp-content\/uploads\/2017\/04\/2017_brayan_y_austin_seleccionados_2TFVB_00.jpg","type":"image\/jpeg"}],"author":"Administrator","twitter_card":"summary_large_image","twitter_misc":{"Written by":"Administrator","Est. reading time":"1 minute"},"schema":{"@context":"https:\/\/schema.org","@graph":[{"@type":"WebPage","@id":"https:\/\/www.intersoccermadrid.com\/en\/brayan-y-austin-alumnos-de-intersoccer-seleccionados-para-jugar-el-torneo-de-futbol-cadete-vicente-de-bosque-de-alalpardo\/","url":"https:\/\/www.intersoccermadrid.com\/en\/brayan-y-austin-alumnos-de-intersoccer-seleccionados-para-jugar-el-torneo-de-futbol-cadete-vicente-de-bosque-de-alalpardo\/","name":"Brayan y Austin, alumnos de Intersoccer, seleccionados para jugar el Torneo de F\u00fatbol Cadete Vicente de Bosque de Alalpardo &middot; International Soccer Academy of Madrid","isPartOf":{"@id":"https:\/\/www.intersoccermadrid.com\/en\/#website"},"datePublished":"2017-04-27T22:00:00+00:00","dateModified":"2017-04-27T22:00:00+00:00","author":{"@id":"https:\/\/www.intersoccermadrid.com\/en\/#\/schema\/person\/4843f782828393fd2fd34a6db5ce5d48"},"breadcrumb":{"@id":"https:\/\/www.intersoccermadrid.com\/en\/brayan-y-austin-alumnos-de-intersoccer-seleccionados-para-jugar-el-torneo-de-futbol-cadete-vicente-de-bosque-de-alalpardo\/#breadcrumb"},"inLanguage":"en-US","potentialAction":[{"@type":"ReadAction","target":["https:\/\/www.intersoccermadrid.com\/en\/brayan-y-austin-alumnos-de-intersoccer-seleccionados-para-jugar-el-torneo-de-futbol-cadete-vicente-de-bosque-de-alalpardo\/"]}]},{"@type":"BreadcrumbList","@id":"https:\/\/www.intersoccermadrid.com\/en\/brayan-y-austin-alumnos-de-intersoccer-seleccionados-para-jugar-el-torneo-de-futbol-cadete-vicente-de-bosque-de-alalpardo\/#breadcrumb","itemListElement":[{"@type":"ListItem","position":1,"name":"Home","item":"https:\/\/www.intersoccermadrid.com\/en\/"},{"@type":"ListItem","position":2,"name":"Brayan y Austin, alumnos de Intersoccer, seleccionados para jugar el Torneo de F\u00fatbol Cadete Vicente de Bosque de Alalpardo"}]},{"@type":"WebSite","@id":"https:\/\/www.intersoccermadrid.com\/en\/#website","url":"https:\/\/www.intersoccermadrid.com\/en\/","name":"International Soccer Academy of Madrid","description":"International Soccer Academy of Madrid","potentialAction":[{"@type":"SearchAction","target":{"@type":"EntryPoint","urlTemplate":"https:\/\/www.intersoccermadrid.com\/en\/?s={search_term_string}"},"query-input":"required name=search_term_string"}],"inLanguage":"en-US"},{"@type":"Person","@id":"https:\/\/www.intersoccermadrid.com\/en\/#\/schema\/person\/4843f782828393fd2fd34a6db5ce5d48","name":"Administrator","image":{"@type":"ImageObject","inLanguage":"en-US","@id":"https:\/\/www.intersoccermadrid.com\/en\/#\/schema\/person\/image\/","url":"https:\/\/secure.gravatar.com\/avatar\/85ec5305f9a568d3e58c20ee91decabf?s=96&d=mm&r=g","contentUrl":"https:\/\/secure.gravatar.com\/avatar\/85ec5305f9a568d3e58c20ee91decabf?s=96&d=mm&r=g","caption":"Administrator"},"url":"https:\/\/www.intersoccermadrid.com\/en\/author\/admin\/"}]}},"_links":{"self":[{"href":"https:\/\/www.intersoccermadrid.com\/en\/wp-json\/wp\/v2\/posts\/684"}],"collection":[{"href":"https:\/\/www.intersoccermadrid.com\/en\/wp-json\/wp\/v2\/posts"}],"about":[{"href":"https:\/\/www.intersoccermadrid.com\/en\/wp-json\/wp\/v2\/types\/post"}],"author":[{"embeddable":true,"href":"https:\/\/www.intersoccermadrid.com\/en\/wp-json\/wp\/v2\/users\/2"}],"replies":[{"embeddable":true,"href":"https:\/\/www.intersoccermadrid.com\/en\/wp-json\/wp\/v2\/comments?post=684"}],"version-history":[{"count":0,"href":"https:\/\/www.intersoccermadrid.com\/en\/wp-json\/wp\/v2\/posts\/684\/revisions"}],"wp:featuredmedia":[{"embeddable":true,"href":"https:\/\/www.intersoccermadrid.com\/en\/wp-json\/wp\/v2\/media\/6513"}],"wp:attachment":[{"href":"https:\/\/www.intersoccermadrid.com\/en\/wp-json\/wp\/v2\/media?parent=684"}],"wp:term":[{"taxonomy":"category","embeddable":true,"href":"https:\/\/www.intersoccermadrid.com\/en\/wp-json\/wp\/v2\/categories?post=684"},{"taxonomy":"post_tag","embeddable":true,"href":"https:\/\/www.intersoccermadrid.com\/en\/wp-json\/wp\/v2\/tags?post=684"}],"curies":[{"name":"wp","href":"https:\/\/api.w.org\/{rel}","templated":true}]}}