{"id":674,"date":"2017-04-05T00:00:00","date_gmt":"2017-04-04T22:00:00","guid":{"rendered":"https:\/\/www.intersoccermadrid.com\/la-academia-intersoccer-viaja-a-italia-e-impresiona-ante-el-novara-calcio-club-profesional\/"},"modified":"2017-04-05T00:00:00","modified_gmt":"2017-04-04T22:00:00","slug":"la-academia-intersoccer-viaja-a-italia-e-impresiona-ante-el-novara-calcio-club-profesional","status":"publish","type":"post","link":"https:\/\/www.intersoccermadrid.com\/en\/la-academia-intersoccer-viaja-a-italia-e-impresiona-ante-el-novara-calcio-club-profesional\/","title":{"rendered":"LA ACADEMIA INTERSOCCER VIAJA A ITALIA E IMPRESIONA ANTE EL NOVARA CALCIO, CLUB PROFESIONAL.-"},"content":{"rendered":"<p><img decoding=\"async\" loading=\"lazy\" class=\" alignleft size-full wp-image-6373\" src=\"https:\/\/www.intersoccermadrid.com\/wp-content\/uploads\/2017\/04\/2017_novara_calcio_intersoccer_01.jpg\" border=\"0\" alt=\"LA ACADEMIA INTERSOCCER VIAJA A ITALIA E IMPRESIONA ANTE EL NOVARA CALCIO, CLUB PROFESIONAL.-\" title=\"LA ACADEMIA INTERSOCCER VIAJA A ITALIA E IMPRESIONA ANTE EL NOVARA CALCIO, CLUB PROFESIONAL.-\" align=\"left\" width=\"800\" height=\"499\" srcset=\"https:\/\/www.intersoccermadrid.com\/wp-content\/uploads\/2017\/04\/2017_novara_calcio_intersoccer_01.jpg 800w, https:\/\/www.intersoccermadrid.com\/wp-content\/uploads\/2017\/04\/2017_novara_calcio_intersoccer_01-300x187.jpg 300w, https:\/\/www.intersoccermadrid.com\/wp-content\/uploads\/2017\/04\/2017_novara_calcio_intersoccer_01-768x479.jpg 768w\" sizes=\"(max-width: 800px) 100vw, 800px\" \/><\/p>\n<p>Primer viaje de la A.C. INTERSOCCER MADRID a Italia y primera demostraci\u00f3n de gran f\u00fatbol competitivo.  <!--more--> <\/p>\n<p>La fabulosa Ciudad Deportiva de Novarello, sita en las afueras de la hist\u00f3rica y bella ciudad de Novara, recibi\u00f3 a toda la expedici\u00f3n de la Academia despu\u00e9s de un esperado y so\u00f1ado viaje que se inici\u00f3 a primeras horas de la madrugada desde su residencia de Alalpardo. Ya en tierras transalpinas, el muy cuidado hotel del resort de Novarello se convirti\u00f3 en el cuartel general desde donde, despu\u00e9s del &#8220;pranzo&#8221; del mediod\u00eda, se esperar\u00eda la llegada de la hora fijada para el inicio del partido frente a los muy experimentados jugadores del equipo de primavera del Novara Calcio.<\/p>\n<p>En un campo de f\u00fatbol sint\u00e9tico de \u00faltima generaci\u00f3n del vanguardista resort deportivo, en un partido donde protocolariamente se cuidaron hasta el exceso las formas exigidas por la UEFA para un partido internacional amistoso de gran nivel deportivo, los chicos comandados por Joaqu\u00edn Barrio formaron de salida con:<br \/>   Oscar Pan; Alex Alonso, Quique Hermoso, Oscar Castro, Mill\u00e1n Garc\u00eda; Nico Acevedo, Cristian Jimenez, Khurshid; Jih Kalvin, Kevin Castro y Fofanah Osman. Despu\u00e9s entraron sucesivamente: Vadim Poldolin, Luis Molina, Iv\u00e1n Rozas, Javier Garc\u00eda, Minsoabe Barnabo, Ayoub Garbija, Luis Miguel Payar\u00e9s y Brayan Henao.<\/p>\n<p>Despu\u00e9s de una salida en tromba de los jugadores locales, el combinado de chicos de la Academia con jugadores del Alcobendas Levitt se empez\u00f3 a sentir a gusto en el terreno de juego, compitiendo con mucha intensidad en las permanentes disputas f\u00edsicas del medio campo y saliendo en permanente sorpresa a la contra en inteligentes jugadas comandadas por un majestuoso Kalvin que en posici\u00f3n m\u00e1s retrasada de su normal lugar atacante provocaba permanente inquietud a la zaga del Novara. As\u00ed continu\u00f3 la t\u00f3nica del resto del partido y tan solo un peque\u00f1o desajuste de \u00faltima hora en la l\u00ednea defensiva permiti\u00f3 la llegada del gol que romp\u00eda el ya previsible empate final.<\/p>\n<p><strong>\u00a1Impresionante!<\/strong> As\u00ed se puede definir el partido del debut de la Academia en su primer viaje al extranjero. Calificativo que resume si cabe m\u00e1s todo el m\u00e9rito de los pupilos del gran estratega Barrio si se tiene en cuenta que el equipo del Novara camina en los puestos de cabeza de la Liga de Primavera Italiana donde compite frente a otros clubes profesionales del primer nivel como: Milan AC, Juventus, Inter de Mil\u00e1n&#8230; etc.<\/p>\n<p>Con un gran nivel demostrado por todos los chicos de la Academia, tal vez merece la pena resaltar el gran partido realizado por jugadores como: Alex Alonso, Quique Hermoso, Oscar Castro, el omnipresente Kalvin o Nico Acevedo. <\/p>\n<p>Otra jornada sumamente esperada con suma ilusi\u00f3n desde la programaci\u00f3n de tan privilegiado viaje y que siempre ser\u00e1 recordada ya dentro de la mejores p\u00e1ginas escritas en el devenir hist\u00f3rico deportivo de la A.C. INTERSOCCER Madrid.<\/p>\n<p>Con mucha alegr\u00eda y motivaci\u00f3n continuamos nuestro stage por tierras italianas, tierra de apasionados amantes del calcio o del f\u00fatbol; definici\u00f3n diferente pero que define ese mismo juego que tanto amamos unos y otros.<\/p>\n<p><img decoding=\"async\" loading=\"lazy\" class=\" alignleft size-full wp-image-6374\" src=\"https:\/\/www.intersoccermadrid.com\/wp-content\/uploads\/2017\/04\/2017_novara_calcio_intersoccer_02.jpg\" border=\"0\" alt=\"LA ACADEMIA INTERSOCCER VIAJA A ITALIA E IMPRESIONA ANTE EL NOVARA CALCIO, CLUB PROFESIONAL.-\" title=\"LA ACADEMIA INTERSOCCER VIAJA A ITALIA E IMPRESIONA ANTE EL NOVARA CALCIO, CLUB PROFESIONAL.-\" align=\"left\" width=\"800\" height=\"475\" srcset=\"https:\/\/www.intersoccermadrid.com\/wp-content\/uploads\/2017\/04\/2017_novara_calcio_intersoccer_02.jpg 800w, https:\/\/www.intersoccermadrid.com\/wp-content\/uploads\/2017\/04\/2017_novara_calcio_intersoccer_02-300x178.jpg 300w, https:\/\/www.intersoccermadrid.com\/wp-content\/uploads\/2017\/04\/2017_novara_calcio_intersoccer_02-768x456.jpg 768w\" sizes=\"(max-width: 800px) 100vw, 800px\" \/><\/p>\n<p><img decoding=\"async\" loading=\"lazy\" class=\" alignleft size-full wp-image-6375\" src=\"https:\/\/www.intersoccermadrid.com\/wp-content\/uploads\/2017\/04\/2017_novara_calcio_intersoccer_03.jpg\" border=\"0\" alt=\"LA ACADEMIA INTERSOCCER VIAJA A ITALIA E IMPRESIONA ANTE EL NOVARA CALCIO, CLUB PROFESIONAL.-\" title=\"LA ACADEMIA INTERSOCCER VIAJA A ITALIA E IMPRESIONA ANTE EL NOVARA CALCIO, CLUB PROFESIONAL.-\" align=\"left\" width=\"800\" height=\"483\" srcset=\"https:\/\/www.intersoccermadrid.com\/wp-content\/uploads\/2017\/04\/2017_novara_calcio_intersoccer_03.jpg 800w, https:\/\/www.intersoccermadrid.com\/wp-content\/uploads\/2017\/04\/2017_novara_calcio_intersoccer_03-300x181.jpg 300w, https:\/\/www.intersoccermadrid.com\/wp-content\/uploads\/2017\/04\/2017_novara_calcio_intersoccer_03-768x464.jpg 768w\" sizes=\"(max-width: 800px) 100vw, 800px\" \/><\/p>\n<p><img decoding=\"async\" loading=\"lazy\" class=\" alignleft size-full wp-image-6376\" src=\"https:\/\/www.intersoccermadrid.com\/wp-content\/uploads\/2017\/04\/2017_novara_calcio_intersoccer_04.jpg\" border=\"0\" alt=\"LA ACADEMIA INTERSOCCER VIAJA A ITALIA E IMPRESIONA ANTE EL NOVARA CALCIO, CLUB PROFESIONAL.-\" title=\"LA ACADEMIA INTERSOCCER VIAJA A ITALIA E IMPRESIONA ANTE EL NOVARA CALCIO, CLUB PROFESIONAL.-\" align=\"left\" width=\"800\" height=\"436\" srcset=\"https:\/\/www.intersoccermadrid.com\/wp-content\/uploads\/2017\/04\/2017_novara_calcio_intersoccer_04.jpg 800w, https:\/\/www.intersoccermadrid.com\/wp-content\/uploads\/2017\/04\/2017_novara_calcio_intersoccer_04-300x164.jpg 300w, https:\/\/www.intersoccermadrid.com\/wp-content\/uploads\/2017\/04\/2017_novara_calcio_intersoccer_04-768x419.jpg 768w\" sizes=\"(max-width: 800px) 100vw, 800px\" \/><\/p>\n<p><img decoding=\"async\" loading=\"lazy\" class=\" alignleft size-full wp-image-6377\" src=\"https:\/\/www.intersoccermadrid.com\/wp-content\/uploads\/2017\/04\/2017_novara_calcio_intersoccer_05.jpg\" border=\"0\" alt=\"LA ACADEMIA INTERSOCCER VIAJA A ITALIA E IMPRESIONA ANTE EL NOVARA CALCIO, CLUB PROFESIONAL.-\" title=\"LA ACADEMIA INTERSOCCER VIAJA A ITALIA E IMPRESIONA ANTE EL NOVARA CALCIO, CLUB PROFESIONAL.-\" align=\"left\" width=\"800\" height=\"545\" srcset=\"https:\/\/www.intersoccermadrid.com\/wp-content\/uploads\/2017\/04\/2017_novara_calcio_intersoccer_05.jpg 800w, https:\/\/www.intersoccermadrid.com\/wp-content\/uploads\/2017\/04\/2017_novara_calcio_intersoccer_05-300x204.jpg 300w, https:\/\/www.intersoccermadrid.com\/wp-content\/uploads\/2017\/04\/2017_novara_calcio_intersoccer_05-768x523.jpg 768w\" sizes=\"(max-width: 800px) 100vw, 800px\" \/><\/p>\n<p><img decoding=\"async\" loading=\"lazy\" class=\" alignleft size-full wp-image-6378\" src=\"https:\/\/www.intersoccermadrid.com\/wp-content\/uploads\/2017\/04\/2017_novara_calcio_intersoccer_06.jpg\" border=\"0\" alt=\"LA ACADEMIA INTERSOCCER VIAJA A ITALIA E IMPRESIONA ANTE EL NOVARA CALCIO, CLUB PROFESIONAL.-\" title=\"LA ACADEMIA INTERSOCCER VIAJA A ITALIA E IMPRESIONA ANTE EL NOVARA CALCIO, CLUB PROFESIONAL.-\" align=\"left\" width=\"800\" height=\"419\" srcset=\"https:\/\/www.intersoccermadrid.com\/wp-content\/uploads\/2017\/04\/2017_novara_calcio_intersoccer_06.jpg 800w, https:\/\/www.intersoccermadrid.com\/wp-content\/uploads\/2017\/04\/2017_novara_calcio_intersoccer_06-300x157.jpg 300w, https:\/\/www.intersoccermadrid.com\/wp-content\/uploads\/2017\/04\/2017_novara_calcio_intersoccer_06-768x402.jpg 768w\" sizes=\"(max-width: 800px) 100vw, 800px\" \/><\/p>\n<p><img decoding=\"async\" loading=\"lazy\" class=\" alignleft size-full wp-image-6379\" src=\"https:\/\/www.intersoccermadrid.com\/wp-content\/uploads\/2017\/04\/2017_novara_calcio_intersoccer_07.jpg\" border=\"0\" alt=\"LA ACADEMIA INTERSOCCER VIAJA A ITALIA E IMPRESIONA ANTE EL NOVARA CALCIO, CLUB PROFESIONAL.-\" title=\"LA ACADEMIA INTERSOCCER VIAJA A ITALIA E IMPRESIONA ANTE EL NOVARA CALCIO, CLUB PROFESIONAL.-\" align=\"left\" width=\"800\" height=\"507\" srcset=\"https:\/\/www.intersoccermadrid.com\/wp-content\/uploads\/2017\/04\/2017_novara_calcio_intersoccer_07.jpg 800w, https:\/\/www.intersoccermadrid.com\/wp-content\/uploads\/2017\/04\/2017_novara_calcio_intersoccer_07-300x190.jpg 300w, https:\/\/www.intersoccermadrid.com\/wp-content\/uploads\/2017\/04\/2017_novara_calcio_intersoccer_07-768x487.jpg 768w\" sizes=\"(max-width: 800px) 100vw, 800px\" \/><\/p>\n<p><img decoding=\"async\" loading=\"lazy\" class=\" alignleft size-full wp-image-6380\" src=\"https:\/\/www.intersoccermadrid.com\/wp-content\/uploads\/2017\/04\/2017_novara_calcio_intersoccer_08.jpg\" border=\"0\" alt=\"LA ACADEMIA INTERSOCCER VIAJA A ITALIA E IMPRESIONA ANTE EL NOVARA CALCIO, CLUB PROFESIONAL.-\" title=\"LA ACADEMIA INTERSOCCER VIAJA A ITALIA E IMPRESIONA ANTE EL NOVARA CALCIO, CLUB PROFESIONAL.-\" align=\"left\" width=\"800\" height=\"471\" srcset=\"https:\/\/www.intersoccermadrid.com\/wp-content\/uploads\/2017\/04\/2017_novara_calcio_intersoccer_08.jpg 800w, https:\/\/www.intersoccermadrid.com\/wp-content\/uploads\/2017\/04\/2017_novara_calcio_intersoccer_08-300x177.jpg 300w, https:\/\/www.intersoccermadrid.com\/wp-content\/uploads\/2017\/04\/2017_novara_calcio_intersoccer_08-768x452.jpg 768w\" sizes=\"(max-width: 800px) 100vw, 800px\" \/><\/p>\n<p>Visualiza todas las im\u00e1genes del viaje a Italia <a href=\"https:\/\/flic.kr\/s\/aHskUJK2pd\">pinchando aqu\u00ed<\/a> <\/p>\n<p>   <!--<iframe loading=\"lazy\" width=\"320\" height=\"240\" src=\"\/\/www.youtube.com\/embed\/5QIQxATQka\" frameborder=\"0\"><\/iframe>--><\/p>\n","protected":false},"excerpt":{"rendered":"<p>Primer viaje de la A.C. INTERSOCCER MADRID a Italia y primera demostraci\u00f3n de gran f\u00fatbol competitivo.<\/p>\n","protected":false},"author":2,"featured_media":6373,"comment_status":"open","ping_status":"open","sticky":false,"template":"","format":"standard","meta":{"_et_pb_use_builder":"","_et_pb_old_content":"","_et_gb_content_width":""},"categories":[8],"tags":[],"yoast_head":"<!-- This site is optimized with the Yoast SEO plugin v20.9 - https:\/\/yoast.com\/wordpress\/plugins\/seo\/ -->\n<title>LA ACADEMIA INTERSOCCER VIAJA A ITALIA E IMPRESIONA ANTE EL NOVARA CALCIO, CLUB PROFESIONAL.- &middot; International Soccer Academy of Madrid<\/title>\n<meta name=\"robots\" content=\"index, follow, max-snippet:-1, max-image-preview:large, max-video-preview:-1\" \/>\n<link rel=\"canonical\" href=\"https:\/\/www.intersoccermadrid.com\/en\/la-academia-intersoccer-viaja-a-italia-e-impresiona-ante-el-novara-calcio-club-profesional\/\" \/>\n<meta property=\"og:locale\" content=\"en_US\" \/>\n<meta property=\"og:type\" content=\"article\" \/>\n<meta property=\"og:title\" content=\"LA ACADEMIA INTERSOCCER VIAJA A ITALIA E IMPRESIONA ANTE EL NOVARA CALCIO, CLUB PROFESIONAL.- &middot; International Soccer Academy of Madrid\" \/>\n<meta property=\"og:description\" content=\"Primer viaje de la A.C. INTERSOCCER MADRID a Italia y primera demostraci\u00f3n de gran f\u00fatbol competitivo.\" \/>\n<meta property=\"og:url\" content=\"https:\/\/www.intersoccermadrid.com\/en\/la-academia-intersoccer-viaja-a-italia-e-impresiona-ante-el-novara-calcio-club-profesional\/\" \/>\n<meta property=\"og:site_name\" content=\"International Soccer Academy of Madrid\" \/>\n<meta property=\"article:published_time\" content=\"2017-04-04T22:00:00+00:00\" \/>\n<meta property=\"og:image\" content=\"https:\/\/www.intersoccermadrid.com\/wp-content\/uploads\/2017\/04\/2017_novara_calcio_intersoccer_01.jpg\" \/>\n\t<meta property=\"og:image:width\" content=\"800\" \/>\n\t<meta property=\"og:image:height\" content=\"499\" \/>\n\t<meta property=\"og:image:type\" content=\"image\/jpeg\" \/>\n<meta name=\"author\" content=\"Administrator\" \/>\n<meta name=\"twitter:card\" content=\"summary_large_image\" \/>\n<meta name=\"twitter:label1\" content=\"Written by\" \/>\n\t<meta name=\"twitter:data1\" content=\"Administrator\" \/>\n\t<meta name=\"twitter:label2\" content=\"Est. reading time\" \/>\n\t<meta name=\"twitter:data2\" content=\"3 minutes\" \/>\n<script type=\"application\/ld+json\" class=\"yoast-schema-graph\">{\"@context\":\"https:\/\/schema.org\",\"@graph\":[{\"@type\":\"WebPage\",\"@id\":\"https:\/\/www.intersoccermadrid.com\/en\/la-academia-intersoccer-viaja-a-italia-e-impresiona-ante-el-novara-calcio-club-profesional\/\",\"url\":\"https:\/\/www.intersoccermadrid.com\/en\/la-academia-intersoccer-viaja-a-italia-e-impresiona-ante-el-novara-calcio-club-profesional\/\",\"name\":\"LA ACADEMIA INTERSOCCER VIAJA A ITALIA E IMPRESIONA ANTE EL NOVARA CALCIO, CLUB PROFESIONAL.- &middot; International Soccer Academy of Madrid\",\"isPartOf\":{\"@id\":\"https:\/\/www.intersoccermadrid.com\/en\/#website\"},\"datePublished\":\"2017-04-04T22:00:00+00:00\",\"dateModified\":\"2017-04-04T22:00:00+00:00\",\"author\":{\"@id\":\"https:\/\/www.intersoccermadrid.com\/en\/#\/schema\/person\/4843f782828393fd2fd34a6db5ce5d48\"},\"breadcrumb\":{\"@id\":\"https:\/\/www.intersoccermadrid.com\/en\/la-academia-intersoccer-viaja-a-italia-e-impresiona-ante-el-novara-calcio-club-profesional\/#breadcrumb\"},\"inLanguage\":\"en-US\",\"potentialAction\":[{\"@type\":\"ReadAction\",\"target\":[\"https:\/\/www.intersoccermadrid.com\/en\/la-academia-intersoccer-viaja-a-italia-e-impresiona-ante-el-novara-calcio-club-profesional\/\"]}]},{\"@type\":\"BreadcrumbList\",\"@id\":\"https:\/\/www.intersoccermadrid.com\/en\/la-academia-intersoccer-viaja-a-italia-e-impresiona-ante-el-novara-calcio-club-profesional\/#breadcrumb\",\"itemListElement\":[{\"@type\":\"ListItem\",\"position\":1,\"name\":\"Home\",\"item\":\"https:\/\/www.intersoccermadrid.com\/en\/\"},{\"@type\":\"ListItem\",\"position\":2,\"name\":\"LA ACADEMIA INTERSOCCER VIAJA A ITALIA E IMPRESIONA ANTE EL NOVARA CALCIO, CLUB PROFESIONAL.-\"}]},{\"@type\":\"WebSite\",\"@id\":\"https:\/\/www.intersoccermadrid.com\/en\/#website\",\"url\":\"https:\/\/www.intersoccermadrid.com\/en\/\",\"name\":\"International Soccer Academy of Madrid\",\"description\":\"International Soccer Academy of Madrid\",\"potentialAction\":[{\"@type\":\"SearchAction\",\"target\":{\"@type\":\"EntryPoint\",\"urlTemplate\":\"https:\/\/www.intersoccermadrid.com\/en\/?s={search_term_string}\"},\"query-input\":\"required name=search_term_string\"}],\"inLanguage\":\"en-US\"},{\"@type\":\"Person\",\"@id\":\"https:\/\/www.intersoccermadrid.com\/en\/#\/schema\/person\/4843f782828393fd2fd34a6db5ce5d48\",\"name\":\"Administrator\",\"image\":{\"@type\":\"ImageObject\",\"inLanguage\":\"en-US\",\"@id\":\"https:\/\/www.intersoccermadrid.com\/en\/#\/schema\/person\/image\/\",\"url\":\"https:\/\/secure.gravatar.com\/avatar\/85ec5305f9a568d3e58c20ee91decabf?s=96&d=mm&r=g\",\"contentUrl\":\"https:\/\/secure.gravatar.com\/avatar\/85ec5305f9a568d3e58c20ee91decabf?s=96&d=mm&r=g\",\"caption\":\"Administrator\"},\"url\":\"https:\/\/www.intersoccermadrid.com\/en\/author\/admin\/\"}]}<\/script>\n<!-- \/ Yoast SEO plugin. -->","yoast_head_json":{"title":"LA ACADEMIA INTERSOCCER VIAJA A ITALIA E IMPRESIONA ANTE EL NOVARA CALCIO, CLUB PROFESIONAL.- &middot; International Soccer Academy of Madrid","robots":{"index":"index","follow":"follow","max-snippet":"max-snippet:-1","max-image-preview":"max-image-preview:large","max-video-preview":"max-video-preview:-1"},"canonical":"https:\/\/www.intersoccermadrid.com\/en\/la-academia-intersoccer-viaja-a-italia-e-impresiona-ante-el-novara-calcio-club-profesional\/","og_locale":"en_US","og_type":"article","og_title":"LA ACADEMIA INTERSOCCER VIAJA A ITALIA E IMPRESIONA ANTE EL NOVARA CALCIO, CLUB PROFESIONAL.- &middot; International Soccer Academy of Madrid","og_description":"Primer viaje de la A.C. INTERSOCCER MADRID a Italia y primera demostraci\u00f3n de gran f\u00fatbol competitivo.","og_url":"https:\/\/www.intersoccermadrid.com\/en\/la-academia-intersoccer-viaja-a-italia-e-impresiona-ante-el-novara-calcio-club-profesional\/","og_site_name":"International Soccer Academy of Madrid","article_published_time":"2017-04-04T22:00:00+00:00","og_image":[{"width":800,"height":499,"url":"https:\/\/www.intersoccermadrid.com\/wp-content\/uploads\/2017\/04\/2017_novara_calcio_intersoccer_01.jpg","type":"image\/jpeg"}],"author":"Administrator","twitter_card":"summary_large_image","twitter_misc":{"Written by":"Administrator","Est. reading time":"3 minutes"},"schema":{"@context":"https:\/\/schema.org","@graph":[{"@type":"WebPage","@id":"https:\/\/www.intersoccermadrid.com\/en\/la-academia-intersoccer-viaja-a-italia-e-impresiona-ante-el-novara-calcio-club-profesional\/","url":"https:\/\/www.intersoccermadrid.com\/en\/la-academia-intersoccer-viaja-a-italia-e-impresiona-ante-el-novara-calcio-club-profesional\/","name":"LA ACADEMIA INTERSOCCER VIAJA A ITALIA E IMPRESIONA ANTE EL NOVARA CALCIO, CLUB PROFESIONAL.- &middot; International Soccer Academy of Madrid","isPartOf":{"@id":"https:\/\/www.intersoccermadrid.com\/en\/#website"},"datePublished":"2017-04-04T22:00:00+00:00","dateModified":"2017-04-04T22:00:00+00:00","author":{"@id":"https:\/\/www.intersoccermadrid.com\/en\/#\/schema\/person\/4843f782828393fd2fd34a6db5ce5d48"},"breadcrumb":{"@id":"https:\/\/www.intersoccermadrid.com\/en\/la-academia-intersoccer-viaja-a-italia-e-impresiona-ante-el-novara-calcio-club-profesional\/#breadcrumb"},"inLanguage":"en-US","potentialAction":[{"@type":"ReadAction","target":["https:\/\/www.intersoccermadrid.com\/en\/la-academia-intersoccer-viaja-a-italia-e-impresiona-ante-el-novara-calcio-club-profesional\/"]}]},{"@type":"BreadcrumbList","@id":"https:\/\/www.intersoccermadrid.com\/en\/la-academia-intersoccer-viaja-a-italia-e-impresiona-ante-el-novara-calcio-club-profesional\/#breadcrumb","itemListElement":[{"@type":"ListItem","position":1,"name":"Home","item":"https:\/\/www.intersoccermadrid.com\/en\/"},{"@type":"ListItem","position":2,"name":"LA ACADEMIA INTERSOCCER VIAJA A ITALIA E IMPRESIONA ANTE EL NOVARA CALCIO, CLUB PROFESIONAL.-"}]},{"@type":"WebSite","@id":"https:\/\/www.intersoccermadrid.com\/en\/#website","url":"https:\/\/www.intersoccermadrid.com\/en\/","name":"International Soccer Academy of Madrid","description":"International Soccer Academy of Madrid","potentialAction":[{"@type":"SearchAction","target":{"@type":"EntryPoint","urlTemplate":"https:\/\/www.intersoccermadrid.com\/en\/?s={search_term_string}"},"query-input":"required name=search_term_string"}],"inLanguage":"en-US"},{"@type":"Person","@id":"https:\/\/www.intersoccermadrid.com\/en\/#\/schema\/person\/4843f782828393fd2fd34a6db5ce5d48","name":"Administrator","image":{"@type":"ImageObject","inLanguage":"en-US","@id":"https:\/\/www.intersoccermadrid.com\/en\/#\/schema\/person\/image\/","url":"https:\/\/secure.gravatar.com\/avatar\/85ec5305f9a568d3e58c20ee91decabf?s=96&d=mm&r=g","contentUrl":"https:\/\/secure.gravatar.com\/avatar\/85ec5305f9a568d3e58c20ee91decabf?s=96&d=mm&r=g","caption":"Administrator"},"url":"https:\/\/www.intersoccermadrid.com\/en\/author\/admin\/"}]}},"_links":{"self":[{"href":"https:\/\/www.intersoccermadrid.com\/en\/wp-json\/wp\/v2\/posts\/674"}],"collection":[{"href":"https:\/\/www.intersoccermadrid.com\/en\/wp-json\/wp\/v2\/posts"}],"about":[{"href":"https:\/\/www.intersoccermadrid.com\/en\/wp-json\/wp\/v2\/types\/post"}],"author":[{"embeddable":true,"href":"https:\/\/www.intersoccermadrid.com\/en\/wp-json\/wp\/v2\/users\/2"}],"replies":[{"embeddable":true,"href":"https:\/\/www.intersoccermadrid.com\/en\/wp-json\/wp\/v2\/comments?post=674"}],"version-history":[{"count":0,"href":"https:\/\/www.intersoccermadrid.com\/en\/wp-json\/wp\/v2\/posts\/674\/revisions"}],"wp:featuredmedia":[{"embeddable":true,"href":"https:\/\/www.intersoccermadrid.com\/en\/wp-json\/wp\/v2\/media\/6373"}],"wp:attachment":[{"href":"https:\/\/www.intersoccermadrid.com\/en\/wp-json\/wp\/v2\/media?parent=674"}],"wp:term":[{"taxonomy":"category","embeddable":true,"href":"https:\/\/www.intersoccermadrid.com\/en\/wp-json\/wp\/v2\/categories?post=674"},{"taxonomy":"post_tag","embeddable":true,"href":"https:\/\/www.intersoccermadrid.com\/en\/wp-json\/wp\/v2\/tags?post=674"}],"curies":[{"name":"wp","href":"https:\/\/api.w.org\/{rel}","templated":true}]}}