{"id":667,"date":"2017-03-15T00:00:00","date_gmt":"2017-03-14T23:00:00","guid":{"rendered":"https:\/\/www.intersoccermadrid.com\/la-noticia-de-kalvin-a-la-seleccion-en-futmadridcom\/"},"modified":"2017-03-15T00:00:00","modified_gmt":"2017-03-14T23:00:00","slug":"la-noticia-de-kalvin-a-la-seleccion-en-futmadridcom","status":"publish","type":"post","link":"https:\/\/www.intersoccermadrid.com\/en\/la-noticia-de-kalvin-a-la-seleccion-en-futmadridcom\/","title":{"rendered":"La noticia de Kalvin a la selecci\u00f3n en futmadrid.com"},"content":{"rendered":"<p><img decoding=\"async\" loading=\"lazy\" class=\" alignleft size-full wp-image-6329\" src=\"https:\/\/www.intersoccermadrid.com\/wp-content\/uploads\/2017\/03\/2017_kalvin_futmadrid_00.jpg\" border=\"0\" alt=\"La noticia de Kalvin a la selecci\u00f3n en futmadrid.com\" title=\"La noticia de Kalvin a la selecci\u00f3n en futmadrid.com\" align=\"left\" width=\"829\" height=\"396\" srcset=\"https:\/\/www.intersoccermadrid.com\/wp-content\/uploads\/2017\/03\/2017_kalvin_futmadrid_00.jpg 829w, https:\/\/www.intersoccermadrid.com\/wp-content\/uploads\/2017\/03\/2017_kalvin_futmadrid_00-300x143.jpg 300w, https:\/\/www.intersoccermadrid.com\/wp-content\/uploads\/2017\/03\/2017_kalvin_futmadrid_00-768x367.jpg 768w\" sizes=\"(max-width: 829px) 100vw, 829px\" \/><\/p>\n<p>Reproducimos a continuaci\u00f3n la noticia \u00edntegra que publica el diario deportivo regional de la comunidad de Madrid &#8220;futmadrid.com&#8221; <!--more-->  <\/p>\n<p>Kalvin, alumno de la AC Intersoccer, y jugador del Alcobendas Levitt CF, es convocado por la Selecci\u00f3n absoluta de Camer\u00fan   Autor: Alcobendas Levitt CF   14-03-2017<\/p>\n<p>Informa \/\/\/ Alcobendas Levitt CF<\/p>\n<p>Kalvin no para de dar alegr\u00edas a la familia del Alcobendas-Levitt CF y ha sido convocado oficialmente por la Selecci\u00f3n Absoluta de Camer\u00fan. Poco se puede decir de &#8220;los leones indomables&#8221; ya que son una de las selecciones punteras del continente africano, recientes campeones de la Copa \u00c1frica 2017 y el hecho de que el seleccionador absoluto Hugo Broos haya decidido contar con \u00e9l demuestra el nivel que est\u00e1 alcanzando el joven delantero verde, alumno de la talentosa academia de f\u00fatbol A.C. Intersoccer Madrid. <\/p>\n<p>No son pocos los medios que se han hecho eco de la convocatoria tanto nacionales como internacionales. El prestigioso L\u00b4\u00c9quipe franc\u00e9s ya lo anunciaba el 11 de marzo mientras que en el Marca, en la contraportada de hoy d\u00eda 14, tambi\u00e9n aparec\u00eda reflejada tan maravillosa noticia.<\/p>\n<p>Diversos medios punteros han informado de la noticia   Otras como la BBC Sport habla tambi\u00e9n sobre la noticia e incluso la puntera web supersport.com considera a Jih Kalvin Ketu &#8220;un joven impresionante&#8221; despu\u00e9s de su brillante participaci\u00f3n con la Selecci\u00f3n Sub-20 en la pasada Copa \u00c1frica, logrando goles y siendo referente titular de &#8220;los cachorros&#8221;.<\/p>\n<p>Con esta convocatoria, Kalvin podr\u00eda debutar en los pr\u00f3ximos partidos amistosos que su selecci\u00f3n disputar\u00e1 frente a Tunez el 24 de marzo y Guinea Conakry el 28 del mismo mes. El siguiente paso ser\u00eda ya los partidos oficiales clasificatorios para el Mundial del 2018 frente a Nigeria el 28 de agosto y el 2 de septiembre.   Seguro que estar al lado de estrellas del f\u00fatbol camerun\u00e9s y mundial como Choupo-Moting (Shalke 04), Aboubakar (Besiktas) u Ondoa (Sevilla) le har\u00e1n dar un paso adelante en su desarrollo ya que, recordemos, el delantero apenas cuenta con 19 a\u00f1os.<\/p>\n<p>\u00a1\u00a1\u00a1\u00a1EL LE\u00d3N INDOMABLE SIGUE RUGIENDO!!!!<\/p>\n<p>\u00a1\u00a1\u00a1\u00a1ENHORABUENA KALVIN!!!! <\/p>\n<p>Puedes ver la noticia original <a href=\"http:\/\/www.futmadrid.com\/noticia\/kalvin-alumno-de-la-ac-intersoccer-y-jugador-del-alcobendas-levitt-cf-es-convocado-por-la-seleccion-absoluta-de-camerun.html\">pinchando aqu\u00ed<\/a> <\/p>\n<p>  <!--<iframe loading=\"lazy\" width=\"320\" height=\"240\" src=\"\/\/www.youtube.com\/embed\/5QIQxATQka\" frameborder=\"0\"><\/iframe>--><\/p>\n","protected":false},"excerpt":{"rendered":"<p>Reproducimos a continuaci\u00f3n la noticia \u00edntegra que publica el diario deportivo regional de la comunidad de Madrid &#8220;futmadrid.com&#8221;<\/p>\n","protected":false},"author":2,"featured_media":6329,"comment_status":"open","ping_status":"open","sticky":false,"template":"","format":"standard","meta":{"_et_pb_use_builder":"","_et_pb_old_content":"","_et_gb_content_width":""},"categories":[8],"tags":[],"yoast_head":"<!-- This site is optimized with the Yoast SEO plugin v20.9 - https:\/\/yoast.com\/wordpress\/plugins\/seo\/ -->\n<title>La noticia de Kalvin a la selecci\u00f3n en futmadrid.com &middot; International Soccer Academy of Madrid<\/title>\n<meta name=\"robots\" content=\"index, follow, max-snippet:-1, max-image-preview:large, max-video-preview:-1\" \/>\n<link rel=\"canonical\" href=\"https:\/\/www.intersoccermadrid.com\/en\/la-noticia-de-kalvin-a-la-seleccion-en-futmadridcom\/\" \/>\n<meta property=\"og:locale\" content=\"en_US\" \/>\n<meta property=\"og:type\" content=\"article\" \/>\n<meta property=\"og:title\" content=\"La noticia de Kalvin a la selecci\u00f3n en futmadrid.com &middot; International Soccer Academy of Madrid\" \/>\n<meta property=\"og:description\" content=\"Reproducimos a continuaci\u00f3n la noticia \u00edntegra que publica el diario deportivo regional de la comunidad de Madrid &#8220;futmadrid.com&#8221;\" \/>\n<meta property=\"og:url\" content=\"https:\/\/www.intersoccermadrid.com\/en\/la-noticia-de-kalvin-a-la-seleccion-en-futmadridcom\/\" \/>\n<meta property=\"og:site_name\" content=\"International Soccer Academy of Madrid\" \/>\n<meta property=\"article:published_time\" content=\"2017-03-14T23:00:00+00:00\" \/>\n<meta property=\"og:image\" content=\"https:\/\/www.intersoccermadrid.com\/wp-content\/uploads\/2017\/03\/2017_kalvin_futmadrid_00.jpg\" \/>\n\t<meta property=\"og:image:width\" content=\"829\" \/>\n\t<meta property=\"og:image:height\" content=\"396\" \/>\n\t<meta property=\"og:image:type\" content=\"image\/jpeg\" \/>\n<meta name=\"author\" content=\"Administrator\" \/>\n<meta name=\"twitter:card\" content=\"summary_large_image\" \/>\n<meta name=\"twitter:label1\" content=\"Written by\" \/>\n\t<meta name=\"twitter:data1\" content=\"Administrator\" \/>\n\t<meta name=\"twitter:label2\" content=\"Est. reading time\" \/>\n\t<meta name=\"twitter:data2\" content=\"2 minutes\" \/>\n<script type=\"application\/ld+json\" class=\"yoast-schema-graph\">{\"@context\":\"https:\/\/schema.org\",\"@graph\":[{\"@type\":\"WebPage\",\"@id\":\"https:\/\/www.intersoccermadrid.com\/en\/la-noticia-de-kalvin-a-la-seleccion-en-futmadridcom\/\",\"url\":\"https:\/\/www.intersoccermadrid.com\/en\/la-noticia-de-kalvin-a-la-seleccion-en-futmadridcom\/\",\"name\":\"La noticia de Kalvin a la selecci\u00f3n en futmadrid.com &middot; International Soccer Academy of Madrid\",\"isPartOf\":{\"@id\":\"https:\/\/www.intersoccermadrid.com\/en\/#website\"},\"datePublished\":\"2017-03-14T23:00:00+00:00\",\"dateModified\":\"2017-03-14T23:00:00+00:00\",\"author\":{\"@id\":\"https:\/\/www.intersoccermadrid.com\/en\/#\/schema\/person\/4843f782828393fd2fd34a6db5ce5d48\"},\"breadcrumb\":{\"@id\":\"https:\/\/www.intersoccermadrid.com\/en\/la-noticia-de-kalvin-a-la-seleccion-en-futmadridcom\/#breadcrumb\"},\"inLanguage\":\"en-US\",\"potentialAction\":[{\"@type\":\"ReadAction\",\"target\":[\"https:\/\/www.intersoccermadrid.com\/en\/la-noticia-de-kalvin-a-la-seleccion-en-futmadridcom\/\"]}]},{\"@type\":\"BreadcrumbList\",\"@id\":\"https:\/\/www.intersoccermadrid.com\/en\/la-noticia-de-kalvin-a-la-seleccion-en-futmadridcom\/#breadcrumb\",\"itemListElement\":[{\"@type\":\"ListItem\",\"position\":1,\"name\":\"Home\",\"item\":\"https:\/\/www.intersoccermadrid.com\/en\/\"},{\"@type\":\"ListItem\",\"position\":2,\"name\":\"La noticia de Kalvin a la selecci\u00f3n en futmadrid.com\"}]},{\"@type\":\"WebSite\",\"@id\":\"https:\/\/www.intersoccermadrid.com\/en\/#website\",\"url\":\"https:\/\/www.intersoccermadrid.com\/en\/\",\"name\":\"International Soccer Academy of Madrid\",\"description\":\"International Soccer Academy of Madrid\",\"potentialAction\":[{\"@type\":\"SearchAction\",\"target\":{\"@type\":\"EntryPoint\",\"urlTemplate\":\"https:\/\/www.intersoccermadrid.com\/en\/?s={search_term_string}\"},\"query-input\":\"required name=search_term_string\"}],\"inLanguage\":\"en-US\"},{\"@type\":\"Person\",\"@id\":\"https:\/\/www.intersoccermadrid.com\/en\/#\/schema\/person\/4843f782828393fd2fd34a6db5ce5d48\",\"name\":\"Administrator\",\"image\":{\"@type\":\"ImageObject\",\"inLanguage\":\"en-US\",\"@id\":\"https:\/\/www.intersoccermadrid.com\/en\/#\/schema\/person\/image\/\",\"url\":\"https:\/\/secure.gravatar.com\/avatar\/85ec5305f9a568d3e58c20ee91decabf?s=96&d=mm&r=g\",\"contentUrl\":\"https:\/\/secure.gravatar.com\/avatar\/85ec5305f9a568d3e58c20ee91decabf?s=96&d=mm&r=g\",\"caption\":\"Administrator\"},\"url\":\"https:\/\/www.intersoccermadrid.com\/en\/author\/admin\/\"}]}<\/script>\n<!-- \/ Yoast SEO plugin. -->","yoast_head_json":{"title":"La noticia de Kalvin a la selecci\u00f3n en futmadrid.com &middot; International Soccer Academy of Madrid","robots":{"index":"index","follow":"follow","max-snippet":"max-snippet:-1","max-image-preview":"max-image-preview:large","max-video-preview":"max-video-preview:-1"},"canonical":"https:\/\/www.intersoccermadrid.com\/en\/la-noticia-de-kalvin-a-la-seleccion-en-futmadridcom\/","og_locale":"en_US","og_type":"article","og_title":"La noticia de Kalvin a la selecci\u00f3n en futmadrid.com &middot; International Soccer Academy of Madrid","og_description":"Reproducimos a continuaci\u00f3n la noticia \u00edntegra que publica el diario deportivo regional de la comunidad de Madrid &#8220;futmadrid.com&#8221;","og_url":"https:\/\/www.intersoccermadrid.com\/en\/la-noticia-de-kalvin-a-la-seleccion-en-futmadridcom\/","og_site_name":"International Soccer Academy of Madrid","article_published_time":"2017-03-14T23:00:00+00:00","og_image":[{"width":829,"height":396,"url":"https:\/\/www.intersoccermadrid.com\/wp-content\/uploads\/2017\/03\/2017_kalvin_futmadrid_00.jpg","type":"image\/jpeg"}],"author":"Administrator","twitter_card":"summary_large_image","twitter_misc":{"Written by":"Administrator","Est. reading time":"2 minutes"},"schema":{"@context":"https:\/\/schema.org","@graph":[{"@type":"WebPage","@id":"https:\/\/www.intersoccermadrid.com\/en\/la-noticia-de-kalvin-a-la-seleccion-en-futmadridcom\/","url":"https:\/\/www.intersoccermadrid.com\/en\/la-noticia-de-kalvin-a-la-seleccion-en-futmadridcom\/","name":"La noticia de Kalvin a la selecci\u00f3n en futmadrid.com &middot; International Soccer Academy of Madrid","isPartOf":{"@id":"https:\/\/www.intersoccermadrid.com\/en\/#website"},"datePublished":"2017-03-14T23:00:00+00:00","dateModified":"2017-03-14T23:00:00+00:00","author":{"@id":"https:\/\/www.intersoccermadrid.com\/en\/#\/schema\/person\/4843f782828393fd2fd34a6db5ce5d48"},"breadcrumb":{"@id":"https:\/\/www.intersoccermadrid.com\/en\/la-noticia-de-kalvin-a-la-seleccion-en-futmadridcom\/#breadcrumb"},"inLanguage":"en-US","potentialAction":[{"@type":"ReadAction","target":["https:\/\/www.intersoccermadrid.com\/en\/la-noticia-de-kalvin-a-la-seleccion-en-futmadridcom\/"]}]},{"@type":"BreadcrumbList","@id":"https:\/\/www.intersoccermadrid.com\/en\/la-noticia-de-kalvin-a-la-seleccion-en-futmadridcom\/#breadcrumb","itemListElement":[{"@type":"ListItem","position":1,"name":"Home","item":"https:\/\/www.intersoccermadrid.com\/en\/"},{"@type":"ListItem","position":2,"name":"La noticia de Kalvin a la selecci\u00f3n en futmadrid.com"}]},{"@type":"WebSite","@id":"https:\/\/www.intersoccermadrid.com\/en\/#website","url":"https:\/\/www.intersoccermadrid.com\/en\/","name":"International Soccer Academy of Madrid","description":"International Soccer Academy of Madrid","potentialAction":[{"@type":"SearchAction","target":{"@type":"EntryPoint","urlTemplate":"https:\/\/www.intersoccermadrid.com\/en\/?s={search_term_string}"},"query-input":"required name=search_term_string"}],"inLanguage":"en-US"},{"@type":"Person","@id":"https:\/\/www.intersoccermadrid.com\/en\/#\/schema\/person\/4843f782828393fd2fd34a6db5ce5d48","name":"Administrator","image":{"@type":"ImageObject","inLanguage":"en-US","@id":"https:\/\/www.intersoccermadrid.com\/en\/#\/schema\/person\/image\/","url":"https:\/\/secure.gravatar.com\/avatar\/85ec5305f9a568d3e58c20ee91decabf?s=96&d=mm&r=g","contentUrl":"https:\/\/secure.gravatar.com\/avatar\/85ec5305f9a568d3e58c20ee91decabf?s=96&d=mm&r=g","caption":"Administrator"},"url":"https:\/\/www.intersoccermadrid.com\/en\/author\/admin\/"}]}},"_links":{"self":[{"href":"https:\/\/www.intersoccermadrid.com\/en\/wp-json\/wp\/v2\/posts\/667"}],"collection":[{"href":"https:\/\/www.intersoccermadrid.com\/en\/wp-json\/wp\/v2\/posts"}],"about":[{"href":"https:\/\/www.intersoccermadrid.com\/en\/wp-json\/wp\/v2\/types\/post"}],"author":[{"embeddable":true,"href":"https:\/\/www.intersoccermadrid.com\/en\/wp-json\/wp\/v2\/users\/2"}],"replies":[{"embeddable":true,"href":"https:\/\/www.intersoccermadrid.com\/en\/wp-json\/wp\/v2\/comments?post=667"}],"version-history":[{"count":0,"href":"https:\/\/www.intersoccermadrid.com\/en\/wp-json\/wp\/v2\/posts\/667\/revisions"}],"wp:featuredmedia":[{"embeddable":true,"href":"https:\/\/www.intersoccermadrid.com\/en\/wp-json\/wp\/v2\/media\/6329"}],"wp:attachment":[{"href":"https:\/\/www.intersoccermadrid.com\/en\/wp-json\/wp\/v2\/media?parent=667"}],"wp:term":[{"taxonomy":"category","embeddable":true,"href":"https:\/\/www.intersoccermadrid.com\/en\/wp-json\/wp\/v2\/categories?post=667"},{"taxonomy":"post_tag","embeddable":true,"href":"https:\/\/www.intersoccermadrid.com\/en\/wp-json\/wp\/v2\/tags?post=667"}],"curies":[{"name":"wp","href":"https:\/\/api.w.org\/{rel}","templated":true}]}}