{"id":665,"date":"2017-03-14T00:00:00","date_gmt":"2017-03-13T23:00:00","guid":{"rendered":"https:\/\/www.intersoccermadrid.com\/kalvin-aparece-en-la-contraportada-de-marca-prestigioso-periodico-deportivo-nacional\/"},"modified":"2017-03-14T00:00:00","modified_gmt":"2017-03-13T23:00:00","slug":"kalvin-aparece-en-la-contraportada-de-marca-prestigioso-periodico-deportivo-nacional","status":"publish","type":"post","link":"https:\/\/www.intersoccermadrid.com\/en\/kalvin-aparece-en-la-contraportada-de-marca-prestigioso-periodico-deportivo-nacional\/","title":{"rendered":"KALVIN, aparece en la contraportada de MARCA, prestigioso peri\u00f3dico deportivo nacional"},"content":{"rendered":"<p><img decoding=\"async\" loading=\"lazy\" class=\" alignleft size-full wp-image-6325\" src=\"https:\/\/www.intersoccermadrid.com\/wp-content\/uploads\/2017\/03\/2017_kalvin_marca_01.jpg\" border=\"0\" alt=\"KALVIN, aparece en la contraportada de MARCA, prestigioso peri\u00f3dico deportivo nacional\" title=\"KALVIN, aparece en la contraportada de MARCA, prestigioso peri\u00f3dico deportivo nacional\" align=\"left\" width=\"800\" height=\"600\" srcset=\"https:\/\/www.intersoccermadrid.com\/wp-content\/uploads\/2017\/03\/2017_kalvin_marca_01.jpg 800w, https:\/\/www.intersoccermadrid.com\/wp-content\/uploads\/2017\/03\/2017_kalvin_marca_01-300x225.jpg 300w, https:\/\/www.intersoccermadrid.com\/wp-content\/uploads\/2017\/03\/2017_kalvin_marca_01-768x576.jpg 768w\" sizes=\"(max-width: 800px) 100vw, 800px\" \/><\/p>\n<p>El prestigioso periodico deportivo nacional MARCA, publica en su contraportada la noticia de la convocatoria de Kalvin por la selecci\u00f3n absoluta de Camer\u00fan <!--more--> , como se puede ver en las im\u00e1genes incluidas en esta noticia. <\/p>\n<p>Adem\u00e1s el no menos prestigioso y famoso diario deportivo franc\u00e9s &#8220;L&#8217;equipe&#8221; ya publicaba la lista de candidatos en su edici\u00f3n digital del pasado 11 de marzo, confirmando ambos la buena noticia.  <\/p>\n<p><img decoding=\"async\" loading=\"lazy\" class=\" alignleft size-full wp-image-6326\" src=\"https:\/\/www.intersoccermadrid.com\/wp-content\/uploads\/2017\/03\/2017_kalvin_marca_02.jpg\" border=\"0\" alt=\"KALVIN, aparece en la contraportada de MARCA, prestigioso peri\u00f3dico deportivo nacional\" title=\"KALVIN, aparece en la contraportada de MARCA, prestigioso peri\u00f3dico deportivo nacional\" align=\"left\" width=\"800\" height=\"600\" srcset=\"https:\/\/www.intersoccermadrid.com\/wp-content\/uploads\/2017\/03\/2017_kalvin_marca_02.jpg 800w, https:\/\/www.intersoccermadrid.com\/wp-content\/uploads\/2017\/03\/2017_kalvin_marca_02-300x225.jpg 300w, https:\/\/www.intersoccermadrid.com\/wp-content\/uploads\/2017\/03\/2017_kalvin_marca_02-768x576.jpg 768w\" sizes=\"(max-width: 800px) 100vw, 800px\" \/><\/p>\n<p>   <!--<iframe loading=\"lazy\" width=\"320\" height=\"240\" src=\"\/\/www.youtube.com\/embed\/5QIQxATQka\" frameborder=\"0\"><\/iframe>--><\/p>\n","protected":false},"excerpt":{"rendered":"<p>El prestigioso periodico deportivo nacional MARCA, publica en su contraportada la noticia de la convocatoria de Kalvin por la selecci\u00f3n absoluta de Camer\u00fan<\/p>\n","protected":false},"author":2,"featured_media":6325,"comment_status":"open","ping_status":"open","sticky":false,"template":"","format":"standard","meta":{"_et_pb_use_builder":"","_et_pb_old_content":"","_et_gb_content_width":""},"categories":[8],"tags":[],"yoast_head":"<!-- This site is optimized with the Yoast SEO plugin v20.9 - https:\/\/yoast.com\/wordpress\/plugins\/seo\/ -->\n<title>KALVIN, aparece en la contraportada de MARCA, prestigioso peri\u00f3dico deportivo nacional &middot; International Soccer Academy of Madrid<\/title>\n<meta name=\"robots\" content=\"index, follow, max-snippet:-1, max-image-preview:large, max-video-preview:-1\" \/>\n<link rel=\"canonical\" href=\"https:\/\/www.intersoccermadrid.com\/en\/kalvin-aparece-en-la-contraportada-de-marca-prestigioso-periodico-deportivo-nacional\/\" \/>\n<meta property=\"og:locale\" content=\"en_US\" \/>\n<meta property=\"og:type\" content=\"article\" \/>\n<meta property=\"og:title\" content=\"KALVIN, aparece en la contraportada de MARCA, prestigioso peri\u00f3dico deportivo nacional &middot; International Soccer Academy of Madrid\" \/>\n<meta property=\"og:description\" content=\"El prestigioso periodico deportivo nacional MARCA, publica en su contraportada la noticia de la convocatoria de Kalvin por la selecci\u00f3n absoluta de Camer\u00fan\" \/>\n<meta property=\"og:url\" content=\"https:\/\/www.intersoccermadrid.com\/en\/kalvin-aparece-en-la-contraportada-de-marca-prestigioso-periodico-deportivo-nacional\/\" \/>\n<meta property=\"og:site_name\" content=\"International Soccer Academy of Madrid\" \/>\n<meta property=\"article:published_time\" content=\"2017-03-13T23:00:00+00:00\" \/>\n<meta property=\"og:image\" content=\"https:\/\/www.intersoccermadrid.com\/wp-content\/uploads\/2017\/03\/2017_kalvin_marca_01.jpg\" \/>\n\t<meta property=\"og:image:width\" content=\"800\" \/>\n\t<meta property=\"og:image:height\" content=\"600\" \/>\n\t<meta property=\"og:image:type\" content=\"image\/jpeg\" \/>\n<meta name=\"author\" content=\"Administrator\" \/>\n<meta name=\"twitter:card\" content=\"summary_large_image\" \/>\n<meta name=\"twitter:label1\" content=\"Written by\" \/>\n\t<meta name=\"twitter:data1\" content=\"Administrator\" \/>\n<script type=\"application\/ld+json\" class=\"yoast-schema-graph\">{\"@context\":\"https:\/\/schema.org\",\"@graph\":[{\"@type\":\"WebPage\",\"@id\":\"https:\/\/www.intersoccermadrid.com\/en\/kalvin-aparece-en-la-contraportada-de-marca-prestigioso-periodico-deportivo-nacional\/\",\"url\":\"https:\/\/www.intersoccermadrid.com\/en\/kalvin-aparece-en-la-contraportada-de-marca-prestigioso-periodico-deportivo-nacional\/\",\"name\":\"KALVIN, aparece en la contraportada de MARCA, prestigioso peri\u00f3dico deportivo nacional &middot; International Soccer Academy of Madrid\",\"isPartOf\":{\"@id\":\"https:\/\/www.intersoccermadrid.com\/en\/#website\"},\"datePublished\":\"2017-03-13T23:00:00+00:00\",\"dateModified\":\"2017-03-13T23:00:00+00:00\",\"author\":{\"@id\":\"https:\/\/www.intersoccermadrid.com\/en\/#\/schema\/person\/4843f782828393fd2fd34a6db5ce5d48\"},\"breadcrumb\":{\"@id\":\"https:\/\/www.intersoccermadrid.com\/en\/kalvin-aparece-en-la-contraportada-de-marca-prestigioso-periodico-deportivo-nacional\/#breadcrumb\"},\"inLanguage\":\"en-US\",\"potentialAction\":[{\"@type\":\"ReadAction\",\"target\":[\"https:\/\/www.intersoccermadrid.com\/en\/kalvin-aparece-en-la-contraportada-de-marca-prestigioso-periodico-deportivo-nacional\/\"]}]},{\"@type\":\"BreadcrumbList\",\"@id\":\"https:\/\/www.intersoccermadrid.com\/en\/kalvin-aparece-en-la-contraportada-de-marca-prestigioso-periodico-deportivo-nacional\/#breadcrumb\",\"itemListElement\":[{\"@type\":\"ListItem\",\"position\":1,\"name\":\"Home\",\"item\":\"https:\/\/www.intersoccermadrid.com\/en\/\"},{\"@type\":\"ListItem\",\"position\":2,\"name\":\"KALVIN, aparece en la contraportada de MARCA, prestigioso peri\u00f3dico deportivo nacional\"}]},{\"@type\":\"WebSite\",\"@id\":\"https:\/\/www.intersoccermadrid.com\/en\/#website\",\"url\":\"https:\/\/www.intersoccermadrid.com\/en\/\",\"name\":\"International Soccer Academy of Madrid\",\"description\":\"International Soccer Academy of Madrid\",\"potentialAction\":[{\"@type\":\"SearchAction\",\"target\":{\"@type\":\"EntryPoint\",\"urlTemplate\":\"https:\/\/www.intersoccermadrid.com\/en\/?s={search_term_string}\"},\"query-input\":\"required name=search_term_string\"}],\"inLanguage\":\"en-US\"},{\"@type\":\"Person\",\"@id\":\"https:\/\/www.intersoccermadrid.com\/en\/#\/schema\/person\/4843f782828393fd2fd34a6db5ce5d48\",\"name\":\"Administrator\",\"image\":{\"@type\":\"ImageObject\",\"inLanguage\":\"en-US\",\"@id\":\"https:\/\/www.intersoccermadrid.com\/en\/#\/schema\/person\/image\/\",\"url\":\"https:\/\/secure.gravatar.com\/avatar\/85ec5305f9a568d3e58c20ee91decabf?s=96&d=mm&r=g\",\"contentUrl\":\"https:\/\/secure.gravatar.com\/avatar\/85ec5305f9a568d3e58c20ee91decabf?s=96&d=mm&r=g\",\"caption\":\"Administrator\"},\"url\":\"https:\/\/www.intersoccermadrid.com\/en\/author\/admin\/\"}]}<\/script>\n<!-- \/ Yoast SEO plugin. -->","yoast_head_json":{"title":"KALVIN, aparece en la contraportada de MARCA, prestigioso peri\u00f3dico deportivo nacional &middot; International Soccer Academy of Madrid","robots":{"index":"index","follow":"follow","max-snippet":"max-snippet:-1","max-image-preview":"max-image-preview:large","max-video-preview":"max-video-preview:-1"},"canonical":"https:\/\/www.intersoccermadrid.com\/en\/kalvin-aparece-en-la-contraportada-de-marca-prestigioso-periodico-deportivo-nacional\/","og_locale":"en_US","og_type":"article","og_title":"KALVIN, aparece en la contraportada de MARCA, prestigioso peri\u00f3dico deportivo nacional &middot; International Soccer Academy of Madrid","og_description":"El prestigioso periodico deportivo nacional MARCA, publica en su contraportada la noticia de la convocatoria de Kalvin por la selecci\u00f3n absoluta de Camer\u00fan","og_url":"https:\/\/www.intersoccermadrid.com\/en\/kalvin-aparece-en-la-contraportada-de-marca-prestigioso-periodico-deportivo-nacional\/","og_site_name":"International Soccer Academy of Madrid","article_published_time":"2017-03-13T23:00:00+00:00","og_image":[{"width":800,"height":600,"url":"https:\/\/www.intersoccermadrid.com\/wp-content\/uploads\/2017\/03\/2017_kalvin_marca_01.jpg","type":"image\/jpeg"}],"author":"Administrator","twitter_card":"summary_large_image","twitter_misc":{"Written by":"Administrator"},"schema":{"@context":"https:\/\/schema.org","@graph":[{"@type":"WebPage","@id":"https:\/\/www.intersoccermadrid.com\/en\/kalvin-aparece-en-la-contraportada-de-marca-prestigioso-periodico-deportivo-nacional\/","url":"https:\/\/www.intersoccermadrid.com\/en\/kalvin-aparece-en-la-contraportada-de-marca-prestigioso-periodico-deportivo-nacional\/","name":"KALVIN, aparece en la contraportada de MARCA, prestigioso peri\u00f3dico deportivo nacional &middot; International Soccer Academy of Madrid","isPartOf":{"@id":"https:\/\/www.intersoccermadrid.com\/en\/#website"},"datePublished":"2017-03-13T23:00:00+00:00","dateModified":"2017-03-13T23:00:00+00:00","author":{"@id":"https:\/\/www.intersoccermadrid.com\/en\/#\/schema\/person\/4843f782828393fd2fd34a6db5ce5d48"},"breadcrumb":{"@id":"https:\/\/www.intersoccermadrid.com\/en\/kalvin-aparece-en-la-contraportada-de-marca-prestigioso-periodico-deportivo-nacional\/#breadcrumb"},"inLanguage":"en-US","potentialAction":[{"@type":"ReadAction","target":["https:\/\/www.intersoccermadrid.com\/en\/kalvin-aparece-en-la-contraportada-de-marca-prestigioso-periodico-deportivo-nacional\/"]}]},{"@type":"BreadcrumbList","@id":"https:\/\/www.intersoccermadrid.com\/en\/kalvin-aparece-en-la-contraportada-de-marca-prestigioso-periodico-deportivo-nacional\/#breadcrumb","itemListElement":[{"@type":"ListItem","position":1,"name":"Home","item":"https:\/\/www.intersoccermadrid.com\/en\/"},{"@type":"ListItem","position":2,"name":"KALVIN, aparece en la contraportada de MARCA, prestigioso peri\u00f3dico deportivo nacional"}]},{"@type":"WebSite","@id":"https:\/\/www.intersoccermadrid.com\/en\/#website","url":"https:\/\/www.intersoccermadrid.com\/en\/","name":"International Soccer Academy of Madrid","description":"International Soccer Academy of Madrid","potentialAction":[{"@type":"SearchAction","target":{"@type":"EntryPoint","urlTemplate":"https:\/\/www.intersoccermadrid.com\/en\/?s={search_term_string}"},"query-input":"required name=search_term_string"}],"inLanguage":"en-US"},{"@type":"Person","@id":"https:\/\/www.intersoccermadrid.com\/en\/#\/schema\/person\/4843f782828393fd2fd34a6db5ce5d48","name":"Administrator","image":{"@type":"ImageObject","inLanguage":"en-US","@id":"https:\/\/www.intersoccermadrid.com\/en\/#\/schema\/person\/image\/","url":"https:\/\/secure.gravatar.com\/avatar\/85ec5305f9a568d3e58c20ee91decabf?s=96&d=mm&r=g","contentUrl":"https:\/\/secure.gravatar.com\/avatar\/85ec5305f9a568d3e58c20ee91decabf?s=96&d=mm&r=g","caption":"Administrator"},"url":"https:\/\/www.intersoccermadrid.com\/en\/author\/admin\/"}]}},"_links":{"self":[{"href":"https:\/\/www.intersoccermadrid.com\/en\/wp-json\/wp\/v2\/posts\/665"}],"collection":[{"href":"https:\/\/www.intersoccermadrid.com\/en\/wp-json\/wp\/v2\/posts"}],"about":[{"href":"https:\/\/www.intersoccermadrid.com\/en\/wp-json\/wp\/v2\/types\/post"}],"author":[{"embeddable":true,"href":"https:\/\/www.intersoccermadrid.com\/en\/wp-json\/wp\/v2\/users\/2"}],"replies":[{"embeddable":true,"href":"https:\/\/www.intersoccermadrid.com\/en\/wp-json\/wp\/v2\/comments?post=665"}],"version-history":[{"count":0,"href":"https:\/\/www.intersoccermadrid.com\/en\/wp-json\/wp\/v2\/posts\/665\/revisions"}],"wp:featuredmedia":[{"embeddable":true,"href":"https:\/\/www.intersoccermadrid.com\/en\/wp-json\/wp\/v2\/media\/6325"}],"wp:attachment":[{"href":"https:\/\/www.intersoccermadrid.com\/en\/wp-json\/wp\/v2\/media?parent=665"}],"wp:term":[{"taxonomy":"category","embeddable":true,"href":"https:\/\/www.intersoccermadrid.com\/en\/wp-json\/wp\/v2\/categories?post=665"},{"taxonomy":"post_tag","embeddable":true,"href":"https:\/\/www.intersoccermadrid.com\/en\/wp-json\/wp\/v2\/tags?post=665"}],"curies":[{"name":"wp","href":"https:\/\/api.w.org\/{rel}","templated":true}]}}