{"id":651,"date":"2017-02-08T00:00:00","date_gmt":"2017-02-07T23:00:00","guid":{"rendered":"https:\/\/www.intersoccermadrid.com\/otra-magnifica-noticia-samba-tambien-convocado-por-la-seleccion-de-camerun-para-la-copa-de-africa-sub20\/"},"modified":"2017-02-08T00:00:00","modified_gmt":"2017-02-07T23:00:00","slug":"otra-magnifica-noticia-samba-tambien-convocado-por-la-seleccion-de-camerun-para-la-copa-de-africa-sub20","status":"publish","type":"post","link":"https:\/\/www.intersoccermadrid.com\/en\/otra-magnifica-noticia-samba-tambien-convocado-por-la-seleccion-de-camerun-para-la-copa-de-africa-sub20\/","title":{"rendered":"OTRA MAGN\u00cdFICA NOTICIA: SAMBA, TAMBI\u00c9N CONVOCADO POR LA SELECCI\u00d3N DE CAMERUN PARA LA COPA DE AFRICA SUB\/20.-"},"content":{"rendered":"<p><img decoding=\"async\" loading=\"lazy\" class=\" alignleft size-full wp-image-6290\" src=\"https:\/\/www.intersoccermadrid.com\/wp-content\/uploads\/2017\/02\/2017_SambaInternacional_00.jpg\" border=\"0\" alt=\"OTRA MAGN\u00cdFICA NOTICIA: SAMBA, TAMBI\u00c9N CONVOCADO POR LA SELECCI\u00d3N DE CAMERUN PARA LA COPA DE AFRICA SUB\/20.-\" title=\"OTRA MAGN\u00cdFICA NOTICIA: SAMBA, TAMBI\u00c9N CONVOCADO POR LA SELECCI\u00d3N DE CAMERUN PARA LA COPA DE AFRICA SUB\/20.-\" align=\"left\" width=\"800\" height=\"450\" srcset=\"https:\/\/www.intersoccermadrid.com\/wp-content\/uploads\/2017\/02\/2017_SambaInternacional_00.jpg 800w, https:\/\/www.intersoccermadrid.com\/wp-content\/uploads\/2017\/02\/2017_SambaInternacional_00-300x169.jpg 300w, https:\/\/www.intersoccermadrid.com\/wp-content\/uploads\/2017\/02\/2017_SambaInternacional_00-768x432.jpg 768w\" sizes=\"(max-width: 800px) 100vw, 800px\" \/><\/p>\n<p>\u00a1La A.C. INTERSOCCER est\u00e1 de moda! <!--more-->  <\/p>\n<p>Cuando nos encontr\u00e1bamos llenos de alegr\u00eda por el fichaje de KANG por el Rayo Vallecano; por la vuelta a la competici\u00f3n de Otia despu\u00e9s de 23 meses lesionado gravemente; por el nivel supremo que est\u00e1 alcanzando Pierre en Segunda B en el equipo de la UD Extremadura -cedido por el Atl\u00e9tico de Madrid-, siendo autor de aut\u00e9nticos golazos y siendo su jugador m\u00e1s destacado; por las cotas a las que se est\u00e1 asomando el gran Sory Kaba, goleador incombustible del Elche B y ya acreditando convocatorias en el primer equipo de Segunda Divisi\u00f3n; por la FELIZ e incre\u00edble convocatoria de Kalvin para la selecci\u00f3n Sub\/20 de Camerun -donde ya se encuentra preparando la pronta fase final en Zambia-&#8230;  Nos llega otra del mismo rango y causante de felicidad: SAMBA tambi\u00e9n ha sido CONVOCADO para formar parte de la selecci\u00f3n Sub\/20 de Camerun que disputar\u00e1 la Copa de Africa. \u00a1Incre\u00edble! Dos de nuestros alumnos entre los 22 mejores Sub\/20 de un pa\u00eds &#8220;top&#8221; en f\u00fatbol internacional africano en particular y mundial en general. <\/p>\n<p>Recordemos: Samba llega a INTERSOCCER durante la temporada 2013\/2014&#8230; y desde entonces juega en el equipo de la Academia de Primera Aficionados; juega m\u00e1s de 30 partidos en la &#8220;liga open de talentos Intersoccer; juega en el equipo Lorqu\u00ed de Murcia de Divisi\u00f3n de Honor juvenil en la temporada 2015\/2016; vuelve al Alcobendas Levitt de Liga Nacional; firma en junio de 2016 con el Elche C.F. donde alterna su presencia en el equipo de Tercera Divisi\u00f3n con algunos entrenamientos con el de Segunda Divisi\u00f3n Nacional profesional&#8230; y, ahora, a su selecci\u00f3n. \u00a1Que grande eres Samba!<\/p>\n<p>Enhorabuena. Te deseamos lo mejor. Ojal\u00e1 volv\u00e1is a Espa\u00f1a, Kalvin y t\u00fa, como campeones de la Copa de Africa Sub\/20 de 2017. <\/p>\n<p>&#8212;&#8212; <\/p>\n<p>Atenci\u00f3n j\u00f3venes espa\u00f1oles o de cualquier rinc\u00f3n del mundo: &#8220;los hechos nos avalan&#8221;. Si eres un enamorado del f\u00fatbol y quieres llegar a ser futbolista profesional&#8230; La Academia Club INTERSOCCER Madrid es tu lugar. \u00a1Te estamos esperando!<\/p>\n<p>    <!--<iframe loading=\"lazy\" width=\"320\" height=\"240\" src=\"\/\/www.youtube.com\/embed\/5QIQxATQka\" frameborder=\"0\"><\/iframe>--><\/p>\n","protected":false},"excerpt":{"rendered":"<p>\u00a1La A.C. INTERSOCCER est\u00e1 de moda!<\/p>\n","protected":false},"author":2,"featured_media":6290,"comment_status":"open","ping_status":"open","sticky":false,"template":"","format":"standard","meta":{"_et_pb_use_builder":"","_et_pb_old_content":"","_et_gb_content_width":""},"categories":[8],"tags":[],"yoast_head":"<!-- This site is optimized with the Yoast SEO plugin v20.9 - https:\/\/yoast.com\/wordpress\/plugins\/seo\/ -->\n<title>OTRA MAGN\u00cdFICA NOTICIA: SAMBA, TAMBI\u00c9N CONVOCADO POR LA SELECCI\u00d3N DE CAMERUN PARA LA COPA DE AFRICA SUB\/20.- &middot; International Soccer Academy of Madrid<\/title>\n<meta name=\"robots\" content=\"index, follow, max-snippet:-1, max-image-preview:large, max-video-preview:-1\" \/>\n<link rel=\"canonical\" href=\"https:\/\/www.intersoccermadrid.com\/en\/otra-magnifica-noticia-samba-tambien-convocado-por-la-seleccion-de-camerun-para-la-copa-de-africa-sub20\/\" \/>\n<meta property=\"og:locale\" content=\"en_US\" \/>\n<meta property=\"og:type\" content=\"article\" \/>\n<meta property=\"og:title\" content=\"OTRA MAGN\u00cdFICA NOTICIA: SAMBA, TAMBI\u00c9N CONVOCADO POR LA SELECCI\u00d3N DE CAMERUN PARA LA COPA DE AFRICA SUB\/20.- &middot; International Soccer Academy of Madrid\" \/>\n<meta property=\"og:description\" content=\"\u00a1La A.C. INTERSOCCER est\u00e1 de moda!\" \/>\n<meta property=\"og:url\" content=\"https:\/\/www.intersoccermadrid.com\/en\/otra-magnifica-noticia-samba-tambien-convocado-por-la-seleccion-de-camerun-para-la-copa-de-africa-sub20\/\" \/>\n<meta property=\"og:site_name\" content=\"International Soccer Academy of Madrid\" \/>\n<meta property=\"article:published_time\" content=\"2017-02-07T23:00:00+00:00\" \/>\n<meta property=\"og:image\" content=\"https:\/\/www.intersoccermadrid.com\/wp-content\/uploads\/2017\/02\/2017_SambaInternacional_00.jpg\" \/>\n\t<meta property=\"og:image:width\" content=\"800\" \/>\n\t<meta property=\"og:image:height\" content=\"450\" \/>\n\t<meta property=\"og:image:type\" content=\"image\/jpeg\" \/>\n<meta name=\"author\" content=\"Administrator\" \/>\n<meta name=\"twitter:card\" content=\"summary_large_image\" \/>\n<meta name=\"twitter:label1\" content=\"Written by\" \/>\n\t<meta name=\"twitter:data1\" content=\"Administrator\" \/>\n\t<meta name=\"twitter:label2\" content=\"Est. reading time\" \/>\n\t<meta name=\"twitter:data2\" content=\"2 minutes\" \/>\n<script type=\"application\/ld+json\" class=\"yoast-schema-graph\">{\"@context\":\"https:\/\/schema.org\",\"@graph\":[{\"@type\":\"WebPage\",\"@id\":\"https:\/\/www.intersoccermadrid.com\/en\/otra-magnifica-noticia-samba-tambien-convocado-por-la-seleccion-de-camerun-para-la-copa-de-africa-sub20\/\",\"url\":\"https:\/\/www.intersoccermadrid.com\/en\/otra-magnifica-noticia-samba-tambien-convocado-por-la-seleccion-de-camerun-para-la-copa-de-africa-sub20\/\",\"name\":\"OTRA MAGN\u00cdFICA NOTICIA: SAMBA, TAMBI\u00c9N CONVOCADO POR LA SELECCI\u00d3N DE CAMERUN PARA LA COPA DE AFRICA SUB\/20.- &middot; International Soccer Academy of Madrid\",\"isPartOf\":{\"@id\":\"https:\/\/www.intersoccermadrid.com\/en\/#website\"},\"datePublished\":\"2017-02-07T23:00:00+00:00\",\"dateModified\":\"2017-02-07T23:00:00+00:00\",\"author\":{\"@id\":\"https:\/\/www.intersoccermadrid.com\/en\/#\/schema\/person\/4843f782828393fd2fd34a6db5ce5d48\"},\"breadcrumb\":{\"@id\":\"https:\/\/www.intersoccermadrid.com\/en\/otra-magnifica-noticia-samba-tambien-convocado-por-la-seleccion-de-camerun-para-la-copa-de-africa-sub20\/#breadcrumb\"},\"inLanguage\":\"en-US\",\"potentialAction\":[{\"@type\":\"ReadAction\",\"target\":[\"https:\/\/www.intersoccermadrid.com\/en\/otra-magnifica-noticia-samba-tambien-convocado-por-la-seleccion-de-camerun-para-la-copa-de-africa-sub20\/\"]}]},{\"@type\":\"BreadcrumbList\",\"@id\":\"https:\/\/www.intersoccermadrid.com\/en\/otra-magnifica-noticia-samba-tambien-convocado-por-la-seleccion-de-camerun-para-la-copa-de-africa-sub20\/#breadcrumb\",\"itemListElement\":[{\"@type\":\"ListItem\",\"position\":1,\"name\":\"Home\",\"item\":\"https:\/\/www.intersoccermadrid.com\/en\/\"},{\"@type\":\"ListItem\",\"position\":2,\"name\":\"OTRA MAGN\u00cdFICA NOTICIA: SAMBA, TAMBI\u00c9N CONVOCADO POR LA SELECCI\u00d3N DE CAMERUN PARA LA COPA DE AFRICA SUB\/20.-\"}]},{\"@type\":\"WebSite\",\"@id\":\"https:\/\/www.intersoccermadrid.com\/en\/#website\",\"url\":\"https:\/\/www.intersoccermadrid.com\/en\/\",\"name\":\"International Soccer Academy of Madrid\",\"description\":\"International Soccer Academy of Madrid\",\"potentialAction\":[{\"@type\":\"SearchAction\",\"target\":{\"@type\":\"EntryPoint\",\"urlTemplate\":\"https:\/\/www.intersoccermadrid.com\/en\/?s={search_term_string}\"},\"query-input\":\"required name=search_term_string\"}],\"inLanguage\":\"en-US\"},{\"@type\":\"Person\",\"@id\":\"https:\/\/www.intersoccermadrid.com\/en\/#\/schema\/person\/4843f782828393fd2fd34a6db5ce5d48\",\"name\":\"Administrator\",\"image\":{\"@type\":\"ImageObject\",\"inLanguage\":\"en-US\",\"@id\":\"https:\/\/www.intersoccermadrid.com\/en\/#\/schema\/person\/image\/\",\"url\":\"https:\/\/secure.gravatar.com\/avatar\/85ec5305f9a568d3e58c20ee91decabf?s=96&d=mm&r=g\",\"contentUrl\":\"https:\/\/secure.gravatar.com\/avatar\/85ec5305f9a568d3e58c20ee91decabf?s=96&d=mm&r=g\",\"caption\":\"Administrator\"},\"url\":\"https:\/\/www.intersoccermadrid.com\/en\/author\/admin\/\"}]}<\/script>\n<!-- \/ Yoast SEO plugin. -->","yoast_head_json":{"title":"OTRA MAGN\u00cdFICA NOTICIA: SAMBA, TAMBI\u00c9N CONVOCADO POR LA SELECCI\u00d3N DE CAMERUN PARA LA COPA DE AFRICA SUB\/20.- &middot; International Soccer Academy of Madrid","robots":{"index":"index","follow":"follow","max-snippet":"max-snippet:-1","max-image-preview":"max-image-preview:large","max-video-preview":"max-video-preview:-1"},"canonical":"https:\/\/www.intersoccermadrid.com\/en\/otra-magnifica-noticia-samba-tambien-convocado-por-la-seleccion-de-camerun-para-la-copa-de-africa-sub20\/","og_locale":"en_US","og_type":"article","og_title":"OTRA MAGN\u00cdFICA NOTICIA: SAMBA, TAMBI\u00c9N CONVOCADO POR LA SELECCI\u00d3N DE CAMERUN PARA LA COPA DE AFRICA SUB\/20.- &middot; International Soccer Academy of Madrid","og_description":"\u00a1La A.C. INTERSOCCER est\u00e1 de moda!","og_url":"https:\/\/www.intersoccermadrid.com\/en\/otra-magnifica-noticia-samba-tambien-convocado-por-la-seleccion-de-camerun-para-la-copa-de-africa-sub20\/","og_site_name":"International Soccer Academy of Madrid","article_published_time":"2017-02-07T23:00:00+00:00","og_image":[{"width":800,"height":450,"url":"https:\/\/www.intersoccermadrid.com\/wp-content\/uploads\/2017\/02\/2017_SambaInternacional_00.jpg","type":"image\/jpeg"}],"author":"Administrator","twitter_card":"summary_large_image","twitter_misc":{"Written by":"Administrator","Est. reading time":"2 minutes"},"schema":{"@context":"https:\/\/schema.org","@graph":[{"@type":"WebPage","@id":"https:\/\/www.intersoccermadrid.com\/en\/otra-magnifica-noticia-samba-tambien-convocado-por-la-seleccion-de-camerun-para-la-copa-de-africa-sub20\/","url":"https:\/\/www.intersoccermadrid.com\/en\/otra-magnifica-noticia-samba-tambien-convocado-por-la-seleccion-de-camerun-para-la-copa-de-africa-sub20\/","name":"OTRA MAGN\u00cdFICA NOTICIA: SAMBA, TAMBI\u00c9N CONVOCADO POR LA SELECCI\u00d3N DE CAMERUN PARA LA COPA DE AFRICA SUB\/20.- &middot; International Soccer Academy of Madrid","isPartOf":{"@id":"https:\/\/www.intersoccermadrid.com\/en\/#website"},"datePublished":"2017-02-07T23:00:00+00:00","dateModified":"2017-02-07T23:00:00+00:00","author":{"@id":"https:\/\/www.intersoccermadrid.com\/en\/#\/schema\/person\/4843f782828393fd2fd34a6db5ce5d48"},"breadcrumb":{"@id":"https:\/\/www.intersoccermadrid.com\/en\/otra-magnifica-noticia-samba-tambien-convocado-por-la-seleccion-de-camerun-para-la-copa-de-africa-sub20\/#breadcrumb"},"inLanguage":"en-US","potentialAction":[{"@type":"ReadAction","target":["https:\/\/www.intersoccermadrid.com\/en\/otra-magnifica-noticia-samba-tambien-convocado-por-la-seleccion-de-camerun-para-la-copa-de-africa-sub20\/"]}]},{"@type":"BreadcrumbList","@id":"https:\/\/www.intersoccermadrid.com\/en\/otra-magnifica-noticia-samba-tambien-convocado-por-la-seleccion-de-camerun-para-la-copa-de-africa-sub20\/#breadcrumb","itemListElement":[{"@type":"ListItem","position":1,"name":"Home","item":"https:\/\/www.intersoccermadrid.com\/en\/"},{"@type":"ListItem","position":2,"name":"OTRA MAGN\u00cdFICA NOTICIA: SAMBA, TAMBI\u00c9N CONVOCADO POR LA SELECCI\u00d3N DE CAMERUN PARA LA COPA DE AFRICA SUB\/20.-"}]},{"@type":"WebSite","@id":"https:\/\/www.intersoccermadrid.com\/en\/#website","url":"https:\/\/www.intersoccermadrid.com\/en\/","name":"International Soccer Academy of Madrid","description":"International Soccer Academy of Madrid","potentialAction":[{"@type":"SearchAction","target":{"@type":"EntryPoint","urlTemplate":"https:\/\/www.intersoccermadrid.com\/en\/?s={search_term_string}"},"query-input":"required name=search_term_string"}],"inLanguage":"en-US"},{"@type":"Person","@id":"https:\/\/www.intersoccermadrid.com\/en\/#\/schema\/person\/4843f782828393fd2fd34a6db5ce5d48","name":"Administrator","image":{"@type":"ImageObject","inLanguage":"en-US","@id":"https:\/\/www.intersoccermadrid.com\/en\/#\/schema\/person\/image\/","url":"https:\/\/secure.gravatar.com\/avatar\/85ec5305f9a568d3e58c20ee91decabf?s=96&d=mm&r=g","contentUrl":"https:\/\/secure.gravatar.com\/avatar\/85ec5305f9a568d3e58c20ee91decabf?s=96&d=mm&r=g","caption":"Administrator"},"url":"https:\/\/www.intersoccermadrid.com\/en\/author\/admin\/"}]}},"_links":{"self":[{"href":"https:\/\/www.intersoccermadrid.com\/en\/wp-json\/wp\/v2\/posts\/651"}],"collection":[{"href":"https:\/\/www.intersoccermadrid.com\/en\/wp-json\/wp\/v2\/posts"}],"about":[{"href":"https:\/\/www.intersoccermadrid.com\/en\/wp-json\/wp\/v2\/types\/post"}],"author":[{"embeddable":true,"href":"https:\/\/www.intersoccermadrid.com\/en\/wp-json\/wp\/v2\/users\/2"}],"replies":[{"embeddable":true,"href":"https:\/\/www.intersoccermadrid.com\/en\/wp-json\/wp\/v2\/comments?post=651"}],"version-history":[{"count":0,"href":"https:\/\/www.intersoccermadrid.com\/en\/wp-json\/wp\/v2\/posts\/651\/revisions"}],"wp:featuredmedia":[{"embeddable":true,"href":"https:\/\/www.intersoccermadrid.com\/en\/wp-json\/wp\/v2\/media\/6290"}],"wp:attachment":[{"href":"https:\/\/www.intersoccermadrid.com\/en\/wp-json\/wp\/v2\/media?parent=651"}],"wp:term":[{"taxonomy":"category","embeddable":true,"href":"https:\/\/www.intersoccermadrid.com\/en\/wp-json\/wp\/v2\/categories?post=651"},{"taxonomy":"post_tag","embeddable":true,"href":"https:\/\/www.intersoccermadrid.com\/en\/wp-json\/wp\/v2\/tags?post=651"}],"curies":[{"name":"wp","href":"https:\/\/api.w.org\/{rel}","templated":true}]}}