{"id":650,"date":"2017-02-03T00:00:00","date_gmt":"2017-02-02T23:00:00","guid":{"rendered":"https:\/\/www.intersoccermadrid.com\/kalvin-alumno-de-intersoccer-convocado-por-la-seleccion-sub20-de-camerun-para-disputar-la-fase-final-de-la-copa-de-africa-en-zambia\/"},"modified":"2017-02-03T00:00:00","modified_gmt":"2017-02-02T23:00:00","slug":"kalvin-alumno-de-intersoccer-convocado-por-la-seleccion-sub20-de-camerun-para-disputar-la-fase-final-de-la-copa-de-africa-en-zambia","status":"publish","type":"post","link":"https:\/\/www.intersoccermadrid.com\/en\/kalvin-alumno-de-intersoccer-convocado-por-la-seleccion-sub20-de-camerun-para-disputar-la-fase-final-de-la-copa-de-africa-en-zambia\/","title":{"rendered":"KALVIN, ALUMNO DE INTERSOCCER, CONVOCADO POR LA SELECCI\u00d3N SUB\/20 DE CAMERUN PARA DISPUTAR LA FASE FINAL DE LA COPA DE AFRICA EN ZAMBIA.-"},"content":{"rendered":"<p><img decoding=\"async\" loading=\"lazy\" class=\" alignleft size-full wp-image-6288\" src=\"https:\/\/www.intersoccermadrid.com\/wp-content\/uploads\/2017\/02\/2017_KalvinInternacional_00.jpg\" border=\"0\" alt=\"KALVIN, ALUMNO DE INTERSOCCER, CONVOCADO POR LA SELECCI\u00d3N SUB\/20 DE CAMERUN PARA DISPUTAR LA FASE FINAL DE LA COPA DE AFRICA EN ZAMBIA.-\" title=\"KALVIN, ALUMNO DE INTERSOCCER, CONVOCADO POR LA SELECCI\u00d3N SUB\/20 DE CAMERUN PARA DISPUTAR LA FASE FINAL DE LA COPA DE AFRICA EN ZAMBIA.-\" align=\"left\" width=\"800\" height=\"450\" srcset=\"https:\/\/www.intersoccermadrid.com\/wp-content\/uploads\/2017\/02\/2017_KalvinInternacional_00.jpg 800w, https:\/\/www.intersoccermadrid.com\/wp-content\/uploads\/2017\/02\/2017_KalvinInternacional_00-300x169.jpg 300w, https:\/\/www.intersoccermadrid.com\/wp-content\/uploads\/2017\/02\/2017_KalvinInternacional_00-768x432.jpg 768w\" sizes=\"(max-width: 800px) 100vw, 800px\" \/><\/p>\n<p>\u00a1Imparable la trayectoria futbol\u00edstica de Kalvin! <!--more-->   <\/p>\n<p>Cuando apenas se cumple un a\u00f1o de su llegada a la Academia Club INTERSOCCER durante la temporada pasada, desde el inicio de esta, jugando en el equipo de Tercera Divisi\u00f3n Nacional del Alcobendas Levitt, mientras completa su formaci\u00f3n en la tecnificaci\u00f3n diaria de Alalpardo, la progresi\u00f3n futbol\u00edstica de Kalvin est\u00e1 siendo verdaderamente espectacular. Tanto que por derecho propio, actualmente, siendo el jugador m\u00e1s relevante entre los verdes pupilos del m\u00edster Lolo Escobar, seguramente, tambi\u00e9n es el jugador m\u00e1s destacado entre todos los que compiten en el grupo VII de Tercera Divisi\u00f3n. <\/p>\n<p>Y tanto es as\u00ed, que con su gran talento y la proyecci\u00f3n alcanzada desde que lleg\u00f3 hasta Espa\u00f1a para incorporarse como alumno de INTERSOCCER, ha llamado la atenci\u00f3n de la Federaci\u00f3n de su pa\u00eds -Camer\u00fan- para ser convocado dentro de la selecci\u00f3n Sub\/20 que disputar\u00e1 a partir del d\u00eda 26 en Zambia la Copa de Africa de la categor\u00eda. As\u00ed asistimos a una realidad que llena de satisfacci\u00f3n a todos los que componemos la A.C. Intersoccer Madrid: uno de sus alumnos ha sido seleccionado como uno de los mejores 22 jugadores de un pa\u00eds con gran tradici\u00f3n futbol\u00edstica y que acredita entre otros \u00e9xitos de primer nivel internacional una medalla de oro ol\u00edmpica y 5 campeonatos de la Copa de Africa de su selecci\u00f3n absoluta; el \u00faltimo conseguido el pasado domingo d\u00eda 5. <\/p>\n<p>Atenci\u00f3n a este alumno de INTERSOCCER, apunten su nombre: Kalvin. Pronto le veremos en el primer nivel internacional profesional.<\/p>\n<p>\u00a1Enhorabuena Kalvin!<\/p>\n<p>   <!--<iframe loading=\"lazy\" width=\"320\" height=\"240\" src=\"\/\/www.youtube.com\/embed\/5QIQxATQka\" frameborder=\"0\"><\/iframe>--><\/p>\n","protected":false},"excerpt":{"rendered":"<p>\u00a1Imparable la trayectoria futbol\u00edstica de Kalvin!<\/p>\n","protected":false},"author":2,"featured_media":6288,"comment_status":"open","ping_status":"open","sticky":false,"template":"","format":"standard","meta":{"_et_pb_use_builder":"","_et_pb_old_content":"","_et_gb_content_width":""},"categories":[8],"tags":[],"yoast_head":"<!-- This site is optimized with the Yoast SEO plugin v20.9 - https:\/\/yoast.com\/wordpress\/plugins\/seo\/ -->\n<title>KALVIN, ALUMNO DE INTERSOCCER, CONVOCADO POR LA SELECCI\u00d3N SUB\/20 DE CAMERUN PARA DISPUTAR LA FASE FINAL DE LA COPA DE AFRICA EN ZAMBIA.- &middot; International Soccer Academy of Madrid<\/title>\n<meta name=\"robots\" content=\"index, follow, max-snippet:-1, max-image-preview:large, max-video-preview:-1\" \/>\n<link rel=\"canonical\" href=\"https:\/\/www.intersoccermadrid.com\/en\/kalvin-alumno-de-intersoccer-convocado-por-la-seleccion-sub20-de-camerun-para-disputar-la-fase-final-de-la-copa-de-africa-en-zambia\/\" \/>\n<meta property=\"og:locale\" content=\"en_US\" \/>\n<meta property=\"og:type\" content=\"article\" \/>\n<meta property=\"og:title\" content=\"KALVIN, ALUMNO DE INTERSOCCER, CONVOCADO POR LA SELECCI\u00d3N SUB\/20 DE CAMERUN PARA DISPUTAR LA FASE FINAL DE LA COPA DE AFRICA EN ZAMBIA.- &middot; International Soccer Academy of Madrid\" \/>\n<meta property=\"og:description\" content=\"\u00a1Imparable la trayectoria futbol\u00edstica de Kalvin!\" \/>\n<meta property=\"og:url\" content=\"https:\/\/www.intersoccermadrid.com\/en\/kalvin-alumno-de-intersoccer-convocado-por-la-seleccion-sub20-de-camerun-para-disputar-la-fase-final-de-la-copa-de-africa-en-zambia\/\" \/>\n<meta property=\"og:site_name\" content=\"International Soccer Academy of Madrid\" \/>\n<meta property=\"article:published_time\" content=\"2017-02-02T23:00:00+00:00\" \/>\n<meta property=\"og:image\" content=\"https:\/\/www.intersoccermadrid.com\/wp-content\/uploads\/2017\/02\/2017_KalvinInternacional_00.jpg\" \/>\n\t<meta property=\"og:image:width\" content=\"800\" \/>\n\t<meta property=\"og:image:height\" content=\"450\" \/>\n\t<meta property=\"og:image:type\" content=\"image\/jpeg\" \/>\n<meta name=\"author\" content=\"Administrator\" \/>\n<meta name=\"twitter:card\" content=\"summary_large_image\" \/>\n<meta name=\"twitter:label1\" content=\"Written by\" \/>\n\t<meta name=\"twitter:data1\" content=\"Administrator\" \/>\n\t<meta name=\"twitter:label2\" content=\"Est. reading time\" \/>\n\t<meta name=\"twitter:data2\" content=\"1 minute\" \/>\n<script type=\"application\/ld+json\" class=\"yoast-schema-graph\">{\"@context\":\"https:\/\/schema.org\",\"@graph\":[{\"@type\":\"WebPage\",\"@id\":\"https:\/\/www.intersoccermadrid.com\/en\/kalvin-alumno-de-intersoccer-convocado-por-la-seleccion-sub20-de-camerun-para-disputar-la-fase-final-de-la-copa-de-africa-en-zambia\/\",\"url\":\"https:\/\/www.intersoccermadrid.com\/en\/kalvin-alumno-de-intersoccer-convocado-por-la-seleccion-sub20-de-camerun-para-disputar-la-fase-final-de-la-copa-de-africa-en-zambia\/\",\"name\":\"KALVIN, ALUMNO DE INTERSOCCER, CONVOCADO POR LA SELECCI\u00d3N SUB\/20 DE CAMERUN PARA DISPUTAR LA FASE FINAL DE LA COPA DE AFRICA EN ZAMBIA.- &middot; International Soccer Academy of Madrid\",\"isPartOf\":{\"@id\":\"https:\/\/www.intersoccermadrid.com\/en\/#website\"},\"datePublished\":\"2017-02-02T23:00:00+00:00\",\"dateModified\":\"2017-02-02T23:00:00+00:00\",\"author\":{\"@id\":\"https:\/\/www.intersoccermadrid.com\/en\/#\/schema\/person\/4843f782828393fd2fd34a6db5ce5d48\"},\"breadcrumb\":{\"@id\":\"https:\/\/www.intersoccermadrid.com\/en\/kalvin-alumno-de-intersoccer-convocado-por-la-seleccion-sub20-de-camerun-para-disputar-la-fase-final-de-la-copa-de-africa-en-zambia\/#breadcrumb\"},\"inLanguage\":\"en-US\",\"potentialAction\":[{\"@type\":\"ReadAction\",\"target\":[\"https:\/\/www.intersoccermadrid.com\/en\/kalvin-alumno-de-intersoccer-convocado-por-la-seleccion-sub20-de-camerun-para-disputar-la-fase-final-de-la-copa-de-africa-en-zambia\/\"]}]},{\"@type\":\"BreadcrumbList\",\"@id\":\"https:\/\/www.intersoccermadrid.com\/en\/kalvin-alumno-de-intersoccer-convocado-por-la-seleccion-sub20-de-camerun-para-disputar-la-fase-final-de-la-copa-de-africa-en-zambia\/#breadcrumb\",\"itemListElement\":[{\"@type\":\"ListItem\",\"position\":1,\"name\":\"Home\",\"item\":\"https:\/\/www.intersoccermadrid.com\/en\/\"},{\"@type\":\"ListItem\",\"position\":2,\"name\":\"KALVIN, ALUMNO DE INTERSOCCER, CONVOCADO POR LA SELECCI\u00d3N SUB\/20 DE CAMERUN PARA DISPUTAR LA FASE FINAL DE LA COPA DE AFRICA EN ZAMBIA.-\"}]},{\"@type\":\"WebSite\",\"@id\":\"https:\/\/www.intersoccermadrid.com\/en\/#website\",\"url\":\"https:\/\/www.intersoccermadrid.com\/en\/\",\"name\":\"International Soccer Academy of Madrid\",\"description\":\"International Soccer Academy of Madrid\",\"potentialAction\":[{\"@type\":\"SearchAction\",\"target\":{\"@type\":\"EntryPoint\",\"urlTemplate\":\"https:\/\/www.intersoccermadrid.com\/en\/?s={search_term_string}\"},\"query-input\":\"required name=search_term_string\"}],\"inLanguage\":\"en-US\"},{\"@type\":\"Person\",\"@id\":\"https:\/\/www.intersoccermadrid.com\/en\/#\/schema\/person\/4843f782828393fd2fd34a6db5ce5d48\",\"name\":\"Administrator\",\"image\":{\"@type\":\"ImageObject\",\"inLanguage\":\"en-US\",\"@id\":\"https:\/\/www.intersoccermadrid.com\/en\/#\/schema\/person\/image\/\",\"url\":\"https:\/\/secure.gravatar.com\/avatar\/85ec5305f9a568d3e58c20ee91decabf?s=96&d=mm&r=g\",\"contentUrl\":\"https:\/\/secure.gravatar.com\/avatar\/85ec5305f9a568d3e58c20ee91decabf?s=96&d=mm&r=g\",\"caption\":\"Administrator\"},\"url\":\"https:\/\/www.intersoccermadrid.com\/en\/author\/admin\/\"}]}<\/script>\n<!-- \/ Yoast SEO plugin. -->","yoast_head_json":{"title":"KALVIN, ALUMNO DE INTERSOCCER, CONVOCADO POR LA SELECCI\u00d3N SUB\/20 DE CAMERUN PARA DISPUTAR LA FASE FINAL DE LA COPA DE AFRICA EN ZAMBIA.- &middot; International Soccer Academy of Madrid","robots":{"index":"index","follow":"follow","max-snippet":"max-snippet:-1","max-image-preview":"max-image-preview:large","max-video-preview":"max-video-preview:-1"},"canonical":"https:\/\/www.intersoccermadrid.com\/en\/kalvin-alumno-de-intersoccer-convocado-por-la-seleccion-sub20-de-camerun-para-disputar-la-fase-final-de-la-copa-de-africa-en-zambia\/","og_locale":"en_US","og_type":"article","og_title":"KALVIN, ALUMNO DE INTERSOCCER, CONVOCADO POR LA SELECCI\u00d3N SUB\/20 DE CAMERUN PARA DISPUTAR LA FASE FINAL DE LA COPA DE AFRICA EN ZAMBIA.- &middot; International Soccer Academy of Madrid","og_description":"\u00a1Imparable la trayectoria futbol\u00edstica de Kalvin!","og_url":"https:\/\/www.intersoccermadrid.com\/en\/kalvin-alumno-de-intersoccer-convocado-por-la-seleccion-sub20-de-camerun-para-disputar-la-fase-final-de-la-copa-de-africa-en-zambia\/","og_site_name":"International Soccer Academy of Madrid","article_published_time":"2017-02-02T23:00:00+00:00","og_image":[{"width":800,"height":450,"url":"https:\/\/www.intersoccermadrid.com\/wp-content\/uploads\/2017\/02\/2017_KalvinInternacional_00.jpg","type":"image\/jpeg"}],"author":"Administrator","twitter_card":"summary_large_image","twitter_misc":{"Written by":"Administrator","Est. reading time":"1 minute"},"schema":{"@context":"https:\/\/schema.org","@graph":[{"@type":"WebPage","@id":"https:\/\/www.intersoccermadrid.com\/en\/kalvin-alumno-de-intersoccer-convocado-por-la-seleccion-sub20-de-camerun-para-disputar-la-fase-final-de-la-copa-de-africa-en-zambia\/","url":"https:\/\/www.intersoccermadrid.com\/en\/kalvin-alumno-de-intersoccer-convocado-por-la-seleccion-sub20-de-camerun-para-disputar-la-fase-final-de-la-copa-de-africa-en-zambia\/","name":"KALVIN, ALUMNO DE INTERSOCCER, CONVOCADO POR LA SELECCI\u00d3N SUB\/20 DE CAMERUN PARA DISPUTAR LA FASE FINAL DE LA COPA DE AFRICA EN ZAMBIA.- &middot; International Soccer Academy of Madrid","isPartOf":{"@id":"https:\/\/www.intersoccermadrid.com\/en\/#website"},"datePublished":"2017-02-02T23:00:00+00:00","dateModified":"2017-02-02T23:00:00+00:00","author":{"@id":"https:\/\/www.intersoccermadrid.com\/en\/#\/schema\/person\/4843f782828393fd2fd34a6db5ce5d48"},"breadcrumb":{"@id":"https:\/\/www.intersoccermadrid.com\/en\/kalvin-alumno-de-intersoccer-convocado-por-la-seleccion-sub20-de-camerun-para-disputar-la-fase-final-de-la-copa-de-africa-en-zambia\/#breadcrumb"},"inLanguage":"en-US","potentialAction":[{"@type":"ReadAction","target":["https:\/\/www.intersoccermadrid.com\/en\/kalvin-alumno-de-intersoccer-convocado-por-la-seleccion-sub20-de-camerun-para-disputar-la-fase-final-de-la-copa-de-africa-en-zambia\/"]}]},{"@type":"BreadcrumbList","@id":"https:\/\/www.intersoccermadrid.com\/en\/kalvin-alumno-de-intersoccer-convocado-por-la-seleccion-sub20-de-camerun-para-disputar-la-fase-final-de-la-copa-de-africa-en-zambia\/#breadcrumb","itemListElement":[{"@type":"ListItem","position":1,"name":"Home","item":"https:\/\/www.intersoccermadrid.com\/en\/"},{"@type":"ListItem","position":2,"name":"KALVIN, ALUMNO DE INTERSOCCER, CONVOCADO POR LA SELECCI\u00d3N SUB\/20 DE CAMERUN PARA DISPUTAR LA FASE FINAL DE LA COPA DE AFRICA EN ZAMBIA.-"}]},{"@type":"WebSite","@id":"https:\/\/www.intersoccermadrid.com\/en\/#website","url":"https:\/\/www.intersoccermadrid.com\/en\/","name":"International Soccer Academy of Madrid","description":"International Soccer Academy of Madrid","potentialAction":[{"@type":"SearchAction","target":{"@type":"EntryPoint","urlTemplate":"https:\/\/www.intersoccermadrid.com\/en\/?s={search_term_string}"},"query-input":"required name=search_term_string"}],"inLanguage":"en-US"},{"@type":"Person","@id":"https:\/\/www.intersoccermadrid.com\/en\/#\/schema\/person\/4843f782828393fd2fd34a6db5ce5d48","name":"Administrator","image":{"@type":"ImageObject","inLanguage":"en-US","@id":"https:\/\/www.intersoccermadrid.com\/en\/#\/schema\/person\/image\/","url":"https:\/\/secure.gravatar.com\/avatar\/85ec5305f9a568d3e58c20ee91decabf?s=96&d=mm&r=g","contentUrl":"https:\/\/secure.gravatar.com\/avatar\/85ec5305f9a568d3e58c20ee91decabf?s=96&d=mm&r=g","caption":"Administrator"},"url":"https:\/\/www.intersoccermadrid.com\/en\/author\/admin\/"}]}},"_links":{"self":[{"href":"https:\/\/www.intersoccermadrid.com\/en\/wp-json\/wp\/v2\/posts\/650"}],"collection":[{"href":"https:\/\/www.intersoccermadrid.com\/en\/wp-json\/wp\/v2\/posts"}],"about":[{"href":"https:\/\/www.intersoccermadrid.com\/en\/wp-json\/wp\/v2\/types\/post"}],"author":[{"embeddable":true,"href":"https:\/\/www.intersoccermadrid.com\/en\/wp-json\/wp\/v2\/users\/2"}],"replies":[{"embeddable":true,"href":"https:\/\/www.intersoccermadrid.com\/en\/wp-json\/wp\/v2\/comments?post=650"}],"version-history":[{"count":0,"href":"https:\/\/www.intersoccermadrid.com\/en\/wp-json\/wp\/v2\/posts\/650\/revisions"}],"wp:featuredmedia":[{"embeddable":true,"href":"https:\/\/www.intersoccermadrid.com\/en\/wp-json\/wp\/v2\/media\/6288"}],"wp:attachment":[{"href":"https:\/\/www.intersoccermadrid.com\/en\/wp-json\/wp\/v2\/media?parent=650"}],"wp:term":[{"taxonomy":"category","embeddable":true,"href":"https:\/\/www.intersoccermadrid.com\/en\/wp-json\/wp\/v2\/categories?post=650"},{"taxonomy":"post_tag","embeddable":true,"href":"https:\/\/www.intersoccermadrid.com\/en\/wp-json\/wp\/v2\/tags?post=650"}],"curies":[{"name":"wp","href":"https:\/\/api.w.org\/{rel}","templated":true}]}}