{"id":638,"date":"2017-01-09T00:00:00","date_gmt":"2017-01-08T23:00:00","guid":{"rendered":"https:\/\/www.intersoccermadrid.com\/back-to-work\/"},"modified":"2017-01-09T00:00:00","modified_gmt":"2017-01-08T23:00:00","slug":"back-to-work","status":"publish","type":"post","link":"https:\/\/www.intersoccermadrid.com\/en\/back-to-work\/","title":{"rendered":"Back to work"},"content":{"rendered":"<p><img decoding=\"async\" loading=\"lazy\" class=\" alignleft size-full wp-image-6259\" src=\"https:\/\/www.intersoccermadrid.com\/wp-content\/uploads\/2017\/01\/2017_back_to_work_01.jpg\" border=\"0\" alt=\"Back to work\" title=\"Back to work\" align=\"left\" width=\"1365\" height=\"768\" srcset=\"https:\/\/www.intersoccermadrid.com\/wp-content\/uploads\/2017\/01\/2017_back_to_work_01.jpg 1365w, https:\/\/www.intersoccermadrid.com\/wp-content\/uploads\/2017\/01\/2017_back_to_work_01-300x169.jpg 300w, https:\/\/www.intersoccermadrid.com\/wp-content\/uploads\/2017\/01\/2017_back_to_work_01-768x432.jpg 768w, https:\/\/www.intersoccermadrid.com\/wp-content\/uploads\/2017\/01\/2017_back_to_work_01-1024x576.jpg 1024w\" sizes=\"(max-width: 1365px) 100vw, 1365px\" \/><\/p>\n<p>Atr\u00e1s quedan los d\u00edas de vacaciones y los estudiantes de la academia de f\u00fatbol  Intersoccer Madrid vuelven poco a poco a la rutina <!--more--> , clases de secundaria y\/o TAFAD por la ma\u00f1ana, seguidas por una sesi\u00f3n de tecnificaci\u00f3n en las instalaciones del Campo de F\u00fatbol Municipal de Alalpardo, guiadas siempre por nuestros t\u00e9cnicos Joaqu\u00edn Barrios y Joaqu\u00edn Cacho, dos excelentes profesionales con una gran trayectoria. Despu\u00e9s del trabajo f\u00edsico e intelectual una reparadora comida en la residencia Intersoccer.  Por la tarde, integrado en el club Alcobendas Levitt C.F., cada jugador entrena con su equipo  dependiendo de su edad y de su nivel deportivo. Las tardes que no tenemos entrenamiento pueden desarrollarse otras actividades como nataci\u00f3n, gimnasio, sesiones de fisioterapia, psic\u00f3logo deportivo, coaching, etc. Por supuesto siempre queda tiempo para el estudio y el ocio.<\/p>\n<p>Al final de la tarde volvemos a la residencia para la cena, tal vez un partido de f\u00fatbol de La Liga o Champions en la televisi\u00f3n y a la cama para reponer fuerzas y comenzar de nuevo la rutina. <\/p>\n<p>Adem\u00e1s de la rutina de entrenamiento se disputan numerosos partidos de f\u00fatbol. Por un lado los jugadores con un nivel deportivo adecuado y  con ficha tendr\u00e1n la oportunidad de jugar los partidos de la liga que les corresponda todos los fines de semana con su equipo del Alcobendas Levitt C.F.  &#8211; el Alcobendas Levitt C.F. es un club que destaca en la Comunidad de Madrid por tener sus equipos situados en las mejores categor\u00edas, lo que le permite enfrentarse con los mejores clubes de Madrid como el Real Madrid, Atl\u00e9tico de Madrid, Rayo Vallecano, Getafe y Leganes entre otros, siendo por tanto las ligas m\u00e1s disputadas y competitivas a nivel nacional e internacional.  Por otro lado tambi\u00e9n disputamos una liga de F\u00fatbol 7, organizada por el PMD de Alcobendas, casi todos los fines de semana.  Por si pudiera parecer poco, disputamos tambi\u00e9n nuestra propia liga \u201cIntersoccer Talents Open League\u201d, donde el equipo formado por todos los estudiantes de la academia se enfrenta regularmente con equipos de contrastada competitividad, con dos objetivos: 1.- Ofrecer a nuestros estudiantes la posibilidad de disputar un f\u00fatbol de aprendizaje altamente competitivo.  2.- Mostrar a nuestros talentos en diferentes clubes  y ciudades de Espa\u00f1a con la posibilidad de conseguir un contrato. <\/p>\n<p>\u00a1\u00a1Vamos!! <\/p>\n<p><img decoding=\"async\" loading=\"lazy\" class=\" alignleft size-full wp-image-6260\" src=\"https:\/\/www.intersoccermadrid.com\/wp-content\/uploads\/2017\/01\/2017_back_to_work_02.jpg\" border=\"0\" alt=\"Back to work\" title=\"Back to work\" align=\"left\" width=\"1365\" height=\"768\" srcset=\"https:\/\/www.intersoccermadrid.com\/wp-content\/uploads\/2017\/01\/2017_back_to_work_02.jpg 1365w, https:\/\/www.intersoccermadrid.com\/wp-content\/uploads\/2017\/01\/2017_back_to_work_02-300x169.jpg 300w, https:\/\/www.intersoccermadrid.com\/wp-content\/uploads\/2017\/01\/2017_back_to_work_02-768x432.jpg 768w, https:\/\/www.intersoccermadrid.com\/wp-content\/uploads\/2017\/01\/2017_back_to_work_02-1024x576.jpg 1024w\" sizes=\"(max-width: 1365px) 100vw, 1365px\" \/><\/p>\n<p><img decoding=\"async\" loading=\"lazy\" class=\" alignleft size-full wp-image-6261\" src=\"https:\/\/www.intersoccermadrid.com\/wp-content\/uploads\/2017\/01\/2017_back_to_work_03.jpg\" border=\"0\" alt=\"Back to work\" title=\"Back to work\" align=\"left\" width=\"1024\" height=\"768\" srcset=\"https:\/\/www.intersoccermadrid.com\/wp-content\/uploads\/2017\/01\/2017_back_to_work_03.jpg 1024w, https:\/\/www.intersoccermadrid.com\/wp-content\/uploads\/2017\/01\/2017_back_to_work_03-300x225.jpg 300w, https:\/\/www.intersoccermadrid.com\/wp-content\/uploads\/2017\/01\/2017_back_to_work_03-768x576.jpg 768w\" sizes=\"(max-width: 1024px) 100vw, 1024px\" \/><\/p>\n<p><img decoding=\"async\" loading=\"lazy\" class=\" alignleft size-full wp-image-6262\" src=\"https:\/\/www.intersoccermadrid.com\/wp-content\/uploads\/2017\/01\/2017_back_to_work_04.jpg\" border=\"0\" alt=\"Back to work\" title=\"Back to work\" align=\"left\" width=\"1024\" height=\"768\" srcset=\"https:\/\/www.intersoccermadrid.com\/wp-content\/uploads\/2017\/01\/2017_back_to_work_04.jpg 1024w, https:\/\/www.intersoccermadrid.com\/wp-content\/uploads\/2017\/01\/2017_back_to_work_04-300x225.jpg 300w, https:\/\/www.intersoccermadrid.com\/wp-content\/uploads\/2017\/01\/2017_back_to_work_04-768x576.jpg 768w\" sizes=\"(max-width: 1024px) 100vw, 1024px\" \/><\/p>\n<p>   <!--<iframe loading=\"lazy\" width=\"320\" height=\"240\" src=\"\/\/www.youtube.com\/embed\/5QIQxATQka\" frameborder=\"0\"><\/iframe>--><\/p>\n","protected":false},"excerpt":{"rendered":"<p>Atr\u00e1s quedan los d\u00edas de vacaciones y los estudiantes de la academia de f\u00fatbol Intersoccer Madrid vuelven poco a poco a la rutina<\/p>\n","protected":false},"author":2,"featured_media":6259,"comment_status":"open","ping_status":"open","sticky":false,"template":"","format":"standard","meta":{"_et_pb_use_builder":"","_et_pb_old_content":"","_et_gb_content_width":""},"categories":[8],"tags":[],"yoast_head":"<!-- This site is optimized with the Yoast SEO plugin v20.9 - https:\/\/yoast.com\/wordpress\/plugins\/seo\/ -->\n<title>Back to work &middot; International Soccer Academy of Madrid<\/title>\n<meta name=\"robots\" content=\"index, follow, max-snippet:-1, max-image-preview:large, max-video-preview:-1\" \/>\n<link rel=\"canonical\" href=\"https:\/\/www.intersoccermadrid.com\/en\/back-to-work\/\" \/>\n<meta property=\"og:locale\" content=\"en_US\" \/>\n<meta property=\"og:type\" content=\"article\" \/>\n<meta property=\"og:title\" content=\"Back to work &middot; International Soccer Academy of Madrid\" \/>\n<meta property=\"og:description\" content=\"Atr\u00e1s quedan los d\u00edas de vacaciones y los estudiantes de la academia de f\u00fatbol Intersoccer Madrid vuelven poco a poco a la rutina\" \/>\n<meta property=\"og:url\" content=\"https:\/\/www.intersoccermadrid.com\/en\/back-to-work\/\" \/>\n<meta property=\"og:site_name\" content=\"International Soccer Academy of Madrid\" \/>\n<meta property=\"article:published_time\" content=\"2017-01-08T23:00:00+00:00\" \/>\n<meta property=\"og:image\" content=\"https:\/\/www.intersoccermadrid.com\/wp-content\/uploads\/2017\/01\/2017_back_to_work_01.jpg\" \/>\n\t<meta property=\"og:image:width\" content=\"1365\" \/>\n\t<meta property=\"og:image:height\" content=\"768\" \/>\n\t<meta property=\"og:image:type\" content=\"image\/jpeg\" \/>\n<meta name=\"author\" content=\"Administrator\" \/>\n<meta name=\"twitter:card\" content=\"summary_large_image\" \/>\n<meta name=\"twitter:label1\" content=\"Written by\" \/>\n\t<meta name=\"twitter:data1\" content=\"Administrator\" \/>\n\t<meta name=\"twitter:label2\" content=\"Est. reading time\" \/>\n\t<meta name=\"twitter:data2\" content=\"2 minutes\" \/>\n<script type=\"application\/ld+json\" class=\"yoast-schema-graph\">{\"@context\":\"https:\/\/schema.org\",\"@graph\":[{\"@type\":\"WebPage\",\"@id\":\"https:\/\/www.intersoccermadrid.com\/en\/back-to-work\/\",\"url\":\"https:\/\/www.intersoccermadrid.com\/en\/back-to-work\/\",\"name\":\"Back to work &middot; International Soccer Academy of Madrid\",\"isPartOf\":{\"@id\":\"https:\/\/www.intersoccermadrid.com\/en\/#website\"},\"datePublished\":\"2017-01-08T23:00:00+00:00\",\"dateModified\":\"2017-01-08T23:00:00+00:00\",\"author\":{\"@id\":\"https:\/\/www.intersoccermadrid.com\/en\/#\/schema\/person\/4843f782828393fd2fd34a6db5ce5d48\"},\"breadcrumb\":{\"@id\":\"https:\/\/www.intersoccermadrid.com\/en\/back-to-work\/#breadcrumb\"},\"inLanguage\":\"en-US\",\"potentialAction\":[{\"@type\":\"ReadAction\",\"target\":[\"https:\/\/www.intersoccermadrid.com\/en\/back-to-work\/\"]}]},{\"@type\":\"BreadcrumbList\",\"@id\":\"https:\/\/www.intersoccermadrid.com\/en\/back-to-work\/#breadcrumb\",\"itemListElement\":[{\"@type\":\"ListItem\",\"position\":1,\"name\":\"Home\",\"item\":\"https:\/\/www.intersoccermadrid.com\/en\/\"},{\"@type\":\"ListItem\",\"position\":2,\"name\":\"Back to work\"}]},{\"@type\":\"WebSite\",\"@id\":\"https:\/\/www.intersoccermadrid.com\/en\/#website\",\"url\":\"https:\/\/www.intersoccermadrid.com\/en\/\",\"name\":\"International Soccer Academy of Madrid\",\"description\":\"International Soccer Academy of Madrid\",\"potentialAction\":[{\"@type\":\"SearchAction\",\"target\":{\"@type\":\"EntryPoint\",\"urlTemplate\":\"https:\/\/www.intersoccermadrid.com\/en\/?s={search_term_string}\"},\"query-input\":\"required name=search_term_string\"}],\"inLanguage\":\"en-US\"},{\"@type\":\"Person\",\"@id\":\"https:\/\/www.intersoccermadrid.com\/en\/#\/schema\/person\/4843f782828393fd2fd34a6db5ce5d48\",\"name\":\"Administrator\",\"image\":{\"@type\":\"ImageObject\",\"inLanguage\":\"en-US\",\"@id\":\"https:\/\/www.intersoccermadrid.com\/en\/#\/schema\/person\/image\/\",\"url\":\"https:\/\/secure.gravatar.com\/avatar\/85ec5305f9a568d3e58c20ee91decabf?s=96&d=mm&r=g\",\"contentUrl\":\"https:\/\/secure.gravatar.com\/avatar\/85ec5305f9a568d3e58c20ee91decabf?s=96&d=mm&r=g\",\"caption\":\"Administrator\"},\"url\":\"https:\/\/www.intersoccermadrid.com\/en\/author\/admin\/\"}]}<\/script>\n<!-- \/ Yoast SEO plugin. -->","yoast_head_json":{"title":"Back to work &middot; International Soccer Academy of Madrid","robots":{"index":"index","follow":"follow","max-snippet":"max-snippet:-1","max-image-preview":"max-image-preview:large","max-video-preview":"max-video-preview:-1"},"canonical":"https:\/\/www.intersoccermadrid.com\/en\/back-to-work\/","og_locale":"en_US","og_type":"article","og_title":"Back to work &middot; International Soccer Academy of Madrid","og_description":"Atr\u00e1s quedan los d\u00edas de vacaciones y los estudiantes de la academia de f\u00fatbol Intersoccer Madrid vuelven poco a poco a la rutina","og_url":"https:\/\/www.intersoccermadrid.com\/en\/back-to-work\/","og_site_name":"International Soccer Academy of Madrid","article_published_time":"2017-01-08T23:00:00+00:00","og_image":[{"width":1365,"height":768,"url":"https:\/\/www.intersoccermadrid.com\/wp-content\/uploads\/2017\/01\/2017_back_to_work_01.jpg","type":"image\/jpeg"}],"author":"Administrator","twitter_card":"summary_large_image","twitter_misc":{"Written by":"Administrator","Est. reading time":"2 minutes"},"schema":{"@context":"https:\/\/schema.org","@graph":[{"@type":"WebPage","@id":"https:\/\/www.intersoccermadrid.com\/en\/back-to-work\/","url":"https:\/\/www.intersoccermadrid.com\/en\/back-to-work\/","name":"Back to work &middot; International Soccer Academy of Madrid","isPartOf":{"@id":"https:\/\/www.intersoccermadrid.com\/en\/#website"},"datePublished":"2017-01-08T23:00:00+00:00","dateModified":"2017-01-08T23:00:00+00:00","author":{"@id":"https:\/\/www.intersoccermadrid.com\/en\/#\/schema\/person\/4843f782828393fd2fd34a6db5ce5d48"},"breadcrumb":{"@id":"https:\/\/www.intersoccermadrid.com\/en\/back-to-work\/#breadcrumb"},"inLanguage":"en-US","potentialAction":[{"@type":"ReadAction","target":["https:\/\/www.intersoccermadrid.com\/en\/back-to-work\/"]}]},{"@type":"BreadcrumbList","@id":"https:\/\/www.intersoccermadrid.com\/en\/back-to-work\/#breadcrumb","itemListElement":[{"@type":"ListItem","position":1,"name":"Home","item":"https:\/\/www.intersoccermadrid.com\/en\/"},{"@type":"ListItem","position":2,"name":"Back to work"}]},{"@type":"WebSite","@id":"https:\/\/www.intersoccermadrid.com\/en\/#website","url":"https:\/\/www.intersoccermadrid.com\/en\/","name":"International Soccer Academy of Madrid","description":"International Soccer Academy of Madrid","potentialAction":[{"@type":"SearchAction","target":{"@type":"EntryPoint","urlTemplate":"https:\/\/www.intersoccermadrid.com\/en\/?s={search_term_string}"},"query-input":"required name=search_term_string"}],"inLanguage":"en-US"},{"@type":"Person","@id":"https:\/\/www.intersoccermadrid.com\/en\/#\/schema\/person\/4843f782828393fd2fd34a6db5ce5d48","name":"Administrator","image":{"@type":"ImageObject","inLanguage":"en-US","@id":"https:\/\/www.intersoccermadrid.com\/en\/#\/schema\/person\/image\/","url":"https:\/\/secure.gravatar.com\/avatar\/85ec5305f9a568d3e58c20ee91decabf?s=96&d=mm&r=g","contentUrl":"https:\/\/secure.gravatar.com\/avatar\/85ec5305f9a568d3e58c20ee91decabf?s=96&d=mm&r=g","caption":"Administrator"},"url":"https:\/\/www.intersoccermadrid.com\/en\/author\/admin\/"}]}},"_links":{"self":[{"href":"https:\/\/www.intersoccermadrid.com\/en\/wp-json\/wp\/v2\/posts\/638"}],"collection":[{"href":"https:\/\/www.intersoccermadrid.com\/en\/wp-json\/wp\/v2\/posts"}],"about":[{"href":"https:\/\/www.intersoccermadrid.com\/en\/wp-json\/wp\/v2\/types\/post"}],"author":[{"embeddable":true,"href":"https:\/\/www.intersoccermadrid.com\/en\/wp-json\/wp\/v2\/users\/2"}],"replies":[{"embeddable":true,"href":"https:\/\/www.intersoccermadrid.com\/en\/wp-json\/wp\/v2\/comments?post=638"}],"version-history":[{"count":0,"href":"https:\/\/www.intersoccermadrid.com\/en\/wp-json\/wp\/v2\/posts\/638\/revisions"}],"wp:featuredmedia":[{"embeddable":true,"href":"https:\/\/www.intersoccermadrid.com\/en\/wp-json\/wp\/v2\/media\/6259"}],"wp:attachment":[{"href":"https:\/\/www.intersoccermadrid.com\/en\/wp-json\/wp\/v2\/media?parent=638"}],"wp:term":[{"taxonomy":"category","embeddable":true,"href":"https:\/\/www.intersoccermadrid.com\/en\/wp-json\/wp\/v2\/categories?post=638"},{"taxonomy":"post_tag","embeddable":true,"href":"https:\/\/www.intersoccermadrid.com\/en\/wp-json\/wp\/v2\/tags?post=638"}],"curies":[{"name":"wp","href":"https:\/\/api.w.org\/{rel}","templated":true}]}}