{"id":628,"date":"2016-11-23T00:00:00","date_gmt":"2016-11-22T23:00:00","guid":{"rendered":"https:\/\/www.intersoccermadrid.com\/liga-open-de-talentos-intersoccer-contra-el-ud-sanse\/"},"modified":"2016-11-23T00:00:00","modified_gmt":"2016-11-22T23:00:00","slug":"liga-open-de-talentos-intersoccer-contra-el-ud-sanse","status":"publish","type":"post","link":"https:\/\/www.intersoccermadrid.com\/en\/liga-open-de-talentos-intersoccer-contra-el-ud-sanse\/","title":{"rendered":"Liga Open de Talentos Intersoccer contra el U.D.  Sanse"},"content":{"rendered":"<p><img decoding=\"async\" loading=\"lazy\" class=\" alignleft size-full wp-image-6200\" src=\"https:\/\/www.intersoccermadrid.com\/wp-content\/uploads\/2016\/11\/2016_liga_open_ud_sanse_intersoccer_01.jpg\" border=\"0\" alt=\"Liga Open de Talentos Intersoccer contra el U.D. Sanse \" title=\"Liga Open de Talentos Intersoccer contra el U.D. Sanse\" align=\"left\" width=\"800\" height=\"450\" srcset=\"https:\/\/www.intersoccermadrid.com\/wp-content\/uploads\/2016\/11\/2016_liga_open_ud_sanse_intersoccer_01.jpg 800w, https:\/\/www.intersoccermadrid.com\/wp-content\/uploads\/2016\/11\/2016_liga_open_ud_sanse_intersoccer_01-300x169.jpg 300w, https:\/\/www.intersoccermadrid.com\/wp-content\/uploads\/2016\/11\/2016_liga_open_ud_sanse_intersoccer_01-768x432.jpg 768w\" sizes=\"(max-width: 800px) 100vw, 800px\" \/><\/p>\n<p>En el estupendo marco del vecino  estadio de Matapi\u00f1oneras, sede del U.D. Sanse, se celebr\u00f3 el segundo encuentro de la Liga Open de Talentos Intersoccer <!--more--> , con la participaci\u00f3n de casi todos los miembros de la academia. De salida, un elenco con una alta competitividad puso de manifiesto su insultante dominio no dejando salir de su campo al U.D. Sanse que se las vio y se las deseo para contener a un muy virtuoso rival que realizaba continuamente lances de juego dignos de primera divisi\u00f3n.  Aun as\u00ed, la U.D.  Sanse se las apa\u00f1o para mantener su porter\u00eda a cero con una combinaci\u00f3n de f\u00e9rrea defensa y una pizca de suerte, terminando la primera mitad con empate a cero.  En el once inicial se alinearon, Vadim \u2013Rusia-,  Emile \u2013Guinea Conakry-, Kalvin \u2013 Camer\u00fan-, Youssef, Bernal, Junior, Zeng \u2013China-, Edgar \u2013Argentina-, Maga \u2013 Rusia-, Kevin, Gabriel \u2013EEUU-. <\/p>\n<p>En la segunda parte se produjeron cambios en los dos equipos con el fin de dar oportunidad a todos los jugadores de la Academia de F\u00fatbol  Intersoccer. El juego se volvi\u00f3 m\u00e1s desigual y las oportunidades para ambos equipos se igualaron, los alumnos de Intersoccer mostraron una gran  combatividad, d\u00e1ndolo todo en el terreno y provocando numerosas situaciones de peligro en la porter\u00eda rival. El \u00fanico gol del partido vino de parte del rival por una pelota bombeada a gran distancia que pillo al portero demasiado adelantado y que supuso el 1-0. <\/p>\n<p>En la segunda parte estuvieron presentes : Mill\u00e1n, Osman \u2013 Sierra Leona-, Khurshid \u2013Usbekistan-, Austin \u2013 Chile-, Luis Miguel \u2013Venezuela-, Raunel \u2013Cuba-, Brayan  -Francia\/Colombia-, Miguel \u2013Espa\u00f1a\/Venezuela- y Hui \u2013China-.<\/p>\n<p>Gran partido de la Academia Intersoccer que aun perdiendo demostr\u00f3 la gran calidad de muchos de sus jugadores y la entrega y pasi\u00f3n de todos ellos, not\u00e1ndose la mejora continua de cada uno de ellos.<\/p>\n<p>Enhorabuena al entrenador Joaco Barrios que est\u00e1 haciendo una gran labor de formaci\u00f3n, asistido en todo momento por Joaqu\u00edn Cacho como director deportivo.  <\/p>\n<p><img decoding=\"async\" loading=\"lazy\" class=\" alignleft size-full wp-image-6201\" src=\"https:\/\/www.intersoccermadrid.com\/wp-content\/uploads\/2016\/11\/2016_liga_open_ud_sanse_intersoccer_02.jpg\" border=\"0\" alt=\"Liga Open de Talentos Intersoccer contra el U.D. Sanse \" title=\"Liga Open de Talentos Intersoccer contra el U.D. Sanse\" align=\"left\" width=\"800\" height=\"600\" srcset=\"https:\/\/www.intersoccermadrid.com\/wp-content\/uploads\/2016\/11\/2016_liga_open_ud_sanse_intersoccer_02.jpg 800w, https:\/\/www.intersoccermadrid.com\/wp-content\/uploads\/2016\/11\/2016_liga_open_ud_sanse_intersoccer_02-300x225.jpg 300w, https:\/\/www.intersoccermadrid.com\/wp-content\/uploads\/2016\/11\/2016_liga_open_ud_sanse_intersoccer_02-768x576.jpg 768w\" sizes=\"(max-width: 800px) 100vw, 800px\" \/><\/p>\n<p><img decoding=\"async\" loading=\"lazy\" class=\" alignleft size-full wp-image-6202\" src=\"https:\/\/www.intersoccermadrid.com\/wp-content\/uploads\/2016\/11\/2016_liga_open_ud_sanse_intersoccer_03.jpg\" border=\"0\" alt=\"Liga Open de Talentos Intersoccer contra el U.D. Sanse \" title=\"Liga Open de Talentos Intersoccer contra el U.D. Sanse\" align=\"left\" width=\"800\" height=\"450\" srcset=\"https:\/\/www.intersoccermadrid.com\/wp-content\/uploads\/2016\/11\/2016_liga_open_ud_sanse_intersoccer_03.jpg 800w, https:\/\/www.intersoccermadrid.com\/wp-content\/uploads\/2016\/11\/2016_liga_open_ud_sanse_intersoccer_03-300x169.jpg 300w, https:\/\/www.intersoccermadrid.com\/wp-content\/uploads\/2016\/11\/2016_liga_open_ud_sanse_intersoccer_03-768x432.jpg 768w\" sizes=\"(max-width: 800px) 100vw, 800px\" \/><\/p>\n<p><img decoding=\"async\" loading=\"lazy\" class=\" alignleft size-full wp-image-6203\" src=\"https:\/\/www.intersoccermadrid.com\/wp-content\/uploads\/2016\/11\/2016_liga_open_ud_sanse_intersoccer_04.jpg\" border=\"0\" alt=\"Liga Open de Talentos Intersoccer contra el U.D. Sanse \" title=\"Liga Open de Talentos Intersoccer contra el U.D. Sanse\" align=\"left\" width=\"800\" height=\"600\" srcset=\"https:\/\/www.intersoccermadrid.com\/wp-content\/uploads\/2016\/11\/2016_liga_open_ud_sanse_intersoccer_04.jpg 800w, https:\/\/www.intersoccermadrid.com\/wp-content\/uploads\/2016\/11\/2016_liga_open_ud_sanse_intersoccer_04-300x225.jpg 300w, https:\/\/www.intersoccermadrid.com\/wp-content\/uploads\/2016\/11\/2016_liga_open_ud_sanse_intersoccer_04-768x576.jpg 768w\" sizes=\"(max-width: 800px) 100vw, 800px\" \/><\/p>\n<p><img decoding=\"async\" loading=\"lazy\" class=\" alignleft size-full wp-image-6204\" src=\"https:\/\/www.intersoccermadrid.com\/wp-content\/uploads\/2016\/11\/2016_liga_open_ud_sanse_intersoccer_05.jpg\" border=\"0\" alt=\"Liga Open de Talentos Intersoccer contra el U.D. Sanse \" title=\"Liga Open de Talentos Intersoccer contra el U.D. Sanse\" align=\"left\" width=\"800\" height=\"450\" srcset=\"https:\/\/www.intersoccermadrid.com\/wp-content\/uploads\/2016\/11\/2016_liga_open_ud_sanse_intersoccer_05.jpg 800w, https:\/\/www.intersoccermadrid.com\/wp-content\/uploads\/2016\/11\/2016_liga_open_ud_sanse_intersoccer_05-300x169.jpg 300w, https:\/\/www.intersoccermadrid.com\/wp-content\/uploads\/2016\/11\/2016_liga_open_ud_sanse_intersoccer_05-768x432.jpg 768w\" sizes=\"(max-width: 800px) 100vw, 800px\" \/><\/p>\n<p><img decoding=\"async\" loading=\"lazy\" class=\" alignleft size-full wp-image-6205\" src=\"https:\/\/www.intersoccermadrid.com\/wp-content\/uploads\/2016\/11\/2016_liga_open_ud_sanse_intersoccer_06.jpg\" border=\"0\" alt=\"Liga Open de Talentos Intersoccer contra el U.D. Sanse \" title=\"Liga Open de Talentos Intersoccer contra el U.D. Sanse\" align=\"left\" width=\"800\" height=\"450\" srcset=\"https:\/\/www.intersoccermadrid.com\/wp-content\/uploads\/2016\/11\/2016_liga_open_ud_sanse_intersoccer_06.jpg 800w, https:\/\/www.intersoccermadrid.com\/wp-content\/uploads\/2016\/11\/2016_liga_open_ud_sanse_intersoccer_06-300x169.jpg 300w, https:\/\/www.intersoccermadrid.com\/wp-content\/uploads\/2016\/11\/2016_liga_open_ud_sanse_intersoccer_06-768x432.jpg 768w\" sizes=\"(max-width: 800px) 100vw, 800px\" \/><\/p>\n<p><img decoding=\"async\" loading=\"lazy\" class=\" alignleft size-full wp-image-6206\" src=\"https:\/\/www.intersoccermadrid.com\/wp-content\/uploads\/2016\/11\/2016_liga_open_ud_sanse_intersoccer_07.jpg\" border=\"0\" alt=\"Liga Open de Talentos Intersoccer contra el U.D. Sanse \" title=\"Liga Open de Talentos Intersoccer contra el U.D. Sanse\" align=\"left\" width=\"800\" height=\"450\" srcset=\"https:\/\/www.intersoccermadrid.com\/wp-content\/uploads\/2016\/11\/2016_liga_open_ud_sanse_intersoccer_07.jpg 800w, https:\/\/www.intersoccermadrid.com\/wp-content\/uploads\/2016\/11\/2016_liga_open_ud_sanse_intersoccer_07-300x169.jpg 300w, https:\/\/www.intersoccermadrid.com\/wp-content\/uploads\/2016\/11\/2016_liga_open_ud_sanse_intersoccer_07-768x432.jpg 768w\" sizes=\"(max-width: 800px) 100vw, 800px\" \/><\/p>\n<p><img decoding=\"async\" loading=\"lazy\" class=\" alignleft size-full wp-image-6207\" src=\"https:\/\/www.intersoccermadrid.com\/wp-content\/uploads\/2016\/11\/2016_liga_open_ud_sanse_intersoccer_08.jpg\" border=\"0\" alt=\"Liga Open de Talentos Intersoccer contra el U.D. Sanse \" title=\"Liga Open de Talentos Intersoccer contra el U.D. Sanse\" align=\"left\" width=\"800\" height=\"450\" srcset=\"https:\/\/www.intersoccermadrid.com\/wp-content\/uploads\/2016\/11\/2016_liga_open_ud_sanse_intersoccer_08.jpg 800w, https:\/\/www.intersoccermadrid.com\/wp-content\/uploads\/2016\/11\/2016_liga_open_ud_sanse_intersoccer_08-300x169.jpg 300w, https:\/\/www.intersoccermadrid.com\/wp-content\/uploads\/2016\/11\/2016_liga_open_ud_sanse_intersoccer_08-768x432.jpg 768w\" sizes=\"(max-width: 800px) 100vw, 800px\" \/><\/p>\n<p>   <!--<iframe loading=\"lazy\" width=\"320\" height=\"240\" src=\"\/\/www.youtube.com\/embed\/5QIQxATQka\" frameborder=\"0\"><\/iframe>--><\/p>\n","protected":false},"excerpt":{"rendered":"<p>En el estupendo marco del vecino estadio de Matapi\u00f1oneras, sede del U.D. Sanse, se celebr\u00f3 el segundo encuentro de la Liga Open de Talentos Intersoccer<\/p>\n","protected":false},"author":2,"featured_media":6200,"comment_status":"open","ping_status":"open","sticky":false,"template":"","format":"standard","meta":{"_et_pb_use_builder":"","_et_pb_old_content":"","_et_gb_content_width":""},"categories":[8],"tags":[],"yoast_head":"<!-- This site is optimized with the Yoast SEO plugin v20.9 - https:\/\/yoast.com\/wordpress\/plugins\/seo\/ -->\n<title>Liga Open de Talentos Intersoccer contra el U.D. Sanse &middot; International Soccer Academy of Madrid<\/title>\n<meta name=\"robots\" content=\"index, follow, max-snippet:-1, max-image-preview:large, max-video-preview:-1\" \/>\n<link rel=\"canonical\" href=\"https:\/\/www.intersoccermadrid.com\/en\/liga-open-de-talentos-intersoccer-contra-el-ud-sanse\/\" \/>\n<meta property=\"og:locale\" content=\"en_US\" \/>\n<meta property=\"og:type\" content=\"article\" \/>\n<meta property=\"og:title\" content=\"Liga Open de Talentos Intersoccer contra el U.D. Sanse &middot; International Soccer Academy of Madrid\" \/>\n<meta property=\"og:description\" content=\"En el estupendo marco del vecino estadio de Matapi\u00f1oneras, sede del U.D. Sanse, se celebr\u00f3 el segundo encuentro de la Liga Open de Talentos Intersoccer\" \/>\n<meta property=\"og:url\" content=\"https:\/\/www.intersoccermadrid.com\/en\/liga-open-de-talentos-intersoccer-contra-el-ud-sanse\/\" \/>\n<meta property=\"og:site_name\" content=\"International Soccer Academy of Madrid\" \/>\n<meta property=\"article:published_time\" content=\"2016-11-22T23:00:00+00:00\" \/>\n<meta property=\"og:image\" content=\"https:\/\/www.intersoccermadrid.com\/wp-content\/uploads\/2016\/11\/2016_liga_open_ud_sanse_intersoccer_01.jpg\" \/>\n\t<meta property=\"og:image:width\" content=\"800\" \/>\n\t<meta property=\"og:image:height\" content=\"450\" \/>\n\t<meta property=\"og:image:type\" content=\"image\/jpeg\" \/>\n<meta name=\"author\" content=\"Administrator\" \/>\n<meta name=\"twitter:card\" content=\"summary_large_image\" \/>\n<meta name=\"twitter:label1\" content=\"Written by\" \/>\n\t<meta name=\"twitter:data1\" content=\"Administrator\" \/>\n\t<meta name=\"twitter:label2\" content=\"Est. reading time\" \/>\n\t<meta name=\"twitter:data2\" content=\"2 minutes\" \/>\n<script type=\"application\/ld+json\" class=\"yoast-schema-graph\">{\"@context\":\"https:\/\/schema.org\",\"@graph\":[{\"@type\":\"WebPage\",\"@id\":\"https:\/\/www.intersoccermadrid.com\/en\/liga-open-de-talentos-intersoccer-contra-el-ud-sanse\/\",\"url\":\"https:\/\/www.intersoccermadrid.com\/en\/liga-open-de-talentos-intersoccer-contra-el-ud-sanse\/\",\"name\":\"Liga Open de Talentos Intersoccer contra el U.D. Sanse &middot; International Soccer Academy of Madrid\",\"isPartOf\":{\"@id\":\"https:\/\/www.intersoccermadrid.com\/en\/#website\"},\"datePublished\":\"2016-11-22T23:00:00+00:00\",\"dateModified\":\"2016-11-22T23:00:00+00:00\",\"author\":{\"@id\":\"https:\/\/www.intersoccermadrid.com\/en\/#\/schema\/person\/4843f782828393fd2fd34a6db5ce5d48\"},\"breadcrumb\":{\"@id\":\"https:\/\/www.intersoccermadrid.com\/en\/liga-open-de-talentos-intersoccer-contra-el-ud-sanse\/#breadcrumb\"},\"inLanguage\":\"en-US\",\"potentialAction\":[{\"@type\":\"ReadAction\",\"target\":[\"https:\/\/www.intersoccermadrid.com\/en\/liga-open-de-talentos-intersoccer-contra-el-ud-sanse\/\"]}]},{\"@type\":\"BreadcrumbList\",\"@id\":\"https:\/\/www.intersoccermadrid.com\/en\/liga-open-de-talentos-intersoccer-contra-el-ud-sanse\/#breadcrumb\",\"itemListElement\":[{\"@type\":\"ListItem\",\"position\":1,\"name\":\"Home\",\"item\":\"https:\/\/www.intersoccermadrid.com\/en\/\"},{\"@type\":\"ListItem\",\"position\":2,\"name\":\"Liga Open de Talentos Intersoccer contra el U.D. Sanse\"}]},{\"@type\":\"WebSite\",\"@id\":\"https:\/\/www.intersoccermadrid.com\/en\/#website\",\"url\":\"https:\/\/www.intersoccermadrid.com\/en\/\",\"name\":\"International Soccer Academy of Madrid\",\"description\":\"International Soccer Academy of Madrid\",\"potentialAction\":[{\"@type\":\"SearchAction\",\"target\":{\"@type\":\"EntryPoint\",\"urlTemplate\":\"https:\/\/www.intersoccermadrid.com\/en\/?s={search_term_string}\"},\"query-input\":\"required name=search_term_string\"}],\"inLanguage\":\"en-US\"},{\"@type\":\"Person\",\"@id\":\"https:\/\/www.intersoccermadrid.com\/en\/#\/schema\/person\/4843f782828393fd2fd34a6db5ce5d48\",\"name\":\"Administrator\",\"image\":{\"@type\":\"ImageObject\",\"inLanguage\":\"en-US\",\"@id\":\"https:\/\/www.intersoccermadrid.com\/en\/#\/schema\/person\/image\/\",\"url\":\"https:\/\/secure.gravatar.com\/avatar\/85ec5305f9a568d3e58c20ee91decabf?s=96&d=mm&r=g\",\"contentUrl\":\"https:\/\/secure.gravatar.com\/avatar\/85ec5305f9a568d3e58c20ee91decabf?s=96&d=mm&r=g\",\"caption\":\"Administrator\"},\"url\":\"https:\/\/www.intersoccermadrid.com\/en\/author\/admin\/\"}]}<\/script>\n<!-- \/ Yoast SEO plugin. -->","yoast_head_json":{"title":"Liga Open de Talentos Intersoccer contra el U.D. Sanse &middot; International Soccer Academy of Madrid","robots":{"index":"index","follow":"follow","max-snippet":"max-snippet:-1","max-image-preview":"max-image-preview:large","max-video-preview":"max-video-preview:-1"},"canonical":"https:\/\/www.intersoccermadrid.com\/en\/liga-open-de-talentos-intersoccer-contra-el-ud-sanse\/","og_locale":"en_US","og_type":"article","og_title":"Liga Open de Talentos Intersoccer contra el U.D. Sanse &middot; International Soccer Academy of Madrid","og_description":"En el estupendo marco del vecino estadio de Matapi\u00f1oneras, sede del U.D. Sanse, se celebr\u00f3 el segundo encuentro de la Liga Open de Talentos Intersoccer","og_url":"https:\/\/www.intersoccermadrid.com\/en\/liga-open-de-talentos-intersoccer-contra-el-ud-sanse\/","og_site_name":"International Soccer Academy of Madrid","article_published_time":"2016-11-22T23:00:00+00:00","og_image":[{"width":800,"height":450,"url":"https:\/\/www.intersoccermadrid.com\/wp-content\/uploads\/2016\/11\/2016_liga_open_ud_sanse_intersoccer_01.jpg","type":"image\/jpeg"}],"author":"Administrator","twitter_card":"summary_large_image","twitter_misc":{"Written by":"Administrator","Est. reading time":"2 minutes"},"schema":{"@context":"https:\/\/schema.org","@graph":[{"@type":"WebPage","@id":"https:\/\/www.intersoccermadrid.com\/en\/liga-open-de-talentos-intersoccer-contra-el-ud-sanse\/","url":"https:\/\/www.intersoccermadrid.com\/en\/liga-open-de-talentos-intersoccer-contra-el-ud-sanse\/","name":"Liga Open de Talentos Intersoccer contra el U.D. Sanse &middot; International Soccer Academy of Madrid","isPartOf":{"@id":"https:\/\/www.intersoccermadrid.com\/en\/#website"},"datePublished":"2016-11-22T23:00:00+00:00","dateModified":"2016-11-22T23:00:00+00:00","author":{"@id":"https:\/\/www.intersoccermadrid.com\/en\/#\/schema\/person\/4843f782828393fd2fd34a6db5ce5d48"},"breadcrumb":{"@id":"https:\/\/www.intersoccermadrid.com\/en\/liga-open-de-talentos-intersoccer-contra-el-ud-sanse\/#breadcrumb"},"inLanguage":"en-US","potentialAction":[{"@type":"ReadAction","target":["https:\/\/www.intersoccermadrid.com\/en\/liga-open-de-talentos-intersoccer-contra-el-ud-sanse\/"]}]},{"@type":"BreadcrumbList","@id":"https:\/\/www.intersoccermadrid.com\/en\/liga-open-de-talentos-intersoccer-contra-el-ud-sanse\/#breadcrumb","itemListElement":[{"@type":"ListItem","position":1,"name":"Home","item":"https:\/\/www.intersoccermadrid.com\/en\/"},{"@type":"ListItem","position":2,"name":"Liga Open de Talentos Intersoccer contra el U.D. Sanse"}]},{"@type":"WebSite","@id":"https:\/\/www.intersoccermadrid.com\/en\/#website","url":"https:\/\/www.intersoccermadrid.com\/en\/","name":"International Soccer Academy of Madrid","description":"International Soccer Academy of Madrid","potentialAction":[{"@type":"SearchAction","target":{"@type":"EntryPoint","urlTemplate":"https:\/\/www.intersoccermadrid.com\/en\/?s={search_term_string}"},"query-input":"required name=search_term_string"}],"inLanguage":"en-US"},{"@type":"Person","@id":"https:\/\/www.intersoccermadrid.com\/en\/#\/schema\/person\/4843f782828393fd2fd34a6db5ce5d48","name":"Administrator","image":{"@type":"ImageObject","inLanguage":"en-US","@id":"https:\/\/www.intersoccermadrid.com\/en\/#\/schema\/person\/image\/","url":"https:\/\/secure.gravatar.com\/avatar\/85ec5305f9a568d3e58c20ee91decabf?s=96&d=mm&r=g","contentUrl":"https:\/\/secure.gravatar.com\/avatar\/85ec5305f9a568d3e58c20ee91decabf?s=96&d=mm&r=g","caption":"Administrator"},"url":"https:\/\/www.intersoccermadrid.com\/en\/author\/admin\/"}]}},"_links":{"self":[{"href":"https:\/\/www.intersoccermadrid.com\/en\/wp-json\/wp\/v2\/posts\/628"}],"collection":[{"href":"https:\/\/www.intersoccermadrid.com\/en\/wp-json\/wp\/v2\/posts"}],"about":[{"href":"https:\/\/www.intersoccermadrid.com\/en\/wp-json\/wp\/v2\/types\/post"}],"author":[{"embeddable":true,"href":"https:\/\/www.intersoccermadrid.com\/en\/wp-json\/wp\/v2\/users\/2"}],"replies":[{"embeddable":true,"href":"https:\/\/www.intersoccermadrid.com\/en\/wp-json\/wp\/v2\/comments?post=628"}],"version-history":[{"count":0,"href":"https:\/\/www.intersoccermadrid.com\/en\/wp-json\/wp\/v2\/posts\/628\/revisions"}],"wp:featuredmedia":[{"embeddable":true,"href":"https:\/\/www.intersoccermadrid.com\/en\/wp-json\/wp\/v2\/media\/6200"}],"wp:attachment":[{"href":"https:\/\/www.intersoccermadrid.com\/en\/wp-json\/wp\/v2\/media?parent=628"}],"wp:term":[{"taxonomy":"category","embeddable":true,"href":"https:\/\/www.intersoccermadrid.com\/en\/wp-json\/wp\/v2\/categories?post=628"},{"taxonomy":"post_tag","embeddable":true,"href":"https:\/\/www.intersoccermadrid.com\/en\/wp-json\/wp\/v2\/tags?post=628"}],"curies":[{"name":"wp","href":"https:\/\/api.w.org\/{rel}","templated":true}]}}