{"id":589,"date":"2016-02-08T00:00:00","date_gmt":"2016-02-07T23:00:00","guid":{"rendered":"https:\/\/www.intersoccermadrid.com\/la-ac-intersoccer-sigue-subiendo-con-buenas-sensaciones\/"},"modified":"2016-02-08T00:00:00","modified_gmt":"2016-02-07T23:00:00","slug":"la-ac-intersoccer-sigue-subiendo-con-buenas-sensaciones","status":"publish","type":"post","link":"https:\/\/www.intersoccermadrid.com\/en\/la-ac-intersoccer-sigue-subiendo-con-buenas-sensaciones\/","title":{"rendered":"La A.C. Intersoccer Madrid sigue subiendo con buenas sensaciones"},"content":{"rendered":"<p><img decoding=\"async\" loading=\"lazy\" class=\" alignleft size-full wp-image-6013\" src=\"https:\/\/www.intersoccermadrid.com\/wp-content\/uploads\/2016\/02\/2016_J19_colegioelprado_intersoccer_01.jpg\" border=\"0\" alt=\"La A.C. Intersoccer sigue subiendo con buenas sensaciones\" title=\"La A.C. Intersoccer sigue subiendo con buenas sensaciones\" align=\"left\" width=\"800\" height=\"600\" srcset=\"https:\/\/www.intersoccermadrid.com\/wp-content\/uploads\/2016\/02\/2016_J19_colegioelprado_intersoccer_01.jpg 800w, https:\/\/www.intersoccermadrid.com\/wp-content\/uploads\/2016\/02\/2016_J19_colegioelprado_intersoccer_01-300x225.jpg 300w, https:\/\/www.intersoccermadrid.com\/wp-content\/uploads\/2016\/02\/2016_J19_colegioelprado_intersoccer_01-768x576.jpg 768w\" sizes=\"(max-width: 800px) 100vw, 800px\" \/><\/p>\n<p>COLEGIO EL PRADO &#8211; INTERSOCCER (1-3). Una victoria con doble sabor, por los valiosos puntos y por superar una asignatura que nos hab\u00eda quedado pendiente en el trimestre anterior. <!--more--> <\/p>\n<p>Un partido con juego muy trabajado porque el rival tiene mucho oficio y un dif\u00edcil campo, donde la Academia realizo un variado juego, sorprendiendo a la contra, dando pases entre l\u00edneas de gran calidad y dominando jugadas a bal\u00f3n parado. Destacable en este sentido el increible juego de nuestros jugadores rusos Magomed y Alan, este \u00faltimo se permitio anotar el primer gol que subio al marcador<\/p>\n<p>Buenas sensaciones trasmite este equipo, que sigue trabajando y busca claramente su objetivo.<\/p>\n<p><img decoding=\"async\" loading=\"lazy\" class=\" alignleft size-full wp-image-6014\" src=\"https:\/\/www.intersoccermadrid.com\/wp-content\/uploads\/2016\/02\/2016_J19_colegioelprado_intersoccer_02.jpg\" border=\"0\" alt=\"La A.C. Intersoccer sigue subiendo con buenas sensaciones\" title=\"La A.C. Intersoccer sigue subiendo con buenas sensaciones\" align=\"left\" width=\"754\" height=\"600\" srcset=\"https:\/\/www.intersoccermadrid.com\/wp-content\/uploads\/2016\/02\/2016_J19_colegioelprado_intersoccer_02.jpg 754w, https:\/\/www.intersoccermadrid.com\/wp-content\/uploads\/2016\/02\/2016_J19_colegioelprado_intersoccer_02-300x239.jpg 300w\" sizes=\"(max-width: 754px) 100vw, 754px\" \/><\/p>\n<p><img decoding=\"async\" loading=\"lazy\" class=\" alignleft size-full wp-image-6015\" src=\"https:\/\/www.intersoccermadrid.com\/wp-content\/uploads\/2016\/02\/2016_J19_colegioelprado_intersoccer_03.jpg\" border=\"0\" alt=\"La A.C. Intersoccer sigue subiendo con buenas sensaciones\" title=\"La A.C. Intersoccer sigue subiendo con buenas sensaciones\" align=\"left\" width=\"800\" height=\"496\" srcset=\"https:\/\/www.intersoccermadrid.com\/wp-content\/uploads\/2016\/02\/2016_J19_colegioelprado_intersoccer_03.jpg 800w, https:\/\/www.intersoccermadrid.com\/wp-content\/uploads\/2016\/02\/2016_J19_colegioelprado_intersoccer_03-300x186.jpg 300w, https:\/\/www.intersoccermadrid.com\/wp-content\/uploads\/2016\/02\/2016_J19_colegioelprado_intersoccer_03-768x476.jpg 768w\" sizes=\"(max-width: 800px) 100vw, 800px\" \/><\/p>\n<p><img decoding=\"async\" loading=\"lazy\" class=\" alignleft size-full wp-image-6016\" src=\"https:\/\/www.intersoccermadrid.com\/wp-content\/uploads\/2016\/02\/2016_J19_colegioelprado_intersoccer_04.jpg\" border=\"0\" alt=\"La A.C. Intersoccer sigue subiendo con buenas sensaciones\" title=\"La A.C. Intersoccer sigue subiendo con buenas sensaciones\" align=\"left\" width=\"800\" height=\"517\" srcset=\"https:\/\/www.intersoccermadrid.com\/wp-content\/uploads\/2016\/02\/2016_J19_colegioelprado_intersoccer_04.jpg 800w, https:\/\/www.intersoccermadrid.com\/wp-content\/uploads\/2016\/02\/2016_J19_colegioelprado_intersoccer_04-300x194.jpg 300w, https:\/\/www.intersoccermadrid.com\/wp-content\/uploads\/2016\/02\/2016_J19_colegioelprado_intersoccer_04-768x496.jpg 768w\" sizes=\"(max-width: 800px) 100vw, 800px\" \/><\/p>\n<p><img decoding=\"async\" loading=\"lazy\" class=\" alignleft size-full wp-image-6017\" src=\"https:\/\/www.intersoccermadrid.com\/wp-content\/uploads\/2016\/02\/2016_J19_colegioelprado_intersoccer_05.jpg\" border=\"0\" alt=\"La A.C. Intersoccer sigue subiendo con buenas sensaciones\" title=\"La A.C. Intersoccer sigue subiendo con buenas sensaciones\" align=\"left\" width=\"800\" height=\"563\" srcset=\"https:\/\/www.intersoccermadrid.com\/wp-content\/uploads\/2016\/02\/2016_J19_colegioelprado_intersoccer_05.jpg 800w, https:\/\/www.intersoccermadrid.com\/wp-content\/uploads\/2016\/02\/2016_J19_colegioelprado_intersoccer_05-300x211.jpg 300w, https:\/\/www.intersoccermadrid.com\/wp-content\/uploads\/2016\/02\/2016_J19_colegioelprado_intersoccer_05-768x540.jpg 768w\" sizes=\"(max-width: 800px) 100vw, 800px\" \/><\/p>\n<p><img decoding=\"async\" loading=\"lazy\" class=\" alignleft size-full wp-image-6018\" src=\"https:\/\/www.intersoccermadrid.com\/wp-content\/uploads\/2016\/02\/2016_J19_colegioelprado_intersoccer_06.jpg\" border=\"0\" alt=\"La A.C. Intersoccer sigue subiendo con buenas sensaciones\" title=\"La A.C. Intersoccer sigue subiendo con buenas sensaciones\" align=\"left\" width=\"800\" height=\"544\" srcset=\"https:\/\/www.intersoccermadrid.com\/wp-content\/uploads\/2016\/02\/2016_J19_colegioelprado_intersoccer_06.jpg 800w, https:\/\/www.intersoccermadrid.com\/wp-content\/uploads\/2016\/02\/2016_J19_colegioelprado_intersoccer_06-300x204.jpg 300w, https:\/\/www.intersoccermadrid.com\/wp-content\/uploads\/2016\/02\/2016_J19_colegioelprado_intersoccer_06-768x522.jpg 768w\" sizes=\"(max-width: 800px) 100vw, 800px\" \/><\/p>\n<p><img decoding=\"async\" loading=\"lazy\" class=\" alignleft size-full wp-image-6019\" src=\"https:\/\/www.intersoccermadrid.com\/wp-content\/uploads\/2016\/02\/2016_J19_colegioelprado_intersoccer_07.jpg\" border=\"0\" alt=\"La A.C. Intersoccer sigue subiendo con buenas sensaciones\" title=\"La A.C. Intersoccer sigue subiendo con buenas sensaciones\" align=\"left\" width=\"800\" height=\"546\" srcset=\"https:\/\/www.intersoccermadrid.com\/wp-content\/uploads\/2016\/02\/2016_J19_colegioelprado_intersoccer_07.jpg 800w, https:\/\/www.intersoccermadrid.com\/wp-content\/uploads\/2016\/02\/2016_J19_colegioelprado_intersoccer_07-300x205.jpg 300w, https:\/\/www.intersoccermadrid.com\/wp-content\/uploads\/2016\/02\/2016_J19_colegioelprado_intersoccer_07-768x524.jpg 768w\" sizes=\"(max-width: 800px) 100vw, 800px\" \/><\/p>\n<p><img decoding=\"async\" loading=\"lazy\" class=\" alignleft size-full wp-image-6020\" src=\"https:\/\/www.intersoccermadrid.com\/wp-content\/uploads\/2016\/02\/2016_J19_colegioelprado_intersoccer_08.jpg\" border=\"0\" alt=\"La A.C. Intersoccer sigue subiendo con buenas sensaciones\" title=\"La A.C. Intersoccer sigue subiendo con buenas sensaciones\" align=\"left\" width=\"800\" height=\"542\" srcset=\"https:\/\/www.intersoccermadrid.com\/wp-content\/uploads\/2016\/02\/2016_J19_colegioelprado_intersoccer_08.jpg 800w, https:\/\/www.intersoccermadrid.com\/wp-content\/uploads\/2016\/02\/2016_J19_colegioelprado_intersoccer_08-300x203.jpg 300w, https:\/\/www.intersoccermadrid.com\/wp-content\/uploads\/2016\/02\/2016_J19_colegioelprado_intersoccer_08-768x520.jpg 768w\" sizes=\"(max-width: 800px) 100vw, 800px\" \/><\/p>\n<p><img decoding=\"async\" loading=\"lazy\" class=\" alignleft size-full wp-image-6021\" src=\"https:\/\/www.intersoccermadrid.com\/wp-content\/uploads\/2016\/02\/2016_J19_colegioelprado_intersoccer_09.jpg\" border=\"0\" alt=\"La A.C. Intersoccer sigue subiendo con buenas sensaciones\" title=\"La A.C. Intersoccer sigue subiendo con buenas sensaciones\" align=\"left\" width=\"800\" height=\"564\" srcset=\"https:\/\/www.intersoccermadrid.com\/wp-content\/uploads\/2016\/02\/2016_J19_colegioelprado_intersoccer_09.jpg 800w, https:\/\/www.intersoccermadrid.com\/wp-content\/uploads\/2016\/02\/2016_J19_colegioelprado_intersoccer_09-300x212.jpg 300w, https:\/\/www.intersoccermadrid.com\/wp-content\/uploads\/2016\/02\/2016_J19_colegioelprado_intersoccer_09-768x541.jpg 768w\" sizes=\"(max-width: 800px) 100vw, 800px\" \/><\/p>\n<p><img decoding=\"async\" loading=\"lazy\" class=\" alignleft size-full wp-image-6022\" src=\"https:\/\/www.intersoccermadrid.com\/wp-content\/uploads\/2016\/02\/2016_J19_colegioelprado_intersoccer_10.jpg\" border=\"0\" alt=\"La A.C. Intersoccer sigue subiendo con buenas sensaciones\" title=\"La A.C. Intersoccer sigue subiendo con buenas sensaciones\" align=\"left\" width=\"800\" height=\"557\" srcset=\"https:\/\/www.intersoccermadrid.com\/wp-content\/uploads\/2016\/02\/2016_J19_colegioelprado_intersoccer_10.jpg 800w, https:\/\/www.intersoccermadrid.com\/wp-content\/uploads\/2016\/02\/2016_J19_colegioelprado_intersoccer_10-300x209.jpg 300w, https:\/\/www.intersoccermadrid.com\/wp-content\/uploads\/2016\/02\/2016_J19_colegioelprado_intersoccer_10-768x535.jpg 768w\" sizes=\"(max-width: 800px) 100vw, 800px\" \/><\/p>\n<p> <strong>Titulares: <\/strong>   1      RUIZ JIMENEZ, MIGUEL ANGEL   3      BERNAL DAVO, JAVIER   4      MARTIN RAMON, ALBERTO   5      MANGANO , TOMMASO MARIA   9      RAMIREZ BRAVO, MIGUEL ANGEL   10      DE OLIVEIRA , SANTIAGO   12      KABULOV, ALAN   14      FONCILLAS SINGLER, FRANCISCO JOSE   18      ARIAS RICO, ALVARO   20      GAMIDOV, MAGOMED   21      RUIZ HERNANZ, ADRIAN <\/p>\n<p> <strong>Suplentes:<\/strong>      7        CASTRO CHOREN, OSCAR   8        GARCIA SELMA, JORGE   15        DE LA TORRE PAGE, ALEJANDRO   24        LARA ORTIZ, ADRIAN   25        BLAZQUEZ SAIZ, SANTIAGO <\/p>\n<p> <strong>Cuerpo T\u00e9cnico:<\/strong>     DEL. EQUIPO: PRIETO BARCO, DIEGO   ENTRENADOR: GOMEZ AGUILAR, ROBERTO   2\u00ba ENTRENADOR: PESCADOR MADRIGAL, ALVARO <\/p>\n<p><strong>Sustituciones<\/strong>   15       DE LA TORRE PAGE, ALEJANDRO   9       RAMIREZ BRAVO, MIGUEL ANGEL (59&#8242;)   24       LARA ORTIZ, ADRIAN   20       GAMIDOV, MAGOMED (60&#8242;)   8       GARCIA SELMA, JORGE   10       DE OLIVEIRA , SANTIAGO (83&#8242;)   25       BLAZQUEZ SAIZ, SANTIAGO   14       FONCILLAS SINGLER, FRANCISCO JOSE (89&#8242;) <\/p>\n<p><strong>\u00c1rbitros<\/strong>      \u00c1RBITROS   :      DIAZ GRANADOS, ROBERTO   :      KOURTAM, KHALID   :      JUARANZ DIAZ, DANIEL <\/p>\n<p><strong>Goles<\/strong>   0-1    KABULOV, ALAN (20&#8242;)   1-1    TRIANA DE CASTRO, ALVARO (32&#8242;)   1-2    DE OLIVEIRA , SANTIAGO (35&#8242;)   1-3    LARA ORTIZ, ADRIAN (89&#8242;) <\/p>\n<p>    <!--<iframe loading=\"lazy\" width=\"320\" height=\"240\" src=\"\/\/www.youtube.com\/embed\/5QIQxATQka\" frameborder=\"0\"><\/iframe>--><\/p>\n","protected":false},"excerpt":{"rendered":"<p>COLEGIO EL PRADO &#8211; INTERSOCCER (1-3). Una victoria con doble sabor, por los valiosos puntos y por superar una asignatura que nos hab\u00eda quedado pendiente en el trimestre anterior.<\/p>\n","protected":false},"author":2,"featured_media":6013,"comment_status":"open","ping_status":"open","sticky":false,"template":"","format":"standard","meta":{"_et_pb_use_builder":"","_et_pb_old_content":"","_et_gb_content_width":""},"categories":[53],"tags":[],"yoast_head":"<!-- This site is optimized with the Yoast SEO plugin v20.9 - https:\/\/yoast.com\/wordpress\/plugins\/seo\/ -->\n<title>La A.C. Intersoccer Madrid sigue subiendo con buenas sensaciones &middot; International Soccer Academy of Madrid<\/title>\n<meta name=\"robots\" content=\"index, follow, max-snippet:-1, max-image-preview:large, max-video-preview:-1\" \/>\n<link rel=\"canonical\" href=\"https:\/\/www.intersoccermadrid.com\/en\/la-ac-intersoccer-sigue-subiendo-con-buenas-sensaciones\/\" \/>\n<meta property=\"og:locale\" content=\"en_US\" \/>\n<meta property=\"og:type\" content=\"article\" \/>\n<meta property=\"og:title\" content=\"La A.C. Intersoccer Madrid sigue subiendo con buenas sensaciones &middot; International Soccer Academy of Madrid\" \/>\n<meta property=\"og:description\" content=\"COLEGIO EL PRADO &#8211; INTERSOCCER (1-3). Una victoria con doble sabor, por los valiosos puntos y por superar una asignatura que nos hab\u00eda quedado pendiente en el trimestre anterior.\" \/>\n<meta property=\"og:url\" content=\"https:\/\/www.intersoccermadrid.com\/en\/la-ac-intersoccer-sigue-subiendo-con-buenas-sensaciones\/\" \/>\n<meta property=\"og:site_name\" content=\"International Soccer Academy of Madrid\" \/>\n<meta property=\"article:published_time\" content=\"2016-02-07T23:00:00+00:00\" \/>\n<meta property=\"og:image\" content=\"https:\/\/www.intersoccermadrid.com\/wp-content\/uploads\/2016\/02\/2016_J19_colegioelprado_intersoccer_01.jpg\" \/>\n\t<meta property=\"og:image:width\" content=\"800\" \/>\n\t<meta property=\"og:image:height\" content=\"600\" \/>\n\t<meta property=\"og:image:type\" content=\"image\/jpeg\" \/>\n<meta name=\"author\" content=\"Administrator\" \/>\n<meta name=\"twitter:card\" content=\"summary_large_image\" \/>\n<meta name=\"twitter:label1\" content=\"Written by\" \/>\n\t<meta name=\"twitter:data1\" content=\"Administrator\" \/>\n\t<meta name=\"twitter:label2\" content=\"Est. reading time\" \/>\n\t<meta name=\"twitter:data2\" content=\"1 minute\" \/>\n<script type=\"application\/ld+json\" class=\"yoast-schema-graph\">{\"@context\":\"https:\/\/schema.org\",\"@graph\":[{\"@type\":\"WebPage\",\"@id\":\"https:\/\/www.intersoccermadrid.com\/en\/la-ac-intersoccer-sigue-subiendo-con-buenas-sensaciones\/\",\"url\":\"https:\/\/www.intersoccermadrid.com\/en\/la-ac-intersoccer-sigue-subiendo-con-buenas-sensaciones\/\",\"name\":\"La A.C. Intersoccer Madrid sigue subiendo con buenas sensaciones &middot; International Soccer Academy of Madrid\",\"isPartOf\":{\"@id\":\"https:\/\/www.intersoccermadrid.com\/en\/#website\"},\"datePublished\":\"2016-02-07T23:00:00+00:00\",\"dateModified\":\"2016-02-07T23:00:00+00:00\",\"author\":{\"@id\":\"https:\/\/www.intersoccermadrid.com\/en\/#\/schema\/person\/4843f782828393fd2fd34a6db5ce5d48\"},\"breadcrumb\":{\"@id\":\"https:\/\/www.intersoccermadrid.com\/en\/la-ac-intersoccer-sigue-subiendo-con-buenas-sensaciones\/#breadcrumb\"},\"inLanguage\":\"en-US\",\"potentialAction\":[{\"@type\":\"ReadAction\",\"target\":[\"https:\/\/www.intersoccermadrid.com\/en\/la-ac-intersoccer-sigue-subiendo-con-buenas-sensaciones\/\"]}]},{\"@type\":\"BreadcrumbList\",\"@id\":\"https:\/\/www.intersoccermadrid.com\/en\/la-ac-intersoccer-sigue-subiendo-con-buenas-sensaciones\/#breadcrumb\",\"itemListElement\":[{\"@type\":\"ListItem\",\"position\":1,\"name\":\"Home\",\"item\":\"https:\/\/www.intersoccermadrid.com\/en\/\"},{\"@type\":\"ListItem\",\"position\":2,\"name\":\"La A.C. Intersoccer Madrid sigue subiendo con buenas sensaciones\"}]},{\"@type\":\"WebSite\",\"@id\":\"https:\/\/www.intersoccermadrid.com\/en\/#website\",\"url\":\"https:\/\/www.intersoccermadrid.com\/en\/\",\"name\":\"International Soccer Academy of Madrid\",\"description\":\"International Soccer Academy of Madrid\",\"potentialAction\":[{\"@type\":\"SearchAction\",\"target\":{\"@type\":\"EntryPoint\",\"urlTemplate\":\"https:\/\/www.intersoccermadrid.com\/en\/?s={search_term_string}\"},\"query-input\":\"required name=search_term_string\"}],\"inLanguage\":\"en-US\"},{\"@type\":\"Person\",\"@id\":\"https:\/\/www.intersoccermadrid.com\/en\/#\/schema\/person\/4843f782828393fd2fd34a6db5ce5d48\",\"name\":\"Administrator\",\"image\":{\"@type\":\"ImageObject\",\"inLanguage\":\"en-US\",\"@id\":\"https:\/\/www.intersoccermadrid.com\/en\/#\/schema\/person\/image\/\",\"url\":\"https:\/\/secure.gravatar.com\/avatar\/85ec5305f9a568d3e58c20ee91decabf?s=96&d=mm&r=g\",\"contentUrl\":\"https:\/\/secure.gravatar.com\/avatar\/85ec5305f9a568d3e58c20ee91decabf?s=96&d=mm&r=g\",\"caption\":\"Administrator\"},\"url\":\"https:\/\/www.intersoccermadrid.com\/en\/author\/admin\/\"}]}<\/script>\n<!-- \/ Yoast SEO plugin. -->","yoast_head_json":{"title":"La A.C. Intersoccer Madrid sigue subiendo con buenas sensaciones &middot; International Soccer Academy of Madrid","robots":{"index":"index","follow":"follow","max-snippet":"max-snippet:-1","max-image-preview":"max-image-preview:large","max-video-preview":"max-video-preview:-1"},"canonical":"https:\/\/www.intersoccermadrid.com\/en\/la-ac-intersoccer-sigue-subiendo-con-buenas-sensaciones\/","og_locale":"en_US","og_type":"article","og_title":"La A.C. Intersoccer Madrid sigue subiendo con buenas sensaciones &middot; International Soccer Academy of Madrid","og_description":"COLEGIO EL PRADO &#8211; INTERSOCCER (1-3). Una victoria con doble sabor, por los valiosos puntos y por superar una asignatura que nos hab\u00eda quedado pendiente en el trimestre anterior.","og_url":"https:\/\/www.intersoccermadrid.com\/en\/la-ac-intersoccer-sigue-subiendo-con-buenas-sensaciones\/","og_site_name":"International Soccer Academy of Madrid","article_published_time":"2016-02-07T23:00:00+00:00","og_image":[{"width":800,"height":600,"url":"https:\/\/www.intersoccermadrid.com\/wp-content\/uploads\/2016\/02\/2016_J19_colegioelprado_intersoccer_01.jpg","type":"image\/jpeg"}],"author":"Administrator","twitter_card":"summary_large_image","twitter_misc":{"Written by":"Administrator","Est. reading time":"1 minute"},"schema":{"@context":"https:\/\/schema.org","@graph":[{"@type":"WebPage","@id":"https:\/\/www.intersoccermadrid.com\/en\/la-ac-intersoccer-sigue-subiendo-con-buenas-sensaciones\/","url":"https:\/\/www.intersoccermadrid.com\/en\/la-ac-intersoccer-sigue-subiendo-con-buenas-sensaciones\/","name":"La A.C. Intersoccer Madrid sigue subiendo con buenas sensaciones &middot; International Soccer Academy of Madrid","isPartOf":{"@id":"https:\/\/www.intersoccermadrid.com\/en\/#website"},"datePublished":"2016-02-07T23:00:00+00:00","dateModified":"2016-02-07T23:00:00+00:00","author":{"@id":"https:\/\/www.intersoccermadrid.com\/en\/#\/schema\/person\/4843f782828393fd2fd34a6db5ce5d48"},"breadcrumb":{"@id":"https:\/\/www.intersoccermadrid.com\/en\/la-ac-intersoccer-sigue-subiendo-con-buenas-sensaciones\/#breadcrumb"},"inLanguage":"en-US","potentialAction":[{"@type":"ReadAction","target":["https:\/\/www.intersoccermadrid.com\/en\/la-ac-intersoccer-sigue-subiendo-con-buenas-sensaciones\/"]}]},{"@type":"BreadcrumbList","@id":"https:\/\/www.intersoccermadrid.com\/en\/la-ac-intersoccer-sigue-subiendo-con-buenas-sensaciones\/#breadcrumb","itemListElement":[{"@type":"ListItem","position":1,"name":"Home","item":"https:\/\/www.intersoccermadrid.com\/en\/"},{"@type":"ListItem","position":2,"name":"La A.C. Intersoccer Madrid sigue subiendo con buenas sensaciones"}]},{"@type":"WebSite","@id":"https:\/\/www.intersoccermadrid.com\/en\/#website","url":"https:\/\/www.intersoccermadrid.com\/en\/","name":"International Soccer Academy of Madrid","description":"International Soccer Academy of Madrid","potentialAction":[{"@type":"SearchAction","target":{"@type":"EntryPoint","urlTemplate":"https:\/\/www.intersoccermadrid.com\/en\/?s={search_term_string}"},"query-input":"required name=search_term_string"}],"inLanguage":"en-US"},{"@type":"Person","@id":"https:\/\/www.intersoccermadrid.com\/en\/#\/schema\/person\/4843f782828393fd2fd34a6db5ce5d48","name":"Administrator","image":{"@type":"ImageObject","inLanguage":"en-US","@id":"https:\/\/www.intersoccermadrid.com\/en\/#\/schema\/person\/image\/","url":"https:\/\/secure.gravatar.com\/avatar\/85ec5305f9a568d3e58c20ee91decabf?s=96&d=mm&r=g","contentUrl":"https:\/\/secure.gravatar.com\/avatar\/85ec5305f9a568d3e58c20ee91decabf?s=96&d=mm&r=g","caption":"Administrator"},"url":"https:\/\/www.intersoccermadrid.com\/en\/author\/admin\/"}]}},"_links":{"self":[{"href":"https:\/\/www.intersoccermadrid.com\/en\/wp-json\/wp\/v2\/posts\/589"}],"collection":[{"href":"https:\/\/www.intersoccermadrid.com\/en\/wp-json\/wp\/v2\/posts"}],"about":[{"href":"https:\/\/www.intersoccermadrid.com\/en\/wp-json\/wp\/v2\/types\/post"}],"author":[{"embeddable":true,"href":"https:\/\/www.intersoccermadrid.com\/en\/wp-json\/wp\/v2\/users\/2"}],"replies":[{"embeddable":true,"href":"https:\/\/www.intersoccermadrid.com\/en\/wp-json\/wp\/v2\/comments?post=589"}],"version-history":[{"count":0,"href":"https:\/\/www.intersoccermadrid.com\/en\/wp-json\/wp\/v2\/posts\/589\/revisions"}],"wp:featuredmedia":[{"embeddable":true,"href":"https:\/\/www.intersoccermadrid.com\/en\/wp-json\/wp\/v2\/media\/6013"}],"wp:attachment":[{"href":"https:\/\/www.intersoccermadrid.com\/en\/wp-json\/wp\/v2\/media?parent=589"}],"wp:term":[{"taxonomy":"category","embeddable":true,"href":"https:\/\/www.intersoccermadrid.com\/en\/wp-json\/wp\/v2\/categories?post=589"},{"taxonomy":"post_tag","embeddable":true,"href":"https:\/\/www.intersoccermadrid.com\/en\/wp-json\/wp\/v2\/tags?post=589"}],"curies":[{"name":"wp","href":"https:\/\/api.w.org\/{rel}","templated":true}]}}