{"id":586,"date":"2015-11-02T00:00:00","date_gmt":"2015-11-01T23:00:00","guid":{"rendered":"https:\/\/www.intersoccermadrid.com\/duro-correctivo-para-intersoccer-2\/"},"modified":"2015-11-02T00:00:00","modified_gmt":"2015-11-01T23:00:00","slug":"duro-correctivo-para-intersoccer-2","status":"publish","type":"post","link":"https:\/\/www.intersoccermadrid.com\/en\/duro-correctivo-para-intersoccer-2\/","title":{"rendered":"Jornada 8 &#8211; CF SAN AGUSTIN DE GUADALIX &#8220;A&#8221; &#8211; A.C.INTERSOCCER (2-1)"},"content":{"rendered":"<p><img decoding=\"async\" loading=\"lazy\" class=\" alignleft size-full wp-image-5999\" src=\"https:\/\/www.intersoccermadrid.com\/wp-content\/uploads\/2015\/11\/2015_san_agustin_intersoccer_01.jpg\" border=\"0\" alt=\"San Agust\u00edn de Guadalix, A.C. Intersoccer\" title=\"San Agust\u00edn de Guadalix, A.C. Intersoccer\" align=\"left\" width=\"800\" height=\"587\" srcset=\"https:\/\/www.intersoccermadrid.com\/wp-content\/uploads\/2015\/11\/2015_san_agustin_intersoccer_01.jpg 800w, https:\/\/www.intersoccermadrid.com\/wp-content\/uploads\/2015\/11\/2015_san_agustin_intersoccer_01-300x220.jpg 300w, https:\/\/www.intersoccermadrid.com\/wp-content\/uploads\/2015\/11\/2015_san_agustin_intersoccer_01-768x564.jpg 768w\" sizes=\"(max-width: 800px) 100vw, 800px\" \/><\/p>\n<p>A pesar de la ajustada derrota por 2-1, frente al l\u00edder, el equipo volvi\u00f3 a la senda del buen juego y logro contener al rival, que baso su juego en la velocidad, durante la primera parte.<\/p>\n<p> <!--more-->  <\/p>\n<p>La Academia domino la segunda parte, con un cambio de estrategia, consiguiendo igualar el marcador. Pero pago muy caro el \u00fanico error en el \u00e1rea, y concedi\u00f3 un penalti, que desnivelo un partido muy igualado.<\/p>\n<p>Lo mejor del encuentro fue volver al vestuario, con buenas sensaciones con el trabajo realizado, aunque con el mal sabor del resultado final.<\/p>\n<p> <strong>Titulares: <\/strong>      1      RUIZ JIMENEZ, MIGUEL ANGEL   2      FERNANDEZ GOMEZ, JONATHAN   9      RAMIREZ BRAVO, MIGUEL ANGEL   10      DE OLIVEIRA , SANTIAGO   11      SIMON AGUEDA, JORGE   12      KABULOV, ALAN   17      RUIZ HERNANZ, MIGUEL ANGEL   18      ARIAS RICO, ALVARO   19      EXPOSITO VALDIVIESO, FRANCISCO   20      SOBERO GONZALEZ, JOSE FRANCHESCOLY   21      RUIZ HERNANZ, ADRIAN <\/p>\n<p> <strong>Suplentes:<\/strong>      4        MARTIN RAMON, ALBERTO   7        CASTRO CHOREN, OSCAR   8        FONCILLAS SINGLER, FRANCISCO JOSE   15        DE LA TORRE PAGE, ALEJANDRO   23        SOBERO GONZALEZ, ILAN CHESTER <\/p>\n<p> <strong>Cuerpo T\u00e9cnico:<\/strong>     DEL. EQUIPO: MARTIN GUADALIX, JORGE   ENTRENADOR: GOMEZ AGUILAR, ROBERTO   2\u00ba ENTRENADOR: PESCADOR MADRIGAL, ALVARO <\/p>\n<p><strong>Sustituciones<\/strong>   23       SOBERO GONZALEZ, ILAN CHESTER      20       SOBERO GONZALEZ, JOSE FRANCHESCOLY (39&#8242;)      7       CASTRO CHOREN, OSCAR      12       KABULOV, ALAN (62&#8242;)      15       DE LA TORRE PAGE, ALEJANDRO      2       FERNANDEZ GOMEZ, JONATHAN (65&#8242;)      4       MARTIN RAMON, ALBERTO      9       RAMIREZ BRAVO, MIGUEL ANGEL (84&#8242;)    <\/p>\n<p><strong>\u00c1rbitros<\/strong>   :      DIAZ RODRIGUEZ, LUIS MIGUEL   :      MEDINA MONTERO, OSCAR   :      RODRIGUEZ MERELES, ROBERTO <\/p>\n<p><strong>Goles<\/strong>   1-0    MARQUEZ LOPEZ, DAVID (28&#8242;) 1-1    DE OLIVEIRA , SANTIAGO (56&#8242;)  2-1    GOMEZ MORERA, MIGUEL ANGEL (62&#8242;) <\/p>\n<p><img decoding=\"async\" loading=\"lazy\" class=\" alignleft size-full wp-image-6000\" src=\"https:\/\/www.intersoccermadrid.com\/wp-content\/uploads\/2015\/11\/2015_san_agustin_intersoccer_02.jpg\" border=\"0\" alt=\"San Agust\u00edn de Guadalix, A.C. Intersoccer\" title=\"San Agust\u00edn de Guadalix, A.C. Intersoccer\" align=\"left\" width=\"800\" height=\"558\" srcset=\"https:\/\/www.intersoccermadrid.com\/wp-content\/uploads\/2015\/11\/2015_san_agustin_intersoccer_02.jpg 800w, https:\/\/www.intersoccermadrid.com\/wp-content\/uploads\/2015\/11\/2015_san_agustin_intersoccer_02-300x209.jpg 300w, https:\/\/www.intersoccermadrid.com\/wp-content\/uploads\/2015\/11\/2015_san_agustin_intersoccer_02-768x536.jpg 768w\" sizes=\"(max-width: 800px) 100vw, 800px\" \/><\/p>\n<p><img decoding=\"async\" loading=\"lazy\" class=\" alignleft size-full wp-image-6001\" src=\"https:\/\/www.intersoccermadrid.com\/wp-content\/uploads\/2015\/11\/2015_san_agustin_intersoccer_03.jpg\" border=\"0\" alt=\"San Agust\u00edn de Guadalix, A.C. Intersoccer\" title=\"San Agust\u00edn de Guadalix, A.C. Intersoccer\" align=\"left\" width=\"800\" height=\"552\" srcset=\"https:\/\/www.intersoccermadrid.com\/wp-content\/uploads\/2015\/11\/2015_san_agustin_intersoccer_03.jpg 800w, https:\/\/www.intersoccermadrid.com\/wp-content\/uploads\/2015\/11\/2015_san_agustin_intersoccer_03-300x207.jpg 300w, https:\/\/www.intersoccermadrid.com\/wp-content\/uploads\/2015\/11\/2015_san_agustin_intersoccer_03-768x530.jpg 768w\" sizes=\"(max-width: 800px) 100vw, 800px\" \/><\/p>\n<p><img decoding=\"async\" loading=\"lazy\" class=\" alignleft size-full wp-image-6002\" src=\"https:\/\/www.intersoccermadrid.com\/wp-content\/uploads\/2015\/11\/2015_san_agustin_intersoccer_04.jpg\" border=\"0\" alt=\"San Agust\u00edn de Guadalix, A.C. Intersoccer\" title=\"San Agust\u00edn de Guadalix, A.C. Intersoccer\" align=\"left\" width=\"800\" height=\"545\" srcset=\"https:\/\/www.intersoccermadrid.com\/wp-content\/uploads\/2015\/11\/2015_san_agustin_intersoccer_04.jpg 800w, https:\/\/www.intersoccermadrid.com\/wp-content\/uploads\/2015\/11\/2015_san_agustin_intersoccer_04-300x204.jpg 300w, https:\/\/www.intersoccermadrid.com\/wp-content\/uploads\/2015\/11\/2015_san_agustin_intersoccer_04-768x523.jpg 768w\" sizes=\"(max-width: 800px) 100vw, 800px\" \/><\/p>\n<p><img decoding=\"async\" loading=\"lazy\" class=\" alignleft size-full wp-image-6003\" src=\"https:\/\/www.intersoccermadrid.com\/wp-content\/uploads\/2015\/11\/2015_san_agustin_intersoccer_05.jpg\" border=\"0\" alt=\"San Agust\u00edn de Guadalix, A.C. Intersoccer\" title=\"San Agust\u00edn de Guadalix, A.C. Intersoccer\" align=\"left\" width=\"800\" height=\"581\" srcset=\"https:\/\/www.intersoccermadrid.com\/wp-content\/uploads\/2015\/11\/2015_san_agustin_intersoccer_05.jpg 800w, https:\/\/www.intersoccermadrid.com\/wp-content\/uploads\/2015\/11\/2015_san_agustin_intersoccer_05-300x218.jpg 300w, https:\/\/www.intersoccermadrid.com\/wp-content\/uploads\/2015\/11\/2015_san_agustin_intersoccer_05-768x558.jpg 768w\" sizes=\"(max-width: 800px) 100vw, 800px\" \/><\/p>\n<p><img decoding=\"async\" loading=\"lazy\" class=\" alignleft size-full wp-image-6004\" src=\"https:\/\/www.intersoccermadrid.com\/wp-content\/uploads\/2015\/11\/2015_san_agustin_intersoccer_06.jpg\" border=\"0\" alt=\"San Agust\u00edn de Guadalix, A.C. Intersoccer\" title=\"San Agust\u00edn de Guadalix, A.C. Intersoccer\" align=\"left\" width=\"800\" height=\"546\" srcset=\"https:\/\/www.intersoccermadrid.com\/wp-content\/uploads\/2015\/11\/2015_san_agustin_intersoccer_06.jpg 800w, https:\/\/www.intersoccermadrid.com\/wp-content\/uploads\/2015\/11\/2015_san_agustin_intersoccer_06-300x205.jpg 300w, https:\/\/www.intersoccermadrid.com\/wp-content\/uploads\/2015\/11\/2015_san_agustin_intersoccer_06-768x524.jpg 768w\" sizes=\"(max-width: 800px) 100vw, 800px\" \/><\/p>\n<p><img decoding=\"async\" loading=\"lazy\" class=\" alignleft size-full wp-image-6005\" src=\"https:\/\/www.intersoccermadrid.com\/wp-content\/uploads\/2015\/11\/2015_san_agustin_intersoccer_07.jpg\" border=\"0\" alt=\"San Agust\u00edn de Guadalix, A.C. Intersoccer\" title=\"San Agust\u00edn de Guadalix, A.C. Intersoccer\" align=\"left\" width=\"800\" height=\"479\" srcset=\"https:\/\/www.intersoccermadrid.com\/wp-content\/uploads\/2015\/11\/2015_san_agustin_intersoccer_07.jpg 800w, https:\/\/www.intersoccermadrid.com\/wp-content\/uploads\/2015\/11\/2015_san_agustin_intersoccer_07-300x180.jpg 300w, https:\/\/www.intersoccermadrid.com\/wp-content\/uploads\/2015\/11\/2015_san_agustin_intersoccer_07-768x460.jpg 768w\" sizes=\"(max-width: 800px) 100vw, 800px\" \/><\/p>\n<p><img decoding=\"async\" loading=\"lazy\" class=\" alignleft size-full wp-image-6006\" src=\"https:\/\/www.intersoccermadrid.com\/wp-content\/uploads\/2015\/11\/2015_san_agustin_intersoccer_08.jpg\" border=\"0\" alt=\"San Agust\u00edn de Guadalix, A.C. Intersoccer\" title=\"San Agust\u00edn de Guadalix, A.C. Intersoccer\" align=\"left\" width=\"800\" height=\"597\" srcset=\"https:\/\/www.intersoccermadrid.com\/wp-content\/uploads\/2015\/11\/2015_san_agustin_intersoccer_08.jpg 800w, https:\/\/www.intersoccermadrid.com\/wp-content\/uploads\/2015\/11\/2015_san_agustin_intersoccer_08-300x224.jpg 300w, https:\/\/www.intersoccermadrid.com\/wp-content\/uploads\/2015\/11\/2015_san_agustin_intersoccer_08-768x573.jpg 768w\" sizes=\"(max-width: 800px) 100vw, 800px\" \/><\/p>\n<p><img decoding=\"async\" loading=\"lazy\" class=\" alignleft size-full wp-image-6007\" src=\"https:\/\/www.intersoccermadrid.com\/wp-content\/uploads\/2015\/11\/2015_san_agustin_intersoccer_09.jpg\" border=\"0\" alt=\"San Agust\u00edn de Guadalix, A.C. Intersoccer\" title=\"San Agust\u00edn de Guadalix, A.C. Intersoccer\" align=\"left\" width=\"800\" height=\"592\" srcset=\"https:\/\/www.intersoccermadrid.com\/wp-content\/uploads\/2015\/11\/2015_san_agustin_intersoccer_09.jpg 800w, https:\/\/www.intersoccermadrid.com\/wp-content\/uploads\/2015\/11\/2015_san_agustin_intersoccer_09-300x222.jpg 300w, https:\/\/www.intersoccermadrid.com\/wp-content\/uploads\/2015\/11\/2015_san_agustin_intersoccer_09-768x568.jpg 768w\" sizes=\"(max-width: 800px) 100vw, 800px\" \/><\/p>\n<p><img decoding=\"async\" loading=\"lazy\" class=\" alignleft size-full wp-image-6008\" src=\"https:\/\/www.intersoccermadrid.com\/wp-content\/uploads\/2015\/11\/2015_san_agustin_intersoccer_10.jpg\" border=\"0\" alt=\"San Agust\u00edn de Guadalix, A.C. Intersoccer\" title=\"San Agust\u00edn de Guadalix, A.C. Intersoccer\" align=\"left\" width=\"800\" height=\"570\" srcset=\"https:\/\/www.intersoccermadrid.com\/wp-content\/uploads\/2015\/11\/2015_san_agustin_intersoccer_10.jpg 800w, https:\/\/www.intersoccermadrid.com\/wp-content\/uploads\/2015\/11\/2015_san_agustin_intersoccer_10-300x214.jpg 300w, https:\/\/www.intersoccermadrid.com\/wp-content\/uploads\/2015\/11\/2015_san_agustin_intersoccer_10-768x547.jpg 768w\" sizes=\"(max-width: 800px) 100vw, 800px\" \/><\/p>\n<p><img decoding=\"async\" loading=\"lazy\" class=\" alignleft size-full wp-image-6009\" src=\"https:\/\/www.intersoccermadrid.com\/wp-content\/uploads\/2015\/11\/2015_san_agustin_intersoccer_11.jpg\" border=\"0\" alt=\"San Agust\u00edn de Guadalix, A.C. Intersoccer\" title=\"San Agust\u00edn de Guadalix, A.C. Intersoccer\" align=\"left\" width=\"788\" height=\"600\" srcset=\"https:\/\/www.intersoccermadrid.com\/wp-content\/uploads\/2015\/11\/2015_san_agustin_intersoccer_11.jpg 788w, https:\/\/www.intersoccermadrid.com\/wp-content\/uploads\/2015\/11\/2015_san_agustin_intersoccer_11-300x228.jpg 300w, https:\/\/www.intersoccermadrid.com\/wp-content\/uploads\/2015\/11\/2015_san_agustin_intersoccer_11-768x585.jpg 768w\" sizes=\"(max-width: 788px) 100vw, 788px\" \/><\/p>\n<p>   <!--<iframe loading=\"lazy\" width=\"320\" height=\"240\" src=\"\/\/www.youtube.com\/embed\/5QIQxATQka\" frameborder=\"0\"><\/iframe>--><\/p>\n","protected":false},"excerpt":{"rendered":"<p>A pesar de la ajustada derrota por 2-1, frente al l\u00edder, el equipo volvi\u00f3 a la senda del buen juego y logro contener al rival, que baso su juego en la velocidad, durante la primera parte.<\/p>\n","protected":false},"author":2,"featured_media":5999,"comment_status":"open","ping_status":"open","sticky":false,"template":"","format":"standard","meta":{"_et_pb_use_builder":"","_et_pb_old_content":"","_et_gb_content_width":""},"categories":[53],"tags":[],"yoast_head":"<!-- This site is optimized with the Yoast SEO plugin v20.9 - https:\/\/yoast.com\/wordpress\/plugins\/seo\/ -->\n<title>Jornada 8 - CF SAN AGUSTIN DE GUADALIX &quot;A&quot; - A.C.INTERSOCCER (2-1) &middot; International Soccer Academy of Madrid<\/title>\n<meta name=\"robots\" content=\"index, follow, max-snippet:-1, max-image-preview:large, max-video-preview:-1\" \/>\n<link rel=\"canonical\" href=\"https:\/\/www.intersoccermadrid.com\/en\/duro-correctivo-para-intersoccer-2\/\" \/>\n<meta property=\"og:locale\" content=\"en_US\" \/>\n<meta property=\"og:type\" content=\"article\" \/>\n<meta property=\"og:title\" content=\"Jornada 8 - CF SAN AGUSTIN DE GUADALIX &quot;A&quot; - A.C.INTERSOCCER (2-1) &middot; International Soccer Academy of Madrid\" \/>\n<meta property=\"og:description\" content=\"A pesar de la ajustada derrota por 2-1, frente al l\u00edder, el equipo volvi\u00f3 a la senda del buen juego y logro contener al rival, que baso su juego en la velocidad, durante la primera parte.\" \/>\n<meta property=\"og:url\" content=\"https:\/\/www.intersoccermadrid.com\/en\/duro-correctivo-para-intersoccer-2\/\" \/>\n<meta property=\"og:site_name\" content=\"International Soccer Academy of Madrid\" \/>\n<meta property=\"article:published_time\" content=\"2015-11-01T23:00:00+00:00\" \/>\n<meta property=\"og:image\" content=\"https:\/\/www.intersoccermadrid.com\/wp-content\/uploads\/2015\/11\/2015_san_agustin_intersoccer_01.jpg\" \/>\n\t<meta property=\"og:image:width\" content=\"800\" \/>\n\t<meta property=\"og:image:height\" content=\"587\" \/>\n\t<meta property=\"og:image:type\" content=\"image\/jpeg\" \/>\n<meta name=\"author\" content=\"Administrator\" \/>\n<meta name=\"twitter:card\" content=\"summary_large_image\" \/>\n<meta name=\"twitter:label1\" content=\"Written by\" \/>\n\t<meta name=\"twitter:data1\" content=\"Administrator\" \/>\n\t<meta name=\"twitter:label2\" content=\"Est. reading time\" \/>\n\t<meta name=\"twitter:data2\" content=\"1 minute\" \/>\n<script type=\"application\/ld+json\" class=\"yoast-schema-graph\">{\"@context\":\"https:\/\/schema.org\",\"@graph\":[{\"@type\":\"WebPage\",\"@id\":\"https:\/\/www.intersoccermadrid.com\/en\/duro-correctivo-para-intersoccer-2\/\",\"url\":\"https:\/\/www.intersoccermadrid.com\/en\/duro-correctivo-para-intersoccer-2\/\",\"name\":\"Jornada 8 - CF SAN AGUSTIN DE GUADALIX \\\"A\\\" - A.C.INTERSOCCER (2-1) &middot; International Soccer Academy of Madrid\",\"isPartOf\":{\"@id\":\"https:\/\/www.intersoccermadrid.com\/en\/#website\"},\"datePublished\":\"2015-11-01T23:00:00+00:00\",\"dateModified\":\"2015-11-01T23:00:00+00:00\",\"author\":{\"@id\":\"https:\/\/www.intersoccermadrid.com\/en\/#\/schema\/person\/4843f782828393fd2fd34a6db5ce5d48\"},\"breadcrumb\":{\"@id\":\"https:\/\/www.intersoccermadrid.com\/en\/duro-correctivo-para-intersoccer-2\/#breadcrumb\"},\"inLanguage\":\"en-US\",\"potentialAction\":[{\"@type\":\"ReadAction\",\"target\":[\"https:\/\/www.intersoccermadrid.com\/en\/duro-correctivo-para-intersoccer-2\/\"]}]},{\"@type\":\"BreadcrumbList\",\"@id\":\"https:\/\/www.intersoccermadrid.com\/en\/duro-correctivo-para-intersoccer-2\/#breadcrumb\",\"itemListElement\":[{\"@type\":\"ListItem\",\"position\":1,\"name\":\"Home\",\"item\":\"https:\/\/www.intersoccermadrid.com\/en\/\"},{\"@type\":\"ListItem\",\"position\":2,\"name\":\"Jornada 8 &#8211; CF SAN AGUSTIN DE GUADALIX &#8220;A&#8221; &#8211; A.C.INTERSOCCER (2-1)\"}]},{\"@type\":\"WebSite\",\"@id\":\"https:\/\/www.intersoccermadrid.com\/en\/#website\",\"url\":\"https:\/\/www.intersoccermadrid.com\/en\/\",\"name\":\"International Soccer Academy of Madrid\",\"description\":\"International Soccer Academy of Madrid\",\"potentialAction\":[{\"@type\":\"SearchAction\",\"target\":{\"@type\":\"EntryPoint\",\"urlTemplate\":\"https:\/\/www.intersoccermadrid.com\/en\/?s={search_term_string}\"},\"query-input\":\"required name=search_term_string\"}],\"inLanguage\":\"en-US\"},{\"@type\":\"Person\",\"@id\":\"https:\/\/www.intersoccermadrid.com\/en\/#\/schema\/person\/4843f782828393fd2fd34a6db5ce5d48\",\"name\":\"Administrator\",\"image\":{\"@type\":\"ImageObject\",\"inLanguage\":\"en-US\",\"@id\":\"https:\/\/www.intersoccermadrid.com\/en\/#\/schema\/person\/image\/\",\"url\":\"https:\/\/secure.gravatar.com\/avatar\/85ec5305f9a568d3e58c20ee91decabf?s=96&d=mm&r=g\",\"contentUrl\":\"https:\/\/secure.gravatar.com\/avatar\/85ec5305f9a568d3e58c20ee91decabf?s=96&d=mm&r=g\",\"caption\":\"Administrator\"},\"url\":\"https:\/\/www.intersoccermadrid.com\/en\/author\/admin\/\"}]}<\/script>\n<!-- \/ Yoast SEO plugin. -->","yoast_head_json":{"title":"Jornada 8 - CF SAN AGUSTIN DE GUADALIX \"A\" - A.C.INTERSOCCER (2-1) &middot; International Soccer Academy of Madrid","robots":{"index":"index","follow":"follow","max-snippet":"max-snippet:-1","max-image-preview":"max-image-preview:large","max-video-preview":"max-video-preview:-1"},"canonical":"https:\/\/www.intersoccermadrid.com\/en\/duro-correctivo-para-intersoccer-2\/","og_locale":"en_US","og_type":"article","og_title":"Jornada 8 - CF SAN AGUSTIN DE GUADALIX \"A\" - A.C.INTERSOCCER (2-1) &middot; International Soccer Academy of Madrid","og_description":"A pesar de la ajustada derrota por 2-1, frente al l\u00edder, el equipo volvi\u00f3 a la senda del buen juego y logro contener al rival, que baso su juego en la velocidad, durante la primera parte.","og_url":"https:\/\/www.intersoccermadrid.com\/en\/duro-correctivo-para-intersoccer-2\/","og_site_name":"International Soccer Academy of Madrid","article_published_time":"2015-11-01T23:00:00+00:00","og_image":[{"width":800,"height":587,"url":"https:\/\/www.intersoccermadrid.com\/wp-content\/uploads\/2015\/11\/2015_san_agustin_intersoccer_01.jpg","type":"image\/jpeg"}],"author":"Administrator","twitter_card":"summary_large_image","twitter_misc":{"Written by":"Administrator","Est. reading time":"1 minute"},"schema":{"@context":"https:\/\/schema.org","@graph":[{"@type":"WebPage","@id":"https:\/\/www.intersoccermadrid.com\/en\/duro-correctivo-para-intersoccer-2\/","url":"https:\/\/www.intersoccermadrid.com\/en\/duro-correctivo-para-intersoccer-2\/","name":"Jornada 8 - CF SAN AGUSTIN DE GUADALIX \"A\" - A.C.INTERSOCCER (2-1) &middot; International Soccer Academy of Madrid","isPartOf":{"@id":"https:\/\/www.intersoccermadrid.com\/en\/#website"},"datePublished":"2015-11-01T23:00:00+00:00","dateModified":"2015-11-01T23:00:00+00:00","author":{"@id":"https:\/\/www.intersoccermadrid.com\/en\/#\/schema\/person\/4843f782828393fd2fd34a6db5ce5d48"},"breadcrumb":{"@id":"https:\/\/www.intersoccermadrid.com\/en\/duro-correctivo-para-intersoccer-2\/#breadcrumb"},"inLanguage":"en-US","potentialAction":[{"@type":"ReadAction","target":["https:\/\/www.intersoccermadrid.com\/en\/duro-correctivo-para-intersoccer-2\/"]}]},{"@type":"BreadcrumbList","@id":"https:\/\/www.intersoccermadrid.com\/en\/duro-correctivo-para-intersoccer-2\/#breadcrumb","itemListElement":[{"@type":"ListItem","position":1,"name":"Home","item":"https:\/\/www.intersoccermadrid.com\/en\/"},{"@type":"ListItem","position":2,"name":"Jornada 8 &#8211; CF SAN AGUSTIN DE GUADALIX &#8220;A&#8221; &#8211; A.C.INTERSOCCER (2-1)"}]},{"@type":"WebSite","@id":"https:\/\/www.intersoccermadrid.com\/en\/#website","url":"https:\/\/www.intersoccermadrid.com\/en\/","name":"International Soccer Academy of Madrid","description":"International Soccer Academy of Madrid","potentialAction":[{"@type":"SearchAction","target":{"@type":"EntryPoint","urlTemplate":"https:\/\/www.intersoccermadrid.com\/en\/?s={search_term_string}"},"query-input":"required name=search_term_string"}],"inLanguage":"en-US"},{"@type":"Person","@id":"https:\/\/www.intersoccermadrid.com\/en\/#\/schema\/person\/4843f782828393fd2fd34a6db5ce5d48","name":"Administrator","image":{"@type":"ImageObject","inLanguage":"en-US","@id":"https:\/\/www.intersoccermadrid.com\/en\/#\/schema\/person\/image\/","url":"https:\/\/secure.gravatar.com\/avatar\/85ec5305f9a568d3e58c20ee91decabf?s=96&d=mm&r=g","contentUrl":"https:\/\/secure.gravatar.com\/avatar\/85ec5305f9a568d3e58c20ee91decabf?s=96&d=mm&r=g","caption":"Administrator"},"url":"https:\/\/www.intersoccermadrid.com\/en\/author\/admin\/"}]}},"_links":{"self":[{"href":"https:\/\/www.intersoccermadrid.com\/en\/wp-json\/wp\/v2\/posts\/586"}],"collection":[{"href":"https:\/\/www.intersoccermadrid.com\/en\/wp-json\/wp\/v2\/posts"}],"about":[{"href":"https:\/\/www.intersoccermadrid.com\/en\/wp-json\/wp\/v2\/types\/post"}],"author":[{"embeddable":true,"href":"https:\/\/www.intersoccermadrid.com\/en\/wp-json\/wp\/v2\/users\/2"}],"replies":[{"embeddable":true,"href":"https:\/\/www.intersoccermadrid.com\/en\/wp-json\/wp\/v2\/comments?post=586"}],"version-history":[{"count":0,"href":"https:\/\/www.intersoccermadrid.com\/en\/wp-json\/wp\/v2\/posts\/586\/revisions"}],"wp:featuredmedia":[{"embeddable":true,"href":"https:\/\/www.intersoccermadrid.com\/en\/wp-json\/wp\/v2\/media\/5999"}],"wp:attachment":[{"href":"https:\/\/www.intersoccermadrid.com\/en\/wp-json\/wp\/v2\/media?parent=586"}],"wp:term":[{"taxonomy":"category","embeddable":true,"href":"https:\/\/www.intersoccermadrid.com\/en\/wp-json\/wp\/v2\/categories?post=586"},{"taxonomy":"post_tag","embeddable":true,"href":"https:\/\/www.intersoccermadrid.com\/en\/wp-json\/wp\/v2\/tags?post=586"}],"curies":[{"name":"wp","href":"https:\/\/api.w.org\/{rel}","templated":true}]}}