{"id":515,"date":"2016-08-17T00:00:00","date_gmt":"2016-08-16T22:00:00","guid":{"rendered":"https:\/\/www.intersoccermadrid.com\/iapuntate-a-la-ac-intersoccer-ite-haras-futbolista-de-verdad-no-esperes-mas\/"},"modified":"2016-08-17T00:00:00","modified_gmt":"2016-08-16T22:00:00","slug":"iapuntate-a-la-ac-intersoccer-ite-haras-futbolista-de-verdad-no-esperes-mas","status":"publish","type":"post","link":"https:\/\/www.intersoccermadrid.com\/en\/iapuntate-a-la-ac-intersoccer-ite-haras-futbolista-de-verdad-no-esperes-mas\/","title":{"rendered":"\u00a1AP\u00daNTATE A LA A.C. INTERSOCCER!  \u00a1TE HAR\u00c1S FUTBOLISTA DE VERDAD!&#8230; NO ESPERES M\u00c1S.-"},"content":{"rendered":"<p><img decoding=\"async\" loading=\"lazy\" class=\" alignleft size-full wp-image-5768\" src=\"https:\/\/www.intersoccermadrid.com\/wp-content\/uploads\/2016\/08\/2016_apuntate_01.jpg\" border=\"0\" alt=\"\u00a1AP\u00daNTATE A LA A.C. INTERSOCCER!  \u00a1TE HAR\u00c1S FUTBOLISTA DE VERDAD!... NO ESPERES M\u00c1S.-\" title=\"\u00a1AP\u00daNTATE A LA A.C. INTERSOCCER!  \u00a1TE HAR\u00c1S FUTBOLISTA DE VERDAD!... NO ESPERES M\u00c1S.-\" align=\"left\" width=\"800\" height=\"515\" srcset=\"https:\/\/www.intersoccermadrid.com\/wp-content\/uploads\/2016\/08\/2016_apuntate_01.jpg 800w, https:\/\/www.intersoccermadrid.com\/wp-content\/uploads\/2016\/08\/2016_apuntate_01-300x193.jpg 300w, https:\/\/www.intersoccermadrid.com\/wp-content\/uploads\/2016\/08\/2016_apuntate_01-768x494.jpg 768w\" sizes=\"(max-width: 800px) 100vw, 800px\" \/><\/p>\n<p>Ha llegado el momento de que te des de alta y te conviertas en alumno de la Academia Intersoccer Madrid&#8230; \u00a1El lugar donde podr\u00e1s perseguir tu sue\u00f1o de convertirte en un futbolista de verdad! \u00a1En un futbolista profesional! <!--more-->  <\/p>\n<p>Despu\u00e9s de siete temporadas formando futbolistas de m\u00e1s de 60 pa\u00edses del mundo, la A.C. Intersoccer MADRID est\u00e1 considerada uno de los mejores centros de formaci\u00f3n &#8220;Open&#8221; de j\u00f3venes futbolistas del mundo. <\/p>\n<p>Situada en \u00e9l \u00e1rea metropolitana de Madrid -pero con el encanto y la tranquilidad de una peque\u00f1a localidad como Alalpardo-, a 15 minutos del aeropuerto internacional de Madrid\/Barajas, a 30 minutos del Estadio Santiago Bernab\u00e9u, la Residencia de la Academia Intersoccer es el lugar ideal para vivir en un ambiente de f\u00fatbol las 24 horas del d\u00eda. Gozando de la convivencia intercultural con j\u00f3venes procedentes de diversos puntos de Espa\u00f1a y de muy diferentes lugares del mundo pero unidos todos por una pasi\u00f3n com\u00fan: el f\u00fatbol.<\/p>\n<p>Y lo m\u00e1s importante&#8230; Las instalaciones deportivas; los entrenadores y formadores de primer nivel; la diaria tecnificaci\u00f3n de futbol; los entrenamientos semanales en el Alcobendas Levitt -club de categor\u00eda nacional y con una de las mejores canteras de Madrid- o en el equipo federado de la A.C Intersoccer; los partidos de las competiciones oficiales; los partidos, viajando por Espa\u00f1a, de la &#8220;liga Open de Talentos Intersoccer&#8221; -disputada contra equipos de los mejores clubes profesionales de Espa\u00f1a-; los partidos de la Liga de F\u00fatbol 7 del PMD -ganada en la temporada 2015\/2016 por los chicos de la academia-&#8230; Y los sic\u00f3logos, fisioterapeutas, asesores externos y miembros de la Real Federaci\u00f3n de F\u00fatbol de Madrid que supervisan y homologan el trabajo de los chicos de Intersoccer&#8230; Y todas las personas que trabajan en la Residencia para que la estancia de los chicos siempre sea adecuada y agradable&#8230; Y el control, prevenci\u00f3n y atenci\u00f3n sanitaria de la prestigiosa compa\u00f1\u00eda SANITAS&#8230; Y la formaci\u00f3n escolar en el Colegio MONTEALBIR, y las clases diarias de castellano e ingl\u00e9s&#8230; Etc, etc. <\/p>\n<p>As\u00ed, con perseverancia, trabajo e ilusi\u00f3n, en estos siete a\u00f1os transcurridos, m\u00e1s de 15 chicos de la Academia Club Intersoccer Madrid han debutado en categor\u00edas nacionales tanto de Espa\u00f1a como de otras ligas profesionales. Desde los Sekou Keita -actualmente en la primera divisi\u00f3n de Francia-, Pierre y Otia en el Club Atl\u00e9tico de Madrid hasta los Sory Kaba y Ernesten Samba en el Elche C.F., pasando por los Emile, Henry G\u00f3mez, Christian Rutjens, Bogdan Milovanov, Quique G\u00f3mez, Oscar Pan, Oscar y Kevin Castro o Kang en el Alcobendas Levitt o Facu Capdeville en el Nacional de Montevideo o Antonio Morelles en el Sizram 2000 de Rusia; todos ellos y otros muchos m\u00e1s que mejoraron su nivel futbol\u00edstico y su bagaje de formaci\u00f3n educativa y socio cultural se constituyen en realidades para satisfacci\u00f3n del proyecto Academia Club Intersoccer Madrid. <\/p>\n<p>\u00a1Todav\u00eda t\u00fa tambi\u00e9n est\u00e1s a tiempo de pasar a formar parte de esta gran familia de sue\u00f1os de f\u00fatbol que se convierten en realidades! <\/p>\n<p>\u00a1Ap\u00fantate al programa \u00c9lite de curso completo!&#8230; \u00a1Prueba tal vez en los programas de estancias cortas!&#8230; <\/p>\n<p>\u00a1Pr\u00e1ctica y mejora tu t\u00e9cnica y tu talentoso f\u00fatbol con nosotros en la tecnificaci\u00f3n matinal externa!<\/p>\n<p>\u00a1Vive la experiencia de un stage de turismo y f\u00fatbol en Espa\u00f1a!<\/p>\n<p>\u00a1TE ESPERAMOS!&#8230; \u00a1T\u00da TAMBI\u00c9N ERES UN TALENTO INTERSOCCER! \u00a1NO LO DUDES! <\/p>\n<p><img decoding=\"async\" loading=\"lazy\" class=\" alignleft size-full wp-image-5769\" src=\"https:\/\/www.intersoccermadrid.com\/wp-content\/uploads\/2016\/08\/2016_apuntate_02.jpg\" border=\"0\" alt=\"\u00a1AP\u00daNTATE A LA A.C. INTERSOCCER!  \u00a1TE HAR\u00c1S FUTBOLISTA DE VERDAD!... NO ESPERES M\u00c1S.-\" title=\"\u00a1AP\u00daNTATE A LA A.C. INTERSOCCER!  \u00a1TE HAR\u00c1S FUTBOLISTA DE VERDAD!... NO ESPERES M\u00c1S.-\" align=\"left\" width=\"800\" height=\"534\" srcset=\"https:\/\/www.intersoccermadrid.com\/wp-content\/uploads\/2016\/08\/2016_apuntate_02.jpg 800w, https:\/\/www.intersoccermadrid.com\/wp-content\/uploads\/2016\/08\/2016_apuntate_02-300x200.jpg 300w, https:\/\/www.intersoccermadrid.com\/wp-content\/uploads\/2016\/08\/2016_apuntate_02-768x513.jpg 768w\" sizes=\"(max-width: 800px) 100vw, 800px\" \/><\/p>\n<p><img decoding=\"async\" loading=\"lazy\" class=\" alignleft size-full wp-image-5770\" src=\"https:\/\/www.intersoccermadrid.com\/wp-content\/uploads\/2016\/08\/2015_otia_atletico_01.jpg\" border=\"0\" alt=\"\u00a1AP\u00daNTATE A LA A.C. INTERSOCCER!  \u00a1TE HAR\u00c1S FUTBOLISTA DE VERDAD!... NO ESPERES M\u00c1S.-\" title=\"\u00a1AP\u00daNTATE A LA A.C. INTERSOCCER!  \u00a1TE HAR\u00c1S FUTBOLISTA DE VERDAD!... NO ESPERES M\u00c1S.-\" align=\"left\" width=\"800\" height=\"600\" srcset=\"https:\/\/www.intersoccermadrid.com\/wp-content\/uploads\/2016\/08\/2015_otia_atletico_01.jpg 800w, https:\/\/www.intersoccermadrid.com\/wp-content\/uploads\/2016\/08\/2015_otia_atletico_01-300x225.jpg 300w, https:\/\/www.intersoccermadrid.com\/wp-content\/uploads\/2016\/08\/2015_otia_atletico_01-768x576.jpg 768w\" sizes=\"(max-width: 800px) 100vw, 800px\" \/><\/p>\n<p><img decoding=\"async\" loading=\"lazy\" class=\" alignleft size-full wp-image-5771\" src=\"https:\/\/www.intersoccermadrid.com\/wp-content\/uploads\/2016\/08\/2016_apuntate_04.jpg\" border=\"0\" alt=\"\u00a1AP\u00daNTATE A LA A.C. INTERSOCCER!  \u00a1TE HAR\u00c1S FUTBOLISTA DE VERDAD!... NO ESPERES M\u00c1S.-\" title=\"\u00a1AP\u00daNTATE A LA A.C. INTERSOCCER!  \u00a1TE HAR\u00c1S FUTBOLISTA DE VERDAD!... NO ESPERES M\u00c1S.-\" align=\"left\" width=\"800\" height=\"491\" srcset=\"https:\/\/www.intersoccermadrid.com\/wp-content\/uploads\/2016\/08\/2016_apuntate_04.jpg 800w, https:\/\/www.intersoccermadrid.com\/wp-content\/uploads\/2016\/08\/2016_apuntate_04-300x184.jpg 300w, https:\/\/www.intersoccermadrid.com\/wp-content\/uploads\/2016\/08\/2016_apuntate_04-768x471.jpg 768w\" sizes=\"(max-width: 800px) 100vw, 800px\" \/><\/p>\n<p><img decoding=\"async\" loading=\"lazy\" class=\" alignleft size-full wp-image-5772\" src=\"https:\/\/www.intersoccermadrid.com\/wp-content\/uploads\/2016\/08\/2016_apuntate_05.jpg\" border=\"0\" alt=\"\u00a1AP\u00daNTATE A LA A.C. INTERSOCCER!  \u00a1TE HAR\u00c1S FUTBOLISTA DE VERDAD!... NO ESPERES M\u00c1S.-\" title=\"\u00a1AP\u00daNTATE A LA A.C. INTERSOCCER!  \u00a1TE HAR\u00c1S FUTBOLISTA DE VERDAD!... NO ESPERES M\u00c1S.-\" align=\"left\" width=\"800\" height=\"533\" srcset=\"https:\/\/www.intersoccermadrid.com\/wp-content\/uploads\/2016\/08\/2016_apuntate_05.jpg 800w, https:\/\/www.intersoccermadrid.com\/wp-content\/uploads\/2016\/08\/2016_apuntate_05-300x200.jpg 300w, https:\/\/www.intersoccermadrid.com\/wp-content\/uploads\/2016\/08\/2016_apuntate_05-768x512.jpg 768w\" sizes=\"(max-width: 800px) 100vw, 800px\" \/><\/p>\n<p><img decoding=\"async\" loading=\"lazy\" class=\" alignleft size-full wp-image-5773\" src=\"https:\/\/www.intersoccermadrid.com\/wp-content\/uploads\/2016\/08\/2016_kang_06.jpg\" border=\"0\" alt=\"\u00a1AP\u00daNTATE A LA A.C. INTERSOCCER!  \u00a1TE HAR\u00c1S FUTBOLISTA DE VERDAD!... NO ESPERES M\u00c1S.-\" title=\"\u00a1AP\u00daNTATE A LA A.C. INTERSOCCER!  \u00a1TE HAR\u00c1S FUTBOLISTA DE VERDAD!... NO ESPERES M\u00c1S.-\" align=\"left\" width=\"800\" height=\"475\" srcset=\"https:\/\/www.intersoccermadrid.com\/wp-content\/uploads\/2016\/08\/2016_kang_06.jpg 800w, https:\/\/www.intersoccermadrid.com\/wp-content\/uploads\/2016\/08\/2016_kang_06-300x178.jpg 300w, https:\/\/www.intersoccermadrid.com\/wp-content\/uploads\/2016\/08\/2016_kang_06-768x456.jpg 768w\" sizes=\"(max-width: 800px) 100vw, 800px\" \/><\/p>\n<p><img decoding=\"async\" loading=\"lazy\" class=\" alignleft size-full wp-image-5774\" src=\"https:\/\/www.intersoccermadrid.com\/wp-content\/uploads\/2016\/08\/2015_bogdan_equipo1_getafe_04.jpg\" border=\"0\" alt=\"\u00a1AP\u00daNTATE A LA A.C. INTERSOCCER!  \u00a1TE HAR\u00c1S FUTBOLISTA DE VERDAD!... NO ESPERES M\u00c1S.-\" title=\"\u00a1AP\u00daNTATE A LA A.C. INTERSOCCER!  \u00a1TE HAR\u00c1S FUTBOLISTA DE VERDAD!... NO ESPERES M\u00c1S.-\" align=\"left\" width=\"601\" height=\"429\" srcset=\"https:\/\/www.intersoccermadrid.com\/wp-content\/uploads\/2016\/08\/2015_bogdan_equipo1_getafe_04.jpg 601w, https:\/\/www.intersoccermadrid.com\/wp-content\/uploads\/2016\/08\/2015_bogdan_equipo1_getafe_04-300x214.jpg 300w\" sizes=\"(max-width: 601px) 100vw, 601px\" \/><\/p>\n<p><img decoding=\"async\" loading=\"lazy\" class=\" alignleft size-full wp-image-5775\" src=\"https:\/\/www.intersoccermadrid.com\/wp-content\/uploads\/2016\/08\/2015_christian_rm_01.jpg\" border=\"0\" alt=\"\u00a1AP\u00daNTATE A LA A.C. INTERSOCCER!  \u00a1TE HAR\u00c1S FUTBOLISTA DE VERDAD!... NO ESPERES M\u00c1S.-\" title=\"\u00a1AP\u00daNTATE A LA A.C. INTERSOCCER!  \u00a1TE HAR\u00c1S FUTBOLISTA DE VERDAD!... NO ESPERES M\u00c1S.-\" align=\"left\" width=\"800\" height=\"600\" srcset=\"https:\/\/www.intersoccermadrid.com\/wp-content\/uploads\/2016\/08\/2015_christian_rm_01.jpg 800w, https:\/\/www.intersoccermadrid.com\/wp-content\/uploads\/2016\/08\/2015_christian_rm_01-300x225.jpg 300w, https:\/\/www.intersoccermadrid.com\/wp-content\/uploads\/2016\/08\/2015_christian_rm_01-768x576.jpg 768w\" sizes=\"(max-width: 800px) 100vw, 800px\" \/><\/p>\n<p><img decoding=\"async\" loading=\"lazy\" class=\" alignleft size-full wp-image-5776\" src=\"https:\/\/www.intersoccermadrid.com\/wp-content\/uploads\/2016\/08\/2014_goldepierre_frente_realsociedad_01.jpg\" border=\"0\" alt=\"\u00a1AP\u00daNTATE A LA A.C. INTERSOCCER!  \u00a1TE HAR\u00c1S FUTBOLISTA DE VERDAD!... NO ESPERES M\u00c1S.-\" title=\"\u00a1AP\u00daNTATE A LA A.C. INTERSOCCER!  \u00a1TE HAR\u00c1S FUTBOLISTA DE VERDAD!... NO ESPERES M\u00c1S.-\" align=\"left\" width=\"800\" height=\"600\" srcset=\"https:\/\/www.intersoccermadrid.com\/wp-content\/uploads\/2016\/08\/2014_goldepierre_frente_realsociedad_01.jpg 800w, https:\/\/www.intersoccermadrid.com\/wp-content\/uploads\/2016\/08\/2014_goldepierre_frente_realsociedad_01-300x225.jpg 300w, https:\/\/www.intersoccermadrid.com\/wp-content\/uploads\/2016\/08\/2014_goldepierre_frente_realsociedad_01-768x576.jpg 768w\" sizes=\"(max-width: 800px) 100vw, 800px\" \/><\/p>\n<p><img decoding=\"async\" loading=\"lazy\" class=\" alignleft size-full wp-image-5777\" src=\"https:\/\/www.intersoccermadrid.com\/wp-content\/uploads\/2016\/08\/2015_intersoccer_cincinnati_07.jpg\" border=\"0\" alt=\"\u00a1AP\u00daNTATE A LA A.C. INTERSOCCER!  \u00a1TE HAR\u00c1S FUTBOLISTA DE VERDAD!... NO ESPERES M\u00c1S.-\" title=\"\u00a1AP\u00daNTATE A LA A.C. INTERSOCCER!  \u00a1TE HAR\u00c1S FUTBOLISTA DE VERDAD!... NO ESPERES M\u00c1S.-\" align=\"left\" width=\"800\" height=\"495\" srcset=\"https:\/\/www.intersoccermadrid.com\/wp-content\/uploads\/2016\/08\/2015_intersoccer_cincinnati_07.jpg 800w, https:\/\/www.intersoccermadrid.com\/wp-content\/uploads\/2016\/08\/2015_intersoccer_cincinnati_07-300x186.jpg 300w, https:\/\/www.intersoccermadrid.com\/wp-content\/uploads\/2016\/08\/2015_intersoccer_cincinnati_07-768x475.jpg 768w\" sizes=\"(max-width: 800px) 100vw, 800px\" \/><\/p>\n<p>   <!--<iframe loading=\"lazy\" width=\"320\" height=\"240\" src=\"\/\/www.youtube.com\/embed\/5QIQxATQka\" frameborder=\"0\"><\/iframe>--><\/p>\n","protected":false},"excerpt":{"rendered":"<p>Ha llegado el momento de que te des de alta y te conviertas en alumno de la Academia Intersoccer Madrid&#8230; \u00a1El lugar donde podr\u00e1s perseguir tu sue\u00f1o de convertirte en un futbolista de verdad! \u00a1En un futbolista profesional!<\/p>\n","protected":false},"author":2,"featured_media":5768,"comment_status":"open","ping_status":"open","sticky":false,"template":"","format":"standard","meta":{"_et_pb_use_builder":"","_et_pb_old_content":"","_et_gb_content_width":""},"categories":[8],"tags":[],"yoast_head":"<!-- This site is optimized with the Yoast SEO plugin v20.9 - https:\/\/yoast.com\/wordpress\/plugins\/seo\/ -->\n<title>\u00a1AP\u00daNTATE A LA A.C. INTERSOCCER! \u00a1TE HAR\u00c1S FUTBOLISTA DE VERDAD!... NO ESPERES M\u00c1S.- &middot; International Soccer Academy of Madrid<\/title>\n<meta name=\"robots\" content=\"index, follow, max-snippet:-1, max-image-preview:large, max-video-preview:-1\" \/>\n<link rel=\"canonical\" href=\"https:\/\/www.intersoccermadrid.com\/en\/iapuntate-a-la-ac-intersoccer-ite-haras-futbolista-de-verdad-no-esperes-mas\/\" \/>\n<meta property=\"og:locale\" content=\"en_US\" \/>\n<meta property=\"og:type\" content=\"article\" \/>\n<meta property=\"og:title\" content=\"\u00a1AP\u00daNTATE A LA A.C. INTERSOCCER! \u00a1TE HAR\u00c1S FUTBOLISTA DE VERDAD!... NO ESPERES M\u00c1S.- &middot; International Soccer Academy of Madrid\" \/>\n<meta property=\"og:description\" content=\"Ha llegado el momento de que te des de alta y te conviertas en alumno de la Academia Intersoccer Madrid&#8230; \u00a1El lugar donde podr\u00e1s perseguir tu sue\u00f1o de convertirte en un futbolista de verdad! \u00a1En un futbolista profesional!\" \/>\n<meta property=\"og:url\" content=\"https:\/\/www.intersoccermadrid.com\/en\/iapuntate-a-la-ac-intersoccer-ite-haras-futbolista-de-verdad-no-esperes-mas\/\" \/>\n<meta property=\"og:site_name\" content=\"International Soccer Academy of Madrid\" \/>\n<meta property=\"article:published_time\" content=\"2016-08-16T22:00:00+00:00\" \/>\n<meta property=\"og:image\" content=\"https:\/\/www.intersoccermadrid.com\/wp-content\/uploads\/2016\/08\/2016_apuntate_01.jpg\" \/>\n\t<meta property=\"og:image:width\" content=\"800\" \/>\n\t<meta property=\"og:image:height\" content=\"515\" \/>\n\t<meta property=\"og:image:type\" content=\"image\/jpeg\" \/>\n<meta name=\"author\" content=\"Administrator\" \/>\n<meta name=\"twitter:card\" content=\"summary_large_image\" \/>\n<meta name=\"twitter:label1\" content=\"Written by\" \/>\n\t<meta name=\"twitter:data1\" content=\"Administrator\" \/>\n\t<meta name=\"twitter:label2\" content=\"Est. reading time\" \/>\n\t<meta name=\"twitter:data2\" content=\"3 minutes\" \/>\n<script type=\"application\/ld+json\" class=\"yoast-schema-graph\">{\"@context\":\"https:\/\/schema.org\",\"@graph\":[{\"@type\":\"WebPage\",\"@id\":\"https:\/\/www.intersoccermadrid.com\/en\/iapuntate-a-la-ac-intersoccer-ite-haras-futbolista-de-verdad-no-esperes-mas\/\",\"url\":\"https:\/\/www.intersoccermadrid.com\/en\/iapuntate-a-la-ac-intersoccer-ite-haras-futbolista-de-verdad-no-esperes-mas\/\",\"name\":\"\u00a1AP\u00daNTATE A LA A.C. INTERSOCCER! \u00a1TE HAR\u00c1S FUTBOLISTA DE VERDAD!... NO ESPERES M\u00c1S.- &middot; International Soccer Academy of Madrid\",\"isPartOf\":{\"@id\":\"https:\/\/www.intersoccermadrid.com\/en\/#website\"},\"datePublished\":\"2016-08-16T22:00:00+00:00\",\"dateModified\":\"2016-08-16T22:00:00+00:00\",\"author\":{\"@id\":\"https:\/\/www.intersoccermadrid.com\/en\/#\/schema\/person\/4843f782828393fd2fd34a6db5ce5d48\"},\"breadcrumb\":{\"@id\":\"https:\/\/www.intersoccermadrid.com\/en\/iapuntate-a-la-ac-intersoccer-ite-haras-futbolista-de-verdad-no-esperes-mas\/#breadcrumb\"},\"inLanguage\":\"en-US\",\"potentialAction\":[{\"@type\":\"ReadAction\",\"target\":[\"https:\/\/www.intersoccermadrid.com\/en\/iapuntate-a-la-ac-intersoccer-ite-haras-futbolista-de-verdad-no-esperes-mas\/\"]}]},{\"@type\":\"BreadcrumbList\",\"@id\":\"https:\/\/www.intersoccermadrid.com\/en\/iapuntate-a-la-ac-intersoccer-ite-haras-futbolista-de-verdad-no-esperes-mas\/#breadcrumb\",\"itemListElement\":[{\"@type\":\"ListItem\",\"position\":1,\"name\":\"Home\",\"item\":\"https:\/\/www.intersoccermadrid.com\/en\/\"},{\"@type\":\"ListItem\",\"position\":2,\"name\":\"\u00a1AP\u00daNTATE A LA A.C. INTERSOCCER! \u00a1TE HAR\u00c1S FUTBOLISTA DE VERDAD!&#8230; NO ESPERES M\u00c1S.-\"}]},{\"@type\":\"WebSite\",\"@id\":\"https:\/\/www.intersoccermadrid.com\/en\/#website\",\"url\":\"https:\/\/www.intersoccermadrid.com\/en\/\",\"name\":\"International Soccer Academy of Madrid\",\"description\":\"International Soccer Academy of Madrid\",\"potentialAction\":[{\"@type\":\"SearchAction\",\"target\":{\"@type\":\"EntryPoint\",\"urlTemplate\":\"https:\/\/www.intersoccermadrid.com\/en\/?s={search_term_string}\"},\"query-input\":\"required name=search_term_string\"}],\"inLanguage\":\"en-US\"},{\"@type\":\"Person\",\"@id\":\"https:\/\/www.intersoccermadrid.com\/en\/#\/schema\/person\/4843f782828393fd2fd34a6db5ce5d48\",\"name\":\"Administrator\",\"image\":{\"@type\":\"ImageObject\",\"inLanguage\":\"en-US\",\"@id\":\"https:\/\/www.intersoccermadrid.com\/en\/#\/schema\/person\/image\/\",\"url\":\"https:\/\/secure.gravatar.com\/avatar\/85ec5305f9a568d3e58c20ee91decabf?s=96&d=mm&r=g\",\"contentUrl\":\"https:\/\/secure.gravatar.com\/avatar\/85ec5305f9a568d3e58c20ee91decabf?s=96&d=mm&r=g\",\"caption\":\"Administrator\"},\"url\":\"https:\/\/www.intersoccermadrid.com\/en\/author\/admin\/\"}]}<\/script>\n<!-- \/ Yoast SEO plugin. -->","yoast_head_json":{"title":"\u00a1AP\u00daNTATE A LA A.C. INTERSOCCER! \u00a1TE HAR\u00c1S FUTBOLISTA DE VERDAD!... NO ESPERES M\u00c1S.- &middot; International Soccer Academy of Madrid","robots":{"index":"index","follow":"follow","max-snippet":"max-snippet:-1","max-image-preview":"max-image-preview:large","max-video-preview":"max-video-preview:-1"},"canonical":"https:\/\/www.intersoccermadrid.com\/en\/iapuntate-a-la-ac-intersoccer-ite-haras-futbolista-de-verdad-no-esperes-mas\/","og_locale":"en_US","og_type":"article","og_title":"\u00a1AP\u00daNTATE A LA A.C. INTERSOCCER! \u00a1TE HAR\u00c1S FUTBOLISTA DE VERDAD!... NO ESPERES M\u00c1S.- &middot; International Soccer Academy of Madrid","og_description":"Ha llegado el momento de que te des de alta y te conviertas en alumno de la Academia Intersoccer Madrid&#8230; \u00a1El lugar donde podr\u00e1s perseguir tu sue\u00f1o de convertirte en un futbolista de verdad! \u00a1En un futbolista profesional!","og_url":"https:\/\/www.intersoccermadrid.com\/en\/iapuntate-a-la-ac-intersoccer-ite-haras-futbolista-de-verdad-no-esperes-mas\/","og_site_name":"International Soccer Academy of Madrid","article_published_time":"2016-08-16T22:00:00+00:00","og_image":[{"width":800,"height":515,"url":"https:\/\/www.intersoccermadrid.com\/wp-content\/uploads\/2016\/08\/2016_apuntate_01.jpg","type":"image\/jpeg"}],"author":"Administrator","twitter_card":"summary_large_image","twitter_misc":{"Written by":"Administrator","Est. reading time":"3 minutes"},"schema":{"@context":"https:\/\/schema.org","@graph":[{"@type":"WebPage","@id":"https:\/\/www.intersoccermadrid.com\/en\/iapuntate-a-la-ac-intersoccer-ite-haras-futbolista-de-verdad-no-esperes-mas\/","url":"https:\/\/www.intersoccermadrid.com\/en\/iapuntate-a-la-ac-intersoccer-ite-haras-futbolista-de-verdad-no-esperes-mas\/","name":"\u00a1AP\u00daNTATE A LA A.C. INTERSOCCER! \u00a1TE HAR\u00c1S FUTBOLISTA DE VERDAD!... NO ESPERES M\u00c1S.- &middot; International Soccer Academy of Madrid","isPartOf":{"@id":"https:\/\/www.intersoccermadrid.com\/en\/#website"},"datePublished":"2016-08-16T22:00:00+00:00","dateModified":"2016-08-16T22:00:00+00:00","author":{"@id":"https:\/\/www.intersoccermadrid.com\/en\/#\/schema\/person\/4843f782828393fd2fd34a6db5ce5d48"},"breadcrumb":{"@id":"https:\/\/www.intersoccermadrid.com\/en\/iapuntate-a-la-ac-intersoccer-ite-haras-futbolista-de-verdad-no-esperes-mas\/#breadcrumb"},"inLanguage":"en-US","potentialAction":[{"@type":"ReadAction","target":["https:\/\/www.intersoccermadrid.com\/en\/iapuntate-a-la-ac-intersoccer-ite-haras-futbolista-de-verdad-no-esperes-mas\/"]}]},{"@type":"BreadcrumbList","@id":"https:\/\/www.intersoccermadrid.com\/en\/iapuntate-a-la-ac-intersoccer-ite-haras-futbolista-de-verdad-no-esperes-mas\/#breadcrumb","itemListElement":[{"@type":"ListItem","position":1,"name":"Home","item":"https:\/\/www.intersoccermadrid.com\/en\/"},{"@type":"ListItem","position":2,"name":"\u00a1AP\u00daNTATE A LA A.C. INTERSOCCER! \u00a1TE HAR\u00c1S FUTBOLISTA DE VERDAD!&#8230; NO ESPERES M\u00c1S.-"}]},{"@type":"WebSite","@id":"https:\/\/www.intersoccermadrid.com\/en\/#website","url":"https:\/\/www.intersoccermadrid.com\/en\/","name":"International Soccer Academy of Madrid","description":"International Soccer Academy of Madrid","potentialAction":[{"@type":"SearchAction","target":{"@type":"EntryPoint","urlTemplate":"https:\/\/www.intersoccermadrid.com\/en\/?s={search_term_string}"},"query-input":"required name=search_term_string"}],"inLanguage":"en-US"},{"@type":"Person","@id":"https:\/\/www.intersoccermadrid.com\/en\/#\/schema\/person\/4843f782828393fd2fd34a6db5ce5d48","name":"Administrator","image":{"@type":"ImageObject","inLanguage":"en-US","@id":"https:\/\/www.intersoccermadrid.com\/en\/#\/schema\/person\/image\/","url":"https:\/\/secure.gravatar.com\/avatar\/85ec5305f9a568d3e58c20ee91decabf?s=96&d=mm&r=g","contentUrl":"https:\/\/secure.gravatar.com\/avatar\/85ec5305f9a568d3e58c20ee91decabf?s=96&d=mm&r=g","caption":"Administrator"},"url":"https:\/\/www.intersoccermadrid.com\/en\/author\/admin\/"}]}},"_links":{"self":[{"href":"https:\/\/www.intersoccermadrid.com\/en\/wp-json\/wp\/v2\/posts\/515"}],"collection":[{"href":"https:\/\/www.intersoccermadrid.com\/en\/wp-json\/wp\/v2\/posts"}],"about":[{"href":"https:\/\/www.intersoccermadrid.com\/en\/wp-json\/wp\/v2\/types\/post"}],"author":[{"embeddable":true,"href":"https:\/\/www.intersoccermadrid.com\/en\/wp-json\/wp\/v2\/users\/2"}],"replies":[{"embeddable":true,"href":"https:\/\/www.intersoccermadrid.com\/en\/wp-json\/wp\/v2\/comments?post=515"}],"version-history":[{"count":0,"href":"https:\/\/www.intersoccermadrid.com\/en\/wp-json\/wp\/v2\/posts\/515\/revisions"}],"wp:featuredmedia":[{"embeddable":true,"href":"https:\/\/www.intersoccermadrid.com\/en\/wp-json\/wp\/v2\/media\/5768"}],"wp:attachment":[{"href":"https:\/\/www.intersoccermadrid.com\/en\/wp-json\/wp\/v2\/media?parent=515"}],"wp:term":[{"taxonomy":"category","embeddable":true,"href":"https:\/\/www.intersoccermadrid.com\/en\/wp-json\/wp\/v2\/categories?post=515"},{"taxonomy":"post_tag","embeddable":true,"href":"https:\/\/www.intersoccermadrid.com\/en\/wp-json\/wp\/v2\/tags?post=515"}],"curies":[{"name":"wp","href":"https:\/\/api.w.org\/{rel}","templated":true}]}}