{"id":503,"date":"2016-06-05T00:00:00","date_gmt":"2016-06-04T22:00:00","guid":{"rendered":"https:\/\/www.intersoccermadrid.com\/iii-memorial-luis-aragones-atletico-de-madrid-alcobendas-levitt-cf-4-0\/"},"modified":"2016-06-05T00:00:00","modified_gmt":"2016-06-04T22:00:00","slug":"iii-memorial-luis-aragones-atletico-de-madrid-alcobendas-levitt-cf-4-0","status":"publish","type":"post","link":"https:\/\/www.intersoccermadrid.com\/en\/iii-memorial-luis-aragones-atletico-de-madrid-alcobendas-levitt-cf-4-0\/","title":{"rendered":"III MEMORIAL LUIS ARAGON\u00c9S. ATL\u00c9TICO DE MADRID &#8211; ALCOBENDAS LEVITT CF, 4-0"},"content":{"rendered":"<p><img decoding=\"async\" loading=\"lazy\" class=\" alignleft size-full wp-image-5654\" src=\"https:\/\/www.intersoccermadrid.com\/wp-content\/uploads\/2016\/06\/2016_3mla_atm_acf_01.jpg\" border=\"0\" alt=\"III MEMORIAL LUIS ARAGON\u00c9S. ATL\u00c9TICO DE MADRID - ALCOBENDAS LEVITT CF, 4-0\" title=\"III MEMORIAL LUIS ARAGON\u00c9S. ATL\u00c9TICO DE MADRID - ALCOBENDAS LEVITT CF, 4-0\" align=\"left\" width=\"800\" height=\"480\" srcset=\"https:\/\/www.intersoccermadrid.com\/wp-content\/uploads\/2016\/06\/2016_3mla_atm_acf_01.jpg 800w, https:\/\/www.intersoccermadrid.com\/wp-content\/uploads\/2016\/06\/2016_3mla_atm_acf_01-300x180.jpg 300w, https:\/\/www.intersoccermadrid.com\/wp-content\/uploads\/2016\/06\/2016_3mla_atm_acf_01-768x461.jpg 768w\" sizes=\"(max-width: 800px) 100vw, 800px\" \/><\/p>\n<p>EL ATL\u00c9TICO DE MADRID TERMINA QUINTO RELEGANDO AL ALCOBENDAS LEVITT FC A LA SEXTA POSICI\u00d3N <br \/>   En el \u00fanico encuentro disputado en la jornada matinal, el Club Atl\u00e9tico de Madrid se impuso contundentemente a un Alcobendas Levitt CF que hab\u00eda sorprendido en la fase de grupos  <!--more-->  con su f\u00fatbol ante el Villarreal CF y el FC Barcelona, al que estuvo a punto de derrotar. Sergio Arratia, Alberto Salido y Mario Rivas, en dos ocasiones, firmaron los tantos rojiblancos.<\/p>\n<p>Torneo Champions de F\u00fatbol sub-16 &#8220;III Memorial Luis Aragon\u00e9s&#8221;, 3, 4 y 5 de junio de 2016, organizado por la A.C. Intersoccer Madrid<\/p>\n<p><img decoding=\"async\" loading=\"lazy\" class=\" alignleft size-full wp-image-5655\" src=\"https:\/\/www.intersoccermadrid.com\/wp-content\/uploads\/2016\/06\/2016_3mla_atm_acf_02.jpg\" border=\"0\" alt=\"III MEMORIAL LUIS ARAGON\u00c9S. ATL\u00c9TICO DE MADRID - ALCOBENDAS LEVITT CF, 4-0\" title=\"III MEMORIAL LUIS ARAGON\u00c9S. ATL\u00c9TICO DE MADRID - ALCOBENDAS LEVITT CF, 4-0\" align=\"left\" width=\"800\" height=\"496\" srcset=\"https:\/\/www.intersoccermadrid.com\/wp-content\/uploads\/2016\/06\/2016_3mla_atm_acf_02.jpg 800w, https:\/\/www.intersoccermadrid.com\/wp-content\/uploads\/2016\/06\/2016_3mla_atm_acf_02-300x186.jpg 300w, https:\/\/www.intersoccermadrid.com\/wp-content\/uploads\/2016\/06\/2016_3mla_atm_acf_02-768x476.jpg 768w\" sizes=\"(max-width: 800px) 100vw, 800px\" \/><\/p>\n<p><img decoding=\"async\" loading=\"lazy\" class=\" alignleft size-full wp-image-5656\" src=\"https:\/\/www.intersoccermadrid.com\/wp-content\/uploads\/2016\/06\/2016_3mla_atm_acf_03.jpg\" border=\"0\" alt=\"III MEMORIAL LUIS ARAGON\u00c9S. ATL\u00c9TICO DE MADRID - ALCOBENDAS LEVITT CF, 4-0\" title=\"III MEMORIAL LUIS ARAGON\u00c9S. ATL\u00c9TICO DE MADRID - ALCOBENDAS LEVITT CF, 4-0\" align=\"left\" width=\"800\" height=\"548\" srcset=\"https:\/\/www.intersoccermadrid.com\/wp-content\/uploads\/2016\/06\/2016_3mla_atm_acf_03.jpg 800w, https:\/\/www.intersoccermadrid.com\/wp-content\/uploads\/2016\/06\/2016_3mla_atm_acf_03-300x206.jpg 300w, https:\/\/www.intersoccermadrid.com\/wp-content\/uploads\/2016\/06\/2016_3mla_atm_acf_03-768x526.jpg 768w\" sizes=\"(max-width: 800px) 100vw, 800px\" \/><\/p>\n<p><img decoding=\"async\" loading=\"lazy\" class=\" alignleft size-full wp-image-5657\" src=\"https:\/\/www.intersoccermadrid.com\/wp-content\/uploads\/2016\/06\/2016_3mla_atm_acf_04.jpg\" border=\"0\" alt=\"III MEMORIAL LUIS ARAGON\u00c9S. ATL\u00c9TICO DE MADRID - ALCOBENDAS LEVITT CF, 4-0\" title=\"III MEMORIAL LUIS ARAGON\u00c9S. ATL\u00c9TICO DE MADRID - ALCOBENDAS LEVITT CF, 4-0\" align=\"left\" width=\"781\" height=\"600\" srcset=\"https:\/\/www.intersoccermadrid.com\/wp-content\/uploads\/2016\/06\/2016_3mla_atm_acf_04.jpg 781w, https:\/\/www.intersoccermadrid.com\/wp-content\/uploads\/2016\/06\/2016_3mla_atm_acf_04-300x230.jpg 300w, https:\/\/www.intersoccermadrid.com\/wp-content\/uploads\/2016\/06\/2016_3mla_atm_acf_04-768x590.jpg 768w\" sizes=\"(max-width: 781px) 100vw, 781px\" \/><\/p>\n<p><img decoding=\"async\" loading=\"lazy\" class=\" alignleft size-full wp-image-5658\" src=\"https:\/\/www.intersoccermadrid.com\/wp-content\/uploads\/2016\/06\/2016_3mla_atm_acf_05.jpg\" border=\"0\" alt=\"III MEMORIAL LUIS ARAGON\u00c9S. ATL\u00c9TICO DE MADRID - ALCOBENDAS LEVITT CF, 4-0\" title=\"III MEMORIAL LUIS ARAGON\u00c9S. ATL\u00c9TICO DE MADRID - ALCOBENDAS LEVITT CF, 4-0\" align=\"left\" width=\"800\" height=\"477\" srcset=\"https:\/\/www.intersoccermadrid.com\/wp-content\/uploads\/2016\/06\/2016_3mla_atm_acf_05.jpg 800w, https:\/\/www.intersoccermadrid.com\/wp-content\/uploads\/2016\/06\/2016_3mla_atm_acf_05-300x179.jpg 300w, https:\/\/www.intersoccermadrid.com\/wp-content\/uploads\/2016\/06\/2016_3mla_atm_acf_05-768x458.jpg 768w\" sizes=\"(max-width: 800px) 100vw, 800px\" \/><\/p>\n<p><img decoding=\"async\" loading=\"lazy\" class=\" alignleft size-full wp-image-5659\" src=\"https:\/\/www.intersoccermadrid.com\/wp-content\/uploads\/2016\/06\/2016_3mla_atm_acf_06.jpg\" border=\"0\" alt=\"III MEMORIAL LUIS ARAGON\u00c9S. ATL\u00c9TICO DE MADRID - ALCOBENDAS LEVITT CF, 4-0\" title=\"III MEMORIAL LUIS ARAGON\u00c9S. ATL\u00c9TICO DE MADRID - ALCOBENDAS LEVITT CF, 4-0\" align=\"left\" width=\"800\" height=\"518\" srcset=\"https:\/\/www.intersoccermadrid.com\/wp-content\/uploads\/2016\/06\/2016_3mla_atm_acf_06.jpg 800w, https:\/\/www.intersoccermadrid.com\/wp-content\/uploads\/2016\/06\/2016_3mla_atm_acf_06-300x194.jpg 300w, https:\/\/www.intersoccermadrid.com\/wp-content\/uploads\/2016\/06\/2016_3mla_atm_acf_06-768x497.jpg 768w\" sizes=\"(max-width: 800px) 100vw, 800px\" \/><\/p>\n<p><img decoding=\"async\" loading=\"lazy\" class=\" alignleft size-full wp-image-5660\" src=\"https:\/\/www.intersoccermadrid.com\/wp-content\/uploads\/2016\/06\/2016_3mla_atm_acf_07.jpg\" border=\"0\" alt=\"III MEMORIAL LUIS ARAGON\u00c9S. ATL\u00c9TICO DE MADRID - ALCOBENDAS LEVITT CF, 4-0\" title=\"III MEMORIAL LUIS ARAGON\u00c9S. ATL\u00c9TICO DE MADRID - ALCOBENDAS LEVITT CF, 4-0\" align=\"left\" width=\"800\" height=\"459\" srcset=\"https:\/\/www.intersoccermadrid.com\/wp-content\/uploads\/2016\/06\/2016_3mla_atm_acf_07.jpg 800w, https:\/\/www.intersoccermadrid.com\/wp-content\/uploads\/2016\/06\/2016_3mla_atm_acf_07-300x172.jpg 300w, https:\/\/www.intersoccermadrid.com\/wp-content\/uploads\/2016\/06\/2016_3mla_atm_acf_07-768x441.jpg 768w\" sizes=\"(max-width: 800px) 100vw, 800px\" \/><\/p>\n<p><img decoding=\"async\" loading=\"lazy\" class=\" alignleft size-full wp-image-5661\" src=\"https:\/\/www.intersoccermadrid.com\/wp-content\/uploads\/2016\/06\/2016_3mla_atm_acf_08.jpg\" border=\"0\" alt=\"III MEMORIAL LUIS ARAGON\u00c9S. ATL\u00c9TICO DE MADRID - ALCOBENDAS LEVITT CF, 4-0\" title=\"III MEMORIAL LUIS ARAGON\u00c9S. ATL\u00c9TICO DE MADRID - ALCOBENDAS LEVITT CF, 4-0\" align=\"left\" width=\"800\" height=\"418\" srcset=\"https:\/\/www.intersoccermadrid.com\/wp-content\/uploads\/2016\/06\/2016_3mla_atm_acf_08.jpg 800w, https:\/\/www.intersoccermadrid.com\/wp-content\/uploads\/2016\/06\/2016_3mla_atm_acf_08-300x157.jpg 300w, https:\/\/www.intersoccermadrid.com\/wp-content\/uploads\/2016\/06\/2016_3mla_atm_acf_08-768x401.jpg 768w\" sizes=\"(max-width: 800px) 100vw, 800px\" \/><\/p>\n<p><img decoding=\"async\" loading=\"lazy\" class=\" alignleft size-full wp-image-5662\" src=\"https:\/\/www.intersoccermadrid.com\/wp-content\/uploads\/2016\/06\/2016_3mla_atm_acf_09.jpg\" border=\"0\" alt=\"III MEMORIAL LUIS ARAGON\u00c9S. ATL\u00c9TICO DE MADRID - ALCOBENDAS LEVITT CF, 4-0\" title=\"III MEMORIAL LUIS ARAGON\u00c9S. ATL\u00c9TICO DE MADRID - ALCOBENDAS LEVITT CF, 4-0\" align=\"left\" width=\"800\" height=\"438\" srcset=\"https:\/\/www.intersoccermadrid.com\/wp-content\/uploads\/2016\/06\/2016_3mla_atm_acf_09.jpg 800w, https:\/\/www.intersoccermadrid.com\/wp-content\/uploads\/2016\/06\/2016_3mla_atm_acf_09-300x164.jpg 300w, https:\/\/www.intersoccermadrid.com\/wp-content\/uploads\/2016\/06\/2016_3mla_atm_acf_09-768x420.jpg 768w\" sizes=\"(max-width: 800px) 100vw, 800px\" \/><\/p>\n<p><img decoding=\"async\" loading=\"lazy\" class=\" alignleft size-full wp-image-5663\" src=\"https:\/\/www.intersoccermadrid.com\/wp-content\/uploads\/2016\/06\/2016_3mla_atm_acf_10.jpg\" border=\"0\" alt=\"III MEMORIAL LUIS ARAGON\u00c9S. ATL\u00c9TICO DE MADRID - ALCOBENDAS LEVITT CF, 4-0\" title=\"III MEMORIAL LUIS ARAGON\u00c9S. ATL\u00c9TICO DE MADRID - ALCOBENDAS LEVITT CF, 4-0\" align=\"left\" width=\"800\" height=\"514\" srcset=\"https:\/\/www.intersoccermadrid.com\/wp-content\/uploads\/2016\/06\/2016_3mla_atm_acf_10.jpg 800w, https:\/\/www.intersoccermadrid.com\/wp-content\/uploads\/2016\/06\/2016_3mla_atm_acf_10-300x193.jpg 300w, https:\/\/www.intersoccermadrid.com\/wp-content\/uploads\/2016\/06\/2016_3mla_atm_acf_10-768x493.jpg 768w\" sizes=\"(max-width: 800px) 100vw, 800px\" \/><\/p>\n<p><img decoding=\"async\" loading=\"lazy\" class=\" alignleft size-full wp-image-5664\" src=\"https:\/\/www.intersoccermadrid.com\/wp-content\/uploads\/2016\/06\/2016_3mla_atm_acf_11.jpg\" border=\"0\" alt=\"III MEMORIAL LUIS ARAGON\u00c9S. ATL\u00c9TICO DE MADRID - ALCOBENDAS LEVITT CF, 4-0\" title=\"III MEMORIAL LUIS ARAGON\u00c9S. ATL\u00c9TICO DE MADRID - ALCOBENDAS LEVITT CF, 4-0\" align=\"left\" width=\"800\" height=\"517\" srcset=\"https:\/\/www.intersoccermadrid.com\/wp-content\/uploads\/2016\/06\/2016_3mla_atm_acf_11.jpg 800w, https:\/\/www.intersoccermadrid.com\/wp-content\/uploads\/2016\/06\/2016_3mla_atm_acf_11-300x194.jpg 300w, https:\/\/www.intersoccermadrid.com\/wp-content\/uploads\/2016\/06\/2016_3mla_atm_acf_11-768x496.jpg 768w\" sizes=\"(max-width: 800px) 100vw, 800px\" \/><\/p>\n<p><img decoding=\"async\" loading=\"lazy\" class=\" alignleft size-full wp-image-5665\" src=\"https:\/\/www.intersoccermadrid.com\/wp-content\/uploads\/2016\/06\/2016_3mla_atm_acf_12.jpg\" border=\"0\" alt=\"III MEMORIAL LUIS ARAGON\u00c9S. ATL\u00c9TICO DE MADRID - ALCOBENDAS LEVITT CF, 4-0\" title=\"III MEMORIAL LUIS ARAGON\u00c9S. ATL\u00c9TICO DE MADRID - ALCOBENDAS LEVITT CF, 4-0\" align=\"left\" width=\"800\" height=\"531\" srcset=\"https:\/\/www.intersoccermadrid.com\/wp-content\/uploads\/2016\/06\/2016_3mla_atm_acf_12.jpg 800w, https:\/\/www.intersoccermadrid.com\/wp-content\/uploads\/2016\/06\/2016_3mla_atm_acf_12-300x199.jpg 300w, https:\/\/www.intersoccermadrid.com\/wp-content\/uploads\/2016\/06\/2016_3mla_atm_acf_12-768x510.jpg 768w\" sizes=\"(max-width: 800px) 100vw, 800px\" \/><\/p>\n<p><img decoding=\"async\" loading=\"lazy\" class=\" alignleft size-full wp-image-5666\" src=\"https:\/\/www.intersoccermadrid.com\/wp-content\/uploads\/2016\/06\/2016_3mla_atm_acf_13.jpg\" border=\"0\" alt=\"III MEMORIAL LUIS ARAGON\u00c9S. ATL\u00c9TICO DE MADRID - ALCOBENDAS LEVITT CF, 4-0\" title=\"III MEMORIAL LUIS ARAGON\u00c9S. ATL\u00c9TICO DE MADRID - ALCOBENDAS LEVITT CF, 4-0\" align=\"left\" width=\"600\" height=\"690\" srcset=\"https:\/\/www.intersoccermadrid.com\/wp-content\/uploads\/2016\/06\/2016_3mla_atm_acf_13.jpg 600w, https:\/\/www.intersoccermadrid.com\/wp-content\/uploads\/2016\/06\/2016_3mla_atm_acf_13-261x300.jpg 261w\" sizes=\"(max-width: 600px) 100vw, 600px\" \/><\/p>\n<p><img decoding=\"async\" loading=\"lazy\" class=\" alignleft size-full wp-image-5667\" src=\"https:\/\/www.intersoccermadrid.com\/wp-content\/uploads\/2016\/06\/2016_3mla_atm_acf_14.jpg\" border=\"0\" alt=\"III MEMORIAL LUIS ARAGON\u00c9S. ATL\u00c9TICO DE MADRID - ALCOBENDAS LEVITT CF, 4-0\" title=\"III MEMORIAL LUIS ARAGON\u00c9S. ATL\u00c9TICO DE MADRID - ALCOBENDAS LEVITT CF, 4-0\" align=\"left\" width=\"800\" height=\"552\" srcset=\"https:\/\/www.intersoccermadrid.com\/wp-content\/uploads\/2016\/06\/2016_3mla_atm_acf_14.jpg 800w, https:\/\/www.intersoccermadrid.com\/wp-content\/uploads\/2016\/06\/2016_3mla_atm_acf_14-300x207.jpg 300w, https:\/\/www.intersoccermadrid.com\/wp-content\/uploads\/2016\/06\/2016_3mla_atm_acf_14-768x530.jpg 768w\" sizes=\"(max-width: 800px) 100vw, 800px\" \/><\/p>\n<p><img decoding=\"async\" loading=\"lazy\" class=\" alignleft size-full wp-image-5668\" src=\"https:\/\/www.intersoccermadrid.com\/wp-content\/uploads\/2016\/06\/2016_3mla_atm_acf_15.jpg\" border=\"0\" alt=\"III MEMORIAL LUIS ARAGON\u00c9S. ATL\u00c9TICO DE MADRID - ALCOBENDAS LEVITT CF, 4-0\" title=\"III MEMORIAL LUIS ARAGON\u00c9S. ATL\u00c9TICO DE MADRID - ALCOBENDAS LEVITT CF, 4-0\" align=\"left\" width=\"800\" height=\"507\" srcset=\"https:\/\/www.intersoccermadrid.com\/wp-content\/uploads\/2016\/06\/2016_3mla_atm_acf_15.jpg 800w, https:\/\/www.intersoccermadrid.com\/wp-content\/uploads\/2016\/06\/2016_3mla_atm_acf_15-300x190.jpg 300w, https:\/\/www.intersoccermadrid.com\/wp-content\/uploads\/2016\/06\/2016_3mla_atm_acf_15-768x487.jpg 768w\" sizes=\"(max-width: 800px) 100vw, 800px\" \/><\/p>\n<p>     <!--<iframe loading=\"lazy\" width=\"320\" height=\"240\" src=\"\/\/www.youtube.com\/embed\/5QIQxATQka\" frameborder=\"0\"><\/iframe>--><\/p>\n","protected":false},"excerpt":{"rendered":"<p>EL ATL\u00c9TICO DE MADRID TERMINA QUINTO RELEGANDO AL ALCOBENDAS LEVITT FC A LA SEXTA POSICI\u00d3N En el \u00fanico encuentro disputado en la jornada matinal, el Club Atl\u00e9tico de Madrid se impuso contundentemente a un Alcobendas Levitt CF que hab\u00eda sorprendido en la fase de grupos<\/p>\n","protected":false},"author":2,"featured_media":5654,"comment_status":"open","ping_status":"open","sticky":false,"template":"","format":"standard","meta":{"_et_pb_use_builder":"","_et_pb_old_content":"","_et_gb_content_width":""},"categories":[8],"tags":[],"yoast_head":"<!-- This site is optimized with the Yoast SEO plugin v20.9 - https:\/\/yoast.com\/wordpress\/plugins\/seo\/ -->\n<title>III MEMORIAL LUIS ARAGON\u00c9S. ATL\u00c9TICO DE MADRID - ALCOBENDAS LEVITT CF, 4-0 &middot; International Soccer Academy of Madrid<\/title>\n<meta name=\"robots\" content=\"index, follow, max-snippet:-1, max-image-preview:large, max-video-preview:-1\" \/>\n<link rel=\"canonical\" href=\"https:\/\/www.intersoccermadrid.com\/en\/iii-memorial-luis-aragones-atletico-de-madrid-alcobendas-levitt-cf-4-0\/\" \/>\n<meta property=\"og:locale\" content=\"en_US\" \/>\n<meta property=\"og:type\" content=\"article\" \/>\n<meta property=\"og:title\" content=\"III MEMORIAL LUIS ARAGON\u00c9S. ATL\u00c9TICO DE MADRID - ALCOBENDAS LEVITT CF, 4-0 &middot; International Soccer Academy of Madrid\" \/>\n<meta property=\"og:description\" content=\"EL ATL\u00c9TICO DE MADRID TERMINA QUINTO RELEGANDO AL ALCOBENDAS LEVITT FC A LA SEXTA POSICI\u00d3N En el \u00fanico encuentro disputado en la jornada matinal, el Club Atl\u00e9tico de Madrid se impuso contundentemente a un Alcobendas Levitt CF que hab\u00eda sorprendido en la fase de grupos\" \/>\n<meta property=\"og:url\" content=\"https:\/\/www.intersoccermadrid.com\/en\/iii-memorial-luis-aragones-atletico-de-madrid-alcobendas-levitt-cf-4-0\/\" \/>\n<meta property=\"og:site_name\" content=\"International Soccer Academy of Madrid\" \/>\n<meta property=\"article:published_time\" content=\"2016-06-04T22:00:00+00:00\" \/>\n<meta property=\"og:image\" content=\"https:\/\/www.intersoccermadrid.com\/wp-content\/uploads\/2016\/06\/2016_3mla_atm_acf_01.jpg\" \/>\n\t<meta property=\"og:image:width\" content=\"800\" \/>\n\t<meta property=\"og:image:height\" content=\"480\" \/>\n\t<meta property=\"og:image:type\" content=\"image\/jpeg\" \/>\n<meta name=\"author\" content=\"Administrator\" \/>\n<meta name=\"twitter:card\" content=\"summary_large_image\" \/>\n<meta name=\"twitter:label1\" content=\"Written by\" \/>\n\t<meta name=\"twitter:data1\" content=\"Administrator\" \/>\n\t<meta name=\"twitter:label2\" content=\"Est. reading time\" \/>\n\t<meta name=\"twitter:data2\" content=\"1 minute\" \/>\n<script type=\"application\/ld+json\" class=\"yoast-schema-graph\">{\"@context\":\"https:\/\/schema.org\",\"@graph\":[{\"@type\":\"WebPage\",\"@id\":\"https:\/\/www.intersoccermadrid.com\/en\/iii-memorial-luis-aragones-atletico-de-madrid-alcobendas-levitt-cf-4-0\/\",\"url\":\"https:\/\/www.intersoccermadrid.com\/en\/iii-memorial-luis-aragones-atletico-de-madrid-alcobendas-levitt-cf-4-0\/\",\"name\":\"III MEMORIAL LUIS ARAGON\u00c9S. ATL\u00c9TICO DE MADRID - ALCOBENDAS LEVITT CF, 4-0 &middot; International Soccer Academy of Madrid\",\"isPartOf\":{\"@id\":\"https:\/\/www.intersoccermadrid.com\/en\/#website\"},\"datePublished\":\"2016-06-04T22:00:00+00:00\",\"dateModified\":\"2016-06-04T22:00:00+00:00\",\"author\":{\"@id\":\"https:\/\/www.intersoccermadrid.com\/en\/#\/schema\/person\/4843f782828393fd2fd34a6db5ce5d48\"},\"breadcrumb\":{\"@id\":\"https:\/\/www.intersoccermadrid.com\/en\/iii-memorial-luis-aragones-atletico-de-madrid-alcobendas-levitt-cf-4-0\/#breadcrumb\"},\"inLanguage\":\"en-US\",\"potentialAction\":[{\"@type\":\"ReadAction\",\"target\":[\"https:\/\/www.intersoccermadrid.com\/en\/iii-memorial-luis-aragones-atletico-de-madrid-alcobendas-levitt-cf-4-0\/\"]}]},{\"@type\":\"BreadcrumbList\",\"@id\":\"https:\/\/www.intersoccermadrid.com\/en\/iii-memorial-luis-aragones-atletico-de-madrid-alcobendas-levitt-cf-4-0\/#breadcrumb\",\"itemListElement\":[{\"@type\":\"ListItem\",\"position\":1,\"name\":\"Home\",\"item\":\"https:\/\/www.intersoccermadrid.com\/en\/\"},{\"@type\":\"ListItem\",\"position\":2,\"name\":\"III MEMORIAL LUIS ARAGON\u00c9S. ATL\u00c9TICO DE MADRID &#8211; ALCOBENDAS LEVITT CF, 4-0\"}]},{\"@type\":\"WebSite\",\"@id\":\"https:\/\/www.intersoccermadrid.com\/en\/#website\",\"url\":\"https:\/\/www.intersoccermadrid.com\/en\/\",\"name\":\"International Soccer Academy of Madrid\",\"description\":\"International Soccer Academy of Madrid\",\"potentialAction\":[{\"@type\":\"SearchAction\",\"target\":{\"@type\":\"EntryPoint\",\"urlTemplate\":\"https:\/\/www.intersoccermadrid.com\/en\/?s={search_term_string}\"},\"query-input\":\"required name=search_term_string\"}],\"inLanguage\":\"en-US\"},{\"@type\":\"Person\",\"@id\":\"https:\/\/www.intersoccermadrid.com\/en\/#\/schema\/person\/4843f782828393fd2fd34a6db5ce5d48\",\"name\":\"Administrator\",\"image\":{\"@type\":\"ImageObject\",\"inLanguage\":\"en-US\",\"@id\":\"https:\/\/www.intersoccermadrid.com\/en\/#\/schema\/person\/image\/\",\"url\":\"https:\/\/secure.gravatar.com\/avatar\/85ec5305f9a568d3e58c20ee91decabf?s=96&d=mm&r=g\",\"contentUrl\":\"https:\/\/secure.gravatar.com\/avatar\/85ec5305f9a568d3e58c20ee91decabf?s=96&d=mm&r=g\",\"caption\":\"Administrator\"},\"url\":\"https:\/\/www.intersoccermadrid.com\/en\/author\/admin\/\"}]}<\/script>\n<!-- \/ Yoast SEO plugin. -->","yoast_head_json":{"title":"III MEMORIAL LUIS ARAGON\u00c9S. ATL\u00c9TICO DE MADRID - ALCOBENDAS LEVITT CF, 4-0 &middot; International Soccer Academy of Madrid","robots":{"index":"index","follow":"follow","max-snippet":"max-snippet:-1","max-image-preview":"max-image-preview:large","max-video-preview":"max-video-preview:-1"},"canonical":"https:\/\/www.intersoccermadrid.com\/en\/iii-memorial-luis-aragones-atletico-de-madrid-alcobendas-levitt-cf-4-0\/","og_locale":"en_US","og_type":"article","og_title":"III MEMORIAL LUIS ARAGON\u00c9S. ATL\u00c9TICO DE MADRID - ALCOBENDAS LEVITT CF, 4-0 &middot; International Soccer Academy of Madrid","og_description":"EL ATL\u00c9TICO DE MADRID TERMINA QUINTO RELEGANDO AL ALCOBENDAS LEVITT FC A LA SEXTA POSICI\u00d3N En el \u00fanico encuentro disputado en la jornada matinal, el Club Atl\u00e9tico de Madrid se impuso contundentemente a un Alcobendas Levitt CF que hab\u00eda sorprendido en la fase de grupos","og_url":"https:\/\/www.intersoccermadrid.com\/en\/iii-memorial-luis-aragones-atletico-de-madrid-alcobendas-levitt-cf-4-0\/","og_site_name":"International Soccer Academy of Madrid","article_published_time":"2016-06-04T22:00:00+00:00","og_image":[{"width":800,"height":480,"url":"https:\/\/www.intersoccermadrid.com\/wp-content\/uploads\/2016\/06\/2016_3mla_atm_acf_01.jpg","type":"image\/jpeg"}],"author":"Administrator","twitter_card":"summary_large_image","twitter_misc":{"Written by":"Administrator","Est. reading time":"1 minute"},"schema":{"@context":"https:\/\/schema.org","@graph":[{"@type":"WebPage","@id":"https:\/\/www.intersoccermadrid.com\/en\/iii-memorial-luis-aragones-atletico-de-madrid-alcobendas-levitt-cf-4-0\/","url":"https:\/\/www.intersoccermadrid.com\/en\/iii-memorial-luis-aragones-atletico-de-madrid-alcobendas-levitt-cf-4-0\/","name":"III MEMORIAL LUIS ARAGON\u00c9S. ATL\u00c9TICO DE MADRID - ALCOBENDAS LEVITT CF, 4-0 &middot; International Soccer Academy of Madrid","isPartOf":{"@id":"https:\/\/www.intersoccermadrid.com\/en\/#website"},"datePublished":"2016-06-04T22:00:00+00:00","dateModified":"2016-06-04T22:00:00+00:00","author":{"@id":"https:\/\/www.intersoccermadrid.com\/en\/#\/schema\/person\/4843f782828393fd2fd34a6db5ce5d48"},"breadcrumb":{"@id":"https:\/\/www.intersoccermadrid.com\/en\/iii-memorial-luis-aragones-atletico-de-madrid-alcobendas-levitt-cf-4-0\/#breadcrumb"},"inLanguage":"en-US","potentialAction":[{"@type":"ReadAction","target":["https:\/\/www.intersoccermadrid.com\/en\/iii-memorial-luis-aragones-atletico-de-madrid-alcobendas-levitt-cf-4-0\/"]}]},{"@type":"BreadcrumbList","@id":"https:\/\/www.intersoccermadrid.com\/en\/iii-memorial-luis-aragones-atletico-de-madrid-alcobendas-levitt-cf-4-0\/#breadcrumb","itemListElement":[{"@type":"ListItem","position":1,"name":"Home","item":"https:\/\/www.intersoccermadrid.com\/en\/"},{"@type":"ListItem","position":2,"name":"III MEMORIAL LUIS ARAGON\u00c9S. ATL\u00c9TICO DE MADRID &#8211; ALCOBENDAS LEVITT CF, 4-0"}]},{"@type":"WebSite","@id":"https:\/\/www.intersoccermadrid.com\/en\/#website","url":"https:\/\/www.intersoccermadrid.com\/en\/","name":"International Soccer Academy of Madrid","description":"International Soccer Academy of Madrid","potentialAction":[{"@type":"SearchAction","target":{"@type":"EntryPoint","urlTemplate":"https:\/\/www.intersoccermadrid.com\/en\/?s={search_term_string}"},"query-input":"required name=search_term_string"}],"inLanguage":"en-US"},{"@type":"Person","@id":"https:\/\/www.intersoccermadrid.com\/en\/#\/schema\/person\/4843f782828393fd2fd34a6db5ce5d48","name":"Administrator","image":{"@type":"ImageObject","inLanguage":"en-US","@id":"https:\/\/www.intersoccermadrid.com\/en\/#\/schema\/person\/image\/","url":"https:\/\/secure.gravatar.com\/avatar\/85ec5305f9a568d3e58c20ee91decabf?s=96&d=mm&r=g","contentUrl":"https:\/\/secure.gravatar.com\/avatar\/85ec5305f9a568d3e58c20ee91decabf?s=96&d=mm&r=g","caption":"Administrator"},"url":"https:\/\/www.intersoccermadrid.com\/en\/author\/admin\/"}]}},"_links":{"self":[{"href":"https:\/\/www.intersoccermadrid.com\/en\/wp-json\/wp\/v2\/posts\/503"}],"collection":[{"href":"https:\/\/www.intersoccermadrid.com\/en\/wp-json\/wp\/v2\/posts"}],"about":[{"href":"https:\/\/www.intersoccermadrid.com\/en\/wp-json\/wp\/v2\/types\/post"}],"author":[{"embeddable":true,"href":"https:\/\/www.intersoccermadrid.com\/en\/wp-json\/wp\/v2\/users\/2"}],"replies":[{"embeddable":true,"href":"https:\/\/www.intersoccermadrid.com\/en\/wp-json\/wp\/v2\/comments?post=503"}],"version-history":[{"count":0,"href":"https:\/\/www.intersoccermadrid.com\/en\/wp-json\/wp\/v2\/posts\/503\/revisions"}],"wp:featuredmedia":[{"embeddable":true,"href":"https:\/\/www.intersoccermadrid.com\/en\/wp-json\/wp\/v2\/media\/5654"}],"wp:attachment":[{"href":"https:\/\/www.intersoccermadrid.com\/en\/wp-json\/wp\/v2\/media?parent=503"}],"wp:term":[{"taxonomy":"category","embeddable":true,"href":"https:\/\/www.intersoccermadrid.com\/en\/wp-json\/wp\/v2\/categories?post=503"},{"taxonomy":"post_tag","embeddable":true,"href":"https:\/\/www.intersoccermadrid.com\/en\/wp-json\/wp\/v2\/tags?post=503"}],"curies":[{"name":"wp","href":"https:\/\/api.w.org\/{rel}","templated":true}]}}