{"id":502,"date":"2016-06-05T02:00:00","date_gmt":"2016-06-05T00:00:00","guid":{"rendered":"https:\/\/www.intersoccermadrid.com\/iii-memorial-luis-aragones-villarreal-cf-rayo-vallecano-3-1\/"},"modified":"2016-06-05T02:00:00","modified_gmt":"2016-06-05T00:00:00","slug":"iii-memorial-luis-aragones-villarreal-cf-rayo-vallecano-3-1","status":"publish","type":"post","link":"https:\/\/www.intersoccermadrid.com\/en\/iii-memorial-luis-aragones-villarreal-cf-rayo-vallecano-3-1\/","title":{"rendered":"III MEMORIAL LUIS ARAGON\u00c9S. VILLARREAL CF &#8211; RAYO VALLECANO, 3-1"},"content":{"rendered":"<p><img decoding=\"async\" loading=\"lazy\" class=\" alignleft size-full wp-image-5556\" src=\"https:\/\/www.intersoccermadrid.com\/wp-content\/uploads\/2016\/06\/2016_3mla_vil_rvm_j3_01.jpg\" border=\"0\" alt=\"III MEMORIAL LUIS ARAGON\u00c9S. VILLARREAL CF - RAYO VALLECANO, 3-1\" title=\"III MEMORIAL LUIS ARAGON\u00c9S. VILLARREAL CF - RAYO VALLECANO, 3-1\" align=\"left\" width=\"800\" height=\"577\" srcset=\"https:\/\/www.intersoccermadrid.com\/wp-content\/uploads\/2016\/06\/2016_3mla_vil_rvm_j3_01.jpg 800w, https:\/\/www.intersoccermadrid.com\/wp-content\/uploads\/2016\/06\/2016_3mla_vil_rvm_j3_01-300x216.jpg 300w, https:\/\/www.intersoccermadrid.com\/wp-content\/uploads\/2016\/06\/2016_3mla_vil_rvm_j3_01-768x554.jpg 768w\" sizes=\"(max-width: 800px) 100vw, 800px\" \/><\/p>\n<p>EL VILLARREAL REMONTA AL RAYO EN LA FINAL Y SE ALZA CAMPE\u00d3N <br \/>   El Villarreal CF se proclam\u00f3 campe\u00f3n del torneo gracias a un gran final de encuentro, en el que remont\u00f3 al vigente campe\u00f3n, el Rayo Vallecano de Madrid,  <!--more--> con tres goles de Pedro Garc\u00eda, Robert Bairam y Nacho D\u00edaz. En la \u00faltima jugada del primer tiempo, Luis Puchol hab\u00eda adelantado a los vallecanos, que tras el empate del \u201cSubmarino\u201d gozaron de dos ocasiones muy claras que Aar\u00f3n Mosquero estrell\u00f3 en el poste. Una gran final para poner el broche de oro a un torneo de alt\u00edsimo nivel. Adem\u00e1s, el postrero tanto de Nacho D\u00edaz le sirvi\u00f3 para alzarse con el trofeo al M\u00e1ximo Goleador. Borja Marza tambi\u00e9n recibi\u00f3 el Trofeo Marca al Mejor Jugador del torneo. <\/p>\n<p>Torneo Champions de F\u00fatbol sub-16 &#8220;III Memorial Luis Aragon\u00e9s&#8221;, 3, 4 y 5 de junio de 2016, organizado por la A.C. Intersoccer Madrid<\/p>\n<p><img decoding=\"async\" loading=\"lazy\" class=\" alignleft size-full wp-image-5557\" src=\"https:\/\/www.intersoccermadrid.com\/wp-content\/uploads\/2016\/06\/2016_3mla_vil_rvm_j3_02.jpg\" border=\"0\" alt=\"III MEMORIAL LUIS ARAGON\u00c9S. VILLARREAL CF - RAYO VALLECANO, 3-1\" title=\"III MEMORIAL LUIS ARAGON\u00c9S. VILLARREAL CF - RAYO VALLECANO, 3-1\" align=\"left\" width=\"800\" height=\"510\" srcset=\"https:\/\/www.intersoccermadrid.com\/wp-content\/uploads\/2016\/06\/2016_3mla_vil_rvm_j3_02.jpg 800w, https:\/\/www.intersoccermadrid.com\/wp-content\/uploads\/2016\/06\/2016_3mla_vil_rvm_j3_02-300x191.jpg 300w, https:\/\/www.intersoccermadrid.com\/wp-content\/uploads\/2016\/06\/2016_3mla_vil_rvm_j3_02-768x490.jpg 768w\" sizes=\"(max-width: 800px) 100vw, 800px\" \/><\/p>\n<p><img decoding=\"async\" loading=\"lazy\" class=\" alignleft size-full wp-image-5558\" src=\"https:\/\/www.intersoccermadrid.com\/wp-content\/uploads\/2016\/06\/2016_3mla_vil_rvm_j3_03.jpg\" border=\"0\" alt=\"III MEMORIAL LUIS ARAGON\u00c9S. VILLARREAL CF - RAYO VALLECANO, 3-1\" title=\"III MEMORIAL LUIS ARAGON\u00c9S. VILLARREAL CF - RAYO VALLECANO, 3-1\" align=\"left\" width=\"800\" height=\"534\" srcset=\"https:\/\/www.intersoccermadrid.com\/wp-content\/uploads\/2016\/06\/2016_3mla_vil_rvm_j3_03.jpg 800w, https:\/\/www.intersoccermadrid.com\/wp-content\/uploads\/2016\/06\/2016_3mla_vil_rvm_j3_03-300x200.jpg 300w, https:\/\/www.intersoccermadrid.com\/wp-content\/uploads\/2016\/06\/2016_3mla_vil_rvm_j3_03-768x513.jpg 768w\" sizes=\"(max-width: 800px) 100vw, 800px\" \/><\/p>\n<p><img decoding=\"async\" loading=\"lazy\" class=\" alignleft size-full wp-image-5559\" src=\"https:\/\/www.intersoccermadrid.com\/wp-content\/uploads\/2016\/06\/2016_3mla_vil_rvm_j3_04.jpg\" border=\"0\" alt=\"III MEMORIAL LUIS ARAGON\u00c9S. VILLARREAL CF - RAYO VALLECANO, 3-1\" title=\"III MEMORIAL LUIS ARAGON\u00c9S. VILLARREAL CF - RAYO VALLECANO, 3-1\" align=\"left\" width=\"800\" height=\"533\" srcset=\"https:\/\/www.intersoccermadrid.com\/wp-content\/uploads\/2016\/06\/2016_3mla_vil_rvm_j3_04.jpg 800w, https:\/\/www.intersoccermadrid.com\/wp-content\/uploads\/2016\/06\/2016_3mla_vil_rvm_j3_04-300x200.jpg 300w, https:\/\/www.intersoccermadrid.com\/wp-content\/uploads\/2016\/06\/2016_3mla_vil_rvm_j3_04-768x512.jpg 768w\" sizes=\"(max-width: 800px) 100vw, 800px\" \/><\/p>\n<p><img decoding=\"async\" loading=\"lazy\" class=\" alignleft size-full wp-image-5560\" src=\"https:\/\/www.intersoccermadrid.com\/wp-content\/uploads\/2016\/06\/2016_3mla_vil_rvm_j3_05.jpg\" border=\"0\" alt=\"III MEMORIAL LUIS ARAGON\u00c9S. VILLARREAL CF - RAYO VALLECANO, 3-1\" title=\"III MEMORIAL LUIS ARAGON\u00c9S. VILLARREAL CF - RAYO VALLECANO, 3-1\" align=\"left\" width=\"800\" height=\"533\" srcset=\"https:\/\/www.intersoccermadrid.com\/wp-content\/uploads\/2016\/06\/2016_3mla_vil_rvm_j3_05.jpg 800w, https:\/\/www.intersoccermadrid.com\/wp-content\/uploads\/2016\/06\/2016_3mla_vil_rvm_j3_05-300x200.jpg 300w, https:\/\/www.intersoccermadrid.com\/wp-content\/uploads\/2016\/06\/2016_3mla_vil_rvm_j3_05-768x512.jpg 768w\" sizes=\"(max-width: 800px) 100vw, 800px\" \/><\/p>\n<p><img decoding=\"async\" loading=\"lazy\" class=\" alignleft size-full wp-image-5561\" src=\"https:\/\/www.intersoccermadrid.com\/wp-content\/uploads\/2016\/06\/2016_3mla_vil_rvm_j3_06.jpg\" border=\"0\" alt=\"III MEMORIAL LUIS ARAGON\u00c9S. VILLARREAL CF - RAYO VALLECANO, 3-1\" title=\"III MEMORIAL LUIS ARAGON\u00c9S. VILLARREAL CF - RAYO VALLECANO, 3-1\" align=\"left\" width=\"800\" height=\"538\" srcset=\"https:\/\/www.intersoccermadrid.com\/wp-content\/uploads\/2016\/06\/2016_3mla_vil_rvm_j3_06.jpg 800w, https:\/\/www.intersoccermadrid.com\/wp-content\/uploads\/2016\/06\/2016_3mla_vil_rvm_j3_06-300x202.jpg 300w, https:\/\/www.intersoccermadrid.com\/wp-content\/uploads\/2016\/06\/2016_3mla_vil_rvm_j3_06-768x516.jpg 768w\" sizes=\"(max-width: 800px) 100vw, 800px\" \/><\/p>\n<p><img decoding=\"async\" loading=\"lazy\" class=\" alignleft size-full wp-image-5562\" src=\"https:\/\/www.intersoccermadrid.com\/wp-content\/uploads\/2016\/06\/2016_3mla_vil_rvm_j3_07.jpg\" border=\"0\" alt=\"III MEMORIAL LUIS ARAGON\u00c9S. VILLARREAL CF - RAYO VALLECANO, 3-1\" title=\"III MEMORIAL LUIS ARAGON\u00c9S. VILLARREAL CF - RAYO VALLECANO, 3-1\" align=\"left\" width=\"800\" height=\"436\" srcset=\"https:\/\/www.intersoccermadrid.com\/wp-content\/uploads\/2016\/06\/2016_3mla_vil_rvm_j3_07.jpg 800w, https:\/\/www.intersoccermadrid.com\/wp-content\/uploads\/2016\/06\/2016_3mla_vil_rvm_j3_07-300x164.jpg 300w, https:\/\/www.intersoccermadrid.com\/wp-content\/uploads\/2016\/06\/2016_3mla_vil_rvm_j3_07-768x419.jpg 768w\" sizes=\"(max-width: 800px) 100vw, 800px\" \/><\/p>\n<p><img decoding=\"async\" loading=\"lazy\" class=\" alignleft size-full wp-image-5563\" src=\"https:\/\/www.intersoccermadrid.com\/wp-content\/uploads\/2016\/06\/2016_3mla_vil_rvm_j3_08.jpg\" border=\"0\" alt=\"III MEMORIAL LUIS ARAGON\u00c9S. VILLARREAL CF - RAYO VALLECANO, 3-1\" title=\"III MEMORIAL LUIS ARAGON\u00c9S. VILLARREAL CF - RAYO VALLECANO, 3-1\" align=\"left\" width=\"784\" height=\"600\" srcset=\"https:\/\/www.intersoccermadrid.com\/wp-content\/uploads\/2016\/06\/2016_3mla_vil_rvm_j3_08.jpg 784w, https:\/\/www.intersoccermadrid.com\/wp-content\/uploads\/2016\/06\/2016_3mla_vil_rvm_j3_08-300x230.jpg 300w, https:\/\/www.intersoccermadrid.com\/wp-content\/uploads\/2016\/06\/2016_3mla_vil_rvm_j3_08-768x588.jpg 768w\" sizes=\"(max-width: 784px) 100vw, 784px\" \/><\/p>\n<p><img decoding=\"async\" loading=\"lazy\" class=\" alignleft size-full wp-image-5564\" src=\"https:\/\/www.intersoccermadrid.com\/wp-content\/uploads\/2016\/06\/2016_3mla_vil_rvm_j3_09.jpg\" border=\"0\" alt=\"III MEMORIAL LUIS ARAGON\u00c9S. VILLARREAL CF - RAYO VALLECANO, 3-1\" title=\"III MEMORIAL LUIS ARAGON\u00c9S. VILLARREAL CF - RAYO VALLECANO, 3-1\" align=\"left\" width=\"800\" height=\"533\" srcset=\"https:\/\/www.intersoccermadrid.com\/wp-content\/uploads\/2016\/06\/2016_3mla_vil_rvm_j3_09.jpg 800w, https:\/\/www.intersoccermadrid.com\/wp-content\/uploads\/2016\/06\/2016_3mla_vil_rvm_j3_09-300x200.jpg 300w, https:\/\/www.intersoccermadrid.com\/wp-content\/uploads\/2016\/06\/2016_3mla_vil_rvm_j3_09-768x512.jpg 768w\" sizes=\"(max-width: 800px) 100vw, 800px\" \/><\/p>\n<p><img decoding=\"async\" loading=\"lazy\" class=\" alignleft size-full wp-image-5565\" src=\"https:\/\/www.intersoccermadrid.com\/wp-content\/uploads\/2016\/06\/2016_3mla_vil_rvm_j3_10.jpg\" border=\"0\" alt=\"III MEMORIAL LUIS ARAGON\u00c9S. VILLARREAL CF - RAYO VALLECANO, 3-1\" title=\"III MEMORIAL LUIS ARAGON\u00c9S. VILLARREAL CF - RAYO VALLECANO, 3-1\" align=\"left\" width=\"608\" height=\"600\" srcset=\"https:\/\/www.intersoccermadrid.com\/wp-content\/uploads\/2016\/06\/2016_3mla_vil_rvm_j3_10.jpg 608w, https:\/\/www.intersoccermadrid.com\/wp-content\/uploads\/2016\/06\/2016_3mla_vil_rvm_j3_10-300x296.jpg 300w, https:\/\/www.intersoccermadrid.com\/wp-content\/uploads\/2016\/06\/2016_3mla_vil_rvm_j3_10-100x100.jpg 100w\" sizes=\"(max-width: 608px) 100vw, 608px\" \/><\/p>\n<p><img decoding=\"async\" loading=\"lazy\" class=\" alignleft size-full wp-image-5566\" src=\"https:\/\/www.intersoccermadrid.com\/wp-content\/uploads\/2016\/06\/2016_3mla_vil_rvm_j3_11.jpg\" border=\"0\" alt=\"III MEMORIAL LUIS ARAGON\u00c9S. VILLARREAL CF - RAYO VALLECANO, 3-1\" title=\"III MEMORIAL LUIS ARAGON\u00c9S. VILLARREAL CF - RAYO VALLECANO, 3-1\" align=\"left\" width=\"800\" height=\"523\" srcset=\"https:\/\/www.intersoccermadrid.com\/wp-content\/uploads\/2016\/06\/2016_3mla_vil_rvm_j3_11.jpg 800w, https:\/\/www.intersoccermadrid.com\/wp-content\/uploads\/2016\/06\/2016_3mla_vil_rvm_j3_11-300x196.jpg 300w, https:\/\/www.intersoccermadrid.com\/wp-content\/uploads\/2016\/06\/2016_3mla_vil_rvm_j3_11-768x502.jpg 768w\" sizes=\"(max-width: 800px) 100vw, 800px\" \/><\/p>\n<p><img decoding=\"async\" loading=\"lazy\" class=\" alignleft size-full wp-image-5567\" src=\"https:\/\/www.intersoccermadrid.com\/wp-content\/uploads\/2016\/06\/2016_3mla_vil_rvm_j3_12.jpg\" border=\"0\" alt=\"III MEMORIAL LUIS ARAGON\u00c9S. VILLARREAL CF - RAYO VALLECANO, 3-1\" title=\"III MEMORIAL LUIS ARAGON\u00c9S. VILLARREAL CF - RAYO VALLECANO, 3-1\" align=\"left\" width=\"800\" height=\"510\" srcset=\"https:\/\/www.intersoccermadrid.com\/wp-content\/uploads\/2016\/06\/2016_3mla_vil_rvm_j3_12.jpg 800w, https:\/\/www.intersoccermadrid.com\/wp-content\/uploads\/2016\/06\/2016_3mla_vil_rvm_j3_12-300x191.jpg 300w, https:\/\/www.intersoccermadrid.com\/wp-content\/uploads\/2016\/06\/2016_3mla_vil_rvm_j3_12-768x490.jpg 768w\" sizes=\"(max-width: 800px) 100vw, 800px\" \/><\/p>\n<p><img decoding=\"async\" loading=\"lazy\" class=\" alignleft size-full wp-image-5568\" src=\"https:\/\/www.intersoccermadrid.com\/wp-content\/uploads\/2016\/06\/2016_3mla_vil_rvm_j3_13.jpg\" border=\"0\" alt=\"III MEMORIAL LUIS ARAGON\u00c9S. VILLARREAL CF - RAYO VALLECANO, 3-1\" title=\"III MEMORIAL LUIS ARAGON\u00c9S. VILLARREAL CF - RAYO VALLECANO, 3-1\" align=\"left\" width=\"800\" height=\"413\" srcset=\"https:\/\/www.intersoccermadrid.com\/wp-content\/uploads\/2016\/06\/2016_3mla_vil_rvm_j3_13.jpg 800w, https:\/\/www.intersoccermadrid.com\/wp-content\/uploads\/2016\/06\/2016_3mla_vil_rvm_j3_13-300x155.jpg 300w, https:\/\/www.intersoccermadrid.com\/wp-content\/uploads\/2016\/06\/2016_3mla_vil_rvm_j3_13-768x396.jpg 768w\" sizes=\"(max-width: 800px) 100vw, 800px\" \/><\/p>\n<p><img decoding=\"async\" loading=\"lazy\" class=\" alignleft size-full wp-image-5569\" src=\"https:\/\/www.intersoccermadrid.com\/wp-content\/uploads\/2016\/06\/2016_3mla_vil_rvm_j3_14.jpg\" border=\"0\" alt=\"III MEMORIAL LUIS ARAGON\u00c9S. VILLARREAL CF - RAYO VALLECANO, 3-1\" title=\"III MEMORIAL LUIS ARAGON\u00c9S. VILLARREAL CF - RAYO VALLECANO, 3-1\" align=\"left\" width=\"800\" height=\"533\" srcset=\"https:\/\/www.intersoccermadrid.com\/wp-content\/uploads\/2016\/06\/2016_3mla_vil_rvm_j3_14.jpg 800w, https:\/\/www.intersoccermadrid.com\/wp-content\/uploads\/2016\/06\/2016_3mla_vil_rvm_j3_14-300x200.jpg 300w, https:\/\/www.intersoccermadrid.com\/wp-content\/uploads\/2016\/06\/2016_3mla_vil_rvm_j3_14-768x512.jpg 768w\" sizes=\"(max-width: 800px) 100vw, 800px\" \/><\/p>\n<p><img decoding=\"async\" loading=\"lazy\" class=\" alignleft size-full wp-image-5570\" src=\"https:\/\/www.intersoccermadrid.com\/wp-content\/uploads\/2016\/06\/2016_3mla_vil_rvm_j3_15.jpg\" border=\"0\" alt=\"III MEMORIAL LUIS ARAGON\u00c9S. VILLARREAL CF - RAYO VALLECANO, 3-1\" title=\"III MEMORIAL LUIS ARAGON\u00c9S. VILLARREAL CF - RAYO VALLECANO, 3-1\" align=\"left\" width=\"796\" height=\"600\" srcset=\"https:\/\/www.intersoccermadrid.com\/wp-content\/uploads\/2016\/06\/2016_3mla_vil_rvm_j3_15.jpg 796w, https:\/\/www.intersoccermadrid.com\/wp-content\/uploads\/2016\/06\/2016_3mla_vil_rvm_j3_15-300x226.jpg 300w, https:\/\/www.intersoccermadrid.com\/wp-content\/uploads\/2016\/06\/2016_3mla_vil_rvm_j3_15-768x579.jpg 768w\" sizes=\"(max-width: 796px) 100vw, 796px\" \/><\/p>\n<p><img decoding=\"async\" loading=\"lazy\" class=\" alignleft size-full wp-image-5571\" src=\"https:\/\/www.intersoccermadrid.com\/wp-content\/uploads\/2016\/06\/2016_3mla_vil_rvm_j3_16.jpg\" border=\"0\" alt=\"III MEMORIAL LUIS ARAGON\u00c9S. VILLARREAL CF - RAYO VALLECANO, 3-1\" title=\"III MEMORIAL LUIS ARAGON\u00c9S. VILLARREAL CF - RAYO VALLECANO, 3-1\" align=\"left\" width=\"787\" height=\"600\" srcset=\"https:\/\/www.intersoccermadrid.com\/wp-content\/uploads\/2016\/06\/2016_3mla_vil_rvm_j3_16.jpg 787w, https:\/\/www.intersoccermadrid.com\/wp-content\/uploads\/2016\/06\/2016_3mla_vil_rvm_j3_16-300x229.jpg 300w, https:\/\/www.intersoccermadrid.com\/wp-content\/uploads\/2016\/06\/2016_3mla_vil_rvm_j3_16-768x586.jpg 768w\" sizes=\"(max-width: 787px) 100vw, 787px\" \/><\/p>\n<p><img decoding=\"async\" loading=\"lazy\" class=\" alignleft size-full wp-image-5572\" src=\"https:\/\/www.intersoccermadrid.com\/wp-content\/uploads\/2016\/06\/2016_3mla_vil_rvm_j3_17.jpg\" border=\"0\" alt=\"III MEMORIAL LUIS ARAGON\u00c9S. VILLARREAL CF - RAYO VALLECANO, 3-1\" title=\"III MEMORIAL LUIS ARAGON\u00c9S. VILLARREAL CF - RAYO VALLECANO, 3-1\" align=\"left\" width=\"800\" height=\"528\" srcset=\"https:\/\/www.intersoccermadrid.com\/wp-content\/uploads\/2016\/06\/2016_3mla_vil_rvm_j3_17.jpg 800w, https:\/\/www.intersoccermadrid.com\/wp-content\/uploads\/2016\/06\/2016_3mla_vil_rvm_j3_17-300x198.jpg 300w, https:\/\/www.intersoccermadrid.com\/wp-content\/uploads\/2016\/06\/2016_3mla_vil_rvm_j3_17-768x507.jpg 768w\" sizes=\"(max-width: 800px) 100vw, 800px\" \/><\/p>\n<p><img decoding=\"async\" loading=\"lazy\" class=\" alignleft size-full wp-image-5573\" src=\"https:\/\/www.intersoccermadrid.com\/wp-content\/uploads\/2016\/06\/2016_3mla_vil_rvm_j3_18.jpg\" border=\"0\" alt=\"III MEMORIAL LUIS ARAGON\u00c9S. VILLARREAL CF - RAYO VALLECANO, 3-1\" title=\"III MEMORIAL LUIS ARAGON\u00c9S. VILLARREAL CF - RAYO VALLECANO, 3-1\" align=\"left\" width=\"800\" height=\"508\" srcset=\"https:\/\/www.intersoccermadrid.com\/wp-content\/uploads\/2016\/06\/2016_3mla_vil_rvm_j3_18.jpg 800w, https:\/\/www.intersoccermadrid.com\/wp-content\/uploads\/2016\/06\/2016_3mla_vil_rvm_j3_18-300x191.jpg 300w, https:\/\/www.intersoccermadrid.com\/wp-content\/uploads\/2016\/06\/2016_3mla_vil_rvm_j3_18-768x488.jpg 768w\" sizes=\"(max-width: 800px) 100vw, 800px\" \/><\/p>\n<p><img decoding=\"async\" loading=\"lazy\" class=\" alignleft size-full wp-image-5574\" src=\"https:\/\/www.intersoccermadrid.com\/wp-content\/uploads\/2016\/06\/2016_3mla_vil_rvm_j3_19.jpg\" border=\"0\" alt=\"III MEMORIAL LUIS ARAGON\u00c9S. VILLARREAL CF - RAYO VALLECANO, 3-1\" title=\"III MEMORIAL LUIS ARAGON\u00c9S. VILLARREAL CF - RAYO VALLECANO, 3-1\" align=\"left\" width=\"800\" height=\"503\" srcset=\"https:\/\/www.intersoccermadrid.com\/wp-content\/uploads\/2016\/06\/2016_3mla_vil_rvm_j3_19.jpg 800w, https:\/\/www.intersoccermadrid.com\/wp-content\/uploads\/2016\/06\/2016_3mla_vil_rvm_j3_19-300x189.jpg 300w, https:\/\/www.intersoccermadrid.com\/wp-content\/uploads\/2016\/06\/2016_3mla_vil_rvm_j3_19-768x483.jpg 768w\" sizes=\"(max-width: 800px) 100vw, 800px\" \/><\/p>\n<p><img decoding=\"async\" loading=\"lazy\" class=\" alignleft size-full wp-image-5575\" src=\"https:\/\/www.intersoccermadrid.com\/wp-content\/uploads\/2016\/06\/2016_3mla_vil_rvm_j3_20.jpg\" border=\"0\" alt=\"III MEMORIAL LUIS ARAGON\u00c9S. VILLARREAL CF - RAYO VALLECANO, 3-1\" title=\"III MEMORIAL LUIS ARAGON\u00c9S. VILLARREAL CF - RAYO VALLECANO, 3-1\" align=\"left\" width=\"800\" height=\"600\" srcset=\"https:\/\/www.intersoccermadrid.com\/wp-content\/uploads\/2016\/06\/2016_3mla_vil_rvm_j3_20.jpg 800w, https:\/\/www.intersoccermadrid.com\/wp-content\/uploads\/2016\/06\/2016_3mla_vil_rvm_j3_20-300x225.jpg 300w, https:\/\/www.intersoccermadrid.com\/wp-content\/uploads\/2016\/06\/2016_3mla_vil_rvm_j3_20-768x576.jpg 768w\" sizes=\"(max-width: 800px) 100vw, 800px\" \/><\/p>\n<p><img decoding=\"async\" loading=\"lazy\" class=\" alignleft size-full wp-image-5576\" src=\"https:\/\/www.intersoccermadrid.com\/wp-content\/uploads\/2016\/06\/2016_3mla_vil_rvm_j3_21.jpg\" border=\"0\" alt=\"III MEMORIAL LUIS ARAGON\u00c9S. VILLARREAL CF - RAYO VALLECANO, 3-1\" title=\"III MEMORIAL LUIS ARAGON\u00c9S. VILLARREAL CF - RAYO VALLECANO, 3-1\" align=\"left\" width=\"800\" height=\"600\" srcset=\"https:\/\/www.intersoccermadrid.com\/wp-content\/uploads\/2016\/06\/2016_3mla_vil_rvm_j3_21.jpg 800w, https:\/\/www.intersoccermadrid.com\/wp-content\/uploads\/2016\/06\/2016_3mla_vil_rvm_j3_21-300x225.jpg 300w, https:\/\/www.intersoccermadrid.com\/wp-content\/uploads\/2016\/06\/2016_3mla_vil_rvm_j3_21-768x576.jpg 768w\" sizes=\"(max-width: 800px) 100vw, 800px\" \/><\/p>\n<p><img decoding=\"async\" loading=\"lazy\" class=\" alignleft size-full wp-image-5577\" src=\"https:\/\/www.intersoccermadrid.com\/wp-content\/uploads\/2016\/06\/2016_3mla_vil_rvm_j3_22.jpg\" border=\"0\" alt=\"III MEMORIAL LUIS ARAGON\u00c9S. VILLARREAL CF - RAYO VALLECANO, 3-1\" title=\"III MEMORIAL LUIS ARAGON\u00c9S. VILLARREAL CF - RAYO VALLECANO, 3-1\" align=\"left\" width=\"800\" height=\"600\" srcset=\"https:\/\/www.intersoccermadrid.com\/wp-content\/uploads\/2016\/06\/2016_3mla_vil_rvm_j3_22.jpg 800w, https:\/\/www.intersoccermadrid.com\/wp-content\/uploads\/2016\/06\/2016_3mla_vil_rvm_j3_22-300x225.jpg 300w, https:\/\/www.intersoccermadrid.com\/wp-content\/uploads\/2016\/06\/2016_3mla_vil_rvm_j3_22-768x576.jpg 768w\" sizes=\"(max-width: 800px) 100vw, 800px\" \/><\/p>\n<p><img decoding=\"async\" loading=\"lazy\" class=\" alignleft size-full wp-image-5578\" src=\"https:\/\/www.intersoccermadrid.com\/wp-content\/uploads\/2016\/06\/2016_3mla_vil_rvm_j3_23.jpg\" border=\"0\" alt=\"III MEMORIAL LUIS ARAGON\u00c9S. VILLARREAL CF - RAYO VALLECANO, 3-1\" title=\"III MEMORIAL LUIS ARAGON\u00c9S. VILLARREAL CF - RAYO VALLECANO, 3-1\" align=\"left\" width=\"800\" height=\"600\" srcset=\"https:\/\/www.intersoccermadrid.com\/wp-content\/uploads\/2016\/06\/2016_3mla_vil_rvm_j3_23.jpg 800w, https:\/\/www.intersoccermadrid.com\/wp-content\/uploads\/2016\/06\/2016_3mla_vil_rvm_j3_23-300x225.jpg 300w, https:\/\/www.intersoccermadrid.com\/wp-content\/uploads\/2016\/06\/2016_3mla_vil_rvm_j3_23-768x576.jpg 768w\" sizes=\"(max-width: 800px) 100vw, 800px\" \/><\/p>\n<p><img decoding=\"async\" loading=\"lazy\" class=\" alignleft size-full wp-image-5579\" src=\"https:\/\/www.intersoccermadrid.com\/wp-content\/uploads\/2016\/06\/2016_3mla_vil_rvm_j3_24.jpg\" border=\"0\" alt=\"III MEMORIAL LUIS ARAGON\u00c9S. VILLARREAL CF - RAYO VALLECANO, 3-1\" title=\"III MEMORIAL LUIS ARAGON\u00c9S. VILLARREAL CF - RAYO VALLECANO, 3-1\" align=\"left\" width=\"800\" height=\"600\" srcset=\"https:\/\/www.intersoccermadrid.com\/wp-content\/uploads\/2016\/06\/2016_3mla_vil_rvm_j3_24.jpg 800w, https:\/\/www.intersoccermadrid.com\/wp-content\/uploads\/2016\/06\/2016_3mla_vil_rvm_j3_24-300x225.jpg 300w, https:\/\/www.intersoccermadrid.com\/wp-content\/uploads\/2016\/06\/2016_3mla_vil_rvm_j3_24-768x576.jpg 768w\" sizes=\"(max-width: 800px) 100vw, 800px\" \/><\/p>\n<p><img decoding=\"async\" loading=\"lazy\" class=\" alignleft size-full wp-image-5580\" src=\"https:\/\/www.intersoccermadrid.com\/wp-content\/uploads\/2016\/06\/2016_3mla_vil_rvm_j3_25.jpg\" border=\"0\" alt=\"III MEMORIAL LUIS ARAGON\u00c9S. VILLARREAL CF - RAYO VALLECANO, 3-1\" title=\"III MEMORIAL LUIS ARAGON\u00c9S. VILLARREAL CF - RAYO VALLECANO, 3-1\" align=\"left\" width=\"800\" height=\"600\" srcset=\"https:\/\/www.intersoccermadrid.com\/wp-content\/uploads\/2016\/06\/2016_3mla_vil_rvm_j3_25.jpg 800w, https:\/\/www.intersoccermadrid.com\/wp-content\/uploads\/2016\/06\/2016_3mla_vil_rvm_j3_25-300x225.jpg 300w, https:\/\/www.intersoccermadrid.com\/wp-content\/uploads\/2016\/06\/2016_3mla_vil_rvm_j3_25-768x576.jpg 768w\" sizes=\"(max-width: 800px) 100vw, 800px\" \/><\/p>\n<p><img decoding=\"async\" loading=\"lazy\" class=\" alignleft size-full wp-image-5581\" src=\"https:\/\/www.intersoccermadrid.com\/wp-content\/uploads\/2016\/06\/2016_3mla_vil_rvm_j3_26.jpg\" border=\"0\" alt=\"III MEMORIAL LUIS ARAGON\u00c9S. VILLARREAL CF - RAYO VALLECANO, 3-1\" title=\"III MEMORIAL LUIS ARAGON\u00c9S. VILLARREAL CF - RAYO VALLECANO, 3-1\" align=\"left\" width=\"800\" height=\"533\" srcset=\"https:\/\/www.intersoccermadrid.com\/wp-content\/uploads\/2016\/06\/2016_3mla_vil_rvm_j3_26.jpg 800w, https:\/\/www.intersoccermadrid.com\/wp-content\/uploads\/2016\/06\/2016_3mla_vil_rvm_j3_26-300x200.jpg 300w, https:\/\/www.intersoccermadrid.com\/wp-content\/uploads\/2016\/06\/2016_3mla_vil_rvm_j3_26-768x512.jpg 768w\" sizes=\"(max-width: 800px) 100vw, 800px\" \/><\/p>\n<p><img decoding=\"async\" loading=\"lazy\" class=\" alignleft size-full wp-image-5582\" src=\"https:\/\/www.intersoccermadrid.com\/wp-content\/uploads\/2016\/06\/2016_3mla_vil_rvm_j3_27.jpg\" border=\"0\" alt=\"III MEMORIAL LUIS ARAGON\u00c9S. VILLARREAL CF - RAYO VALLECANO, 3-1\" title=\"III MEMORIAL LUIS ARAGON\u00c9S. VILLARREAL CF - RAYO VALLECANO, 3-1\" align=\"left\" width=\"800\" height=\"531\" srcset=\"https:\/\/www.intersoccermadrid.com\/wp-content\/uploads\/2016\/06\/2016_3mla_vil_rvm_j3_27.jpg 800w, https:\/\/www.intersoccermadrid.com\/wp-content\/uploads\/2016\/06\/2016_3mla_vil_rvm_j3_27-300x199.jpg 300w, https:\/\/www.intersoccermadrid.com\/wp-content\/uploads\/2016\/06\/2016_3mla_vil_rvm_j3_27-768x510.jpg 768w\" sizes=\"(max-width: 800px) 100vw, 800px\" \/><\/p>\n<p><img decoding=\"async\" loading=\"lazy\" class=\" alignleft size-full wp-image-5583\" src=\"https:\/\/www.intersoccermadrid.com\/wp-content\/uploads\/2016\/06\/2016_3mla_vil_rvm_j3_28.jpg\" border=\"0\" alt=\"III MEMORIAL LUIS ARAGON\u00c9S. VILLARREAL CF - RAYO VALLECANO, 3-1\" title=\"III MEMORIAL LUIS ARAGON\u00c9S. VILLARREAL CF - RAYO VALLECANO, 3-1\" align=\"left\" width=\"800\" height=\"583\" srcset=\"https:\/\/www.intersoccermadrid.com\/wp-content\/uploads\/2016\/06\/2016_3mla_vil_rvm_j3_28.jpg 800w, https:\/\/www.intersoccermadrid.com\/wp-content\/uploads\/2016\/06\/2016_3mla_vil_rvm_j3_28-300x219.jpg 300w, https:\/\/www.intersoccermadrid.com\/wp-content\/uploads\/2016\/06\/2016_3mla_vil_rvm_j3_28-768x560.jpg 768w\" sizes=\"(max-width: 800px) 100vw, 800px\" \/><\/p>\n<p><img decoding=\"async\" loading=\"lazy\" class=\" alignleft size-full wp-image-5584\" src=\"https:\/\/www.intersoccermadrid.com\/wp-content\/uploads\/2016\/06\/2016_3mla_vil_rvm_j3_29.jpg\" border=\"0\" alt=\"III MEMORIAL LUIS ARAGON\u00c9S. VILLARREAL CF - RAYO VALLECANO, 3-1\" title=\"III MEMORIAL LUIS ARAGON\u00c9S. VILLARREAL CF - RAYO VALLECANO, 3-1\" align=\"left\" width=\"800\" height=\"533\" srcset=\"https:\/\/www.intersoccermadrid.com\/wp-content\/uploads\/2016\/06\/2016_3mla_vil_rvm_j3_29.jpg 800w, https:\/\/www.intersoccermadrid.com\/wp-content\/uploads\/2016\/06\/2016_3mla_vil_rvm_j3_29-300x200.jpg 300w, https:\/\/www.intersoccermadrid.com\/wp-content\/uploads\/2016\/06\/2016_3mla_vil_rvm_j3_29-768x512.jpg 768w\" sizes=\"(max-width: 800px) 100vw, 800px\" \/><\/p>\n<p><img decoding=\"async\" loading=\"lazy\" class=\" alignleft size-full wp-image-5585\" src=\"https:\/\/www.intersoccermadrid.com\/wp-content\/uploads\/2016\/06\/2016_3mla_vil_rvm_j3_30.jpg\" border=\"0\" alt=\"III MEMORIAL LUIS ARAGON\u00c9S. VILLARREAL CF - RAYO VALLECANO, 3-1\" title=\"III MEMORIAL LUIS ARAGON\u00c9S. VILLARREAL CF - RAYO VALLECANO, 3-1\" align=\"left\" width=\"800\" height=\"533\" srcset=\"https:\/\/www.intersoccermadrid.com\/wp-content\/uploads\/2016\/06\/2016_3mla_vil_rvm_j3_30.jpg 800w, https:\/\/www.intersoccermadrid.com\/wp-content\/uploads\/2016\/06\/2016_3mla_vil_rvm_j3_30-300x200.jpg 300w, https:\/\/www.intersoccermadrid.com\/wp-content\/uploads\/2016\/06\/2016_3mla_vil_rvm_j3_30-768x512.jpg 768w\" sizes=\"(max-width: 800px) 100vw, 800px\" \/><\/p>\n<p><img decoding=\"async\" loading=\"lazy\" class=\" alignleft size-full wp-image-5586\" src=\"https:\/\/www.intersoccermadrid.com\/wp-content\/uploads\/2016\/06\/2016_3mla_vil_rvm_j3_31.jpg\" border=\"0\" alt=\"III MEMORIAL LUIS ARAGON\u00c9S. VILLARREAL CF - RAYO VALLECANO, 3-1\" title=\"III MEMORIAL LUIS ARAGON\u00c9S. VILLARREAL CF - RAYO VALLECANO, 3-1\" align=\"left\" width=\"800\" height=\"413\" srcset=\"https:\/\/www.intersoccermadrid.com\/wp-content\/uploads\/2016\/06\/2016_3mla_vil_rvm_j3_31.jpg 800w, https:\/\/www.intersoccermadrid.com\/wp-content\/uploads\/2016\/06\/2016_3mla_vil_rvm_j3_31-300x155.jpg 300w, https:\/\/www.intersoccermadrid.com\/wp-content\/uploads\/2016\/06\/2016_3mla_vil_rvm_j3_31-768x396.jpg 768w\" sizes=\"(max-width: 800px) 100vw, 800px\" \/><\/p>\n<p><img decoding=\"async\" loading=\"lazy\" class=\" alignleft size-full wp-image-5587\" src=\"https:\/\/www.intersoccermadrid.com\/wp-content\/uploads\/2016\/06\/2016_3mla_vil_rvm_j3_32.jpg\" border=\"0\" alt=\"III MEMORIAL LUIS ARAGON\u00c9S. VILLARREAL CF - RAYO VALLECANO, 3-1\" title=\"III MEMORIAL LUIS ARAGON\u00c9S. VILLARREAL CF - RAYO VALLECANO, 3-1\" align=\"left\" width=\"800\" height=\"568\" srcset=\"https:\/\/www.intersoccermadrid.com\/wp-content\/uploads\/2016\/06\/2016_3mla_vil_rvm_j3_32.jpg 800w, https:\/\/www.intersoccermadrid.com\/wp-content\/uploads\/2016\/06\/2016_3mla_vil_rvm_j3_32-300x213.jpg 300w, https:\/\/www.intersoccermadrid.com\/wp-content\/uploads\/2016\/06\/2016_3mla_vil_rvm_j3_32-768x545.jpg 768w\" sizes=\"(max-width: 800px) 100vw, 800px\" \/><\/p>\n<p><img decoding=\"async\" loading=\"lazy\" class=\" alignleft size-full wp-image-5588\" src=\"https:\/\/www.intersoccermadrid.com\/wp-content\/uploads\/2016\/06\/2016_3mla_vil_rvm_j3_33.jpg\" border=\"0\" alt=\"III MEMORIAL LUIS ARAGON\u00c9S. VILLARREAL CF - RAYO VALLECANO, 3-1\" title=\"III MEMORIAL LUIS ARAGON\u00c9S. VILLARREAL CF - RAYO VALLECANO, 3-1\" align=\"left\" width=\"800\" height=\"568\" srcset=\"https:\/\/www.intersoccermadrid.com\/wp-content\/uploads\/2016\/06\/2016_3mla_vil_rvm_j3_33.jpg 800w, https:\/\/www.intersoccermadrid.com\/wp-content\/uploads\/2016\/06\/2016_3mla_vil_rvm_j3_33-300x213.jpg 300w, https:\/\/www.intersoccermadrid.com\/wp-content\/uploads\/2016\/06\/2016_3mla_vil_rvm_j3_33-768x545.jpg 768w\" sizes=\"(max-width: 800px) 100vw, 800px\" \/><\/p>\n<p><img decoding=\"async\" loading=\"lazy\" class=\" alignleft size-full wp-image-5589\" src=\"https:\/\/www.intersoccermadrid.com\/wp-content\/uploads\/2016\/06\/2016_3mla_vil_rvm_j3_34.jpg\" border=\"0\" alt=\"III MEMORIAL LUIS ARAGON\u00c9S. VILLARREAL CF - RAYO VALLECANO, 3-1\" title=\"III MEMORIAL LUIS ARAGON\u00c9S. VILLARREAL CF - RAYO VALLECANO, 3-1\" align=\"left\" width=\"800\" height=\"600\" srcset=\"https:\/\/www.intersoccermadrid.com\/wp-content\/uploads\/2016\/06\/2016_3mla_vil_rvm_j3_34.jpg 800w, https:\/\/www.intersoccermadrid.com\/wp-content\/uploads\/2016\/06\/2016_3mla_vil_rvm_j3_34-300x225.jpg 300w, https:\/\/www.intersoccermadrid.com\/wp-content\/uploads\/2016\/06\/2016_3mla_vil_rvm_j3_34-768x576.jpg 768w\" sizes=\"(max-width: 800px) 100vw, 800px\" \/><\/p>\n<p><img decoding=\"async\" loading=\"lazy\" class=\" alignleft size-full wp-image-5590\" src=\"https:\/\/www.intersoccermadrid.com\/wp-content\/uploads\/2016\/06\/2016_3mla_vil_rvm_j3_35.jpg\" border=\"0\" alt=\"III MEMORIAL LUIS ARAGON\u00c9S. VILLARREAL CF - RAYO VALLECANO, 3-1\" title=\"III MEMORIAL LUIS ARAGON\u00c9S. VILLARREAL CF - RAYO VALLECANO, 3-1\" align=\"left\" width=\"800\" height=\"392\" srcset=\"https:\/\/www.intersoccermadrid.com\/wp-content\/uploads\/2016\/06\/2016_3mla_vil_rvm_j3_35.jpg 800w, https:\/\/www.intersoccermadrid.com\/wp-content\/uploads\/2016\/06\/2016_3mla_vil_rvm_j3_35-300x147.jpg 300w, https:\/\/www.intersoccermadrid.com\/wp-content\/uploads\/2016\/06\/2016_3mla_vil_rvm_j3_35-768x376.jpg 768w\" sizes=\"(max-width: 800px) 100vw, 800px\" \/><\/p>\n<p><img decoding=\"async\" loading=\"lazy\" class=\" alignleft size-full wp-image-5591\" src=\"https:\/\/www.intersoccermadrid.com\/wp-content\/uploads\/2016\/06\/2016_3mla_vil_rvm_j3_36.jpg\" border=\"0\" alt=\"III MEMORIAL LUIS ARAGON\u00c9S. VILLARREAL CF - RAYO VALLECANO, 3-1\" title=\"III MEMORIAL LUIS ARAGON\u00c9S. VILLARREAL CF - RAYO VALLECANO, 3-1\" align=\"left\" width=\"800\" height=\"533\" srcset=\"https:\/\/www.intersoccermadrid.com\/wp-content\/uploads\/2016\/06\/2016_3mla_vil_rvm_j3_36.jpg 800w, https:\/\/www.intersoccermadrid.com\/wp-content\/uploads\/2016\/06\/2016_3mla_vil_rvm_j3_36-300x200.jpg 300w, https:\/\/www.intersoccermadrid.com\/wp-content\/uploads\/2016\/06\/2016_3mla_vil_rvm_j3_36-768x512.jpg 768w\" sizes=\"(max-width: 800px) 100vw, 800px\" \/><\/p>\n<p><img decoding=\"async\" loading=\"lazy\" class=\" alignleft size-full wp-image-5592\" src=\"https:\/\/www.intersoccermadrid.com\/wp-content\/uploads\/2016\/06\/2016_3mla_vil_rvm_j3_37.jpg\" border=\"0\" alt=\"III MEMORIAL LUIS ARAGON\u00c9S. VILLARREAL CF - RAYO VALLECANO, 3-1\" title=\"III MEMORIAL LUIS ARAGON\u00c9S. VILLARREAL CF - RAYO VALLECANO, 3-1\" align=\"left\" width=\"800\" height=\"571\" srcset=\"https:\/\/www.intersoccermadrid.com\/wp-content\/uploads\/2016\/06\/2016_3mla_vil_rvm_j3_37.jpg 800w, https:\/\/www.intersoccermadrid.com\/wp-content\/uploads\/2016\/06\/2016_3mla_vil_rvm_j3_37-300x214.jpg 300w, https:\/\/www.intersoccermadrid.com\/wp-content\/uploads\/2016\/06\/2016_3mla_vil_rvm_j3_37-768x548.jpg 768w\" sizes=\"(max-width: 800px) 100vw, 800px\" \/><\/p>\n<p><img decoding=\"async\" loading=\"lazy\" class=\" alignleft size-full wp-image-5593\" src=\"https:\/\/www.intersoccermadrid.com\/wp-content\/uploads\/2016\/06\/2016_3mla_vil_rvm_j3_38.jpg\" border=\"0\" alt=\"III MEMORIAL LUIS ARAGON\u00c9S. VILLARREAL CF - RAYO VALLECANO, 3-1\" title=\"III MEMORIAL LUIS ARAGON\u00c9S. VILLARREAL CF - RAYO VALLECANO, 3-1\" align=\"left\" width=\"800\" height=\"600\" srcset=\"https:\/\/www.intersoccermadrid.com\/wp-content\/uploads\/2016\/06\/2016_3mla_vil_rvm_j3_38.jpg 800w, https:\/\/www.intersoccermadrid.com\/wp-content\/uploads\/2016\/06\/2016_3mla_vil_rvm_j3_38-300x225.jpg 300w, https:\/\/www.intersoccermadrid.com\/wp-content\/uploads\/2016\/06\/2016_3mla_vil_rvm_j3_38-768x576.jpg 768w\" sizes=\"(max-width: 800px) 100vw, 800px\" \/><\/p>\n<p><img decoding=\"async\" loading=\"lazy\" class=\" alignleft size-full wp-image-5594\" src=\"https:\/\/www.intersoccermadrid.com\/wp-content\/uploads\/2016\/06\/2016_3mla_vil_rvm_j3_39.jpg\" border=\"0\" alt=\"III MEMORIAL LUIS ARAGON\u00c9S. VILLARREAL CF - RAYO VALLECANO, 3-1\" title=\"III MEMORIAL LUIS ARAGON\u00c9S. VILLARREAL CF - RAYO VALLECANO, 3-1\" align=\"left\" width=\"800\" height=\"555\" srcset=\"https:\/\/www.intersoccermadrid.com\/wp-content\/uploads\/2016\/06\/2016_3mla_vil_rvm_j3_39.jpg 800w, https:\/\/www.intersoccermadrid.com\/wp-content\/uploads\/2016\/06\/2016_3mla_vil_rvm_j3_39-300x208.jpg 300w, https:\/\/www.intersoccermadrid.com\/wp-content\/uploads\/2016\/06\/2016_3mla_vil_rvm_j3_39-768x533.jpg 768w\" sizes=\"(max-width: 800px) 100vw, 800px\" \/><\/p>\n<p><img decoding=\"async\" loading=\"lazy\" class=\" alignleft size-full wp-image-5595\" src=\"https:\/\/www.intersoccermadrid.com\/wp-content\/uploads\/2016\/06\/2016_3mla_vil_rvm_j3_40.jpg\" border=\"0\" alt=\"III MEMORIAL LUIS ARAGON\u00c9S. VILLARREAL CF - RAYO VALLECANO, 3-1\" title=\"III MEMORIAL LUIS ARAGON\u00c9S. VILLARREAL CF - RAYO VALLECANO, 3-1\" align=\"left\" width=\"800\" height=\"548\" srcset=\"https:\/\/www.intersoccermadrid.com\/wp-content\/uploads\/2016\/06\/2016_3mla_vil_rvm_j3_40.jpg 800w, https:\/\/www.intersoccermadrid.com\/wp-content\/uploads\/2016\/06\/2016_3mla_vil_rvm_j3_40-300x206.jpg 300w, https:\/\/www.intersoccermadrid.com\/wp-content\/uploads\/2016\/06\/2016_3mla_vil_rvm_j3_40-768x526.jpg 768w\" sizes=\"(max-width: 800px) 100vw, 800px\" \/><\/p>\n<p><img decoding=\"async\" loading=\"lazy\" class=\" alignleft size-full wp-image-5596\" src=\"https:\/\/www.intersoccermadrid.com\/wp-content\/uploads\/2016\/06\/2016_3mla_vil_rvm_j3_41.jpg\" border=\"0\" alt=\"III MEMORIAL LUIS ARAGON\u00c9S. VILLARREAL CF - RAYO VALLECANO, 3-1\" title=\"III MEMORIAL LUIS ARAGON\u00c9S. VILLARREAL CF - RAYO VALLECANO, 3-1\" align=\"left\" width=\"800\" height=\"530\" srcset=\"https:\/\/www.intersoccermadrid.com\/wp-content\/uploads\/2016\/06\/2016_3mla_vil_rvm_j3_41.jpg 800w, https:\/\/www.intersoccermadrid.com\/wp-content\/uploads\/2016\/06\/2016_3mla_vil_rvm_j3_41-300x199.jpg 300w, https:\/\/www.intersoccermadrid.com\/wp-content\/uploads\/2016\/06\/2016_3mla_vil_rvm_j3_41-768x509.jpg 768w\" sizes=\"(max-width: 800px) 100vw, 800px\" \/><\/p>\n<p><img decoding=\"async\" loading=\"lazy\" class=\" alignleft size-full wp-image-5597\" src=\"https:\/\/www.intersoccermadrid.com\/wp-content\/uploads\/2016\/06\/2016_3mla_vil_rvm_j3_42.jpg\" border=\"0\" alt=\"III MEMORIAL LUIS ARAGON\u00c9S. VILLARREAL CF - RAYO VALLECANO, 3-1\" title=\"III MEMORIAL LUIS ARAGON\u00c9S. VILLARREAL CF - RAYO VALLECANO, 3-1\" align=\"left\" width=\"727\" height=\"600\" srcset=\"https:\/\/www.intersoccermadrid.com\/wp-content\/uploads\/2016\/06\/2016_3mla_vil_rvm_j3_42.jpg 727w, https:\/\/www.intersoccermadrid.com\/wp-content\/uploads\/2016\/06\/2016_3mla_vil_rvm_j3_42-300x248.jpg 300w\" sizes=\"(max-width: 727px) 100vw, 727px\" \/><\/p>\n<p><img decoding=\"async\" loading=\"lazy\" class=\" alignleft size-full wp-image-5598\" src=\"https:\/\/www.intersoccermadrid.com\/wp-content\/uploads\/2016\/06\/2016_3mla_vil_rvm_j3_43.jpg\" border=\"0\" alt=\"III MEMORIAL LUIS ARAGON\u00c9S. VILLARREAL CF - RAYO VALLECANO, 3-1\" title=\"III MEMORIAL LUIS ARAGON\u00c9S. VILLARREAL CF - RAYO VALLECANO, 3-1\" align=\"left\" width=\"800\" height=\"470\" srcset=\"https:\/\/www.intersoccermadrid.com\/wp-content\/uploads\/2016\/06\/2016_3mla_vil_rvm_j3_43.jpg 800w, https:\/\/www.intersoccermadrid.com\/wp-content\/uploads\/2016\/06\/2016_3mla_vil_rvm_j3_43-300x176.jpg 300w, https:\/\/www.intersoccermadrid.com\/wp-content\/uploads\/2016\/06\/2016_3mla_vil_rvm_j3_43-768x451.jpg 768w\" sizes=\"(max-width: 800px) 100vw, 800px\" \/><\/p>\n<p><img decoding=\"async\" loading=\"lazy\" class=\" alignleft size-full wp-image-5599\" src=\"https:\/\/www.intersoccermadrid.com\/wp-content\/uploads\/2016\/06\/2016_3mla_vil_rvm_j3_44.jpg\" border=\"0\" alt=\"III MEMORIAL LUIS ARAGON\u00c9S. VILLARREAL CF - RAYO VALLECANO, 3-1\" title=\"III MEMORIAL LUIS ARAGON\u00c9S. VILLARREAL CF - RAYO VALLECANO, 3-1\" align=\"left\" width=\"714\" height=\"600\" srcset=\"https:\/\/www.intersoccermadrid.com\/wp-content\/uploads\/2016\/06\/2016_3mla_vil_rvm_j3_44.jpg 714w, https:\/\/www.intersoccermadrid.com\/wp-content\/uploads\/2016\/06\/2016_3mla_vil_rvm_j3_44-300x252.jpg 300w\" sizes=\"(max-width: 714px) 100vw, 714px\" \/><\/p>\n<p><img decoding=\"async\" loading=\"lazy\" class=\" alignleft size-full wp-image-5600\" src=\"https:\/\/www.intersoccermadrid.com\/wp-content\/uploads\/2016\/06\/2016_3mla_vil_rvm_j3_45.jpg\" border=\"0\" alt=\"III MEMORIAL LUIS ARAGON\u00c9S. VILLARREAL CF - RAYO VALLECANO, 3-1\" title=\"III MEMORIAL LUIS ARAGON\u00c9S. VILLARREAL CF - RAYO VALLECANO, 3-1\" align=\"left\" width=\"800\" height=\"542\" srcset=\"https:\/\/www.intersoccermadrid.com\/wp-content\/uploads\/2016\/06\/2016_3mla_vil_rvm_j3_45.jpg 800w, https:\/\/www.intersoccermadrid.com\/wp-content\/uploads\/2016\/06\/2016_3mla_vil_rvm_j3_45-300x203.jpg 300w, https:\/\/www.intersoccermadrid.com\/wp-content\/uploads\/2016\/06\/2016_3mla_vil_rvm_j3_45-768x520.jpg 768w\" sizes=\"(max-width: 800px) 100vw, 800px\" \/><\/p>\n<p><img decoding=\"async\" loading=\"lazy\" class=\" alignleft size-full wp-image-5601\" src=\"https:\/\/www.intersoccermadrid.com\/wp-content\/uploads\/2016\/06\/2016_3mla_vil_rvm_j3_46.jpg\" border=\"0\" alt=\"III MEMORIAL LUIS ARAGON\u00c9S. VILLARREAL CF - RAYO VALLECANO, 3-1\" title=\"III MEMORIAL LUIS ARAGON\u00c9S. VILLARREAL CF - RAYO VALLECANO, 3-1\" align=\"left\" width=\"776\" height=\"600\" srcset=\"https:\/\/www.intersoccermadrid.com\/wp-content\/uploads\/2016\/06\/2016_3mla_vil_rvm_j3_46.jpg 776w, https:\/\/www.intersoccermadrid.com\/wp-content\/uploads\/2016\/06\/2016_3mla_vil_rvm_j3_46-300x232.jpg 300w, https:\/\/www.intersoccermadrid.com\/wp-content\/uploads\/2016\/06\/2016_3mla_vil_rvm_j3_46-768x594.jpg 768w\" sizes=\"(max-width: 776px) 100vw, 776px\" \/><\/p>\n<p><img decoding=\"async\" loading=\"lazy\" class=\" alignleft size-full wp-image-5602\" src=\"https:\/\/www.intersoccermadrid.com\/wp-content\/uploads\/2016\/06\/2016_3mla_vil_rvm_j3_47.jpg\" border=\"0\" alt=\"III MEMORIAL LUIS ARAGON\u00c9S. VILLARREAL CF - RAYO VALLECANO, 3-1\" title=\"III MEMORIAL LUIS ARAGON\u00c9S. VILLARREAL CF - RAYO VALLECANO, 3-1\" align=\"left\" width=\"800\" height=\"533\" srcset=\"https:\/\/www.intersoccermadrid.com\/wp-content\/uploads\/2016\/06\/2016_3mla_vil_rvm_j3_47.jpg 800w, https:\/\/www.intersoccermadrid.com\/wp-content\/uploads\/2016\/06\/2016_3mla_vil_rvm_j3_47-300x200.jpg 300w, https:\/\/www.intersoccermadrid.com\/wp-content\/uploads\/2016\/06\/2016_3mla_vil_rvm_j3_47-768x512.jpg 768w\" sizes=\"(max-width: 800px) 100vw, 800px\" \/><\/p>\n<p><img decoding=\"async\" loading=\"lazy\" class=\" alignleft size-full wp-image-5603\" src=\"https:\/\/www.intersoccermadrid.com\/wp-content\/uploads\/2016\/06\/2016_3mla_vil_rvm_j3_48.jpg\" border=\"0\" alt=\"III MEMORIAL LUIS ARAGON\u00c9S. VILLARREAL CF - RAYO VALLECANO, 3-1\" title=\"III MEMORIAL LUIS ARAGON\u00c9S. VILLARREAL CF - RAYO VALLECANO, 3-1\" align=\"left\" width=\"800\" height=\"533\" srcset=\"https:\/\/www.intersoccermadrid.com\/wp-content\/uploads\/2016\/06\/2016_3mla_vil_rvm_j3_48.jpg 800w, https:\/\/www.intersoccermadrid.com\/wp-content\/uploads\/2016\/06\/2016_3mla_vil_rvm_j3_48-300x200.jpg 300w, https:\/\/www.intersoccermadrid.com\/wp-content\/uploads\/2016\/06\/2016_3mla_vil_rvm_j3_48-768x512.jpg 768w\" sizes=\"(max-width: 800px) 100vw, 800px\" \/><\/p>\n<p><img decoding=\"async\" loading=\"lazy\" class=\" alignleft size-full wp-image-5604\" src=\"https:\/\/www.intersoccermadrid.com\/wp-content\/uploads\/2016\/06\/2016_3mla_vil_rvm_j3_49.jpg\" border=\"0\" alt=\"III MEMORIAL LUIS ARAGON\u00c9S. VILLARREAL CF - RAYO VALLECANO, 3-1\" title=\"III MEMORIAL LUIS ARAGON\u00c9S. VILLARREAL CF - RAYO VALLECANO, 3-1\" align=\"left\" width=\"800\" height=\"600\" srcset=\"https:\/\/www.intersoccermadrid.com\/wp-content\/uploads\/2016\/06\/2016_3mla_vil_rvm_j3_49.jpg 800w, https:\/\/www.intersoccermadrid.com\/wp-content\/uploads\/2016\/06\/2016_3mla_vil_rvm_j3_49-300x225.jpg 300w, https:\/\/www.intersoccermadrid.com\/wp-content\/uploads\/2016\/06\/2016_3mla_vil_rvm_j3_49-768x576.jpg 768w\" sizes=\"(max-width: 800px) 100vw, 800px\" \/><\/p>\n<p>   <!--<iframe loading=\"lazy\" width=\"320\" height=\"240\" src=\"\/\/www.youtube.com\/embed\/5QIQxATQka\" frameborder=\"0\"><\/iframe>--><\/p>\n","protected":false},"excerpt":{"rendered":"<p>EL VILLARREAL REMONTA AL RAYO EN LA FINAL Y SE ALZA CAMPE\u00d3N El Villarreal CF se proclam\u00f3 campe\u00f3n del torneo gracias a un gran final de encuentro, en el que remont\u00f3 al vigente campe\u00f3n, el Rayo Vallecano de Madrid,<\/p>\n","protected":false},"author":2,"featured_media":5556,"comment_status":"open","ping_status":"open","sticky":false,"template":"","format":"standard","meta":{"_et_pb_use_builder":"","_et_pb_old_content":"","_et_gb_content_width":""},"categories":[8],"tags":[],"yoast_head":"<!-- This site is optimized with the Yoast SEO plugin v20.9 - https:\/\/yoast.com\/wordpress\/plugins\/seo\/ -->\n<title>III MEMORIAL LUIS ARAGON\u00c9S. VILLARREAL CF - RAYO VALLECANO, 3-1 &middot; International Soccer Academy of Madrid<\/title>\n<meta name=\"robots\" content=\"index, follow, max-snippet:-1, max-image-preview:large, max-video-preview:-1\" \/>\n<link rel=\"canonical\" href=\"https:\/\/www.intersoccermadrid.com\/en\/iii-memorial-luis-aragones-villarreal-cf-rayo-vallecano-3-1\/\" \/>\n<meta property=\"og:locale\" content=\"en_US\" \/>\n<meta property=\"og:type\" content=\"article\" \/>\n<meta property=\"og:title\" content=\"III MEMORIAL LUIS ARAGON\u00c9S. VILLARREAL CF - RAYO VALLECANO, 3-1 &middot; International Soccer Academy of Madrid\" \/>\n<meta property=\"og:description\" content=\"EL VILLARREAL REMONTA AL RAYO EN LA FINAL Y SE ALZA CAMPE\u00d3N El Villarreal CF se proclam\u00f3 campe\u00f3n del torneo gracias a un gran final de encuentro, en el que remont\u00f3 al vigente campe\u00f3n, el Rayo Vallecano de Madrid,\" \/>\n<meta property=\"og:url\" content=\"https:\/\/www.intersoccermadrid.com\/en\/iii-memorial-luis-aragones-villarreal-cf-rayo-vallecano-3-1\/\" \/>\n<meta property=\"og:site_name\" content=\"International Soccer Academy of Madrid\" \/>\n<meta property=\"article:published_time\" content=\"2016-06-05T00:00:00+00:00\" \/>\n<meta property=\"og:image\" content=\"https:\/\/www.intersoccermadrid.com\/wp-content\/uploads\/2016\/06\/2016_3mla_vil_rvm_j3_01.jpg\" \/>\n\t<meta property=\"og:image:width\" content=\"800\" \/>\n\t<meta property=\"og:image:height\" content=\"577\" \/>\n\t<meta property=\"og:image:type\" content=\"image\/jpeg\" \/>\n<meta name=\"author\" content=\"Administrator\" \/>\n<meta name=\"twitter:card\" content=\"summary_large_image\" \/>\n<meta name=\"twitter:label1\" content=\"Written by\" \/>\n\t<meta name=\"twitter:data1\" content=\"Administrator\" \/>\n\t<meta name=\"twitter:label2\" content=\"Est. reading time\" \/>\n\t<meta name=\"twitter:data2\" content=\"1 minute\" \/>\n<script type=\"application\/ld+json\" class=\"yoast-schema-graph\">{\"@context\":\"https:\/\/schema.org\",\"@graph\":[{\"@type\":\"WebPage\",\"@id\":\"https:\/\/www.intersoccermadrid.com\/en\/iii-memorial-luis-aragones-villarreal-cf-rayo-vallecano-3-1\/\",\"url\":\"https:\/\/www.intersoccermadrid.com\/en\/iii-memorial-luis-aragones-villarreal-cf-rayo-vallecano-3-1\/\",\"name\":\"III MEMORIAL LUIS ARAGON\u00c9S. VILLARREAL CF - RAYO VALLECANO, 3-1 &middot; International Soccer Academy of Madrid\",\"isPartOf\":{\"@id\":\"https:\/\/www.intersoccermadrid.com\/en\/#website\"},\"datePublished\":\"2016-06-05T00:00:00+00:00\",\"dateModified\":\"2016-06-05T00:00:00+00:00\",\"author\":{\"@id\":\"https:\/\/www.intersoccermadrid.com\/en\/#\/schema\/person\/4843f782828393fd2fd34a6db5ce5d48\"},\"breadcrumb\":{\"@id\":\"https:\/\/www.intersoccermadrid.com\/en\/iii-memorial-luis-aragones-villarreal-cf-rayo-vallecano-3-1\/#breadcrumb\"},\"inLanguage\":\"en-US\",\"potentialAction\":[{\"@type\":\"ReadAction\",\"target\":[\"https:\/\/www.intersoccermadrid.com\/en\/iii-memorial-luis-aragones-villarreal-cf-rayo-vallecano-3-1\/\"]}]},{\"@type\":\"BreadcrumbList\",\"@id\":\"https:\/\/www.intersoccermadrid.com\/en\/iii-memorial-luis-aragones-villarreal-cf-rayo-vallecano-3-1\/#breadcrumb\",\"itemListElement\":[{\"@type\":\"ListItem\",\"position\":1,\"name\":\"Home\",\"item\":\"https:\/\/www.intersoccermadrid.com\/en\/\"},{\"@type\":\"ListItem\",\"position\":2,\"name\":\"III MEMORIAL LUIS ARAGON\u00c9S. VILLARREAL CF &#8211; RAYO VALLECANO, 3-1\"}]},{\"@type\":\"WebSite\",\"@id\":\"https:\/\/www.intersoccermadrid.com\/en\/#website\",\"url\":\"https:\/\/www.intersoccermadrid.com\/en\/\",\"name\":\"International Soccer Academy of Madrid\",\"description\":\"International Soccer Academy of Madrid\",\"potentialAction\":[{\"@type\":\"SearchAction\",\"target\":{\"@type\":\"EntryPoint\",\"urlTemplate\":\"https:\/\/www.intersoccermadrid.com\/en\/?s={search_term_string}\"},\"query-input\":\"required name=search_term_string\"}],\"inLanguage\":\"en-US\"},{\"@type\":\"Person\",\"@id\":\"https:\/\/www.intersoccermadrid.com\/en\/#\/schema\/person\/4843f782828393fd2fd34a6db5ce5d48\",\"name\":\"Administrator\",\"image\":{\"@type\":\"ImageObject\",\"inLanguage\":\"en-US\",\"@id\":\"https:\/\/www.intersoccermadrid.com\/en\/#\/schema\/person\/image\/\",\"url\":\"https:\/\/secure.gravatar.com\/avatar\/85ec5305f9a568d3e58c20ee91decabf?s=96&d=mm&r=g\",\"contentUrl\":\"https:\/\/secure.gravatar.com\/avatar\/85ec5305f9a568d3e58c20ee91decabf?s=96&d=mm&r=g\",\"caption\":\"Administrator\"},\"url\":\"https:\/\/www.intersoccermadrid.com\/en\/author\/admin\/\"}]}<\/script>\n<!-- \/ Yoast SEO plugin. -->","yoast_head_json":{"title":"III MEMORIAL LUIS ARAGON\u00c9S. VILLARREAL CF - RAYO VALLECANO, 3-1 &middot; International Soccer Academy of Madrid","robots":{"index":"index","follow":"follow","max-snippet":"max-snippet:-1","max-image-preview":"max-image-preview:large","max-video-preview":"max-video-preview:-1"},"canonical":"https:\/\/www.intersoccermadrid.com\/en\/iii-memorial-luis-aragones-villarreal-cf-rayo-vallecano-3-1\/","og_locale":"en_US","og_type":"article","og_title":"III MEMORIAL LUIS ARAGON\u00c9S. VILLARREAL CF - RAYO VALLECANO, 3-1 &middot; International Soccer Academy of Madrid","og_description":"EL VILLARREAL REMONTA AL RAYO EN LA FINAL Y SE ALZA CAMPE\u00d3N El Villarreal CF se proclam\u00f3 campe\u00f3n del torneo gracias a un gran final de encuentro, en el que remont\u00f3 al vigente campe\u00f3n, el Rayo Vallecano de Madrid,","og_url":"https:\/\/www.intersoccermadrid.com\/en\/iii-memorial-luis-aragones-villarreal-cf-rayo-vallecano-3-1\/","og_site_name":"International Soccer Academy of Madrid","article_published_time":"2016-06-05T00:00:00+00:00","og_image":[{"width":800,"height":577,"url":"https:\/\/www.intersoccermadrid.com\/wp-content\/uploads\/2016\/06\/2016_3mla_vil_rvm_j3_01.jpg","type":"image\/jpeg"}],"author":"Administrator","twitter_card":"summary_large_image","twitter_misc":{"Written by":"Administrator","Est. reading time":"1 minute"},"schema":{"@context":"https:\/\/schema.org","@graph":[{"@type":"WebPage","@id":"https:\/\/www.intersoccermadrid.com\/en\/iii-memorial-luis-aragones-villarreal-cf-rayo-vallecano-3-1\/","url":"https:\/\/www.intersoccermadrid.com\/en\/iii-memorial-luis-aragones-villarreal-cf-rayo-vallecano-3-1\/","name":"III MEMORIAL LUIS ARAGON\u00c9S. VILLARREAL CF - RAYO VALLECANO, 3-1 &middot; International Soccer Academy of Madrid","isPartOf":{"@id":"https:\/\/www.intersoccermadrid.com\/en\/#website"},"datePublished":"2016-06-05T00:00:00+00:00","dateModified":"2016-06-05T00:00:00+00:00","author":{"@id":"https:\/\/www.intersoccermadrid.com\/en\/#\/schema\/person\/4843f782828393fd2fd34a6db5ce5d48"},"breadcrumb":{"@id":"https:\/\/www.intersoccermadrid.com\/en\/iii-memorial-luis-aragones-villarreal-cf-rayo-vallecano-3-1\/#breadcrumb"},"inLanguage":"en-US","potentialAction":[{"@type":"ReadAction","target":["https:\/\/www.intersoccermadrid.com\/en\/iii-memorial-luis-aragones-villarreal-cf-rayo-vallecano-3-1\/"]}]},{"@type":"BreadcrumbList","@id":"https:\/\/www.intersoccermadrid.com\/en\/iii-memorial-luis-aragones-villarreal-cf-rayo-vallecano-3-1\/#breadcrumb","itemListElement":[{"@type":"ListItem","position":1,"name":"Home","item":"https:\/\/www.intersoccermadrid.com\/en\/"},{"@type":"ListItem","position":2,"name":"III MEMORIAL LUIS ARAGON\u00c9S. VILLARREAL CF &#8211; RAYO VALLECANO, 3-1"}]},{"@type":"WebSite","@id":"https:\/\/www.intersoccermadrid.com\/en\/#website","url":"https:\/\/www.intersoccermadrid.com\/en\/","name":"International Soccer Academy of Madrid","description":"International Soccer Academy of Madrid","potentialAction":[{"@type":"SearchAction","target":{"@type":"EntryPoint","urlTemplate":"https:\/\/www.intersoccermadrid.com\/en\/?s={search_term_string}"},"query-input":"required name=search_term_string"}],"inLanguage":"en-US"},{"@type":"Person","@id":"https:\/\/www.intersoccermadrid.com\/en\/#\/schema\/person\/4843f782828393fd2fd34a6db5ce5d48","name":"Administrator","image":{"@type":"ImageObject","inLanguage":"en-US","@id":"https:\/\/www.intersoccermadrid.com\/en\/#\/schema\/person\/image\/","url":"https:\/\/secure.gravatar.com\/avatar\/85ec5305f9a568d3e58c20ee91decabf?s=96&d=mm&r=g","contentUrl":"https:\/\/secure.gravatar.com\/avatar\/85ec5305f9a568d3e58c20ee91decabf?s=96&d=mm&r=g","caption":"Administrator"},"url":"https:\/\/www.intersoccermadrid.com\/en\/author\/admin\/"}]}},"_links":{"self":[{"href":"https:\/\/www.intersoccermadrid.com\/en\/wp-json\/wp\/v2\/posts\/502"}],"collection":[{"href":"https:\/\/www.intersoccermadrid.com\/en\/wp-json\/wp\/v2\/posts"}],"about":[{"href":"https:\/\/www.intersoccermadrid.com\/en\/wp-json\/wp\/v2\/types\/post"}],"author":[{"embeddable":true,"href":"https:\/\/www.intersoccermadrid.com\/en\/wp-json\/wp\/v2\/users\/2"}],"replies":[{"embeddable":true,"href":"https:\/\/www.intersoccermadrid.com\/en\/wp-json\/wp\/v2\/comments?post=502"}],"version-history":[{"count":0,"href":"https:\/\/www.intersoccermadrid.com\/en\/wp-json\/wp\/v2\/posts\/502\/revisions"}],"wp:featuredmedia":[{"embeddable":true,"href":"https:\/\/www.intersoccermadrid.com\/en\/wp-json\/wp\/v2\/media\/5556"}],"wp:attachment":[{"href":"https:\/\/www.intersoccermadrid.com\/en\/wp-json\/wp\/v2\/media?parent=502"}],"wp:term":[{"taxonomy":"category","embeddable":true,"href":"https:\/\/www.intersoccermadrid.com\/en\/wp-json\/wp\/v2\/categories?post=502"},{"taxonomy":"post_tag","embeddable":true,"href":"https:\/\/www.intersoccermadrid.com\/en\/wp-json\/wp\/v2\/tags?post=502"}],"curies":[{"name":"wp","href":"https:\/\/api.w.org\/{rel}","templated":true}]}}