{"id":500,"date":"2016-06-04T00:00:00","date_gmt":"2016-06-03T22:00:00","guid":{"rendered":"https:\/\/www.intersoccermadrid.com\/iii-memorial-luis-aragones-real-madrid-rayo-vallecano-0-0\/"},"modified":"2016-06-04T00:00:00","modified_gmt":"2016-06-03T22:00:00","slug":"iii-memorial-luis-aragones-real-madrid-rayo-vallecano-0-0","status":"publish","type":"post","link":"https:\/\/www.intersoccermadrid.com\/en\/iii-memorial-luis-aragones-real-madrid-rayo-vallecano-0-0\/","title":{"rendered":"III MEMORIAL LUIS ARAGON\u00c9S. REAL MADRID &#8211; RAYO VALLECANO, 0-0"},"content":{"rendered":"<p><img decoding=\"async\" loading=\"lazy\" class=\" alignleft size-full wp-image-5464\" src=\"https:\/\/www.intersoccermadrid.com\/wp-content\/uploads\/2016\/06\/2016_3mla_rm_rvm_j2_01.jpg\" border=\"0\" alt=\"III MEMORIAL LUIS ARAGON\u00c9S. REAL MADRID - RAYO VALLECANO, 0-0\" title=\"III MEMORIAL LUIS ARAGON\u00c9S. REAL MADRID - RAYO VALLECANO, 0-0\" align=\"left\" width=\"800\" height=\"536\" srcset=\"https:\/\/www.intersoccermadrid.com\/wp-content\/uploads\/2016\/06\/2016_3mla_rm_rvm_j2_01.jpg 800w, https:\/\/www.intersoccermadrid.com\/wp-content\/uploads\/2016\/06\/2016_3mla_rm_rvm_j2_01-300x201.jpg 300w, https:\/\/www.intersoccermadrid.com\/wp-content\/uploads\/2016\/06\/2016_3mla_rm_rvm_j2_01-768x515.jpg 768w\" sizes=\"(max-width: 800px) 100vw, 800px\" \/><\/p>\n<p>REPARTO DE PUNTOS QUE LOS CLASIFICA COMO PRIMERO Y SEGUNDO RESPECTIVAMENTE <br \/>   Madridistas y franjirrojos empataron a cero en un partido con ocasiones para ambos equipos. La s\u00f3lida defensa rayista, liderada por un inconmensurable Luis Aguado,  <!--more-->  neutraliz\u00f3 las llegadas del equipo de \u00c1lvaro Benito. El Rayo tambi\u00e9n las tuvo, siempre con el contragolpe como protagonista, pero la gran actuaci\u00f3n de ambos guardametas y de los zagueros impidi\u00f3 que la ma\u00f1ana amaneciera con goles.<\/p>\n<p>Torneo Champions de F\u00fatbol sub-16 &#8220;III Memorial Luis Aragon\u00e9s&#8221;, 3, 4 y 5 de junio de 2016, organizado por la A.C. Intersoccer Madrid<\/p>\n<p><img decoding=\"async\" loading=\"lazy\" class=\" alignleft size-full wp-image-5465\" src=\"https:\/\/www.intersoccermadrid.com\/wp-content\/uploads\/2016\/06\/2016_3mla_rm_rvm_j2_02.jpg\" border=\"0\" alt=\"III MEMORIAL LUIS ARAGON\u00c9S. REAL MADRID - RAYO VALLECANO, 0-0\" title=\"III MEMORIAL LUIS ARAGON\u00c9S. REAL MADRID - RAYO VALLECANO, 0-0\" align=\"left\" width=\"549\" height=\"800\" srcset=\"https:\/\/www.intersoccermadrid.com\/wp-content\/uploads\/2016\/06\/2016_3mla_rm_rvm_j2_02.jpg 549w, https:\/\/www.intersoccermadrid.com\/wp-content\/uploads\/2016\/06\/2016_3mla_rm_rvm_j2_02-206x300.jpg 206w\" sizes=\"(max-width: 549px) 100vw, 549px\" \/><\/p>\n<p><img decoding=\"async\" loading=\"lazy\" class=\" alignleft size-full wp-image-5466\" src=\"https:\/\/www.intersoccermadrid.com\/wp-content\/uploads\/2016\/06\/2016_3mla_rm_rvm_j2_03.jpg\" border=\"0\" alt=\"III MEMORIAL LUIS ARAGON\u00c9S. REAL MADRID - RAYO VALLECANO, 0-0\" title=\"III MEMORIAL LUIS ARAGON\u00c9S. REAL MADRID - RAYO VALLECANO, 0-0\" align=\"left\" width=\"800\" height=\"598\" srcset=\"https:\/\/www.intersoccermadrid.com\/wp-content\/uploads\/2016\/06\/2016_3mla_rm_rvm_j2_03.jpg 800w, https:\/\/www.intersoccermadrid.com\/wp-content\/uploads\/2016\/06\/2016_3mla_rm_rvm_j2_03-300x224.jpg 300w, https:\/\/www.intersoccermadrid.com\/wp-content\/uploads\/2016\/06\/2016_3mla_rm_rvm_j2_03-768x574.jpg 768w\" sizes=\"(max-width: 800px) 100vw, 800px\" \/><\/p>\n<p><img decoding=\"async\" loading=\"lazy\" class=\" alignleft size-full wp-image-5467\" src=\"https:\/\/www.intersoccermadrid.com\/wp-content\/uploads\/2016\/06\/2016_3mla_rm_rvm_j2_04.jpg\" border=\"0\" alt=\"III MEMORIAL LUIS ARAGON\u00c9S. REAL MADRID - RAYO VALLECANO, 0-0\" title=\"III MEMORIAL LUIS ARAGON\u00c9S. REAL MADRID - RAYO VALLECANO, 0-0\" align=\"left\" width=\"800\" height=\"468\" srcset=\"https:\/\/www.intersoccermadrid.com\/wp-content\/uploads\/2016\/06\/2016_3mla_rm_rvm_j2_04.jpg 800w, https:\/\/www.intersoccermadrid.com\/wp-content\/uploads\/2016\/06\/2016_3mla_rm_rvm_j2_04-300x176.jpg 300w, https:\/\/www.intersoccermadrid.com\/wp-content\/uploads\/2016\/06\/2016_3mla_rm_rvm_j2_04-768x449.jpg 768w\" sizes=\"(max-width: 800px) 100vw, 800px\" \/><\/p>\n<p><img decoding=\"async\" loading=\"lazy\" class=\" alignleft size-full wp-image-5468\" src=\"https:\/\/www.intersoccermadrid.com\/wp-content\/uploads\/2016\/06\/2016_3mla_rm_rvm_j2_05.jpg\" border=\"0\" alt=\"III MEMORIAL LUIS ARAGON\u00c9S. REAL MADRID - RAYO VALLECANO, 0-0\" title=\"III MEMORIAL LUIS ARAGON\u00c9S. REAL MADRID - RAYO VALLECANO, 0-0\" align=\"left\" width=\"771\" height=\"600\" srcset=\"https:\/\/www.intersoccermadrid.com\/wp-content\/uploads\/2016\/06\/2016_3mla_rm_rvm_j2_05.jpg 771w, https:\/\/www.intersoccermadrid.com\/wp-content\/uploads\/2016\/06\/2016_3mla_rm_rvm_j2_05-300x233.jpg 300w, https:\/\/www.intersoccermadrid.com\/wp-content\/uploads\/2016\/06\/2016_3mla_rm_rvm_j2_05-768x598.jpg 768w\" sizes=\"(max-width: 771px) 100vw, 771px\" \/><\/p>\n<p><img decoding=\"async\" loading=\"lazy\" class=\" alignleft size-full wp-image-5469\" src=\"https:\/\/www.intersoccermadrid.com\/wp-content\/uploads\/2016\/06\/2016_3mla_rm_rvm_j2_06.jpg\" border=\"0\" alt=\"III MEMORIAL LUIS ARAGON\u00c9S. REAL MADRID - RAYO VALLECANO, 0-0\" title=\"III MEMORIAL LUIS ARAGON\u00c9S. REAL MADRID - RAYO VALLECANO, 0-0\" align=\"left\" width=\"600\" height=\"771\" srcset=\"https:\/\/www.intersoccermadrid.com\/wp-content\/uploads\/2016\/06\/2016_3mla_rm_rvm_j2_06.jpg 600w, https:\/\/www.intersoccermadrid.com\/wp-content\/uploads\/2016\/06\/2016_3mla_rm_rvm_j2_06-233x300.jpg 233w\" sizes=\"(max-width: 600px) 100vw, 600px\" \/><\/p>\n<p><img decoding=\"async\" loading=\"lazy\" class=\" alignleft size-full wp-image-5470\" src=\"https:\/\/www.intersoccermadrid.com\/wp-content\/uploads\/2016\/06\/2016_3mla_rm_rvm_j2_07.jpg\" border=\"0\" alt=\"III MEMORIAL LUIS ARAGON\u00c9S. REAL MADRID - RAYO VALLECANO, 0-0\" title=\"III MEMORIAL LUIS ARAGON\u00c9S. REAL MADRID - RAYO VALLECANO, 0-0\" align=\"left\" width=\"786\" height=\"600\" srcset=\"https:\/\/www.intersoccermadrid.com\/wp-content\/uploads\/2016\/06\/2016_3mla_rm_rvm_j2_07.jpg 786w, https:\/\/www.intersoccermadrid.com\/wp-content\/uploads\/2016\/06\/2016_3mla_rm_rvm_j2_07-300x229.jpg 300w, https:\/\/www.intersoccermadrid.com\/wp-content\/uploads\/2016\/06\/2016_3mla_rm_rvm_j2_07-768x586.jpg 768w\" sizes=\"(max-width: 786px) 100vw, 786px\" \/><\/p>\n<p><img decoding=\"async\" loading=\"lazy\" class=\" alignleft size-full wp-image-5471\" src=\"https:\/\/www.intersoccermadrid.com\/wp-content\/uploads\/2016\/06\/2016_3mla_rm_rvm_j2_08.jpg\" border=\"0\" alt=\"III MEMORIAL LUIS ARAGON\u00c9S. REAL MADRID - RAYO VALLECANO, 0-0\" title=\"III MEMORIAL LUIS ARAGON\u00c9S. REAL MADRID - RAYO VALLECANO, 0-0\" align=\"left\" width=\"600\" height=\"729\" srcset=\"https:\/\/www.intersoccermadrid.com\/wp-content\/uploads\/2016\/06\/2016_3mla_rm_rvm_j2_08.jpg 600w, https:\/\/www.intersoccermadrid.com\/wp-content\/uploads\/2016\/06\/2016_3mla_rm_rvm_j2_08-247x300.jpg 247w\" sizes=\"(max-width: 600px) 100vw, 600px\" \/><\/p>\n<p><img decoding=\"async\" loading=\"lazy\" class=\" alignleft size-full wp-image-5472\" src=\"https:\/\/www.intersoccermadrid.com\/wp-content\/uploads\/2016\/06\/2016_3mla_rm_rvm_j2_09.jpg\" border=\"0\" alt=\"III MEMORIAL LUIS ARAGON\u00c9S. REAL MADRID - RAYO VALLECANO, 0-0\" title=\"III MEMORIAL LUIS ARAGON\u00c9S. REAL MADRID - RAYO VALLECANO, 0-0\" align=\"left\" width=\"800\" height=\"542\" srcset=\"https:\/\/www.intersoccermadrid.com\/wp-content\/uploads\/2016\/06\/2016_3mla_rm_rvm_j2_09.jpg 800w, https:\/\/www.intersoccermadrid.com\/wp-content\/uploads\/2016\/06\/2016_3mla_rm_rvm_j2_09-300x203.jpg 300w, https:\/\/www.intersoccermadrid.com\/wp-content\/uploads\/2016\/06\/2016_3mla_rm_rvm_j2_09-768x520.jpg 768w\" sizes=\"(max-width: 800px) 100vw, 800px\" \/><\/p>\n<p><img decoding=\"async\" loading=\"lazy\" class=\" alignleft size-full wp-image-5473\" src=\"https:\/\/www.intersoccermadrid.com\/wp-content\/uploads\/2016\/06\/2016_3mla_rm_rvm_j2_10.jpg\" border=\"0\" alt=\"III MEMORIAL LUIS ARAGON\u00c9S. REAL MADRID - RAYO VALLECANO, 0-0\" title=\"III MEMORIAL LUIS ARAGON\u00c9S. REAL MADRID - RAYO VALLECANO, 0-0\" align=\"left\" width=\"800\" height=\"533\" srcset=\"https:\/\/www.intersoccermadrid.com\/wp-content\/uploads\/2016\/06\/2016_3mla_rm_rvm_j2_10.jpg 800w, https:\/\/www.intersoccermadrid.com\/wp-content\/uploads\/2016\/06\/2016_3mla_rm_rvm_j2_10-300x200.jpg 300w, https:\/\/www.intersoccermadrid.com\/wp-content\/uploads\/2016\/06\/2016_3mla_rm_rvm_j2_10-768x512.jpg 768w\" sizes=\"(max-width: 800px) 100vw, 800px\" \/><\/p>\n<p><img decoding=\"async\" loading=\"lazy\" class=\" alignleft size-full wp-image-5474\" src=\"https:\/\/www.intersoccermadrid.com\/wp-content\/uploads\/2016\/06\/2016_3mla_rm_rvm_j2_11.jpg\" border=\"0\" alt=\"III MEMORIAL LUIS ARAGON\u00c9S. REAL MADRID - RAYO VALLECANO, 0-0\" title=\"III MEMORIAL LUIS ARAGON\u00c9S. REAL MADRID - RAYO VALLECANO, 0-0\" align=\"left\" width=\"600\" height=\"608\" srcset=\"https:\/\/www.intersoccermadrid.com\/wp-content\/uploads\/2016\/06\/2016_3mla_rm_rvm_j2_11.jpg 600w, https:\/\/www.intersoccermadrid.com\/wp-content\/uploads\/2016\/06\/2016_3mla_rm_rvm_j2_11-296x300.jpg 296w, https:\/\/www.intersoccermadrid.com\/wp-content\/uploads\/2016\/06\/2016_3mla_rm_rvm_j2_11-100x100.jpg 100w\" sizes=\"(max-width: 600px) 100vw, 600px\" \/><\/p>\n<p><img decoding=\"async\" loading=\"lazy\" class=\" alignleft size-full wp-image-5475\" src=\"https:\/\/www.intersoccermadrid.com\/wp-content\/uploads\/2016\/06\/2016_3mla_rm_rvm_j2_12.jpg\" border=\"0\" alt=\"III MEMORIAL LUIS ARAGON\u00c9S. REAL MADRID - RAYO VALLECANO, 0-0\" title=\"III MEMORIAL LUIS ARAGON\u00c9S. REAL MADRID - RAYO VALLECANO, 0-0\" align=\"left\" width=\"800\" height=\"493\" srcset=\"https:\/\/www.intersoccermadrid.com\/wp-content\/uploads\/2016\/06\/2016_3mla_rm_rvm_j2_12.jpg 800w, https:\/\/www.intersoccermadrid.com\/wp-content\/uploads\/2016\/06\/2016_3mla_rm_rvm_j2_12-300x185.jpg 300w, https:\/\/www.intersoccermadrid.com\/wp-content\/uploads\/2016\/06\/2016_3mla_rm_rvm_j2_12-768x473.jpg 768w\" sizes=\"(max-width: 800px) 100vw, 800px\" \/><\/p>\n<p><img decoding=\"async\" loading=\"lazy\" class=\" alignleft size-full wp-image-5476\" src=\"https:\/\/www.intersoccermadrid.com\/wp-content\/uploads\/2016\/06\/2016_3mla_rm_rvm_j2_13.jpg\" border=\"0\" alt=\"III MEMORIAL LUIS ARAGON\u00c9S. REAL MADRID - RAYO VALLECANO, 0-0\" title=\"III MEMORIAL LUIS ARAGON\u00c9S. REAL MADRID - RAYO VALLECANO, 0-0\" align=\"left\" width=\"800\" height=\"531\" srcset=\"https:\/\/www.intersoccermadrid.com\/wp-content\/uploads\/2016\/06\/2016_3mla_rm_rvm_j2_13.jpg 800w, https:\/\/www.intersoccermadrid.com\/wp-content\/uploads\/2016\/06\/2016_3mla_rm_rvm_j2_13-300x199.jpg 300w, https:\/\/www.intersoccermadrid.com\/wp-content\/uploads\/2016\/06\/2016_3mla_rm_rvm_j2_13-768x510.jpg 768w\" sizes=\"(max-width: 800px) 100vw, 800px\" \/><\/p>\n<p><img decoding=\"async\" loading=\"lazy\" class=\" alignleft size-full wp-image-5477\" src=\"https:\/\/www.intersoccermadrid.com\/wp-content\/uploads\/2016\/06\/2016_3mla_rm_rvm_j2_14.jpg\" border=\"0\" alt=\"III MEMORIAL LUIS ARAGON\u00c9S. REAL MADRID - RAYO VALLECANO, 0-0\" title=\"III MEMORIAL LUIS ARAGON\u00c9S. REAL MADRID - RAYO VALLECANO, 0-0\" align=\"left\" width=\"800\" height=\"521\" srcset=\"https:\/\/www.intersoccermadrid.com\/wp-content\/uploads\/2016\/06\/2016_3mla_rm_rvm_j2_14.jpg 800w, https:\/\/www.intersoccermadrid.com\/wp-content\/uploads\/2016\/06\/2016_3mla_rm_rvm_j2_14-300x195.jpg 300w, https:\/\/www.intersoccermadrid.com\/wp-content\/uploads\/2016\/06\/2016_3mla_rm_rvm_j2_14-768x500.jpg 768w\" sizes=\"(max-width: 800px) 100vw, 800px\" \/><\/p>\n<p><img decoding=\"async\" loading=\"lazy\" class=\" alignleft size-full wp-image-5478\" src=\"https:\/\/www.intersoccermadrid.com\/wp-content\/uploads\/2016\/06\/2016_3mla_rm_rvm_j2_15.jpg\" border=\"0\" alt=\"III MEMORIAL LUIS ARAGON\u00c9S. REAL MADRID - RAYO VALLECANO, 0-0\" title=\"III MEMORIAL LUIS ARAGON\u00c9S. REAL MADRID - RAYO VALLECANO, 0-0\" align=\"left\" width=\"800\" height=\"448\" srcset=\"https:\/\/www.intersoccermadrid.com\/wp-content\/uploads\/2016\/06\/2016_3mla_rm_rvm_j2_15.jpg 800w, https:\/\/www.intersoccermadrid.com\/wp-content\/uploads\/2016\/06\/2016_3mla_rm_rvm_j2_15-300x168.jpg 300w, https:\/\/www.intersoccermadrid.com\/wp-content\/uploads\/2016\/06\/2016_3mla_rm_rvm_j2_15-768x430.jpg 768w\" sizes=\"(max-width: 800px) 100vw, 800px\" \/><\/p>\n<p><img decoding=\"async\" loading=\"lazy\" class=\" alignleft size-full wp-image-5479\" src=\"https:\/\/www.intersoccermadrid.com\/wp-content\/uploads\/2016\/06\/2016_3mla_rm_rvm_j2_16.jpg\" border=\"0\" alt=\"III MEMORIAL LUIS ARAGON\u00c9S. REAL MADRID - RAYO VALLECANO, 0-0\" title=\"III MEMORIAL LUIS ARAGON\u00c9S. REAL MADRID - RAYO VALLECANO, 0-0\" align=\"left\" width=\"800\" height=\"511\" srcset=\"https:\/\/www.intersoccermadrid.com\/wp-content\/uploads\/2016\/06\/2016_3mla_rm_rvm_j2_16.jpg 800w, https:\/\/www.intersoccermadrid.com\/wp-content\/uploads\/2016\/06\/2016_3mla_rm_rvm_j2_16-300x192.jpg 300w, https:\/\/www.intersoccermadrid.com\/wp-content\/uploads\/2016\/06\/2016_3mla_rm_rvm_j2_16-768x491.jpg 768w\" sizes=\"(max-width: 800px) 100vw, 800px\" \/><\/p>\n<p><img decoding=\"async\" loading=\"lazy\" class=\" alignleft size-full wp-image-5480\" src=\"https:\/\/www.intersoccermadrid.com\/wp-content\/uploads\/2016\/06\/2016_3mla_rm_rvm_j2_17.jpg\" border=\"0\" alt=\"III MEMORIAL LUIS ARAGON\u00c9S. REAL MADRID - RAYO VALLECANO, 0-0\" title=\"III MEMORIAL LUIS ARAGON\u00c9S. REAL MADRID - RAYO VALLECANO, 0-0\" align=\"left\" width=\"800\" height=\"539\" srcset=\"https:\/\/www.intersoccermadrid.com\/wp-content\/uploads\/2016\/06\/2016_3mla_rm_rvm_j2_17.jpg 800w, https:\/\/www.intersoccermadrid.com\/wp-content\/uploads\/2016\/06\/2016_3mla_rm_rvm_j2_17-300x202.jpg 300w, https:\/\/www.intersoccermadrid.com\/wp-content\/uploads\/2016\/06\/2016_3mla_rm_rvm_j2_17-768x517.jpg 768w\" sizes=\"(max-width: 800px) 100vw, 800px\" \/><\/p>\n<p><img decoding=\"async\" loading=\"lazy\" class=\" alignleft size-full wp-image-5481\" src=\"https:\/\/www.intersoccermadrid.com\/wp-content\/uploads\/2016\/06\/2016_3mla_rm_rvm_j2_18.jpg\" border=\"0\" alt=\"III MEMORIAL LUIS ARAGON\u00c9S. REAL MADRID - RAYO VALLECANO, 0-0\" title=\"III MEMORIAL LUIS ARAGON\u00c9S. REAL MADRID - RAYO VALLECANO, 0-0\" align=\"left\" width=\"800\" height=\"523\" srcset=\"https:\/\/www.intersoccermadrid.com\/wp-content\/uploads\/2016\/06\/2016_3mla_rm_rvm_j2_18.jpg 800w, https:\/\/www.intersoccermadrid.com\/wp-content\/uploads\/2016\/06\/2016_3mla_rm_rvm_j2_18-300x196.jpg 300w, https:\/\/www.intersoccermadrid.com\/wp-content\/uploads\/2016\/06\/2016_3mla_rm_rvm_j2_18-768x502.jpg 768w\" sizes=\"(max-width: 800px) 100vw, 800px\" \/><\/p>\n<p><img decoding=\"async\" loading=\"lazy\" class=\" alignleft size-full wp-image-5482\" src=\"https:\/\/www.intersoccermadrid.com\/wp-content\/uploads\/2016\/06\/2016_3mla_rm_rvm_j2_19.jpg\" border=\"0\" alt=\"III MEMORIAL LUIS ARAGON\u00c9S. REAL MADRID - RAYO VALLECANO, 0-0\" title=\"III MEMORIAL LUIS ARAGON\u00c9S. REAL MADRID - RAYO VALLECANO, 0-0\" align=\"left\" width=\"800\" height=\"470\" srcset=\"https:\/\/www.intersoccermadrid.com\/wp-content\/uploads\/2016\/06\/2016_3mla_rm_rvm_j2_19.jpg 800w, https:\/\/www.intersoccermadrid.com\/wp-content\/uploads\/2016\/06\/2016_3mla_rm_rvm_j2_19-300x176.jpg 300w, https:\/\/www.intersoccermadrid.com\/wp-content\/uploads\/2016\/06\/2016_3mla_rm_rvm_j2_19-768x451.jpg 768w\" sizes=\"(max-width: 800px) 100vw, 800px\" \/><\/p>\n<p><img decoding=\"async\" loading=\"lazy\" class=\" alignleft size-full wp-image-5483\" src=\"https:\/\/www.intersoccermadrid.com\/wp-content\/uploads\/2016\/06\/2016_3mla_rm_rvm_j2_20.jpg\" border=\"0\" alt=\"III MEMORIAL LUIS ARAGON\u00c9S. REAL MADRID - RAYO VALLECANO, 0-0\" title=\"III MEMORIAL LUIS ARAGON\u00c9S. REAL MADRID - RAYO VALLECANO, 0-0\" align=\"left\" width=\"800\" height=\"533\" srcset=\"https:\/\/www.intersoccermadrid.com\/wp-content\/uploads\/2016\/06\/2016_3mla_rm_rvm_j2_20.jpg 800w, https:\/\/www.intersoccermadrid.com\/wp-content\/uploads\/2016\/06\/2016_3mla_rm_rvm_j2_20-300x200.jpg 300w, https:\/\/www.intersoccermadrid.com\/wp-content\/uploads\/2016\/06\/2016_3mla_rm_rvm_j2_20-768x512.jpg 768w\" sizes=\"(max-width: 800px) 100vw, 800px\" \/><\/p>\n<p>     <!--<iframe loading=\"lazy\" width=\"320\" height=\"240\" src=\"\/\/www.youtube.com\/embed\/5QIQxATQka\" frameborder=\"0\"><\/iframe>--><\/p>\n","protected":false},"excerpt":{"rendered":"<p>REPARTO DE PUNTOS QUE LOS CLASIFICA COMO PRIMERO Y SEGUNDO RESPECTIVAMENTE Madridistas y franjirrojos empataron a cero en un partido con ocasiones para ambos equipos. La s\u00f3lida defensa rayista, liderada por un inconmensurable Luis Aguado,<\/p>\n","protected":false},"author":2,"featured_media":5464,"comment_status":"open","ping_status":"open","sticky":false,"template":"","format":"standard","meta":{"_et_pb_use_builder":"","_et_pb_old_content":"","_et_gb_content_width":""},"categories":[8],"tags":[],"yoast_head":"<!-- This site is optimized with the Yoast SEO plugin v20.9 - https:\/\/yoast.com\/wordpress\/plugins\/seo\/ -->\n<title>III MEMORIAL LUIS ARAGON\u00c9S. REAL MADRID - RAYO VALLECANO, 0-0 &middot; International Soccer Academy of Madrid<\/title>\n<meta name=\"robots\" content=\"index, follow, max-snippet:-1, max-image-preview:large, max-video-preview:-1\" \/>\n<link rel=\"canonical\" href=\"https:\/\/www.intersoccermadrid.com\/en\/iii-memorial-luis-aragones-real-madrid-rayo-vallecano-0-0\/\" \/>\n<meta property=\"og:locale\" content=\"en_US\" \/>\n<meta property=\"og:type\" content=\"article\" \/>\n<meta property=\"og:title\" content=\"III MEMORIAL LUIS ARAGON\u00c9S. REAL MADRID - RAYO VALLECANO, 0-0 &middot; International Soccer Academy of Madrid\" \/>\n<meta property=\"og:description\" content=\"REPARTO DE PUNTOS QUE LOS CLASIFICA COMO PRIMERO Y SEGUNDO RESPECTIVAMENTE Madridistas y franjirrojos empataron a cero en un partido con ocasiones para ambos equipos. La s\u00f3lida defensa rayista, liderada por un inconmensurable Luis Aguado,\" \/>\n<meta property=\"og:url\" content=\"https:\/\/www.intersoccermadrid.com\/en\/iii-memorial-luis-aragones-real-madrid-rayo-vallecano-0-0\/\" \/>\n<meta property=\"og:site_name\" content=\"International Soccer Academy of Madrid\" \/>\n<meta property=\"article:published_time\" content=\"2016-06-03T22:00:00+00:00\" \/>\n<meta property=\"og:image\" content=\"https:\/\/www.intersoccermadrid.com\/wp-content\/uploads\/2016\/06\/2016_3mla_rm_rvm_j2_01.jpg\" \/>\n\t<meta property=\"og:image:width\" content=\"800\" \/>\n\t<meta property=\"og:image:height\" content=\"536\" \/>\n\t<meta property=\"og:image:type\" content=\"image\/jpeg\" \/>\n<meta name=\"author\" content=\"Administrator\" \/>\n<meta name=\"twitter:card\" content=\"summary_large_image\" \/>\n<meta name=\"twitter:label1\" content=\"Written by\" \/>\n\t<meta name=\"twitter:data1\" content=\"Administrator\" \/>\n<script type=\"application\/ld+json\" class=\"yoast-schema-graph\">{\"@context\":\"https:\/\/schema.org\",\"@graph\":[{\"@type\":\"WebPage\",\"@id\":\"https:\/\/www.intersoccermadrid.com\/en\/iii-memorial-luis-aragones-real-madrid-rayo-vallecano-0-0\/\",\"url\":\"https:\/\/www.intersoccermadrid.com\/en\/iii-memorial-luis-aragones-real-madrid-rayo-vallecano-0-0\/\",\"name\":\"III MEMORIAL LUIS ARAGON\u00c9S. REAL MADRID - RAYO VALLECANO, 0-0 &middot; International Soccer Academy of Madrid\",\"isPartOf\":{\"@id\":\"https:\/\/www.intersoccermadrid.com\/en\/#website\"},\"datePublished\":\"2016-06-03T22:00:00+00:00\",\"dateModified\":\"2016-06-03T22:00:00+00:00\",\"author\":{\"@id\":\"https:\/\/www.intersoccermadrid.com\/en\/#\/schema\/person\/4843f782828393fd2fd34a6db5ce5d48\"},\"breadcrumb\":{\"@id\":\"https:\/\/www.intersoccermadrid.com\/en\/iii-memorial-luis-aragones-real-madrid-rayo-vallecano-0-0\/#breadcrumb\"},\"inLanguage\":\"en-US\",\"potentialAction\":[{\"@type\":\"ReadAction\",\"target\":[\"https:\/\/www.intersoccermadrid.com\/en\/iii-memorial-luis-aragones-real-madrid-rayo-vallecano-0-0\/\"]}]},{\"@type\":\"BreadcrumbList\",\"@id\":\"https:\/\/www.intersoccermadrid.com\/en\/iii-memorial-luis-aragones-real-madrid-rayo-vallecano-0-0\/#breadcrumb\",\"itemListElement\":[{\"@type\":\"ListItem\",\"position\":1,\"name\":\"Home\",\"item\":\"https:\/\/www.intersoccermadrid.com\/en\/\"},{\"@type\":\"ListItem\",\"position\":2,\"name\":\"III MEMORIAL LUIS ARAGON\u00c9S. REAL MADRID &#8211; RAYO VALLECANO, 0-0\"}]},{\"@type\":\"WebSite\",\"@id\":\"https:\/\/www.intersoccermadrid.com\/en\/#website\",\"url\":\"https:\/\/www.intersoccermadrid.com\/en\/\",\"name\":\"International Soccer Academy of Madrid\",\"description\":\"International Soccer Academy of Madrid\",\"potentialAction\":[{\"@type\":\"SearchAction\",\"target\":{\"@type\":\"EntryPoint\",\"urlTemplate\":\"https:\/\/www.intersoccermadrid.com\/en\/?s={search_term_string}\"},\"query-input\":\"required name=search_term_string\"}],\"inLanguage\":\"en-US\"},{\"@type\":\"Person\",\"@id\":\"https:\/\/www.intersoccermadrid.com\/en\/#\/schema\/person\/4843f782828393fd2fd34a6db5ce5d48\",\"name\":\"Administrator\",\"image\":{\"@type\":\"ImageObject\",\"inLanguage\":\"en-US\",\"@id\":\"https:\/\/www.intersoccermadrid.com\/en\/#\/schema\/person\/image\/\",\"url\":\"https:\/\/secure.gravatar.com\/avatar\/85ec5305f9a568d3e58c20ee91decabf?s=96&d=mm&r=g\",\"contentUrl\":\"https:\/\/secure.gravatar.com\/avatar\/85ec5305f9a568d3e58c20ee91decabf?s=96&d=mm&r=g\",\"caption\":\"Administrator\"},\"url\":\"https:\/\/www.intersoccermadrid.com\/en\/author\/admin\/\"}]}<\/script>\n<!-- \/ Yoast SEO plugin. -->","yoast_head_json":{"title":"III MEMORIAL LUIS ARAGON\u00c9S. REAL MADRID - RAYO VALLECANO, 0-0 &middot; International Soccer Academy of Madrid","robots":{"index":"index","follow":"follow","max-snippet":"max-snippet:-1","max-image-preview":"max-image-preview:large","max-video-preview":"max-video-preview:-1"},"canonical":"https:\/\/www.intersoccermadrid.com\/en\/iii-memorial-luis-aragones-real-madrid-rayo-vallecano-0-0\/","og_locale":"en_US","og_type":"article","og_title":"III MEMORIAL LUIS ARAGON\u00c9S. REAL MADRID - RAYO VALLECANO, 0-0 &middot; International Soccer Academy of Madrid","og_description":"REPARTO DE PUNTOS QUE LOS CLASIFICA COMO PRIMERO Y SEGUNDO RESPECTIVAMENTE Madridistas y franjirrojos empataron a cero en un partido con ocasiones para ambos equipos. La s\u00f3lida defensa rayista, liderada por un inconmensurable Luis Aguado,","og_url":"https:\/\/www.intersoccermadrid.com\/en\/iii-memorial-luis-aragones-real-madrid-rayo-vallecano-0-0\/","og_site_name":"International Soccer Academy of Madrid","article_published_time":"2016-06-03T22:00:00+00:00","og_image":[{"width":800,"height":536,"url":"https:\/\/www.intersoccermadrid.com\/wp-content\/uploads\/2016\/06\/2016_3mla_rm_rvm_j2_01.jpg","type":"image\/jpeg"}],"author":"Administrator","twitter_card":"summary_large_image","twitter_misc":{"Written by":"Administrator"},"schema":{"@context":"https:\/\/schema.org","@graph":[{"@type":"WebPage","@id":"https:\/\/www.intersoccermadrid.com\/en\/iii-memorial-luis-aragones-real-madrid-rayo-vallecano-0-0\/","url":"https:\/\/www.intersoccermadrid.com\/en\/iii-memorial-luis-aragones-real-madrid-rayo-vallecano-0-0\/","name":"III MEMORIAL LUIS ARAGON\u00c9S. REAL MADRID - RAYO VALLECANO, 0-0 &middot; International Soccer Academy of Madrid","isPartOf":{"@id":"https:\/\/www.intersoccermadrid.com\/en\/#website"},"datePublished":"2016-06-03T22:00:00+00:00","dateModified":"2016-06-03T22:00:00+00:00","author":{"@id":"https:\/\/www.intersoccermadrid.com\/en\/#\/schema\/person\/4843f782828393fd2fd34a6db5ce5d48"},"breadcrumb":{"@id":"https:\/\/www.intersoccermadrid.com\/en\/iii-memorial-luis-aragones-real-madrid-rayo-vallecano-0-0\/#breadcrumb"},"inLanguage":"en-US","potentialAction":[{"@type":"ReadAction","target":["https:\/\/www.intersoccermadrid.com\/en\/iii-memorial-luis-aragones-real-madrid-rayo-vallecano-0-0\/"]}]},{"@type":"BreadcrumbList","@id":"https:\/\/www.intersoccermadrid.com\/en\/iii-memorial-luis-aragones-real-madrid-rayo-vallecano-0-0\/#breadcrumb","itemListElement":[{"@type":"ListItem","position":1,"name":"Home","item":"https:\/\/www.intersoccermadrid.com\/en\/"},{"@type":"ListItem","position":2,"name":"III MEMORIAL LUIS ARAGON\u00c9S. REAL MADRID &#8211; RAYO VALLECANO, 0-0"}]},{"@type":"WebSite","@id":"https:\/\/www.intersoccermadrid.com\/en\/#website","url":"https:\/\/www.intersoccermadrid.com\/en\/","name":"International Soccer Academy of Madrid","description":"International Soccer Academy of Madrid","potentialAction":[{"@type":"SearchAction","target":{"@type":"EntryPoint","urlTemplate":"https:\/\/www.intersoccermadrid.com\/en\/?s={search_term_string}"},"query-input":"required name=search_term_string"}],"inLanguage":"en-US"},{"@type":"Person","@id":"https:\/\/www.intersoccermadrid.com\/en\/#\/schema\/person\/4843f782828393fd2fd34a6db5ce5d48","name":"Administrator","image":{"@type":"ImageObject","inLanguage":"en-US","@id":"https:\/\/www.intersoccermadrid.com\/en\/#\/schema\/person\/image\/","url":"https:\/\/secure.gravatar.com\/avatar\/85ec5305f9a568d3e58c20ee91decabf?s=96&d=mm&r=g","contentUrl":"https:\/\/secure.gravatar.com\/avatar\/85ec5305f9a568d3e58c20ee91decabf?s=96&d=mm&r=g","caption":"Administrator"},"url":"https:\/\/www.intersoccermadrid.com\/en\/author\/admin\/"}]}},"_links":{"self":[{"href":"https:\/\/www.intersoccermadrid.com\/en\/wp-json\/wp\/v2\/posts\/500"}],"collection":[{"href":"https:\/\/www.intersoccermadrid.com\/en\/wp-json\/wp\/v2\/posts"}],"about":[{"href":"https:\/\/www.intersoccermadrid.com\/en\/wp-json\/wp\/v2\/types\/post"}],"author":[{"embeddable":true,"href":"https:\/\/www.intersoccermadrid.com\/en\/wp-json\/wp\/v2\/users\/2"}],"replies":[{"embeddable":true,"href":"https:\/\/www.intersoccermadrid.com\/en\/wp-json\/wp\/v2\/comments?post=500"}],"version-history":[{"count":0,"href":"https:\/\/www.intersoccermadrid.com\/en\/wp-json\/wp\/v2\/posts\/500\/revisions"}],"wp:featuredmedia":[{"embeddable":true,"href":"https:\/\/www.intersoccermadrid.com\/en\/wp-json\/wp\/v2\/media\/5464"}],"wp:attachment":[{"href":"https:\/\/www.intersoccermadrid.com\/en\/wp-json\/wp\/v2\/media?parent=500"}],"wp:term":[{"taxonomy":"category","embeddable":true,"href":"https:\/\/www.intersoccermadrid.com\/en\/wp-json\/wp\/v2\/categories?post=500"},{"taxonomy":"post_tag","embeddable":true,"href":"https:\/\/www.intersoccermadrid.com\/en\/wp-json\/wp\/v2\/tags?post=500"}],"curies":[{"name":"wp","href":"https:\/\/api.w.org\/{rel}","templated":true}]}}