{"id":499,"date":"2016-06-03T04:00:00","date_gmt":"2016-06-03T02:00:00","guid":{"rendered":"https:\/\/www.intersoccermadrid.com\/mario-suarez-y-su-padre-realizan-el-saque-de-honor-del-iii-memorial-luis-aragones\/"},"modified":"2016-06-03T04:00:00","modified_gmt":"2016-06-03T02:00:00","slug":"mario-suarez-y-su-padre-realizan-el-saque-de-honor-del-iii-memorial-luis-aragones","status":"publish","type":"post","link":"https:\/\/www.intersoccermadrid.com\/en\/mario-suarez-y-su-padre-realizan-el-saque-de-honor-del-iii-memorial-luis-aragones\/","title":{"rendered":"MARIO SU\u00c1REZ Y SU PADRE REALIZAN EL SAQUE DE HONOR DEL III MEMORIAL LUIS ARAGON\u00c9S"},"content":{"rendered":"<p><img decoding=\"async\" loading=\"lazy\" class=\" alignleft size-full wp-image-5422\" src=\"https:\/\/www.intersoccermadrid.com\/wp-content\/uploads\/2016\/06\/2016_3mla_saque_de_honor_mario_suarez_j1_01.jpg\" border=\"0\" alt=\"MARIO SU\u00c1REZ Y SU PADRE REALIZAN EL SAQUE DE HONOR DEL III MEMORIAL LUIS ARAGON\u00c9S\" title=\"MARIO SU\u00c1REZ Y SU PADRE REALIZAN EL SAQUE DE HONOR DEL III MEMORIAL LUIS ARAGON\u00c9S\" align=\"left\" width=\"800\" height=\"533\" srcset=\"https:\/\/www.intersoccermadrid.com\/wp-content\/uploads\/2016\/06\/2016_3mla_saque_de_honor_mario_suarez_j1_01.jpg 800w, https:\/\/www.intersoccermadrid.com\/wp-content\/uploads\/2016\/06\/2016_3mla_saque_de_honor_mario_suarez_j1_01-300x200.jpg 300w, https:\/\/www.intersoccermadrid.com\/wp-content\/uploads\/2016\/06\/2016_3mla_saque_de_honor_mario_suarez_j1_01-768x512.jpg 768w\" sizes=\"(max-width: 800px) 100vw, 800px\" \/><\/p>\n<p>Antes del encuentro entre el FC Barcelona y el Alcobendas Levitt CF, Mario Su\u00e1rez, acompa\u00f1ado de su padre, realiz\u00f3 el saque de honor del torneo  <!--more--> y recibi\u00f3 una placa conmemorativa de manos del presidente del Alcobendas Levitt CF, Tom\u00e1s P\u00e1ramo, como recuerdo de sus or\u00edgenes futbol\u00edsticos en la cantera alcobendense.<\/p>\n<p>Torneo Champions de F\u00fatbol sub-16 &#8220;III Memorial Luis Aragon\u00e9s&#8221;, 3, 4 y 5 de junio de 2016, organizado por la A.C. Intersoccer Madrid<\/p>\n<p><img decoding=\"async\" loading=\"lazy\" class=\" alignleft size-full wp-image-5423\" src=\"https:\/\/www.intersoccermadrid.com\/wp-content\/uploads\/2016\/06\/2016_3mla_saque_de_honor_mario_suarez_j1_02.jpg\" border=\"0\" alt=\"MARIO SU\u00c1REZ Y SU PADRE REALIZAN EL SAQUE DE HONOR DEL III MEMORIAL LUIS ARAGON\u00c9S\" title=\"MARIO SU\u00c1REZ Y SU PADRE REALIZAN EL SAQUE DE HONOR DEL III MEMORIAL LUIS ARAGON\u00c9S\" align=\"left\" width=\"800\" height=\"533\" srcset=\"https:\/\/www.intersoccermadrid.com\/wp-content\/uploads\/2016\/06\/2016_3mla_saque_de_honor_mario_suarez_j1_02.jpg 800w, https:\/\/www.intersoccermadrid.com\/wp-content\/uploads\/2016\/06\/2016_3mla_saque_de_honor_mario_suarez_j1_02-300x200.jpg 300w, https:\/\/www.intersoccermadrid.com\/wp-content\/uploads\/2016\/06\/2016_3mla_saque_de_honor_mario_suarez_j1_02-768x512.jpg 768w\" sizes=\"(max-width: 800px) 100vw, 800px\" \/><\/p>\n<p><img decoding=\"async\" loading=\"lazy\" class=\" alignleft size-full wp-image-5424\" src=\"https:\/\/www.intersoccermadrid.com\/wp-content\/uploads\/2016\/06\/2016_3mla_saque_de_honor_mario_suarez_j1_03.jpg\" border=\"0\" alt=\"MARIO SU\u00c1REZ Y SU PADRE REALIZAN EL SAQUE DE HONOR DEL III MEMORIAL LUIS ARAGON\u00c9S\" title=\"MARIO SU\u00c1REZ Y SU PADRE REALIZAN EL SAQUE DE HONOR DEL III MEMORIAL LUIS ARAGON\u00c9S\" align=\"left\" width=\"767\" height=\"600\" srcset=\"https:\/\/www.intersoccermadrid.com\/wp-content\/uploads\/2016\/06\/2016_3mla_saque_de_honor_mario_suarez_j1_03.jpg 767w, https:\/\/www.intersoccermadrid.com\/wp-content\/uploads\/2016\/06\/2016_3mla_saque_de_honor_mario_suarez_j1_03-300x235.jpg 300w\" sizes=\"(max-width: 767px) 100vw, 767px\" \/><\/p>\n<p><img decoding=\"async\" loading=\"lazy\" class=\" alignleft size-full wp-image-5425\" src=\"https:\/\/www.intersoccermadrid.com\/wp-content\/uploads\/2016\/06\/2016_3mla_saque_de_honor_mario_suarez_j1_04.jpg\" border=\"0\" alt=\"MARIO SU\u00c1REZ Y SU PADRE REALIZAN EL SAQUE DE HONOR DEL III MEMORIAL LUIS ARAGON\u00c9S\" title=\"MARIO SU\u00c1REZ Y SU PADRE REALIZAN EL SAQUE DE HONOR DEL III MEMORIAL LUIS ARAGON\u00c9S\" align=\"left\" width=\"800\" height=\"533\" srcset=\"https:\/\/www.intersoccermadrid.com\/wp-content\/uploads\/2016\/06\/2016_3mla_saque_de_honor_mario_suarez_j1_04.jpg 800w, https:\/\/www.intersoccermadrid.com\/wp-content\/uploads\/2016\/06\/2016_3mla_saque_de_honor_mario_suarez_j1_04-300x200.jpg 300w, https:\/\/www.intersoccermadrid.com\/wp-content\/uploads\/2016\/06\/2016_3mla_saque_de_honor_mario_suarez_j1_04-768x512.jpg 768w\" sizes=\"(max-width: 800px) 100vw, 800px\" \/><\/p>\n<p><img decoding=\"async\" loading=\"lazy\" class=\" alignleft size-full wp-image-5426\" src=\"https:\/\/www.intersoccermadrid.com\/wp-content\/uploads\/2016\/06\/2016_3mla_saque_de_honor_mario_suarez_j1_05.jpg\" border=\"0\" alt=\"MARIO SU\u00c1REZ Y SU PADRE REALIZAN EL SAQUE DE HONOR DEL III MEMORIAL LUIS ARAGON\u00c9S\" title=\"MARIO SU\u00c1REZ Y SU PADRE REALIZAN EL SAQUE DE HONOR DEL III MEMORIAL LUIS ARAGON\u00c9S\" align=\"left\" width=\"800\" height=\"533\" srcset=\"https:\/\/www.intersoccermadrid.com\/wp-content\/uploads\/2016\/06\/2016_3mla_saque_de_honor_mario_suarez_j1_05.jpg 800w, https:\/\/www.intersoccermadrid.com\/wp-content\/uploads\/2016\/06\/2016_3mla_saque_de_honor_mario_suarez_j1_05-300x200.jpg 300w, https:\/\/www.intersoccermadrid.com\/wp-content\/uploads\/2016\/06\/2016_3mla_saque_de_honor_mario_suarez_j1_05-768x512.jpg 768w\" sizes=\"(max-width: 800px) 100vw, 800px\" \/><\/p>\n<p><img decoding=\"async\" loading=\"lazy\" class=\" alignleft size-full wp-image-5427\" src=\"https:\/\/www.intersoccermadrid.com\/wp-content\/uploads\/2016\/06\/2016_3mla_saque_de_honor_mario_suarez_j1_06.jpg\" border=\"0\" alt=\"MARIO SU\u00c1REZ Y SU PADRE REALIZAN EL SAQUE DE HONOR DEL III MEMORIAL LUIS ARAGON\u00c9S\" title=\"MARIO SU\u00c1REZ Y SU PADRE REALIZAN EL SAQUE DE HONOR DEL III MEMORIAL LUIS ARAGON\u00c9S\" align=\"left\" width=\"800\" height=\"460\" srcset=\"https:\/\/www.intersoccermadrid.com\/wp-content\/uploads\/2016\/06\/2016_3mla_saque_de_honor_mario_suarez_j1_06.jpg 800w, https:\/\/www.intersoccermadrid.com\/wp-content\/uploads\/2016\/06\/2016_3mla_saque_de_honor_mario_suarez_j1_06-300x173.jpg 300w, https:\/\/www.intersoccermadrid.com\/wp-content\/uploads\/2016\/06\/2016_3mla_saque_de_honor_mario_suarez_j1_06-768x442.jpg 768w\" sizes=\"(max-width: 800px) 100vw, 800px\" \/><\/p>\n<p><img decoding=\"async\" loading=\"lazy\" class=\" alignleft size-full wp-image-5428\" src=\"https:\/\/www.intersoccermadrid.com\/wp-content\/uploads\/2016\/06\/2016_3mla_saque_de_honor_mario_suarez_j1_07.jpg\" border=\"0\" alt=\"MARIO SU\u00c1REZ Y SU PADRE REALIZAN EL SAQUE DE HONOR DEL III MEMORIAL LUIS ARAGON\u00c9S\" title=\"MARIO SU\u00c1REZ Y SU PADRE REALIZAN EL SAQUE DE HONOR DEL III MEMORIAL LUIS ARAGON\u00c9S\" align=\"left\" width=\"742\" height=\"600\" srcset=\"https:\/\/www.intersoccermadrid.com\/wp-content\/uploads\/2016\/06\/2016_3mla_saque_de_honor_mario_suarez_j1_07.jpg 742w, https:\/\/www.intersoccermadrid.com\/wp-content\/uploads\/2016\/06\/2016_3mla_saque_de_honor_mario_suarez_j1_07-300x243.jpg 300w\" sizes=\"(max-width: 742px) 100vw, 742px\" \/><\/p>\n<p><img decoding=\"async\" loading=\"lazy\" class=\" alignleft size-full wp-image-5429\" src=\"https:\/\/www.intersoccermadrid.com\/wp-content\/uploads\/2016\/06\/2016_3mla_saque_de_honor_mario_suarez_j1_08.jpg\" border=\"0\" alt=\"MARIO SU\u00c1REZ Y SU PADRE REALIZAN EL SAQUE DE HONOR DEL III MEMORIAL LUIS ARAGON\u00c9S\" title=\"MARIO SU\u00c1REZ Y SU PADRE REALIZAN EL SAQUE DE HONOR DEL III MEMORIAL LUIS ARAGON\u00c9S\" align=\"left\" width=\"800\" height=\"533\" srcset=\"https:\/\/www.intersoccermadrid.com\/wp-content\/uploads\/2016\/06\/2016_3mla_saque_de_honor_mario_suarez_j1_08.jpg 800w, https:\/\/www.intersoccermadrid.com\/wp-content\/uploads\/2016\/06\/2016_3mla_saque_de_honor_mario_suarez_j1_08-300x200.jpg 300w, https:\/\/www.intersoccermadrid.com\/wp-content\/uploads\/2016\/06\/2016_3mla_saque_de_honor_mario_suarez_j1_08-768x512.jpg 768w\" sizes=\"(max-width: 800px) 100vw, 800px\" \/><\/p>\n<p><img decoding=\"async\" loading=\"lazy\" class=\" alignleft size-full wp-image-5430\" src=\"https:\/\/www.intersoccermadrid.com\/wp-content\/uploads\/2016\/06\/2016_3mla_saque_de_honor_mario_suarez_j1_09.jpg\" border=\"0\" alt=\"MARIO SU\u00c1REZ Y SU PADRE REALIZAN EL SAQUE DE HONOR DEL III MEMORIAL LUIS ARAGON\u00c9S\" title=\"MARIO SU\u00c1REZ Y SU PADRE REALIZAN EL SAQUE DE HONOR DEL III MEMORIAL LUIS ARAGON\u00c9S\" align=\"left\" width=\"800\" height=\"533\" srcset=\"https:\/\/www.intersoccermadrid.com\/wp-content\/uploads\/2016\/06\/2016_3mla_saque_de_honor_mario_suarez_j1_09.jpg 800w, https:\/\/www.intersoccermadrid.com\/wp-content\/uploads\/2016\/06\/2016_3mla_saque_de_honor_mario_suarez_j1_09-300x200.jpg 300w, https:\/\/www.intersoccermadrid.com\/wp-content\/uploads\/2016\/06\/2016_3mla_saque_de_honor_mario_suarez_j1_09-768x512.jpg 768w\" sizes=\"(max-width: 800px) 100vw, 800px\" \/><\/p>\n<p><img decoding=\"async\" loading=\"lazy\" class=\" alignleft size-full wp-image-5431\" src=\"https:\/\/www.intersoccermadrid.com\/wp-content\/uploads\/2016\/06\/2016_3mla_saque_de_honor_mario_suarez_j1_10.jpg\" border=\"0\" alt=\"MARIO SU\u00c1REZ Y SU PADRE REALIZAN EL SAQUE DE HONOR DEL III MEMORIAL LUIS ARAGON\u00c9S\" title=\"MARIO SU\u00c1REZ Y SU PADRE REALIZAN EL SAQUE DE HONOR DEL III MEMORIAL LUIS ARAGON\u00c9S\" align=\"left\" width=\"751\" height=\"600\" srcset=\"https:\/\/www.intersoccermadrid.com\/wp-content\/uploads\/2016\/06\/2016_3mla_saque_de_honor_mario_suarez_j1_10.jpg 751w, https:\/\/www.intersoccermadrid.com\/wp-content\/uploads\/2016\/06\/2016_3mla_saque_de_honor_mario_suarez_j1_10-300x240.jpg 300w\" sizes=\"(max-width: 751px) 100vw, 751px\" \/><\/p>\n<p><img decoding=\"async\" loading=\"lazy\" class=\" alignleft size-full wp-image-5432\" src=\"https:\/\/www.intersoccermadrid.com\/wp-content\/uploads\/2016\/06\/2016_3mla_saque_de_honor_mario_suarez_j1_11.jpg\" border=\"0\" alt=\"MARIO SU\u00c1REZ Y SU PADRE REALIZAN EL SAQUE DE HONOR DEL III MEMORIAL LUIS ARAGON\u00c9S\" title=\"MARIO SU\u00c1REZ Y SU PADRE REALIZAN EL SAQUE DE HONOR DEL III MEMORIAL LUIS ARAGON\u00c9S\" align=\"left\" width=\"800\" height=\"533\" srcset=\"https:\/\/www.intersoccermadrid.com\/wp-content\/uploads\/2016\/06\/2016_3mla_saque_de_honor_mario_suarez_j1_11.jpg 800w, https:\/\/www.intersoccermadrid.com\/wp-content\/uploads\/2016\/06\/2016_3mla_saque_de_honor_mario_suarez_j1_11-300x200.jpg 300w, https:\/\/www.intersoccermadrid.com\/wp-content\/uploads\/2016\/06\/2016_3mla_saque_de_honor_mario_suarez_j1_11-768x512.jpg 768w\" sizes=\"(max-width: 800px) 100vw, 800px\" \/><\/p>\n<p><img decoding=\"async\" loading=\"lazy\" class=\" alignleft size-full wp-image-5433\" src=\"https:\/\/www.intersoccermadrid.com\/wp-content\/uploads\/2016\/06\/2016_3mla_saque_de_honor_mario_suarez_j1_12.jpg\" border=\"0\" alt=\"MARIO SU\u00c1REZ Y SU PADRE REALIZAN EL SAQUE DE HONOR DEL III MEMORIAL LUIS ARAGON\u00c9S\" title=\"MARIO SU\u00c1REZ Y SU PADRE REALIZAN EL SAQUE DE HONOR DEL III MEMORIAL LUIS ARAGON\u00c9S\" align=\"left\" width=\"800\" height=\"533\" srcset=\"https:\/\/www.intersoccermadrid.com\/wp-content\/uploads\/2016\/06\/2016_3mla_saque_de_honor_mario_suarez_j1_12.jpg 800w, https:\/\/www.intersoccermadrid.com\/wp-content\/uploads\/2016\/06\/2016_3mla_saque_de_honor_mario_suarez_j1_12-300x200.jpg 300w, https:\/\/www.intersoccermadrid.com\/wp-content\/uploads\/2016\/06\/2016_3mla_saque_de_honor_mario_suarez_j1_12-768x512.jpg 768w\" sizes=\"(max-width: 800px) 100vw, 800px\" \/><\/p>\n<p><img decoding=\"async\" loading=\"lazy\" class=\" alignleft size-full wp-image-5434\" src=\"https:\/\/www.intersoccermadrid.com\/wp-content\/uploads\/2016\/06\/2016_3mla_saque_de_honor_mario_suarez_j1_13.jpg\" border=\"0\" alt=\"MARIO SU\u00c1REZ Y SU PADRE REALIZAN EL SAQUE DE HONOR DEL III MEMORIAL LUIS ARAGON\u00c9S\" title=\"MARIO SU\u00c1REZ Y SU PADRE REALIZAN EL SAQUE DE HONOR DEL III MEMORIAL LUIS ARAGON\u00c9S\" align=\"left\" width=\"800\" height=\"461\" srcset=\"https:\/\/www.intersoccermadrid.com\/wp-content\/uploads\/2016\/06\/2016_3mla_saque_de_honor_mario_suarez_j1_13.jpg 800w, https:\/\/www.intersoccermadrid.com\/wp-content\/uploads\/2016\/06\/2016_3mla_saque_de_honor_mario_suarez_j1_13-300x173.jpg 300w, https:\/\/www.intersoccermadrid.com\/wp-content\/uploads\/2016\/06\/2016_3mla_saque_de_honor_mario_suarez_j1_13-768x443.jpg 768w\" sizes=\"(max-width: 800px) 100vw, 800px\" \/><\/p>\n<p><img decoding=\"async\" loading=\"lazy\" class=\" alignleft size-full wp-image-5435\" src=\"https:\/\/www.intersoccermadrid.com\/wp-content\/uploads\/2016\/06\/2016_3mla_saque_de_honor_mario_suarez_j1_14.jpg\" border=\"0\" alt=\"MARIO SU\u00c1REZ Y SU PADRE REALIZAN EL SAQUE DE HONOR DEL III MEMORIAL LUIS ARAGON\u00c9S\" title=\"MARIO SU\u00c1REZ Y SU PADRE REALIZAN EL SAQUE DE HONOR DEL III MEMORIAL LUIS ARAGON\u00c9S\" align=\"left\" width=\"800\" height=\"533\" srcset=\"https:\/\/www.intersoccermadrid.com\/wp-content\/uploads\/2016\/06\/2016_3mla_saque_de_honor_mario_suarez_j1_14.jpg 800w, https:\/\/www.intersoccermadrid.com\/wp-content\/uploads\/2016\/06\/2016_3mla_saque_de_honor_mario_suarez_j1_14-300x200.jpg 300w, https:\/\/www.intersoccermadrid.com\/wp-content\/uploads\/2016\/06\/2016_3mla_saque_de_honor_mario_suarez_j1_14-768x512.jpg 768w\" sizes=\"(max-width: 800px) 100vw, 800px\" \/><\/p>\n<p><img decoding=\"async\" loading=\"lazy\" class=\" alignleft size-full wp-image-5436\" src=\"https:\/\/www.intersoccermadrid.com\/wp-content\/uploads\/2016\/06\/2016_3mla_saque_de_honor_mario_suarez_j1_15.jpg\" border=\"0\" alt=\"MARIO SU\u00c1REZ Y SU PADRE REALIZAN EL SAQUE DE HONOR DEL III MEMORIAL LUIS ARAGON\u00c9S\" title=\"MARIO SU\u00c1REZ Y SU PADRE REALIZAN EL SAQUE DE HONOR DEL III MEMORIAL LUIS ARAGON\u00c9S\" align=\"left\" width=\"800\" height=\"533\" srcset=\"https:\/\/www.intersoccermadrid.com\/wp-content\/uploads\/2016\/06\/2016_3mla_saque_de_honor_mario_suarez_j1_15.jpg 800w, https:\/\/www.intersoccermadrid.com\/wp-content\/uploads\/2016\/06\/2016_3mla_saque_de_honor_mario_suarez_j1_15-300x200.jpg 300w, https:\/\/www.intersoccermadrid.com\/wp-content\/uploads\/2016\/06\/2016_3mla_saque_de_honor_mario_suarez_j1_15-768x512.jpg 768w\" sizes=\"(max-width: 800px) 100vw, 800px\" \/><\/p>\n<p><img decoding=\"async\" loading=\"lazy\" class=\" alignleft size-full wp-image-5437\" src=\"https:\/\/www.intersoccermadrid.com\/wp-content\/uploads\/2016\/06\/2016_3mla_saque_de_honor_mario_suarez_j1_16.jpg\" border=\"0\" alt=\"MARIO SU\u00c1REZ Y SU PADRE REALIZAN EL SAQUE DE HONOR DEL III MEMORIAL LUIS ARAGON\u00c9S\" title=\"MARIO SU\u00c1REZ Y SU PADRE REALIZAN EL SAQUE DE HONOR DEL III MEMORIAL LUIS ARAGON\u00c9S\" align=\"left\" width=\"750\" height=\"600\" srcset=\"https:\/\/www.intersoccermadrid.com\/wp-content\/uploads\/2016\/06\/2016_3mla_saque_de_honor_mario_suarez_j1_16.jpg 750w, https:\/\/www.intersoccermadrid.com\/wp-content\/uploads\/2016\/06\/2016_3mla_saque_de_honor_mario_suarez_j1_16-300x240.jpg 300w\" sizes=\"(max-width: 750px) 100vw, 750px\" \/><\/p>\n<p><img decoding=\"async\" loading=\"lazy\" class=\" alignleft size-full wp-image-5438\" src=\"https:\/\/www.intersoccermadrid.com\/wp-content\/uploads\/2016\/06\/2016_3mla_saque_de_honor_mario_suarez_j1_17.jpg\" border=\"0\" alt=\"MARIO SU\u00c1REZ Y SU PADRE REALIZAN EL SAQUE DE HONOR DEL III MEMORIAL LUIS ARAGON\u00c9S\" title=\"MARIO SU\u00c1REZ Y SU PADRE REALIZAN EL SAQUE DE HONOR DEL III MEMORIAL LUIS ARAGON\u00c9S\" align=\"left\" width=\"800\" height=\"533\" srcset=\"https:\/\/www.intersoccermadrid.com\/wp-content\/uploads\/2016\/06\/2016_3mla_saque_de_honor_mario_suarez_j1_17.jpg 800w, https:\/\/www.intersoccermadrid.com\/wp-content\/uploads\/2016\/06\/2016_3mla_saque_de_honor_mario_suarez_j1_17-300x200.jpg 300w, https:\/\/www.intersoccermadrid.com\/wp-content\/uploads\/2016\/06\/2016_3mla_saque_de_honor_mario_suarez_j1_17-768x512.jpg 768w\" sizes=\"(max-width: 800px) 100vw, 800px\" \/><\/p>\n<p><img decoding=\"async\" loading=\"lazy\" class=\" alignleft size-full wp-image-5439\" src=\"https:\/\/www.intersoccermadrid.com\/wp-content\/uploads\/2016\/06\/2016_3mla_saque_de_honor_mario_suarez_j1_18.jpg\" border=\"0\" alt=\"MARIO SU\u00c1REZ Y SU PADRE REALIZAN EL SAQUE DE HONOR DEL III MEMORIAL LUIS ARAGON\u00c9S\" title=\"MARIO SU\u00c1REZ Y SU PADRE REALIZAN EL SAQUE DE HONOR DEL III MEMORIAL LUIS ARAGON\u00c9S\" align=\"left\" width=\"800\" height=\"500\" srcset=\"https:\/\/www.intersoccermadrid.com\/wp-content\/uploads\/2016\/06\/2016_3mla_saque_de_honor_mario_suarez_j1_18.jpg 800w, https:\/\/www.intersoccermadrid.com\/wp-content\/uploads\/2016\/06\/2016_3mla_saque_de_honor_mario_suarez_j1_18-300x188.jpg 300w, https:\/\/www.intersoccermadrid.com\/wp-content\/uploads\/2016\/06\/2016_3mla_saque_de_honor_mario_suarez_j1_18-768x480.jpg 768w\" sizes=\"(max-width: 800px) 100vw, 800px\" \/><\/p>\n<p><img decoding=\"async\" loading=\"lazy\" class=\" alignleft size-full wp-image-5440\" src=\"https:\/\/www.intersoccermadrid.com\/wp-content\/uploads\/2016\/06\/2016_3mla_saque_de_honor_mario_suarez_j1_19.jpg\" border=\"0\" alt=\"MARIO SU\u00c1REZ Y SU PADRE REALIZAN EL SAQUE DE HONOR DEL III MEMORIAL LUIS ARAGON\u00c9S\" title=\"MARIO SU\u00c1REZ Y SU PADRE REALIZAN EL SAQUE DE HONOR DEL III MEMORIAL LUIS ARAGON\u00c9S\" align=\"left\" width=\"800\" height=\"533\" srcset=\"https:\/\/www.intersoccermadrid.com\/wp-content\/uploads\/2016\/06\/2016_3mla_saque_de_honor_mario_suarez_j1_19.jpg 800w, https:\/\/www.intersoccermadrid.com\/wp-content\/uploads\/2016\/06\/2016_3mla_saque_de_honor_mario_suarez_j1_19-300x200.jpg 300w, https:\/\/www.intersoccermadrid.com\/wp-content\/uploads\/2016\/06\/2016_3mla_saque_de_honor_mario_suarez_j1_19-768x512.jpg 768w\" sizes=\"(max-width: 800px) 100vw, 800px\" \/><\/p>\n<p><img decoding=\"async\" loading=\"lazy\" class=\" alignleft size-full wp-image-5441\" src=\"https:\/\/www.intersoccermadrid.com\/wp-content\/uploads\/2016\/06\/2016_3mla_saque_de_honor_mario_suarez_j1_20.jpg\" border=\"0\" alt=\"MARIO SU\u00c1REZ Y SU PADRE REALIZAN EL SAQUE DE HONOR DEL III MEMORIAL LUIS ARAGON\u00c9S\" title=\"MARIO SU\u00c1REZ Y SU PADRE REALIZAN EL SAQUE DE HONOR DEL III MEMORIAL LUIS ARAGON\u00c9S\" align=\"left\" width=\"800\" height=\"488\" srcset=\"https:\/\/www.intersoccermadrid.com\/wp-content\/uploads\/2016\/06\/2016_3mla_saque_de_honor_mario_suarez_j1_20.jpg 800w, https:\/\/www.intersoccermadrid.com\/wp-content\/uploads\/2016\/06\/2016_3mla_saque_de_honor_mario_suarez_j1_20-300x183.jpg 300w, https:\/\/www.intersoccermadrid.com\/wp-content\/uploads\/2016\/06\/2016_3mla_saque_de_honor_mario_suarez_j1_20-768x468.jpg 768w\" sizes=\"(max-width: 800px) 100vw, 800px\" \/><\/p>\n<p><img decoding=\"async\" loading=\"lazy\" class=\" alignleft size-full wp-image-5442\" src=\"https:\/\/www.intersoccermadrid.com\/wp-content\/uploads\/2016\/06\/2016_3mla_saque_de_honor_mario_suarez_j1_21.jpg\" border=\"0\" alt=\"MARIO SU\u00c1REZ Y SU PADRE REALIZAN EL SAQUE DE HONOR DEL III MEMORIAL LUIS ARAGON\u00c9S\" title=\"MARIO SU\u00c1REZ Y SU PADRE REALIZAN EL SAQUE DE HONOR DEL III MEMORIAL LUIS ARAGON\u00c9S\" align=\"left\" width=\"800\" height=\"533\" srcset=\"https:\/\/www.intersoccermadrid.com\/wp-content\/uploads\/2016\/06\/2016_3mla_saque_de_honor_mario_suarez_j1_21.jpg 800w, https:\/\/www.intersoccermadrid.com\/wp-content\/uploads\/2016\/06\/2016_3mla_saque_de_honor_mario_suarez_j1_21-300x200.jpg 300w, https:\/\/www.intersoccermadrid.com\/wp-content\/uploads\/2016\/06\/2016_3mla_saque_de_honor_mario_suarez_j1_21-768x512.jpg 768w\" sizes=\"(max-width: 800px) 100vw, 800px\" \/><\/p>\n<p>      <!--<iframe loading=\"lazy\" width=\"320\" height=\"240\" src=\"\/\/www.youtube.com\/embed\/5QIQxATQka\" frameborder=\"0\"><\/iframe>--><\/p>\n","protected":false},"excerpt":{"rendered":"<p>Antes del encuentro entre el FC Barcelona y el Alcobendas Levitt CF, Mario Su\u00e1rez, acompa\u00f1ado de su padre, realiz\u00f3 el saque de honor del torneo<\/p>\n","protected":false},"author":2,"featured_media":5422,"comment_status":"open","ping_status":"open","sticky":false,"template":"","format":"standard","meta":{"_et_pb_use_builder":"","_et_pb_old_content":"","_et_gb_content_width":""},"categories":[8],"tags":[],"yoast_head":"<!-- This site is optimized with the Yoast SEO plugin v20.9 - https:\/\/yoast.com\/wordpress\/plugins\/seo\/ -->\n<title>MARIO SU\u00c1REZ Y SU PADRE REALIZAN EL SAQUE DE HONOR DEL III MEMORIAL LUIS ARAGON\u00c9S &middot; International Soccer Academy of Madrid<\/title>\n<meta name=\"robots\" content=\"index, follow, max-snippet:-1, max-image-preview:large, max-video-preview:-1\" \/>\n<link rel=\"canonical\" href=\"https:\/\/www.intersoccermadrid.com\/en\/mario-suarez-y-su-padre-realizan-el-saque-de-honor-del-iii-memorial-luis-aragones\/\" \/>\n<meta property=\"og:locale\" content=\"en_US\" \/>\n<meta property=\"og:type\" content=\"article\" \/>\n<meta property=\"og:title\" content=\"MARIO SU\u00c1REZ Y SU PADRE REALIZAN EL SAQUE DE HONOR DEL III MEMORIAL LUIS ARAGON\u00c9S &middot; International Soccer Academy of Madrid\" \/>\n<meta property=\"og:description\" content=\"Antes del encuentro entre el FC Barcelona y el Alcobendas Levitt CF, Mario Su\u00e1rez, acompa\u00f1ado de su padre, realiz\u00f3 el saque de honor del torneo\" \/>\n<meta property=\"og:url\" content=\"https:\/\/www.intersoccermadrid.com\/en\/mario-suarez-y-su-padre-realizan-el-saque-de-honor-del-iii-memorial-luis-aragones\/\" \/>\n<meta property=\"og:site_name\" content=\"International Soccer Academy of Madrid\" \/>\n<meta property=\"article:published_time\" content=\"2016-06-03T02:00:00+00:00\" \/>\n<meta property=\"og:image\" content=\"https:\/\/www.intersoccermadrid.com\/wp-content\/uploads\/2016\/06\/2016_3mla_saque_de_honor_mario_suarez_j1_01.jpg\" \/>\n\t<meta property=\"og:image:width\" content=\"800\" \/>\n\t<meta property=\"og:image:height\" content=\"533\" \/>\n\t<meta property=\"og:image:type\" content=\"image\/jpeg\" \/>\n<meta name=\"author\" content=\"Administrator\" \/>\n<meta name=\"twitter:card\" content=\"summary_large_image\" \/>\n<meta name=\"twitter:label1\" content=\"Written by\" \/>\n\t<meta name=\"twitter:data1\" content=\"Administrator\" \/>\n<script type=\"application\/ld+json\" class=\"yoast-schema-graph\">{\"@context\":\"https:\/\/schema.org\",\"@graph\":[{\"@type\":\"WebPage\",\"@id\":\"https:\/\/www.intersoccermadrid.com\/en\/mario-suarez-y-su-padre-realizan-el-saque-de-honor-del-iii-memorial-luis-aragones\/\",\"url\":\"https:\/\/www.intersoccermadrid.com\/en\/mario-suarez-y-su-padre-realizan-el-saque-de-honor-del-iii-memorial-luis-aragones\/\",\"name\":\"MARIO SU\u00c1REZ Y SU PADRE REALIZAN EL SAQUE DE HONOR DEL III MEMORIAL LUIS ARAGON\u00c9S &middot; International Soccer Academy of Madrid\",\"isPartOf\":{\"@id\":\"https:\/\/www.intersoccermadrid.com\/en\/#website\"},\"datePublished\":\"2016-06-03T02:00:00+00:00\",\"dateModified\":\"2016-06-03T02:00:00+00:00\",\"author\":{\"@id\":\"https:\/\/www.intersoccermadrid.com\/en\/#\/schema\/person\/4843f782828393fd2fd34a6db5ce5d48\"},\"breadcrumb\":{\"@id\":\"https:\/\/www.intersoccermadrid.com\/en\/mario-suarez-y-su-padre-realizan-el-saque-de-honor-del-iii-memorial-luis-aragones\/#breadcrumb\"},\"inLanguage\":\"en-US\",\"potentialAction\":[{\"@type\":\"ReadAction\",\"target\":[\"https:\/\/www.intersoccermadrid.com\/en\/mario-suarez-y-su-padre-realizan-el-saque-de-honor-del-iii-memorial-luis-aragones\/\"]}]},{\"@type\":\"BreadcrumbList\",\"@id\":\"https:\/\/www.intersoccermadrid.com\/en\/mario-suarez-y-su-padre-realizan-el-saque-de-honor-del-iii-memorial-luis-aragones\/#breadcrumb\",\"itemListElement\":[{\"@type\":\"ListItem\",\"position\":1,\"name\":\"Home\",\"item\":\"https:\/\/www.intersoccermadrid.com\/en\/\"},{\"@type\":\"ListItem\",\"position\":2,\"name\":\"MARIO SU\u00c1REZ Y SU PADRE REALIZAN EL SAQUE DE HONOR DEL III MEMORIAL LUIS ARAGON\u00c9S\"}]},{\"@type\":\"WebSite\",\"@id\":\"https:\/\/www.intersoccermadrid.com\/en\/#website\",\"url\":\"https:\/\/www.intersoccermadrid.com\/en\/\",\"name\":\"International Soccer Academy of Madrid\",\"description\":\"International Soccer Academy of Madrid\",\"potentialAction\":[{\"@type\":\"SearchAction\",\"target\":{\"@type\":\"EntryPoint\",\"urlTemplate\":\"https:\/\/www.intersoccermadrid.com\/en\/?s={search_term_string}\"},\"query-input\":\"required name=search_term_string\"}],\"inLanguage\":\"en-US\"},{\"@type\":\"Person\",\"@id\":\"https:\/\/www.intersoccermadrid.com\/en\/#\/schema\/person\/4843f782828393fd2fd34a6db5ce5d48\",\"name\":\"Administrator\",\"image\":{\"@type\":\"ImageObject\",\"inLanguage\":\"en-US\",\"@id\":\"https:\/\/www.intersoccermadrid.com\/en\/#\/schema\/person\/image\/\",\"url\":\"https:\/\/secure.gravatar.com\/avatar\/85ec5305f9a568d3e58c20ee91decabf?s=96&d=mm&r=g\",\"contentUrl\":\"https:\/\/secure.gravatar.com\/avatar\/85ec5305f9a568d3e58c20ee91decabf?s=96&d=mm&r=g\",\"caption\":\"Administrator\"},\"url\":\"https:\/\/www.intersoccermadrid.com\/en\/author\/admin\/\"}]}<\/script>\n<!-- \/ Yoast SEO plugin. -->","yoast_head_json":{"title":"MARIO SU\u00c1REZ Y SU PADRE REALIZAN EL SAQUE DE HONOR DEL III MEMORIAL LUIS ARAGON\u00c9S &middot; International Soccer Academy of Madrid","robots":{"index":"index","follow":"follow","max-snippet":"max-snippet:-1","max-image-preview":"max-image-preview:large","max-video-preview":"max-video-preview:-1"},"canonical":"https:\/\/www.intersoccermadrid.com\/en\/mario-suarez-y-su-padre-realizan-el-saque-de-honor-del-iii-memorial-luis-aragones\/","og_locale":"en_US","og_type":"article","og_title":"MARIO SU\u00c1REZ Y SU PADRE REALIZAN EL SAQUE DE HONOR DEL III MEMORIAL LUIS ARAGON\u00c9S &middot; International Soccer Academy of Madrid","og_description":"Antes del encuentro entre el FC Barcelona y el Alcobendas Levitt CF, Mario Su\u00e1rez, acompa\u00f1ado de su padre, realiz\u00f3 el saque de honor del torneo","og_url":"https:\/\/www.intersoccermadrid.com\/en\/mario-suarez-y-su-padre-realizan-el-saque-de-honor-del-iii-memorial-luis-aragones\/","og_site_name":"International Soccer Academy of Madrid","article_published_time":"2016-06-03T02:00:00+00:00","og_image":[{"width":800,"height":533,"url":"https:\/\/www.intersoccermadrid.com\/wp-content\/uploads\/2016\/06\/2016_3mla_saque_de_honor_mario_suarez_j1_01.jpg","type":"image\/jpeg"}],"author":"Administrator","twitter_card":"summary_large_image","twitter_misc":{"Written by":"Administrator"},"schema":{"@context":"https:\/\/schema.org","@graph":[{"@type":"WebPage","@id":"https:\/\/www.intersoccermadrid.com\/en\/mario-suarez-y-su-padre-realizan-el-saque-de-honor-del-iii-memorial-luis-aragones\/","url":"https:\/\/www.intersoccermadrid.com\/en\/mario-suarez-y-su-padre-realizan-el-saque-de-honor-del-iii-memorial-luis-aragones\/","name":"MARIO SU\u00c1REZ Y SU PADRE REALIZAN EL SAQUE DE HONOR DEL III MEMORIAL LUIS ARAGON\u00c9S &middot; International Soccer Academy of Madrid","isPartOf":{"@id":"https:\/\/www.intersoccermadrid.com\/en\/#website"},"datePublished":"2016-06-03T02:00:00+00:00","dateModified":"2016-06-03T02:00:00+00:00","author":{"@id":"https:\/\/www.intersoccermadrid.com\/en\/#\/schema\/person\/4843f782828393fd2fd34a6db5ce5d48"},"breadcrumb":{"@id":"https:\/\/www.intersoccermadrid.com\/en\/mario-suarez-y-su-padre-realizan-el-saque-de-honor-del-iii-memorial-luis-aragones\/#breadcrumb"},"inLanguage":"en-US","potentialAction":[{"@type":"ReadAction","target":["https:\/\/www.intersoccermadrid.com\/en\/mario-suarez-y-su-padre-realizan-el-saque-de-honor-del-iii-memorial-luis-aragones\/"]}]},{"@type":"BreadcrumbList","@id":"https:\/\/www.intersoccermadrid.com\/en\/mario-suarez-y-su-padre-realizan-el-saque-de-honor-del-iii-memorial-luis-aragones\/#breadcrumb","itemListElement":[{"@type":"ListItem","position":1,"name":"Home","item":"https:\/\/www.intersoccermadrid.com\/en\/"},{"@type":"ListItem","position":2,"name":"MARIO SU\u00c1REZ Y SU PADRE REALIZAN EL SAQUE DE HONOR DEL III MEMORIAL LUIS ARAGON\u00c9S"}]},{"@type":"WebSite","@id":"https:\/\/www.intersoccermadrid.com\/en\/#website","url":"https:\/\/www.intersoccermadrid.com\/en\/","name":"International Soccer Academy of Madrid","description":"International Soccer Academy of Madrid","potentialAction":[{"@type":"SearchAction","target":{"@type":"EntryPoint","urlTemplate":"https:\/\/www.intersoccermadrid.com\/en\/?s={search_term_string}"},"query-input":"required name=search_term_string"}],"inLanguage":"en-US"},{"@type":"Person","@id":"https:\/\/www.intersoccermadrid.com\/en\/#\/schema\/person\/4843f782828393fd2fd34a6db5ce5d48","name":"Administrator","image":{"@type":"ImageObject","inLanguage":"en-US","@id":"https:\/\/www.intersoccermadrid.com\/en\/#\/schema\/person\/image\/","url":"https:\/\/secure.gravatar.com\/avatar\/85ec5305f9a568d3e58c20ee91decabf?s=96&d=mm&r=g","contentUrl":"https:\/\/secure.gravatar.com\/avatar\/85ec5305f9a568d3e58c20ee91decabf?s=96&d=mm&r=g","caption":"Administrator"},"url":"https:\/\/www.intersoccermadrid.com\/en\/author\/admin\/"}]}},"_links":{"self":[{"href":"https:\/\/www.intersoccermadrid.com\/en\/wp-json\/wp\/v2\/posts\/499"}],"collection":[{"href":"https:\/\/www.intersoccermadrid.com\/en\/wp-json\/wp\/v2\/posts"}],"about":[{"href":"https:\/\/www.intersoccermadrid.com\/en\/wp-json\/wp\/v2\/types\/post"}],"author":[{"embeddable":true,"href":"https:\/\/www.intersoccermadrid.com\/en\/wp-json\/wp\/v2\/users\/2"}],"replies":[{"embeddable":true,"href":"https:\/\/www.intersoccermadrid.com\/en\/wp-json\/wp\/v2\/comments?post=499"}],"version-history":[{"count":0,"href":"https:\/\/www.intersoccermadrid.com\/en\/wp-json\/wp\/v2\/posts\/499\/revisions"}],"wp:featuredmedia":[{"embeddable":true,"href":"https:\/\/www.intersoccermadrid.com\/en\/wp-json\/wp\/v2\/media\/5422"}],"wp:attachment":[{"href":"https:\/\/www.intersoccermadrid.com\/en\/wp-json\/wp\/v2\/media?parent=499"}],"wp:term":[{"taxonomy":"category","embeddable":true,"href":"https:\/\/www.intersoccermadrid.com\/en\/wp-json\/wp\/v2\/categories?post=499"},{"taxonomy":"post_tag","embeddable":true,"href":"https:\/\/www.intersoccermadrid.com\/en\/wp-json\/wp\/v2\/tags?post=499"}],"curies":[{"name":"wp","href":"https:\/\/api.w.org\/{rel}","templated":true}]}}