{"id":496,"date":"2016-06-03T01:00:00","date_gmt":"2016-06-02T23:00:00","guid":{"rendered":"https:\/\/www.intersoccermadrid.com\/iii-memorial-luis-aragones-villarreal-cf-alcobendas-levitt-cf-2-0\/"},"modified":"2016-06-03T01:00:00","modified_gmt":"2016-06-02T23:00:00","slug":"iii-memorial-luis-aragones-villarreal-cf-alcobendas-levitt-cf-2-0","status":"publish","type":"post","link":"https:\/\/www.intersoccermadrid.com\/en\/iii-memorial-luis-aragones-villarreal-cf-alcobendas-levitt-cf-2-0\/","title":{"rendered":"III MEMORIAL LUIS ARAGON\u00c9S. VILLARREAL CF &#8211; ALCOBENDAS LEVITT CF, 2-0"},"content":{"rendered":"<p><img decoding=\"async\" loading=\"lazy\" class=\" alignleft size-full wp-image-5302\" src=\"https:\/\/www.intersoccermadrid.com\/wp-content\/uploads\/2016\/06\/2016_3mla_vil_acf_j1_01.jpg\" border=\"0\" alt=\"III MEMORIAL LUIS ARAGON\u00c9S. VILLARREAL CF - ALCOBENDAS LEVITT CF, 2-0\" title=\"III MEMORIAL LUIS ARAGON\u00c9S. VILLARREAL CF - ALCOBENDAS LEVITT CF, 2-0\" align=\"left\" width=\"800\" height=\"549\" srcset=\"https:\/\/www.intersoccermadrid.com\/wp-content\/uploads\/2016\/06\/2016_3mla_vil_acf_j1_01.jpg 800w, https:\/\/www.intersoccermadrid.com\/wp-content\/uploads\/2016\/06\/2016_3mla_vil_acf_j1_01-300x206.jpg 300w, https:\/\/www.intersoccermadrid.com\/wp-content\/uploads\/2016\/06\/2016_3mla_vil_acf_j1_01-768x527.jpg 768w\" sizes=\"(max-width: 800px) 100vw, 800px\" \/><\/p>\n<p>EL VILLARREAL SE HACE CON LOS TRES PUNTOS EN EL PRIMER PARTIDO DEL GRUPO B<br \/>   El equipo anfitri\u00f3n, el Alcobendas Levitt CF se lo puso muy dif\u00edcil a un buen Villarreal CF, que tuvo que esperar hasta la segunda mitad  <!--more--> para conquistar sus tres primeros puntos. En la primera, los verdes compitieron a un alto nivel y tuvieron alguna oportunidad, sobre todo a bal\u00f3n parado. Tras el descanso, Ignacio culminaba una buena contra tras un robo de bal\u00f3n en el centro del campo para firmar el primer gol del torneo a placer. Ya en el tramo final, Pahul establec\u00eda el segundo y definitivo, tras favorecerse de un rechace del portero local y marcar tambi\u00e9n a puerta vac\u00eda.<\/p>\n<p>Torneo Champions de F\u00fatbol sub-16 &#8220;III Memorial Luis Aragon\u00e9s&#8221;, 3, 4 y 5 de junio de 2016, organizado por la A.C. Intersoccer Madrid<\/p>\n<p><img decoding=\"async\" loading=\"lazy\" class=\" alignleft size-full wp-image-5303\" src=\"https:\/\/www.intersoccermadrid.com\/wp-content\/uploads\/2016\/06\/2016_3mla_vil_acf_j1_02.jpg\" border=\"0\" alt=\"III MEMORIAL LUIS ARAGON\u00c9S. VILLARREAL CF - ALCOBENDAS LEVITT CF, 2-0\" title=\"III MEMORIAL LUIS ARAGON\u00c9S. VILLARREAL CF - ALCOBENDAS LEVITT CF, 2-0\" align=\"left\" width=\"800\" height=\"525\" srcset=\"https:\/\/www.intersoccermadrid.com\/wp-content\/uploads\/2016\/06\/2016_3mla_vil_acf_j1_02.jpg 800w, https:\/\/www.intersoccermadrid.com\/wp-content\/uploads\/2016\/06\/2016_3mla_vil_acf_j1_02-300x197.jpg 300w, https:\/\/www.intersoccermadrid.com\/wp-content\/uploads\/2016\/06\/2016_3mla_vil_acf_j1_02-768x504.jpg 768w\" sizes=\"(max-width: 800px) 100vw, 800px\" \/><\/p>\n<p><img decoding=\"async\" loading=\"lazy\" class=\" alignleft size-full wp-image-5304\" src=\"https:\/\/www.intersoccermadrid.com\/wp-content\/uploads\/2016\/06\/2016_3mla_vil_acf_j1_03.jpg\" border=\"0\" alt=\"III MEMORIAL LUIS ARAGON\u00c9S. VILLARREAL CF - ALCOBENDAS LEVITT CF, 2-0\" title=\"III MEMORIAL LUIS ARAGON\u00c9S. VILLARREAL CF - ALCOBENDAS LEVITT CF, 2-0\" align=\"left\" width=\"800\" height=\"592\" srcset=\"https:\/\/www.intersoccermadrid.com\/wp-content\/uploads\/2016\/06\/2016_3mla_vil_acf_j1_03.jpg 800w, https:\/\/www.intersoccermadrid.com\/wp-content\/uploads\/2016\/06\/2016_3mla_vil_acf_j1_03-300x222.jpg 300w, https:\/\/www.intersoccermadrid.com\/wp-content\/uploads\/2016\/06\/2016_3mla_vil_acf_j1_03-768x568.jpg 768w\" sizes=\"(max-width: 800px) 100vw, 800px\" \/><\/p>\n<p><img decoding=\"async\" loading=\"lazy\" class=\" alignleft size-full wp-image-5305\" src=\"https:\/\/www.intersoccermadrid.com\/wp-content\/uploads\/2016\/06\/2016_3mla_vil_acf_j1_04.jpg\" border=\"0\" alt=\"III MEMORIAL LUIS ARAGON\u00c9S. VILLARREAL CF - ALCOBENDAS LEVITT CF, 2-0\" title=\"III MEMORIAL LUIS ARAGON\u00c9S. VILLARREAL CF - ALCOBENDAS LEVITT CF, 2-0\" align=\"left\" width=\"800\" height=\"481\" srcset=\"https:\/\/www.intersoccermadrid.com\/wp-content\/uploads\/2016\/06\/2016_3mla_vil_acf_j1_04.jpg 800w, https:\/\/www.intersoccermadrid.com\/wp-content\/uploads\/2016\/06\/2016_3mla_vil_acf_j1_04-300x180.jpg 300w, https:\/\/www.intersoccermadrid.com\/wp-content\/uploads\/2016\/06\/2016_3mla_vil_acf_j1_04-768x462.jpg 768w\" sizes=\"(max-width: 800px) 100vw, 800px\" \/><\/p>\n<p><img decoding=\"async\" loading=\"lazy\" class=\" alignleft size-full wp-image-5306\" src=\"https:\/\/www.intersoccermadrid.com\/wp-content\/uploads\/2016\/06\/2016_3mla_vil_acf_j1_05.jpg\" border=\"0\" alt=\"III MEMORIAL LUIS ARAGON\u00c9S. VILLARREAL CF - ALCOBENDAS LEVITT CF, 2-0\" title=\"III MEMORIAL LUIS ARAGON\u00c9S. VILLARREAL CF - ALCOBENDAS LEVITT CF, 2-0\" align=\"left\" width=\"800\" height=\"533\" srcset=\"https:\/\/www.intersoccermadrid.com\/wp-content\/uploads\/2016\/06\/2016_3mla_vil_acf_j1_05.jpg 800w, https:\/\/www.intersoccermadrid.com\/wp-content\/uploads\/2016\/06\/2016_3mla_vil_acf_j1_05-300x200.jpg 300w, https:\/\/www.intersoccermadrid.com\/wp-content\/uploads\/2016\/06\/2016_3mla_vil_acf_j1_05-768x512.jpg 768w\" sizes=\"(max-width: 800px) 100vw, 800px\" \/><\/p>\n<p><img decoding=\"async\" loading=\"lazy\" class=\" alignleft size-full wp-image-5307\" src=\"https:\/\/www.intersoccermadrid.com\/wp-content\/uploads\/2016\/06\/2016_3mla_vil_acf_j1_06.jpg\" border=\"0\" alt=\"III MEMORIAL LUIS ARAGON\u00c9S. VILLARREAL CF - ALCOBENDAS LEVITT CF, 2-0\" title=\"III MEMORIAL LUIS ARAGON\u00c9S. VILLARREAL CF - ALCOBENDAS LEVITT CF, 2-0\" align=\"left\" width=\"800\" height=\"493\" srcset=\"https:\/\/www.intersoccermadrid.com\/wp-content\/uploads\/2016\/06\/2016_3mla_vil_acf_j1_06.jpg 800w, https:\/\/www.intersoccermadrid.com\/wp-content\/uploads\/2016\/06\/2016_3mla_vil_acf_j1_06-300x185.jpg 300w, https:\/\/www.intersoccermadrid.com\/wp-content\/uploads\/2016\/06\/2016_3mla_vil_acf_j1_06-768x473.jpg 768w\" sizes=\"(max-width: 800px) 100vw, 800px\" \/><\/p>\n<p><img decoding=\"async\" loading=\"lazy\" class=\" alignleft size-full wp-image-5308\" src=\"https:\/\/www.intersoccermadrid.com\/wp-content\/uploads\/2016\/06\/2016_3mla_vil_acf_j1_07.jpg\" border=\"0\" alt=\"III MEMORIAL LUIS ARAGON\u00c9S. VILLARREAL CF - ALCOBENDAS LEVITT CF, 2-0\" title=\"III MEMORIAL LUIS ARAGON\u00c9S. VILLARREAL CF - ALCOBENDAS LEVITT CF, 2-0\" align=\"left\" width=\"800\" height=\"533\" srcset=\"https:\/\/www.intersoccermadrid.com\/wp-content\/uploads\/2016\/06\/2016_3mla_vil_acf_j1_07.jpg 800w, https:\/\/www.intersoccermadrid.com\/wp-content\/uploads\/2016\/06\/2016_3mla_vil_acf_j1_07-300x200.jpg 300w, https:\/\/www.intersoccermadrid.com\/wp-content\/uploads\/2016\/06\/2016_3mla_vil_acf_j1_07-768x512.jpg 768w\" sizes=\"(max-width: 800px) 100vw, 800px\" \/><\/p>\n<p><img decoding=\"async\" loading=\"lazy\" class=\" alignleft size-full wp-image-5309\" src=\"https:\/\/www.intersoccermadrid.com\/wp-content\/uploads\/2016\/06\/2016_3mla_vil_acf_j1_08.jpg\" border=\"0\" alt=\"III MEMORIAL LUIS ARAGON\u00c9S. VILLARREAL CF - ALCOBENDAS LEVITT CF, 2-0\" title=\"III MEMORIAL LUIS ARAGON\u00c9S. VILLARREAL CF - ALCOBENDAS LEVITT CF, 2-0\" align=\"left\" width=\"800\" height=\"430\" srcset=\"https:\/\/www.intersoccermadrid.com\/wp-content\/uploads\/2016\/06\/2016_3mla_vil_acf_j1_08.jpg 800w, https:\/\/www.intersoccermadrid.com\/wp-content\/uploads\/2016\/06\/2016_3mla_vil_acf_j1_08-300x161.jpg 300w, https:\/\/www.intersoccermadrid.com\/wp-content\/uploads\/2016\/06\/2016_3mla_vil_acf_j1_08-768x413.jpg 768w\" sizes=\"(max-width: 800px) 100vw, 800px\" \/><\/p>\n<p><img decoding=\"async\" loading=\"lazy\" class=\" alignleft size-full wp-image-5310\" src=\"https:\/\/www.intersoccermadrid.com\/wp-content\/uploads\/2016\/06\/2016_3mla_vil_acf_j1_09.jpg\" border=\"0\" alt=\"III MEMORIAL LUIS ARAGON\u00c9S. VILLARREAL CF - ALCOBENDAS LEVITT CF, 2-0\" title=\"III MEMORIAL LUIS ARAGON\u00c9S. VILLARREAL CF - ALCOBENDAS LEVITT CF, 2-0\" align=\"left\" width=\"800\" height=\"558\" srcset=\"https:\/\/www.intersoccermadrid.com\/wp-content\/uploads\/2016\/06\/2016_3mla_vil_acf_j1_09.jpg 800w, https:\/\/www.intersoccermadrid.com\/wp-content\/uploads\/2016\/06\/2016_3mla_vil_acf_j1_09-300x209.jpg 300w, https:\/\/www.intersoccermadrid.com\/wp-content\/uploads\/2016\/06\/2016_3mla_vil_acf_j1_09-768x536.jpg 768w\" sizes=\"(max-width: 800px) 100vw, 800px\" \/><\/p>\n<p><img decoding=\"async\" loading=\"lazy\" class=\" alignleft size-full wp-image-5311\" src=\"https:\/\/www.intersoccermadrid.com\/wp-content\/uploads\/2016\/06\/2016_3mla_vil_acf_j1_10.jpg\" border=\"0\" alt=\"III MEMORIAL LUIS ARAGON\u00c9S. VILLARREAL CF - ALCOBENDAS LEVITT CF, 2-0\" title=\"III MEMORIAL LUIS ARAGON\u00c9S. VILLARREAL CF - ALCOBENDAS LEVITT CF, 2-0\" align=\"left\" width=\"619\" height=\"600\" srcset=\"https:\/\/www.intersoccermadrid.com\/wp-content\/uploads\/2016\/06\/2016_3mla_vil_acf_j1_10.jpg 619w, https:\/\/www.intersoccermadrid.com\/wp-content\/uploads\/2016\/06\/2016_3mla_vil_acf_j1_10-300x291.jpg 300w\" sizes=\"(max-width: 619px) 100vw, 619px\" \/><\/p>\n<p><img decoding=\"async\" loading=\"lazy\" class=\" alignleft size-full wp-image-5312\" src=\"https:\/\/www.intersoccermadrid.com\/wp-content\/uploads\/2016\/06\/2016_3mla_vil_acf_j1_11.jpg\" border=\"0\" alt=\"III MEMORIAL LUIS ARAGON\u00c9S. VILLARREAL CF - ALCOBENDAS LEVITT CF, 2-0\" title=\"III MEMORIAL LUIS ARAGON\u00c9S. VILLARREAL CF - ALCOBENDAS LEVITT CF, 2-0\" align=\"left\" width=\"540\" height=\"800\" srcset=\"https:\/\/www.intersoccermadrid.com\/wp-content\/uploads\/2016\/06\/2016_3mla_vil_acf_j1_11.jpg 540w, https:\/\/www.intersoccermadrid.com\/wp-content\/uploads\/2016\/06\/2016_3mla_vil_acf_j1_11-203x300.jpg 203w\" sizes=\"(max-width: 540px) 100vw, 540px\" \/><\/p>\n<p><img decoding=\"async\" loading=\"lazy\" class=\" alignleft size-full wp-image-5313\" src=\"https:\/\/www.intersoccermadrid.com\/wp-content\/uploads\/2016\/06\/2016_3mla_vil_acf_j1_12.jpg\" border=\"0\" alt=\"III MEMORIAL LUIS ARAGON\u00c9S. VILLARREAL CF - ALCOBENDAS LEVITT CF, 2-0\" title=\"III MEMORIAL LUIS ARAGON\u00c9S. VILLARREAL CF - ALCOBENDAS LEVITT CF, 2-0\" align=\"left\" width=\"785\" height=\"600\" srcset=\"https:\/\/www.intersoccermadrid.com\/wp-content\/uploads\/2016\/06\/2016_3mla_vil_acf_j1_12.jpg 785w, https:\/\/www.intersoccermadrid.com\/wp-content\/uploads\/2016\/06\/2016_3mla_vil_acf_j1_12-300x229.jpg 300w, https:\/\/www.intersoccermadrid.com\/wp-content\/uploads\/2016\/06\/2016_3mla_vil_acf_j1_12-768x587.jpg 768w\" sizes=\"(max-width: 785px) 100vw, 785px\" \/><\/p>\n<p><img decoding=\"async\" loading=\"lazy\" class=\" alignleft size-full wp-image-5314\" src=\"https:\/\/www.intersoccermadrid.com\/wp-content\/uploads\/2016\/06\/2016_3mla_vil_acf_j1_13.jpg\" border=\"0\" alt=\"III MEMORIAL LUIS ARAGON\u00c9S. VILLARREAL CF - ALCOBENDAS LEVITT CF, 2-0\" title=\"III MEMORIAL LUIS ARAGON\u00c9S. VILLARREAL CF - ALCOBENDAS LEVITT CF, 2-0\" align=\"left\" width=\"800\" height=\"575\" srcset=\"https:\/\/www.intersoccermadrid.com\/wp-content\/uploads\/2016\/06\/2016_3mla_vil_acf_j1_13.jpg 800w, https:\/\/www.intersoccermadrid.com\/wp-content\/uploads\/2016\/06\/2016_3mla_vil_acf_j1_13-300x216.jpg 300w, https:\/\/www.intersoccermadrid.com\/wp-content\/uploads\/2016\/06\/2016_3mla_vil_acf_j1_13-768x552.jpg 768w\" sizes=\"(max-width: 800px) 100vw, 800px\" \/><\/p>\n<p><img decoding=\"async\" loading=\"lazy\" class=\" alignleft size-full wp-image-5315\" src=\"https:\/\/www.intersoccermadrid.com\/wp-content\/uploads\/2016\/06\/2016_3mla_vil_acf_j1_14.jpg\" border=\"0\" alt=\"III MEMORIAL LUIS ARAGON\u00c9S. VILLARREAL CF - ALCOBENDAS LEVITT CF, 2-0\" title=\"III MEMORIAL LUIS ARAGON\u00c9S. VILLARREAL CF - ALCOBENDAS LEVITT CF, 2-0\" align=\"left\" width=\"800\" height=\"501\" srcset=\"https:\/\/www.intersoccermadrid.com\/wp-content\/uploads\/2016\/06\/2016_3mla_vil_acf_j1_14.jpg 800w, https:\/\/www.intersoccermadrid.com\/wp-content\/uploads\/2016\/06\/2016_3mla_vil_acf_j1_14-300x188.jpg 300w, https:\/\/www.intersoccermadrid.com\/wp-content\/uploads\/2016\/06\/2016_3mla_vil_acf_j1_14-768x481.jpg 768w\" sizes=\"(max-width: 800px) 100vw, 800px\" \/><\/p>\n<p><img decoding=\"async\" loading=\"lazy\" class=\" alignleft size-full wp-image-5316\" src=\"https:\/\/www.intersoccermadrid.com\/wp-content\/uploads\/2016\/06\/2016_3mla_vil_acf_j1_15.jpg\" border=\"0\" alt=\"III MEMORIAL LUIS ARAGON\u00c9S. VILLARREAL CF - ALCOBENDAS LEVITT CF, 2-0\" title=\"III MEMORIAL LUIS ARAGON\u00c9S. VILLARREAL CF - ALCOBENDAS LEVITT CF, 2-0\" align=\"left\" width=\"800\" height=\"532\" srcset=\"https:\/\/www.intersoccermadrid.com\/wp-content\/uploads\/2016\/06\/2016_3mla_vil_acf_j1_15.jpg 800w, https:\/\/www.intersoccermadrid.com\/wp-content\/uploads\/2016\/06\/2016_3mla_vil_acf_j1_15-300x200.jpg 300w, https:\/\/www.intersoccermadrid.com\/wp-content\/uploads\/2016\/06\/2016_3mla_vil_acf_j1_15-768x511.jpg 768w\" sizes=\"(max-width: 800px) 100vw, 800px\" \/><\/p>\n<p><img decoding=\"async\" loading=\"lazy\" class=\" alignleft size-full wp-image-5317\" src=\"https:\/\/www.intersoccermadrid.com\/wp-content\/uploads\/2016\/06\/2016_3mla_vil_acf_j1_16.jpg\" border=\"0\" alt=\"III MEMORIAL LUIS ARAGON\u00c9S. VILLARREAL CF - ALCOBENDAS LEVITT CF, 2-0\" title=\"III MEMORIAL LUIS ARAGON\u00c9S. VILLARREAL CF - ALCOBENDAS LEVITT CF, 2-0\" align=\"left\" width=\"800\" height=\"412\" srcset=\"https:\/\/www.intersoccermadrid.com\/wp-content\/uploads\/2016\/06\/2016_3mla_vil_acf_j1_16.jpg 800w, https:\/\/www.intersoccermadrid.com\/wp-content\/uploads\/2016\/06\/2016_3mla_vil_acf_j1_16-300x155.jpg 300w, https:\/\/www.intersoccermadrid.com\/wp-content\/uploads\/2016\/06\/2016_3mla_vil_acf_j1_16-768x396.jpg 768w\" sizes=\"(max-width: 800px) 100vw, 800px\" \/><\/p>\n<p><img decoding=\"async\" loading=\"lazy\" class=\" alignleft size-full wp-image-5318\" src=\"https:\/\/www.intersoccermadrid.com\/wp-content\/uploads\/2016\/06\/2016_3mla_vil_acf_j1_17.jpg\" border=\"0\" alt=\"III MEMORIAL LUIS ARAGON\u00c9S. VILLARREAL CF - ALCOBENDAS LEVITT CF, 2-0\" title=\"III MEMORIAL LUIS ARAGON\u00c9S. VILLARREAL CF - ALCOBENDAS LEVITT CF, 2-0\" align=\"left\" width=\"800\" height=\"547\" srcset=\"https:\/\/www.intersoccermadrid.com\/wp-content\/uploads\/2016\/06\/2016_3mla_vil_acf_j1_17.jpg 800w, https:\/\/www.intersoccermadrid.com\/wp-content\/uploads\/2016\/06\/2016_3mla_vil_acf_j1_17-300x205.jpg 300w, https:\/\/www.intersoccermadrid.com\/wp-content\/uploads\/2016\/06\/2016_3mla_vil_acf_j1_17-768x525.jpg 768w\" sizes=\"(max-width: 800px) 100vw, 800px\" \/><\/p>\n<p><img decoding=\"async\" loading=\"lazy\" class=\" alignleft size-full wp-image-5319\" src=\"https:\/\/www.intersoccermadrid.com\/wp-content\/uploads\/2016\/06\/2016_3mla_vil_acf_j1_18.jpg\" border=\"0\" alt=\"III MEMORIAL LUIS ARAGON\u00c9S. VILLARREAL CF - ALCOBENDAS LEVITT CF, 2-0\" title=\"III MEMORIAL LUIS ARAGON\u00c9S. VILLARREAL CF - ALCOBENDAS LEVITT CF, 2-0\" align=\"left\" width=\"664\" height=\"600\" srcset=\"https:\/\/www.intersoccermadrid.com\/wp-content\/uploads\/2016\/06\/2016_3mla_vil_acf_j1_18.jpg 664w, https:\/\/www.intersoccermadrid.com\/wp-content\/uploads\/2016\/06\/2016_3mla_vil_acf_j1_18-300x271.jpg 300w\" sizes=\"(max-width: 664px) 100vw, 664px\" \/><\/p>\n<p><img decoding=\"async\" loading=\"lazy\" class=\" alignleft size-full wp-image-5320\" src=\"https:\/\/www.intersoccermadrid.com\/wp-content\/uploads\/2016\/06\/2016_3mla_vil_acf_j1_19.jpg\" border=\"0\" alt=\"III MEMORIAL LUIS ARAGON\u00c9S. VILLARREAL CF - ALCOBENDAS LEVITT CF, 2-0\" title=\"III MEMORIAL LUIS ARAGON\u00c9S. VILLARREAL CF - ALCOBENDAS LEVITT CF, 2-0\" align=\"left\" width=\"800\" height=\"474\" srcset=\"https:\/\/www.intersoccermadrid.com\/wp-content\/uploads\/2016\/06\/2016_3mla_vil_acf_j1_19.jpg 800w, https:\/\/www.intersoccermadrid.com\/wp-content\/uploads\/2016\/06\/2016_3mla_vil_acf_j1_19-300x178.jpg 300w, https:\/\/www.intersoccermadrid.com\/wp-content\/uploads\/2016\/06\/2016_3mla_vil_acf_j1_19-768x455.jpg 768w\" sizes=\"(max-width: 800px) 100vw, 800px\" \/><\/p>\n<p><img decoding=\"async\" loading=\"lazy\" class=\" alignleft size-full wp-image-5321\" src=\"https:\/\/www.intersoccermadrid.com\/wp-content\/uploads\/2016\/06\/2016_3mla_vil_acf_j1_20.jpg\" border=\"0\" alt=\"III MEMORIAL LUIS ARAGON\u00c9S. VILLARREAL CF - ALCOBENDAS LEVITT CF, 2-0\" title=\"III MEMORIAL LUIS ARAGON\u00c9S. VILLARREAL CF - ALCOBENDAS LEVITT CF, 2-0\" align=\"left\" width=\"800\" height=\"433\" srcset=\"https:\/\/www.intersoccermadrid.com\/wp-content\/uploads\/2016\/06\/2016_3mla_vil_acf_j1_20.jpg 800w, https:\/\/www.intersoccermadrid.com\/wp-content\/uploads\/2016\/06\/2016_3mla_vil_acf_j1_20-300x162.jpg 300w, https:\/\/www.intersoccermadrid.com\/wp-content\/uploads\/2016\/06\/2016_3mla_vil_acf_j1_20-768x416.jpg 768w\" sizes=\"(max-width: 800px) 100vw, 800px\" \/><\/p>\n<p>   <!--<iframe loading=\"lazy\" width=\"320\" height=\"240\" src=\"\/\/www.youtube.com\/embed\/5QIQxATQka\" frameborder=\"0\"><\/iframe>--><\/p>\n","protected":false},"excerpt":{"rendered":"<p>EL VILLARREAL SE HACE CON LOS TRES PUNTOS EN EL PRIMER PARTIDO DEL GRUPO B El equipo anfitri\u00f3n, el Alcobendas Levitt CF se lo puso muy dif\u00edcil a un buen Villarreal CF, que tuvo que esperar hasta la segunda mitad<\/p>\n","protected":false},"author":2,"featured_media":5302,"comment_status":"open","ping_status":"open","sticky":false,"template":"","format":"standard","meta":{"_et_pb_use_builder":"","_et_pb_old_content":"","_et_gb_content_width":""},"categories":[8],"tags":[],"yoast_head":"<!-- This site is optimized with the Yoast SEO plugin v20.9 - https:\/\/yoast.com\/wordpress\/plugins\/seo\/ -->\n<title>III MEMORIAL LUIS ARAGON\u00c9S. VILLARREAL CF - ALCOBENDAS LEVITT CF, 2-0 &middot; International Soccer Academy of Madrid<\/title>\n<meta name=\"robots\" content=\"index, follow, max-snippet:-1, max-image-preview:large, max-video-preview:-1\" \/>\n<link rel=\"canonical\" href=\"https:\/\/www.intersoccermadrid.com\/en\/iii-memorial-luis-aragones-villarreal-cf-alcobendas-levitt-cf-2-0\/\" \/>\n<meta property=\"og:locale\" content=\"en_US\" \/>\n<meta property=\"og:type\" content=\"article\" \/>\n<meta property=\"og:title\" content=\"III MEMORIAL LUIS ARAGON\u00c9S. VILLARREAL CF - ALCOBENDAS LEVITT CF, 2-0 &middot; International Soccer Academy of Madrid\" \/>\n<meta property=\"og:description\" content=\"EL VILLARREAL SE HACE CON LOS TRES PUNTOS EN EL PRIMER PARTIDO DEL GRUPO B El equipo anfitri\u00f3n, el Alcobendas Levitt CF se lo puso muy dif\u00edcil a un buen Villarreal CF, que tuvo que esperar hasta la segunda mitad\" \/>\n<meta property=\"og:url\" content=\"https:\/\/www.intersoccermadrid.com\/en\/iii-memorial-luis-aragones-villarreal-cf-alcobendas-levitt-cf-2-0\/\" \/>\n<meta property=\"og:site_name\" content=\"International Soccer Academy of Madrid\" \/>\n<meta property=\"article:published_time\" content=\"2016-06-02T23:00:00+00:00\" \/>\n<meta property=\"og:image\" content=\"https:\/\/www.intersoccermadrid.com\/wp-content\/uploads\/2016\/06\/2016_3mla_vil_acf_j1_01.jpg\" \/>\n\t<meta property=\"og:image:width\" content=\"800\" \/>\n\t<meta property=\"og:image:height\" content=\"549\" \/>\n\t<meta property=\"og:image:type\" content=\"image\/jpeg\" \/>\n<meta name=\"author\" content=\"Administrator\" \/>\n<meta name=\"twitter:card\" content=\"summary_large_image\" \/>\n<meta name=\"twitter:label1\" content=\"Written by\" \/>\n\t<meta name=\"twitter:data1\" content=\"Administrator\" \/>\n\t<meta name=\"twitter:label2\" content=\"Est. reading time\" \/>\n\t<meta name=\"twitter:data2\" content=\"1 minute\" \/>\n<script type=\"application\/ld+json\" class=\"yoast-schema-graph\">{\"@context\":\"https:\/\/schema.org\",\"@graph\":[{\"@type\":\"WebPage\",\"@id\":\"https:\/\/www.intersoccermadrid.com\/en\/iii-memorial-luis-aragones-villarreal-cf-alcobendas-levitt-cf-2-0\/\",\"url\":\"https:\/\/www.intersoccermadrid.com\/en\/iii-memorial-luis-aragones-villarreal-cf-alcobendas-levitt-cf-2-0\/\",\"name\":\"III MEMORIAL LUIS ARAGON\u00c9S. VILLARREAL CF - ALCOBENDAS LEVITT CF, 2-0 &middot; International Soccer Academy of Madrid\",\"isPartOf\":{\"@id\":\"https:\/\/www.intersoccermadrid.com\/en\/#website\"},\"datePublished\":\"2016-06-02T23:00:00+00:00\",\"dateModified\":\"2016-06-02T23:00:00+00:00\",\"author\":{\"@id\":\"https:\/\/www.intersoccermadrid.com\/en\/#\/schema\/person\/4843f782828393fd2fd34a6db5ce5d48\"},\"breadcrumb\":{\"@id\":\"https:\/\/www.intersoccermadrid.com\/en\/iii-memorial-luis-aragones-villarreal-cf-alcobendas-levitt-cf-2-0\/#breadcrumb\"},\"inLanguage\":\"en-US\",\"potentialAction\":[{\"@type\":\"ReadAction\",\"target\":[\"https:\/\/www.intersoccermadrid.com\/en\/iii-memorial-luis-aragones-villarreal-cf-alcobendas-levitt-cf-2-0\/\"]}]},{\"@type\":\"BreadcrumbList\",\"@id\":\"https:\/\/www.intersoccermadrid.com\/en\/iii-memorial-luis-aragones-villarreal-cf-alcobendas-levitt-cf-2-0\/#breadcrumb\",\"itemListElement\":[{\"@type\":\"ListItem\",\"position\":1,\"name\":\"Home\",\"item\":\"https:\/\/www.intersoccermadrid.com\/en\/\"},{\"@type\":\"ListItem\",\"position\":2,\"name\":\"III MEMORIAL LUIS ARAGON\u00c9S. VILLARREAL CF &#8211; ALCOBENDAS LEVITT CF, 2-0\"}]},{\"@type\":\"WebSite\",\"@id\":\"https:\/\/www.intersoccermadrid.com\/en\/#website\",\"url\":\"https:\/\/www.intersoccermadrid.com\/en\/\",\"name\":\"International Soccer Academy of Madrid\",\"description\":\"International Soccer Academy of Madrid\",\"potentialAction\":[{\"@type\":\"SearchAction\",\"target\":{\"@type\":\"EntryPoint\",\"urlTemplate\":\"https:\/\/www.intersoccermadrid.com\/en\/?s={search_term_string}\"},\"query-input\":\"required name=search_term_string\"}],\"inLanguage\":\"en-US\"},{\"@type\":\"Person\",\"@id\":\"https:\/\/www.intersoccermadrid.com\/en\/#\/schema\/person\/4843f782828393fd2fd34a6db5ce5d48\",\"name\":\"Administrator\",\"image\":{\"@type\":\"ImageObject\",\"inLanguage\":\"en-US\",\"@id\":\"https:\/\/www.intersoccermadrid.com\/en\/#\/schema\/person\/image\/\",\"url\":\"https:\/\/secure.gravatar.com\/avatar\/85ec5305f9a568d3e58c20ee91decabf?s=96&d=mm&r=g\",\"contentUrl\":\"https:\/\/secure.gravatar.com\/avatar\/85ec5305f9a568d3e58c20ee91decabf?s=96&d=mm&r=g\",\"caption\":\"Administrator\"},\"url\":\"https:\/\/www.intersoccermadrid.com\/en\/author\/admin\/\"}]}<\/script>\n<!-- \/ Yoast SEO plugin. -->","yoast_head_json":{"title":"III MEMORIAL LUIS ARAGON\u00c9S. VILLARREAL CF - ALCOBENDAS LEVITT CF, 2-0 &middot; International Soccer Academy of Madrid","robots":{"index":"index","follow":"follow","max-snippet":"max-snippet:-1","max-image-preview":"max-image-preview:large","max-video-preview":"max-video-preview:-1"},"canonical":"https:\/\/www.intersoccermadrid.com\/en\/iii-memorial-luis-aragones-villarreal-cf-alcobendas-levitt-cf-2-0\/","og_locale":"en_US","og_type":"article","og_title":"III MEMORIAL LUIS ARAGON\u00c9S. VILLARREAL CF - ALCOBENDAS LEVITT CF, 2-0 &middot; International Soccer Academy of Madrid","og_description":"EL VILLARREAL SE HACE CON LOS TRES PUNTOS EN EL PRIMER PARTIDO DEL GRUPO B El equipo anfitri\u00f3n, el Alcobendas Levitt CF se lo puso muy dif\u00edcil a un buen Villarreal CF, que tuvo que esperar hasta la segunda mitad","og_url":"https:\/\/www.intersoccermadrid.com\/en\/iii-memorial-luis-aragones-villarreal-cf-alcobendas-levitt-cf-2-0\/","og_site_name":"International Soccer Academy of Madrid","article_published_time":"2016-06-02T23:00:00+00:00","og_image":[{"width":800,"height":549,"url":"https:\/\/www.intersoccermadrid.com\/wp-content\/uploads\/2016\/06\/2016_3mla_vil_acf_j1_01.jpg","type":"image\/jpeg"}],"author":"Administrator","twitter_card":"summary_large_image","twitter_misc":{"Written by":"Administrator","Est. reading time":"1 minute"},"schema":{"@context":"https:\/\/schema.org","@graph":[{"@type":"WebPage","@id":"https:\/\/www.intersoccermadrid.com\/en\/iii-memorial-luis-aragones-villarreal-cf-alcobendas-levitt-cf-2-0\/","url":"https:\/\/www.intersoccermadrid.com\/en\/iii-memorial-luis-aragones-villarreal-cf-alcobendas-levitt-cf-2-0\/","name":"III MEMORIAL LUIS ARAGON\u00c9S. VILLARREAL CF - ALCOBENDAS LEVITT CF, 2-0 &middot; International Soccer Academy of Madrid","isPartOf":{"@id":"https:\/\/www.intersoccermadrid.com\/en\/#website"},"datePublished":"2016-06-02T23:00:00+00:00","dateModified":"2016-06-02T23:00:00+00:00","author":{"@id":"https:\/\/www.intersoccermadrid.com\/en\/#\/schema\/person\/4843f782828393fd2fd34a6db5ce5d48"},"breadcrumb":{"@id":"https:\/\/www.intersoccermadrid.com\/en\/iii-memorial-luis-aragones-villarreal-cf-alcobendas-levitt-cf-2-0\/#breadcrumb"},"inLanguage":"en-US","potentialAction":[{"@type":"ReadAction","target":["https:\/\/www.intersoccermadrid.com\/en\/iii-memorial-luis-aragones-villarreal-cf-alcobendas-levitt-cf-2-0\/"]}]},{"@type":"BreadcrumbList","@id":"https:\/\/www.intersoccermadrid.com\/en\/iii-memorial-luis-aragones-villarreal-cf-alcobendas-levitt-cf-2-0\/#breadcrumb","itemListElement":[{"@type":"ListItem","position":1,"name":"Home","item":"https:\/\/www.intersoccermadrid.com\/en\/"},{"@type":"ListItem","position":2,"name":"III MEMORIAL LUIS ARAGON\u00c9S. VILLARREAL CF &#8211; ALCOBENDAS LEVITT CF, 2-0"}]},{"@type":"WebSite","@id":"https:\/\/www.intersoccermadrid.com\/en\/#website","url":"https:\/\/www.intersoccermadrid.com\/en\/","name":"International Soccer Academy of Madrid","description":"International Soccer Academy of Madrid","potentialAction":[{"@type":"SearchAction","target":{"@type":"EntryPoint","urlTemplate":"https:\/\/www.intersoccermadrid.com\/en\/?s={search_term_string}"},"query-input":"required name=search_term_string"}],"inLanguage":"en-US"},{"@type":"Person","@id":"https:\/\/www.intersoccermadrid.com\/en\/#\/schema\/person\/4843f782828393fd2fd34a6db5ce5d48","name":"Administrator","image":{"@type":"ImageObject","inLanguage":"en-US","@id":"https:\/\/www.intersoccermadrid.com\/en\/#\/schema\/person\/image\/","url":"https:\/\/secure.gravatar.com\/avatar\/85ec5305f9a568d3e58c20ee91decabf?s=96&d=mm&r=g","contentUrl":"https:\/\/secure.gravatar.com\/avatar\/85ec5305f9a568d3e58c20ee91decabf?s=96&d=mm&r=g","caption":"Administrator"},"url":"https:\/\/www.intersoccermadrid.com\/en\/author\/admin\/"}]}},"_links":{"self":[{"href":"https:\/\/www.intersoccermadrid.com\/en\/wp-json\/wp\/v2\/posts\/496"}],"collection":[{"href":"https:\/\/www.intersoccermadrid.com\/en\/wp-json\/wp\/v2\/posts"}],"about":[{"href":"https:\/\/www.intersoccermadrid.com\/en\/wp-json\/wp\/v2\/types\/post"}],"author":[{"embeddable":true,"href":"https:\/\/www.intersoccermadrid.com\/en\/wp-json\/wp\/v2\/users\/2"}],"replies":[{"embeddable":true,"href":"https:\/\/www.intersoccermadrid.com\/en\/wp-json\/wp\/v2\/comments?post=496"}],"version-history":[{"count":0,"href":"https:\/\/www.intersoccermadrid.com\/en\/wp-json\/wp\/v2\/posts\/496\/revisions"}],"wp:featuredmedia":[{"embeddable":true,"href":"https:\/\/www.intersoccermadrid.com\/en\/wp-json\/wp\/v2\/media\/5302"}],"wp:attachment":[{"href":"https:\/\/www.intersoccermadrid.com\/en\/wp-json\/wp\/v2\/media?parent=496"}],"wp:term":[{"taxonomy":"category","embeddable":true,"href":"https:\/\/www.intersoccermadrid.com\/en\/wp-json\/wp\/v2\/categories?post=496"},{"taxonomy":"post_tag","embeddable":true,"href":"https:\/\/www.intersoccermadrid.com\/en\/wp-json\/wp\/v2\/tags?post=496"}],"curies":[{"name":"wp","href":"https:\/\/api.w.org\/{rel}","templated":true}]}}