{"id":491,"date":"2016-05-28T00:00:00","date_gmt":"2016-05-27T22:00:00","guid":{"rendered":"https:\/\/www.intersoccermadrid.com\/madrid-y-milan-capitales-mundiales-del-futbol\/"},"modified":"2016-05-28T00:00:00","modified_gmt":"2016-05-27T22:00:00","slug":"madrid-y-milan-capitales-mundiales-del-futbol","status":"publish","type":"post","link":"https:\/\/www.intersoccermadrid.com\/en\/madrid-y-milan-capitales-mundiales-del-futbol\/","title":{"rendered":"MADRID Y MIL\u00c1N CAPITALES MUNDIALES DEL F\u00daTBOL.-"},"content":{"rendered":"<p><img decoding=\"async\" loading=\"lazy\" class=\" alignleft size-full wp-image-5252\" src=\"https:\/\/www.intersoccermadrid.com\/wp-content\/uploads\/2016\/05\/2016_champions_01.jpg\" border=\"0\" alt=\"MADRID Y MIL\u00c1N CAPITALES MUNDIALES DEL F\u00daTBOL.-\" title=\"MADRID Y MIL\u00c1N CAPITALES MUNDIALES DEL F\u00daTBOL.-\" align=\"left\" width=\"800\" height=\"600\" srcset=\"https:\/\/www.intersoccermadrid.com\/wp-content\/uploads\/2016\/05\/2016_champions_01.jpg 800w, https:\/\/www.intersoccermadrid.com\/wp-content\/uploads\/2016\/05\/2016_champions_01-300x225.jpg 300w, https:\/\/www.intersoccermadrid.com\/wp-content\/uploads\/2016\/05\/2016_champions_01-768x576.jpg 768w\" sizes=\"(max-width: 800px) 100vw, 800px\" \/><\/p>\n<p>Como sucediera ya hace dos a\u00f1os, hoy, toda la atenci\u00f3n mundial de la pasi\u00f3n llamada f\u00fatbol tendr\u00e1 su foco de atenci\u00f3n puesta sobre las ciudad de Madrid, capital de Espa\u00f1a. <!--more-->  Sus dos legendarios clubes de f\u00fatbol, Real y Atl\u00e9tico de Madrid, se disputan en t\u00edtulo de campeones de la m\u00e1s importante competici\u00f3n mundial: la Champions League. 10 t\u00edtulos atesora el Real actualmente, ninguno el Atl\u00e9tico, pero desde hace varios a\u00f1os su gran nivel futbol\u00edstico le hace merecedor ya de alguno. \u00a1Qu\u00e9 gane el mejor! Y el mejor ser\u00e1 de Madrid; donde se practica el mejor f\u00fatbol actualmente.<\/p>\n<p>Y la final ser\u00e1 en el estadio San Siro de Mil\u00e1n, donde juegan el AC Mil\u00e1n y el Internacional de Mil\u00e1n, tambi\u00e9n legendarios clubes que entre los dos suman 10 t\u00edtulos de la Champions. \u00bfSe pueden pedir m\u00e1s circunstancias de excelencia para un acontecimiento como el de hoy? <\/p>\n<p>Madrid es, adem\u00e1s, el lugar donde nuestra organizaci\u00f3n , A. C. Intersoccer Madrid, desarrolla su actividad de formaci\u00f3n de j\u00f3venes futbolistas, de personas j\u00f3venes atra\u00eddas por esa pasi\u00f3n que hoy disfrutar\u00e1n de forma emocionada en cada lance del partido de San Siro&#8230; En Mil\u00e1n, impresionante ciudad, m\u00e1gico lugar, que todos quienes formamos Intersoccer tambi\u00e9n llevamos en el coraz\u00f3n.<\/p>\n<p>Si eres de cualquier rinc\u00f3n del mundo y quieres vivir y formarte en la pasi\u00f3n que hoy viviremos&#8230; Querido joven, te esperamos para que participes en cualesquiera de los programas que te ofrece la A.C. Intersoccer Madrid. Ciudad campeona, una vez m\u00e1s, de la Champions League de F\u00fatbol. <\/p>\n<p><img decoding=\"async\" loading=\"lazy\" class=\" alignleft size-full wp-image-5253\" src=\"https:\/\/www.intersoccermadrid.com\/wp-content\/uploads\/2016\/05\/2016_champions_02.jpg\" border=\"0\" alt=\"MADRID Y MIL\u00c1N CAPITALES MUNDIALES DEL F\u00daTBOL.-\" title=\"MADRID Y MIL\u00c1N CAPITALES MUNDIALES DEL F\u00daTBOL.-\" align=\"left\" width=\"600\" height=\"800\" srcset=\"https:\/\/www.intersoccermadrid.com\/wp-content\/uploads\/2016\/05\/2016_champions_02.jpg 600w, https:\/\/www.intersoccermadrid.com\/wp-content\/uploads\/2016\/05\/2016_champions_02-225x300.jpg 225w\" sizes=\"(max-width: 600px) 100vw, 600px\" \/><\/p>\n<p><img decoding=\"async\" loading=\"lazy\" class=\" alignleft size-full wp-image-5254\" src=\"https:\/\/www.intersoccermadrid.com\/wp-content\/uploads\/2016\/05\/2016_champions_03.jpg\" border=\"0\" alt=\"MADRID Y MIL\u00c1N CAPITALES MUNDIALES DEL F\u00daTBOL.-\" title=\"MADRID Y MIL\u00c1N CAPITALES MUNDIALES DEL F\u00daTBOL.-\" align=\"left\" width=\"600\" height=\"800\" srcset=\"https:\/\/www.intersoccermadrid.com\/wp-content\/uploads\/2016\/05\/2016_champions_03.jpg 600w, https:\/\/www.intersoccermadrid.com\/wp-content\/uploads\/2016\/05\/2016_champions_03-225x300.jpg 225w\" sizes=\"(max-width: 600px) 100vw, 600px\" \/><\/p>\n<p><img decoding=\"async\" loading=\"lazy\" class=\" alignleft size-full wp-image-5255\" src=\"https:\/\/www.intersoccermadrid.com\/wp-content\/uploads\/2016\/05\/2016_champions_04.jpg\" border=\"0\" alt=\"MADRID Y MIL\u00c1N CAPITALES MUNDIALES DEL F\u00daTBOL.-\" title=\"MADRID Y MIL\u00c1N CAPITALES MUNDIALES DEL F\u00daTBOL.-\" align=\"left\" width=\"800\" height=\"449\" srcset=\"https:\/\/www.intersoccermadrid.com\/wp-content\/uploads\/2016\/05\/2016_champions_04.jpg 800w, https:\/\/www.intersoccermadrid.com\/wp-content\/uploads\/2016\/05\/2016_champions_04-300x168.jpg 300w, https:\/\/www.intersoccermadrid.com\/wp-content\/uploads\/2016\/05\/2016_champions_04-768x431.jpg 768w\" sizes=\"(max-width: 800px) 100vw, 800px\" \/><\/p>\n<p><img decoding=\"async\" loading=\"lazy\" class=\" alignleft size-full wp-image-5256\" src=\"https:\/\/www.intersoccermadrid.com\/wp-content\/uploads\/2016\/05\/2016_champions_05.jpg\" border=\"0\" alt=\"MADRID Y MIL\u00c1N CAPITALES MUNDIALES DEL F\u00daTBOL.-\" title=\"MADRID Y MIL\u00c1N CAPITALES MUNDIALES DEL F\u00daTBOL.-\" align=\"left\" width=\"600\" height=\"800\" srcset=\"https:\/\/www.intersoccermadrid.com\/wp-content\/uploads\/2016\/05\/2016_champions_05.jpg 600w, https:\/\/www.intersoccermadrid.com\/wp-content\/uploads\/2016\/05\/2016_champions_05-225x300.jpg 225w\" sizes=\"(max-width: 600px) 100vw, 600px\" \/><\/p>\n<p>     <!--<iframe loading=\"lazy\" width=\"320\" height=\"240\" src=\"\/\/www.youtube.com\/embed\/5QIQxATQka\" frameborder=\"0\"><\/iframe>--><\/p>\n","protected":false},"excerpt":{"rendered":"<p>Como sucediera ya hace dos a\u00f1os, hoy, toda la atenci\u00f3n mundial de la pasi\u00f3n llamada f\u00fatbol tendr\u00e1 su foco de atenci\u00f3n puesta sobre las ciudad de Madrid, capital de Espa\u00f1a.<\/p>\n","protected":false},"author":2,"featured_media":5252,"comment_status":"open","ping_status":"open","sticky":false,"template":"","format":"standard","meta":{"_et_pb_use_builder":"","_et_pb_old_content":"","_et_gb_content_width":""},"categories":[8],"tags":[],"yoast_head":"<!-- This site is optimized with the Yoast SEO plugin v20.9 - https:\/\/yoast.com\/wordpress\/plugins\/seo\/ -->\n<title>MADRID Y MIL\u00c1N CAPITALES MUNDIALES DEL F\u00daTBOL.- &middot; International Soccer Academy of Madrid<\/title>\n<meta name=\"robots\" content=\"index, follow, max-snippet:-1, max-image-preview:large, max-video-preview:-1\" \/>\n<link rel=\"canonical\" href=\"https:\/\/www.intersoccermadrid.com\/en\/madrid-y-milan-capitales-mundiales-del-futbol\/\" \/>\n<meta property=\"og:locale\" content=\"en_US\" \/>\n<meta property=\"og:type\" content=\"article\" \/>\n<meta property=\"og:title\" content=\"MADRID Y MIL\u00c1N CAPITALES MUNDIALES DEL F\u00daTBOL.- &middot; International Soccer Academy of Madrid\" \/>\n<meta property=\"og:description\" content=\"Como sucediera ya hace dos a\u00f1os, hoy, toda la atenci\u00f3n mundial de la pasi\u00f3n llamada f\u00fatbol tendr\u00e1 su foco de atenci\u00f3n puesta sobre las ciudad de Madrid, capital de Espa\u00f1a.\" \/>\n<meta property=\"og:url\" content=\"https:\/\/www.intersoccermadrid.com\/en\/madrid-y-milan-capitales-mundiales-del-futbol\/\" \/>\n<meta property=\"og:site_name\" content=\"International Soccer Academy of Madrid\" \/>\n<meta property=\"article:published_time\" content=\"2016-05-27T22:00:00+00:00\" \/>\n<meta property=\"og:image\" content=\"https:\/\/www.intersoccermadrid.com\/wp-content\/uploads\/2016\/05\/2016_champions_01.jpg\" \/>\n\t<meta property=\"og:image:width\" content=\"800\" \/>\n\t<meta property=\"og:image:height\" content=\"600\" \/>\n\t<meta property=\"og:image:type\" content=\"image\/jpeg\" \/>\n<meta name=\"author\" content=\"Administrator\" \/>\n<meta name=\"twitter:card\" content=\"summary_large_image\" \/>\n<meta name=\"twitter:label1\" content=\"Written by\" \/>\n\t<meta name=\"twitter:data1\" content=\"Administrator\" \/>\n\t<meta name=\"twitter:label2\" content=\"Est. reading time\" \/>\n\t<meta name=\"twitter:data2\" content=\"1 minute\" \/>\n<script type=\"application\/ld+json\" class=\"yoast-schema-graph\">{\"@context\":\"https:\/\/schema.org\",\"@graph\":[{\"@type\":\"WebPage\",\"@id\":\"https:\/\/www.intersoccermadrid.com\/en\/madrid-y-milan-capitales-mundiales-del-futbol\/\",\"url\":\"https:\/\/www.intersoccermadrid.com\/en\/madrid-y-milan-capitales-mundiales-del-futbol\/\",\"name\":\"MADRID Y MIL\u00c1N CAPITALES MUNDIALES DEL F\u00daTBOL.- &middot; International Soccer Academy of Madrid\",\"isPartOf\":{\"@id\":\"https:\/\/www.intersoccermadrid.com\/en\/#website\"},\"datePublished\":\"2016-05-27T22:00:00+00:00\",\"dateModified\":\"2016-05-27T22:00:00+00:00\",\"author\":{\"@id\":\"https:\/\/www.intersoccermadrid.com\/en\/#\/schema\/person\/4843f782828393fd2fd34a6db5ce5d48\"},\"breadcrumb\":{\"@id\":\"https:\/\/www.intersoccermadrid.com\/en\/madrid-y-milan-capitales-mundiales-del-futbol\/#breadcrumb\"},\"inLanguage\":\"en-US\",\"potentialAction\":[{\"@type\":\"ReadAction\",\"target\":[\"https:\/\/www.intersoccermadrid.com\/en\/madrid-y-milan-capitales-mundiales-del-futbol\/\"]}]},{\"@type\":\"BreadcrumbList\",\"@id\":\"https:\/\/www.intersoccermadrid.com\/en\/madrid-y-milan-capitales-mundiales-del-futbol\/#breadcrumb\",\"itemListElement\":[{\"@type\":\"ListItem\",\"position\":1,\"name\":\"Home\",\"item\":\"https:\/\/www.intersoccermadrid.com\/en\/\"},{\"@type\":\"ListItem\",\"position\":2,\"name\":\"MADRID Y MIL\u00c1N CAPITALES MUNDIALES DEL F\u00daTBOL.-\"}]},{\"@type\":\"WebSite\",\"@id\":\"https:\/\/www.intersoccermadrid.com\/en\/#website\",\"url\":\"https:\/\/www.intersoccermadrid.com\/en\/\",\"name\":\"International Soccer Academy of Madrid\",\"description\":\"International Soccer Academy of Madrid\",\"potentialAction\":[{\"@type\":\"SearchAction\",\"target\":{\"@type\":\"EntryPoint\",\"urlTemplate\":\"https:\/\/www.intersoccermadrid.com\/en\/?s={search_term_string}\"},\"query-input\":\"required name=search_term_string\"}],\"inLanguage\":\"en-US\"},{\"@type\":\"Person\",\"@id\":\"https:\/\/www.intersoccermadrid.com\/en\/#\/schema\/person\/4843f782828393fd2fd34a6db5ce5d48\",\"name\":\"Administrator\",\"image\":{\"@type\":\"ImageObject\",\"inLanguage\":\"en-US\",\"@id\":\"https:\/\/www.intersoccermadrid.com\/en\/#\/schema\/person\/image\/\",\"url\":\"https:\/\/secure.gravatar.com\/avatar\/85ec5305f9a568d3e58c20ee91decabf?s=96&d=mm&r=g\",\"contentUrl\":\"https:\/\/secure.gravatar.com\/avatar\/85ec5305f9a568d3e58c20ee91decabf?s=96&d=mm&r=g\",\"caption\":\"Administrator\"},\"url\":\"https:\/\/www.intersoccermadrid.com\/en\/author\/admin\/\"}]}<\/script>\n<!-- \/ Yoast SEO plugin. -->","yoast_head_json":{"title":"MADRID Y MIL\u00c1N CAPITALES MUNDIALES DEL F\u00daTBOL.- &middot; International Soccer Academy of Madrid","robots":{"index":"index","follow":"follow","max-snippet":"max-snippet:-1","max-image-preview":"max-image-preview:large","max-video-preview":"max-video-preview:-1"},"canonical":"https:\/\/www.intersoccermadrid.com\/en\/madrid-y-milan-capitales-mundiales-del-futbol\/","og_locale":"en_US","og_type":"article","og_title":"MADRID Y MIL\u00c1N CAPITALES MUNDIALES DEL F\u00daTBOL.- &middot; International Soccer Academy of Madrid","og_description":"Como sucediera ya hace dos a\u00f1os, hoy, toda la atenci\u00f3n mundial de la pasi\u00f3n llamada f\u00fatbol tendr\u00e1 su foco de atenci\u00f3n puesta sobre las ciudad de Madrid, capital de Espa\u00f1a.","og_url":"https:\/\/www.intersoccermadrid.com\/en\/madrid-y-milan-capitales-mundiales-del-futbol\/","og_site_name":"International Soccer Academy of Madrid","article_published_time":"2016-05-27T22:00:00+00:00","og_image":[{"width":800,"height":600,"url":"https:\/\/www.intersoccermadrid.com\/wp-content\/uploads\/2016\/05\/2016_champions_01.jpg","type":"image\/jpeg"}],"author":"Administrator","twitter_card":"summary_large_image","twitter_misc":{"Written by":"Administrator","Est. reading time":"1 minute"},"schema":{"@context":"https:\/\/schema.org","@graph":[{"@type":"WebPage","@id":"https:\/\/www.intersoccermadrid.com\/en\/madrid-y-milan-capitales-mundiales-del-futbol\/","url":"https:\/\/www.intersoccermadrid.com\/en\/madrid-y-milan-capitales-mundiales-del-futbol\/","name":"MADRID Y MIL\u00c1N CAPITALES MUNDIALES DEL F\u00daTBOL.- &middot; International Soccer Academy of Madrid","isPartOf":{"@id":"https:\/\/www.intersoccermadrid.com\/en\/#website"},"datePublished":"2016-05-27T22:00:00+00:00","dateModified":"2016-05-27T22:00:00+00:00","author":{"@id":"https:\/\/www.intersoccermadrid.com\/en\/#\/schema\/person\/4843f782828393fd2fd34a6db5ce5d48"},"breadcrumb":{"@id":"https:\/\/www.intersoccermadrid.com\/en\/madrid-y-milan-capitales-mundiales-del-futbol\/#breadcrumb"},"inLanguage":"en-US","potentialAction":[{"@type":"ReadAction","target":["https:\/\/www.intersoccermadrid.com\/en\/madrid-y-milan-capitales-mundiales-del-futbol\/"]}]},{"@type":"BreadcrumbList","@id":"https:\/\/www.intersoccermadrid.com\/en\/madrid-y-milan-capitales-mundiales-del-futbol\/#breadcrumb","itemListElement":[{"@type":"ListItem","position":1,"name":"Home","item":"https:\/\/www.intersoccermadrid.com\/en\/"},{"@type":"ListItem","position":2,"name":"MADRID Y MIL\u00c1N CAPITALES MUNDIALES DEL F\u00daTBOL.-"}]},{"@type":"WebSite","@id":"https:\/\/www.intersoccermadrid.com\/en\/#website","url":"https:\/\/www.intersoccermadrid.com\/en\/","name":"International Soccer Academy of Madrid","description":"International Soccer Academy of Madrid","potentialAction":[{"@type":"SearchAction","target":{"@type":"EntryPoint","urlTemplate":"https:\/\/www.intersoccermadrid.com\/en\/?s={search_term_string}"},"query-input":"required name=search_term_string"}],"inLanguage":"en-US"},{"@type":"Person","@id":"https:\/\/www.intersoccermadrid.com\/en\/#\/schema\/person\/4843f782828393fd2fd34a6db5ce5d48","name":"Administrator","image":{"@type":"ImageObject","inLanguage":"en-US","@id":"https:\/\/www.intersoccermadrid.com\/en\/#\/schema\/person\/image\/","url":"https:\/\/secure.gravatar.com\/avatar\/85ec5305f9a568d3e58c20ee91decabf?s=96&d=mm&r=g","contentUrl":"https:\/\/secure.gravatar.com\/avatar\/85ec5305f9a568d3e58c20ee91decabf?s=96&d=mm&r=g","caption":"Administrator"},"url":"https:\/\/www.intersoccermadrid.com\/en\/author\/admin\/"}]}},"_links":{"self":[{"href":"https:\/\/www.intersoccermadrid.com\/en\/wp-json\/wp\/v2\/posts\/491"}],"collection":[{"href":"https:\/\/www.intersoccermadrid.com\/en\/wp-json\/wp\/v2\/posts"}],"about":[{"href":"https:\/\/www.intersoccermadrid.com\/en\/wp-json\/wp\/v2\/types\/post"}],"author":[{"embeddable":true,"href":"https:\/\/www.intersoccermadrid.com\/en\/wp-json\/wp\/v2\/users\/2"}],"replies":[{"embeddable":true,"href":"https:\/\/www.intersoccermadrid.com\/en\/wp-json\/wp\/v2\/comments?post=491"}],"version-history":[{"count":0,"href":"https:\/\/www.intersoccermadrid.com\/en\/wp-json\/wp\/v2\/posts\/491\/revisions"}],"wp:featuredmedia":[{"embeddable":true,"href":"https:\/\/www.intersoccermadrid.com\/en\/wp-json\/wp\/v2\/media\/5252"}],"wp:attachment":[{"href":"https:\/\/www.intersoccermadrid.com\/en\/wp-json\/wp\/v2\/media?parent=491"}],"wp:term":[{"taxonomy":"category","embeddable":true,"href":"https:\/\/www.intersoccermadrid.com\/en\/wp-json\/wp\/v2\/categories?post=491"},{"taxonomy":"post_tag","embeddable":true,"href":"https:\/\/www.intersoccermadrid.com\/en\/wp-json\/wp\/v2\/tags?post=491"}],"curies":[{"name":"wp","href":"https:\/\/api.w.org\/{rel}","templated":true}]}}