{"id":489,"date":"2016-05-18T00:00:00","date_gmt":"2016-05-17T22:00:00","guid":{"rendered":"https:\/\/www.intersoccermadrid.com\/presentacion-en-el-periodico-marca-del-iii-memorial-luis-aragones-de-futbol-sub16-organizado-por-intersoccer\/"},"modified":"2016-05-18T00:00:00","modified_gmt":"2016-05-17T22:00:00","slug":"presentacion-en-el-periodico-marca-del-iii-memorial-luis-aragones-de-futbol-sub16-organizado-por-intersoccer","status":"publish","type":"post","link":"https:\/\/www.intersoccermadrid.com\/en\/presentacion-en-el-periodico-marca-del-iii-memorial-luis-aragones-de-futbol-sub16-organizado-por-intersoccer\/","title":{"rendered":"PRESENTACI\u00d3N EN EL PERI\u00d3DICO MARCA DEL III MEMORIAL LUIS ARAGON\u00c9S DE F\u00daTBOL SUB\/16 ORGANIZADO POR INTERSOCCER.-"},"content":{"rendered":"<p><img decoding=\"async\" loading=\"lazy\" class=\" alignleft size-full wp-image-5236\" src=\"https:\/\/www.intersoccermadrid.com\/wp-content\/uploads\/2016\/05\/2016_presentacion_marca_00.jpg\" border=\"0\" alt=\"PRESENTACI\u00d3N EN EL PERI\u00d3DICO MARCA DEL III MEMORIAL LUIS ARAGON\u00c9S DE F\u00daTBOL SUB\/16 ORGANIZADO POR INTERSOCCER.-\" title=\"PRESENTACI\u00d3N EN EL PERI\u00d3DICO MARCA DEL III MEMORIAL LUIS ARAGON\u00c9S DE F\u00daTBOL SUB\/16 ORGANIZADO POR INTERSOCCER.-\" align=\"left\" width=\"800\" height=\"508\" srcset=\"https:\/\/www.intersoccermadrid.com\/wp-content\/uploads\/2016\/05\/2016_presentacion_marca_00.jpg 800w, https:\/\/www.intersoccermadrid.com\/wp-content\/uploads\/2016\/05\/2016_presentacion_marca_00-300x191.jpg 300w, https:\/\/www.intersoccermadrid.com\/wp-content\/uploads\/2016\/05\/2016_presentacion_marca_00-768x488.jpg 768w\" sizes=\"(max-width: 800px) 100vw, 800px\" \/><\/p>\n<p>Puesta de largo del III Memorial Luis Aragon\u00e9s \u2013 Torneo Champions de F\u00fatbol Sub-16, que se celebrar\u00e1 los d\u00edas 3, 4 y 5 de junio en la Ciudad Deportiva Valdelasfuentes (Alcobendas),  <!--more-->  con la participaci\u00f3n del Club Atl\u00e9tico de Madrid, Real Madrid CF, Rayo Vallecano de Madrid, FC Barcelona, Villarreal CF y del club anfitri\u00f3n, Alcobendas Levitt CF. <\/p>\n<p>El acto de presentaci\u00f3n se celebr\u00f3 en la redacci\u00f3n del diario Marca, medio deportivo oficial del torneo sito en el distrito de Hortaleza, donde naci\u00f3 el exjugador, entrenador y seleccionador nacional que le da nombre.<\/p>\n<p>Miguel \u00c1ngel M\u00e9ndez, subdirector de Radio Marca, ejerci\u00f3 de anfitri\u00f3n y cedi\u00f3 la palabra al director del diario Marca, Juan Ignacio Gallardo, que dio la bienvenida a todos los presentes a \u201cla casa del deporte\u201d y expres\u00f3 su compromiso de \u201cdar visibilidad y colaborar al \u00e9xito de un torneo que homenajea a un mito del f\u00fatbol espa\u00f1ol como Luis Aragon\u00e9s\u201d.<\/p>\n<p>Posteriormente, tom\u00f3 la palabra el alcalde de Alcobendas, Ignacio Garc\u00eda de Vinuesa, que agradeci\u00f3 su aportaci\u00f3n a \u201ctodos los que hacen posible la celebraci\u00f3n de este torneo que homenajea a uno de los m\u00e1s ilustres vecinos de Alcobendas, quien seguro que nos servir\u00e1 de gu\u00eda desde donde est\u00e9.<\/p>\n<p>Gracias tambi\u00e9n al diario Marca, referente de la informaci\u00f3n deportiva en Espa\u00f1a. Espero que la actual edici\u00f3n vuelva a ser un \u00e9xito como las anteriores y que siga si\u00e9ndolo en el futuro\u201d. <\/p>\n<p>Mar Rodr\u00edguez, concejal delegada de Deportes, destac\u00f3 que \u201ctodos los vecinos de Alcobendas esperamos ansiosos la celebraci\u00f3n de este evento que da prestigio a nuestra localidad, con la presencia de cinco grandes clubes, adem\u00e1s del local Alcobendas Levitt, el patrocinio del diario Marca y este a\u00f1o, adem\u00e1s, justo antes de la Eurocopa, as\u00ed que se re\u00fanen todos los ingredientes para que disfrutemos de un gran torneo\u201d. <\/p>\n<p>Yolanda Aragon\u00e9s, hija del difunto Luis, dio las gracias \u201cen nombre de toda la familia, por honrar la memoria y reconocer el trabajo que por el f\u00fatbol espa\u00f1ol hizo mi padre, cuyos valores de esfuerzo individual y compromiso con el equipo se perpet\u00faan gracias a torneos como \u00e9ste\u201d.<\/p>\n<p>Por \u00faltimo, Tom\u00e1s P\u00e1ramo, presidente del Alcobendas Levitt CF, elogi\u00f3 el \u201capoyo de la familia de nuestro querid\u00edsimo y a\u00f1orado Luis Aragon\u00e9s, al compromiso con el deporte mostrado por el Ayuntamiento de Alcobendas, en colaboraci\u00f3n con Fundal, y al inestimable soporte de Marca. Disfrutemos de un torneo que bien podr\u00eda ser un Campeonato de Espa\u00f1a oficioso, con la participaci\u00f3n de las mejores canteras del pa\u00eds\u201d.<\/p>\n<p>Tambi\u00e9n estuvieron presentes en el acto de inauguraci\u00f3n Jorge Li\u00e9bana, gerente de Fundal, y Manuel Alcobendas, delegado de la firma de ropa deportiva Mercury en la Comunidad de Madrid. <\/p>\n<p>M\u00e1s informaci\u00f3n a trav\u00e9s de: <\/p>\n<p>Twitter: @ADAlcobendas <\/p>\n<p>Facebook: alcobendaslevittcf <\/p>\n<p>YouTube: canal Alcobendas Levitt C.F. (visualizaci\u00f3n permanente de los partidos y difusi\u00f3n en \u2018streaming\u2019 de las semifinales y de la final).<\/p>\n<p>Flickr: www.flickr.com\/photos\/adalcobendascf (fotos de calidad profesional).<\/p>\n<p>www.adalcobendascf.com<\/p>\n<p>www.marca.com (retransmisi\u00f3n radiada y televisada en directo de las semifinales y de la final. Seguimiento del torneo en prensa digital y escrita).<\/p>\n<p>   <!--<iframe loading=\"lazy\" width=\"320\" height=\"240\" src=\"\/\/www.youtube.com\/embed\/5QIQxATQka\" frameborder=\"0\"><\/iframe>--><\/p>\n","protected":false},"excerpt":{"rendered":"<p>Puesta de largo del III Memorial Luis Aragon\u00e9s \u2013 Torneo Champions de F\u00fatbol Sub-16, que se celebrar\u00e1 los d\u00edas 3, 4 y 5 de junio en la Ciudad Deportiva Valdelasfuentes (Alcobendas),<\/p>\n","protected":false},"author":2,"featured_media":5236,"comment_status":"open","ping_status":"open","sticky":false,"template":"","format":"standard","meta":{"_et_pb_use_builder":"","_et_pb_old_content":"","_et_gb_content_width":""},"categories":[8],"tags":[],"yoast_head":"<!-- This site is optimized with the Yoast SEO plugin v20.9 - https:\/\/yoast.com\/wordpress\/plugins\/seo\/ -->\n<title>PRESENTACI\u00d3N EN EL PERI\u00d3DICO MARCA DEL III MEMORIAL LUIS ARAGON\u00c9S DE F\u00daTBOL SUB\/16 ORGANIZADO POR INTERSOCCER.- &middot; International Soccer Academy of Madrid<\/title>\n<meta name=\"robots\" content=\"index, follow, max-snippet:-1, max-image-preview:large, max-video-preview:-1\" \/>\n<link rel=\"canonical\" href=\"https:\/\/www.intersoccermadrid.com\/en\/presentacion-en-el-periodico-marca-del-iii-memorial-luis-aragones-de-futbol-sub16-organizado-por-intersoccer\/\" \/>\n<meta property=\"og:locale\" content=\"en_US\" \/>\n<meta property=\"og:type\" content=\"article\" \/>\n<meta property=\"og:title\" content=\"PRESENTACI\u00d3N EN EL PERI\u00d3DICO MARCA DEL III MEMORIAL LUIS ARAGON\u00c9S DE F\u00daTBOL SUB\/16 ORGANIZADO POR INTERSOCCER.- &middot; International Soccer Academy of Madrid\" \/>\n<meta property=\"og:description\" content=\"Puesta de largo del III Memorial Luis Aragon\u00e9s \u2013 Torneo Champions de F\u00fatbol Sub-16, que se celebrar\u00e1 los d\u00edas 3, 4 y 5 de junio en la Ciudad Deportiva Valdelasfuentes (Alcobendas),\" \/>\n<meta property=\"og:url\" content=\"https:\/\/www.intersoccermadrid.com\/en\/presentacion-en-el-periodico-marca-del-iii-memorial-luis-aragones-de-futbol-sub16-organizado-por-intersoccer\/\" \/>\n<meta property=\"og:site_name\" content=\"International Soccer Academy of Madrid\" \/>\n<meta property=\"article:published_time\" content=\"2016-05-17T22:00:00+00:00\" \/>\n<meta property=\"og:image\" content=\"https:\/\/www.intersoccermadrid.com\/wp-content\/uploads\/2016\/05\/2016_presentacion_marca_00.jpg\" \/>\n\t<meta property=\"og:image:width\" content=\"800\" \/>\n\t<meta property=\"og:image:height\" content=\"508\" \/>\n\t<meta property=\"og:image:type\" content=\"image\/jpeg\" \/>\n<meta name=\"author\" content=\"Administrator\" \/>\n<meta name=\"twitter:card\" content=\"summary_large_image\" \/>\n<meta name=\"twitter:label1\" content=\"Written by\" \/>\n\t<meta name=\"twitter:data1\" content=\"Administrator\" \/>\n\t<meta name=\"twitter:label2\" content=\"Est. reading time\" \/>\n\t<meta name=\"twitter:data2\" content=\"3 minutes\" \/>\n<script type=\"application\/ld+json\" class=\"yoast-schema-graph\">{\"@context\":\"https:\/\/schema.org\",\"@graph\":[{\"@type\":\"WebPage\",\"@id\":\"https:\/\/www.intersoccermadrid.com\/en\/presentacion-en-el-periodico-marca-del-iii-memorial-luis-aragones-de-futbol-sub16-organizado-por-intersoccer\/\",\"url\":\"https:\/\/www.intersoccermadrid.com\/en\/presentacion-en-el-periodico-marca-del-iii-memorial-luis-aragones-de-futbol-sub16-organizado-por-intersoccer\/\",\"name\":\"PRESENTACI\u00d3N EN EL PERI\u00d3DICO MARCA DEL III MEMORIAL LUIS ARAGON\u00c9S DE F\u00daTBOL SUB\/16 ORGANIZADO POR INTERSOCCER.- &middot; International Soccer Academy of Madrid\",\"isPartOf\":{\"@id\":\"https:\/\/www.intersoccermadrid.com\/en\/#website\"},\"datePublished\":\"2016-05-17T22:00:00+00:00\",\"dateModified\":\"2016-05-17T22:00:00+00:00\",\"author\":{\"@id\":\"https:\/\/www.intersoccermadrid.com\/en\/#\/schema\/person\/4843f782828393fd2fd34a6db5ce5d48\"},\"breadcrumb\":{\"@id\":\"https:\/\/www.intersoccermadrid.com\/en\/presentacion-en-el-periodico-marca-del-iii-memorial-luis-aragones-de-futbol-sub16-organizado-por-intersoccer\/#breadcrumb\"},\"inLanguage\":\"en-US\",\"potentialAction\":[{\"@type\":\"ReadAction\",\"target\":[\"https:\/\/www.intersoccermadrid.com\/en\/presentacion-en-el-periodico-marca-del-iii-memorial-luis-aragones-de-futbol-sub16-organizado-por-intersoccer\/\"]}]},{\"@type\":\"BreadcrumbList\",\"@id\":\"https:\/\/www.intersoccermadrid.com\/en\/presentacion-en-el-periodico-marca-del-iii-memorial-luis-aragones-de-futbol-sub16-organizado-por-intersoccer\/#breadcrumb\",\"itemListElement\":[{\"@type\":\"ListItem\",\"position\":1,\"name\":\"Home\",\"item\":\"https:\/\/www.intersoccermadrid.com\/en\/\"},{\"@type\":\"ListItem\",\"position\":2,\"name\":\"PRESENTACI\u00d3N EN EL PERI\u00d3DICO MARCA DEL III MEMORIAL LUIS ARAGON\u00c9S DE F\u00daTBOL SUB\/16 ORGANIZADO POR INTERSOCCER.-\"}]},{\"@type\":\"WebSite\",\"@id\":\"https:\/\/www.intersoccermadrid.com\/en\/#website\",\"url\":\"https:\/\/www.intersoccermadrid.com\/en\/\",\"name\":\"International Soccer Academy of Madrid\",\"description\":\"International Soccer Academy of Madrid\",\"potentialAction\":[{\"@type\":\"SearchAction\",\"target\":{\"@type\":\"EntryPoint\",\"urlTemplate\":\"https:\/\/www.intersoccermadrid.com\/en\/?s={search_term_string}\"},\"query-input\":\"required name=search_term_string\"}],\"inLanguage\":\"en-US\"},{\"@type\":\"Person\",\"@id\":\"https:\/\/www.intersoccermadrid.com\/en\/#\/schema\/person\/4843f782828393fd2fd34a6db5ce5d48\",\"name\":\"Administrator\",\"image\":{\"@type\":\"ImageObject\",\"inLanguage\":\"en-US\",\"@id\":\"https:\/\/www.intersoccermadrid.com\/en\/#\/schema\/person\/image\/\",\"url\":\"https:\/\/secure.gravatar.com\/avatar\/85ec5305f9a568d3e58c20ee91decabf?s=96&d=mm&r=g\",\"contentUrl\":\"https:\/\/secure.gravatar.com\/avatar\/85ec5305f9a568d3e58c20ee91decabf?s=96&d=mm&r=g\",\"caption\":\"Administrator\"},\"url\":\"https:\/\/www.intersoccermadrid.com\/en\/author\/admin\/\"}]}<\/script>\n<!-- \/ Yoast SEO plugin. -->","yoast_head_json":{"title":"PRESENTACI\u00d3N EN EL PERI\u00d3DICO MARCA DEL III MEMORIAL LUIS ARAGON\u00c9S DE F\u00daTBOL SUB\/16 ORGANIZADO POR INTERSOCCER.- &middot; International Soccer Academy of Madrid","robots":{"index":"index","follow":"follow","max-snippet":"max-snippet:-1","max-image-preview":"max-image-preview:large","max-video-preview":"max-video-preview:-1"},"canonical":"https:\/\/www.intersoccermadrid.com\/en\/presentacion-en-el-periodico-marca-del-iii-memorial-luis-aragones-de-futbol-sub16-organizado-por-intersoccer\/","og_locale":"en_US","og_type":"article","og_title":"PRESENTACI\u00d3N EN EL PERI\u00d3DICO MARCA DEL III MEMORIAL LUIS ARAGON\u00c9S DE F\u00daTBOL SUB\/16 ORGANIZADO POR INTERSOCCER.- &middot; International Soccer Academy of Madrid","og_description":"Puesta de largo del III Memorial Luis Aragon\u00e9s \u2013 Torneo Champions de F\u00fatbol Sub-16, que se celebrar\u00e1 los d\u00edas 3, 4 y 5 de junio en la Ciudad Deportiva Valdelasfuentes (Alcobendas),","og_url":"https:\/\/www.intersoccermadrid.com\/en\/presentacion-en-el-periodico-marca-del-iii-memorial-luis-aragones-de-futbol-sub16-organizado-por-intersoccer\/","og_site_name":"International Soccer Academy of Madrid","article_published_time":"2016-05-17T22:00:00+00:00","og_image":[{"width":800,"height":508,"url":"https:\/\/www.intersoccermadrid.com\/wp-content\/uploads\/2016\/05\/2016_presentacion_marca_00.jpg","type":"image\/jpeg"}],"author":"Administrator","twitter_card":"summary_large_image","twitter_misc":{"Written by":"Administrator","Est. reading time":"3 minutes"},"schema":{"@context":"https:\/\/schema.org","@graph":[{"@type":"WebPage","@id":"https:\/\/www.intersoccermadrid.com\/en\/presentacion-en-el-periodico-marca-del-iii-memorial-luis-aragones-de-futbol-sub16-organizado-por-intersoccer\/","url":"https:\/\/www.intersoccermadrid.com\/en\/presentacion-en-el-periodico-marca-del-iii-memorial-luis-aragones-de-futbol-sub16-organizado-por-intersoccer\/","name":"PRESENTACI\u00d3N EN EL PERI\u00d3DICO MARCA DEL III MEMORIAL LUIS ARAGON\u00c9S DE F\u00daTBOL SUB\/16 ORGANIZADO POR INTERSOCCER.- &middot; International Soccer Academy of Madrid","isPartOf":{"@id":"https:\/\/www.intersoccermadrid.com\/en\/#website"},"datePublished":"2016-05-17T22:00:00+00:00","dateModified":"2016-05-17T22:00:00+00:00","author":{"@id":"https:\/\/www.intersoccermadrid.com\/en\/#\/schema\/person\/4843f782828393fd2fd34a6db5ce5d48"},"breadcrumb":{"@id":"https:\/\/www.intersoccermadrid.com\/en\/presentacion-en-el-periodico-marca-del-iii-memorial-luis-aragones-de-futbol-sub16-organizado-por-intersoccer\/#breadcrumb"},"inLanguage":"en-US","potentialAction":[{"@type":"ReadAction","target":["https:\/\/www.intersoccermadrid.com\/en\/presentacion-en-el-periodico-marca-del-iii-memorial-luis-aragones-de-futbol-sub16-organizado-por-intersoccer\/"]}]},{"@type":"BreadcrumbList","@id":"https:\/\/www.intersoccermadrid.com\/en\/presentacion-en-el-periodico-marca-del-iii-memorial-luis-aragones-de-futbol-sub16-organizado-por-intersoccer\/#breadcrumb","itemListElement":[{"@type":"ListItem","position":1,"name":"Home","item":"https:\/\/www.intersoccermadrid.com\/en\/"},{"@type":"ListItem","position":2,"name":"PRESENTACI\u00d3N EN EL PERI\u00d3DICO MARCA DEL III MEMORIAL LUIS ARAGON\u00c9S DE F\u00daTBOL SUB\/16 ORGANIZADO POR INTERSOCCER.-"}]},{"@type":"WebSite","@id":"https:\/\/www.intersoccermadrid.com\/en\/#website","url":"https:\/\/www.intersoccermadrid.com\/en\/","name":"International Soccer Academy of Madrid","description":"International Soccer Academy of Madrid","potentialAction":[{"@type":"SearchAction","target":{"@type":"EntryPoint","urlTemplate":"https:\/\/www.intersoccermadrid.com\/en\/?s={search_term_string}"},"query-input":"required name=search_term_string"}],"inLanguage":"en-US"},{"@type":"Person","@id":"https:\/\/www.intersoccermadrid.com\/en\/#\/schema\/person\/4843f782828393fd2fd34a6db5ce5d48","name":"Administrator","image":{"@type":"ImageObject","inLanguage":"en-US","@id":"https:\/\/www.intersoccermadrid.com\/en\/#\/schema\/person\/image\/","url":"https:\/\/secure.gravatar.com\/avatar\/85ec5305f9a568d3e58c20ee91decabf?s=96&d=mm&r=g","contentUrl":"https:\/\/secure.gravatar.com\/avatar\/85ec5305f9a568d3e58c20ee91decabf?s=96&d=mm&r=g","caption":"Administrator"},"url":"https:\/\/www.intersoccermadrid.com\/en\/author\/admin\/"}]}},"_links":{"self":[{"href":"https:\/\/www.intersoccermadrid.com\/en\/wp-json\/wp\/v2\/posts\/489"}],"collection":[{"href":"https:\/\/www.intersoccermadrid.com\/en\/wp-json\/wp\/v2\/posts"}],"about":[{"href":"https:\/\/www.intersoccermadrid.com\/en\/wp-json\/wp\/v2\/types\/post"}],"author":[{"embeddable":true,"href":"https:\/\/www.intersoccermadrid.com\/en\/wp-json\/wp\/v2\/users\/2"}],"replies":[{"embeddable":true,"href":"https:\/\/www.intersoccermadrid.com\/en\/wp-json\/wp\/v2\/comments?post=489"}],"version-history":[{"count":0,"href":"https:\/\/www.intersoccermadrid.com\/en\/wp-json\/wp\/v2\/posts\/489\/revisions"}],"wp:featuredmedia":[{"embeddable":true,"href":"https:\/\/www.intersoccermadrid.com\/en\/wp-json\/wp\/v2\/media\/5236"}],"wp:attachment":[{"href":"https:\/\/www.intersoccermadrid.com\/en\/wp-json\/wp\/v2\/media?parent=489"}],"wp:term":[{"taxonomy":"category","embeddable":true,"href":"https:\/\/www.intersoccermadrid.com\/en\/wp-json\/wp\/v2\/categories?post=489"},{"taxonomy":"post_tag","embeddable":true,"href":"https:\/\/www.intersoccermadrid.com\/en\/wp-json\/wp\/v2\/tags?post=489"}],"curies":[{"name":"wp","href":"https:\/\/api.w.org\/{rel}","templated":true}]}}