{"id":477,"date":"2016-04-24T00:00:00","date_gmt":"2016-04-23T22:00:00","guid":{"rendered":"https:\/\/www.intersoccermadrid.com\/emile-waita-alumno-de-intersoccer-convocado-con-la-seleccion-sub20-de-guinea-conakry\/"},"modified":"2016-04-24T00:00:00","modified_gmt":"2016-04-23T22:00:00","slug":"emile-waita-alumno-de-intersoccer-convocado-con-la-seleccion-sub20-de-guinea-conakry","status":"publish","type":"post","link":"https:\/\/www.intersoccermadrid.com\/en\/emile-waita-alumno-de-intersoccer-convocado-con-la-seleccion-sub20-de-guinea-conakry\/","title":{"rendered":"Emile Waita, alumno de Intersoccer, convocado con la selecci\u00f3n sub\/20 de Guinea-Conakry"},"content":{"rendered":"<p><img decoding=\"async\" loading=\"lazy\" class=\" alignleft size-full wp-image-5136\" src=\"https:\/\/www.intersoccermadrid.com\/wp-content\/uploads\/2016\/04\/2016_EmileInternacional_01.jpg\" border=\"0\" alt=\"Emile Waita, alumno de Intersoccer, convocado con la selecci\u00f3n sub\/20 de Guinea-Conakry\" title=\"Emile Waita, alumno de Intersoccer, convocado con la selecci\u00f3n sub\/20 de Guinea-Conakry\" align=\"left\" width=\"800\" height=\"376\" srcset=\"https:\/\/www.intersoccermadrid.com\/wp-content\/uploads\/2016\/04\/2016_EmileInternacional_01.jpg 800w, https:\/\/www.intersoccermadrid.com\/wp-content\/uploads\/2016\/04\/2016_EmileInternacional_01-300x141.jpg 300w, https:\/\/www.intersoccermadrid.com\/wp-content\/uploads\/2016\/04\/2016_EmileInternacional_01-768x361.jpg 768w\" sizes=\"(max-width: 800px) 100vw, 800px\" \/><\/p>\n<p>Emile, uno de los alumnos de la A.C. Intersoccer m\u00e1s aventajados en lo futbol\u00edstico y acreditando tambi\u00e9n siempre tanto una gran educaci\u00f3n en su trato diario con compa\u00f1eros y formadores  <!--more--> como una admirable y sacrificada disciplina, ha sido convocado por vez primera por la selecci\u00f3n sub\/20 de su pa\u00eds natal, Guinea Conacry, para disputar el partido clasificatorio para la Copa de \u00c1frica de la categor\u00eda que se disputar\u00e1 el pr\u00f3ximo domingo d\u00eda 24 de abril contra la nacional de Liberia.<\/p>\n<p>\u00a1Excelente y merecida noticia para Emile! Quien despu\u00e9s de dos a\u00f1os y medio de trabajo y preparaci\u00f3n en la academia, habiendo sido durante la temporada pasada  un jugador muy importante en el equipo de divisi\u00f3n de honor juvenil del Alcobendas Levitt, en la temporada actual, ya en edad senior, destaca como jugador muy relevante en el equipo del mismo club que actualmente disputa con posibilidades reales el ascenso a la Tercera Divisi\u00f3n nacional. Siendo, adem\u00e1s, un jugador que viene siendo seguido durante los \u00faltimos meses por varios clubes profesionales de cara a un pronto y posible fichaje por alguno de ellos.<\/p>\n<p>El trabajo en la academia de Alalpardo continua dando grandes frutos. \u00a1Enhorabuena Emile!  <\/p>\n<p><img decoding=\"async\" loading=\"lazy\" class=\" alignleft size-full wp-image-5137\" src=\"https:\/\/www.intersoccermadrid.com\/wp-content\/uploads\/2016\/04\/2016_EmileInternacional_02.jpg\" border=\"0\" alt=\"Emile Waita, alumno de Intersoccer, convocado con la selecci\u00f3n sub\/20 de Guinea-Conakry\" title=\"Emile Waita, alumno de Intersoccer, convocado con la selecci\u00f3n sub\/20 de Guinea-Conakry\" align=\"left\" width=\"800\" height=\"475\" srcset=\"https:\/\/www.intersoccermadrid.com\/wp-content\/uploads\/2016\/04\/2016_EmileInternacional_02.jpg 800w, https:\/\/www.intersoccermadrid.com\/wp-content\/uploads\/2016\/04\/2016_EmileInternacional_02-300x178.jpg 300w, https:\/\/www.intersoccermadrid.com\/wp-content\/uploads\/2016\/04\/2016_EmileInternacional_02-768x456.jpg 768w\" sizes=\"(max-width: 800px) 100vw, 800px\" \/><\/p>\n<p><img decoding=\"async\" loading=\"lazy\" class=\" alignleft size-full wp-image-5138\" src=\"https:\/\/www.intersoccermadrid.com\/wp-content\/uploads\/2016\/04\/2016_EmileInternacional_03.jpg\" border=\"0\" alt=\"Emile Waita, alumno de Intersoccer, convocado con la selecci\u00f3n sub\/20 de Guinea-Conakry\" title=\"Emile Waita, alumno de Intersoccer, convocado con la selecci\u00f3n sub\/20 de Guinea-Conakry\" align=\"left\" width=\"580\" height=\"800\" srcset=\"https:\/\/www.intersoccermadrid.com\/wp-content\/uploads\/2016\/04\/2016_EmileInternacional_03.jpg 580w, https:\/\/www.intersoccermadrid.com\/wp-content\/uploads\/2016\/04\/2016_EmileInternacional_03-218x300.jpg 218w\" sizes=\"(max-width: 580px) 100vw, 580px\" \/><\/p>\n<p>    <!--<iframe loading=\"lazy\" width=\"320\" height=\"240\" src=\"\/\/www.youtube.com\/embed\/5QIQxATQka\" frameborder=\"0\"><\/iframe>--><\/p>\n","protected":false},"excerpt":{"rendered":"<p>Emile, uno de los alumnos de la A.C. Intersoccer m\u00e1s aventajados en lo futbol\u00edstico y acreditando tambi\u00e9n siempre tanto una gran educaci\u00f3n en su trato diario con compa\u00f1eros y formadores<\/p>\n","protected":false},"author":2,"featured_media":5136,"comment_status":"open","ping_status":"open","sticky":false,"template":"","format":"standard","meta":{"_et_pb_use_builder":"","_et_pb_old_content":"","_et_gb_content_width":""},"categories":[8],"tags":[],"yoast_head":"<!-- This site is optimized with the Yoast SEO plugin v20.9 - https:\/\/yoast.com\/wordpress\/plugins\/seo\/ -->\n<title>Emile Waita, alumno de Intersoccer, convocado con la selecci\u00f3n sub\/20 de Guinea-Conakry &middot; International Soccer Academy of Madrid<\/title>\n<meta name=\"robots\" content=\"index, follow, max-snippet:-1, max-image-preview:large, max-video-preview:-1\" \/>\n<link rel=\"canonical\" href=\"https:\/\/www.intersoccermadrid.com\/en\/emile-waita-alumno-de-intersoccer-convocado-con-la-seleccion-sub20-de-guinea-conakry\/\" \/>\n<meta property=\"og:locale\" content=\"en_US\" \/>\n<meta property=\"og:type\" content=\"article\" \/>\n<meta property=\"og:title\" content=\"Emile Waita, alumno de Intersoccer, convocado con la selecci\u00f3n sub\/20 de Guinea-Conakry &middot; International Soccer Academy of Madrid\" \/>\n<meta property=\"og:description\" content=\"Emile, uno de los alumnos de la A.C. Intersoccer m\u00e1s aventajados en lo futbol\u00edstico y acreditando tambi\u00e9n siempre tanto una gran educaci\u00f3n en su trato diario con compa\u00f1eros y formadores\" \/>\n<meta property=\"og:url\" content=\"https:\/\/www.intersoccermadrid.com\/en\/emile-waita-alumno-de-intersoccer-convocado-con-la-seleccion-sub20-de-guinea-conakry\/\" \/>\n<meta property=\"og:site_name\" content=\"International Soccer Academy of Madrid\" \/>\n<meta property=\"article:published_time\" content=\"2016-04-23T22:00:00+00:00\" \/>\n<meta property=\"og:image\" content=\"https:\/\/www.intersoccermadrid.com\/wp-content\/uploads\/2016\/04\/2016_EmileInternacional_01.jpg\" \/>\n\t<meta property=\"og:image:width\" content=\"800\" \/>\n\t<meta property=\"og:image:height\" content=\"376\" \/>\n\t<meta property=\"og:image:type\" content=\"image\/jpeg\" \/>\n<meta name=\"author\" content=\"Administrator\" \/>\n<meta name=\"twitter:card\" content=\"summary_large_image\" \/>\n<meta name=\"twitter:label1\" content=\"Written by\" \/>\n\t<meta name=\"twitter:data1\" content=\"Administrator\" \/>\n\t<meta name=\"twitter:label2\" content=\"Est. reading time\" \/>\n\t<meta name=\"twitter:data2\" content=\"1 minute\" \/>\n<script type=\"application\/ld+json\" class=\"yoast-schema-graph\">{\"@context\":\"https:\/\/schema.org\",\"@graph\":[{\"@type\":\"WebPage\",\"@id\":\"https:\/\/www.intersoccermadrid.com\/en\/emile-waita-alumno-de-intersoccer-convocado-con-la-seleccion-sub20-de-guinea-conakry\/\",\"url\":\"https:\/\/www.intersoccermadrid.com\/en\/emile-waita-alumno-de-intersoccer-convocado-con-la-seleccion-sub20-de-guinea-conakry\/\",\"name\":\"Emile Waita, alumno de Intersoccer, convocado con la selecci\u00f3n sub\/20 de Guinea-Conakry &middot; International Soccer Academy of Madrid\",\"isPartOf\":{\"@id\":\"https:\/\/www.intersoccermadrid.com\/en\/#website\"},\"datePublished\":\"2016-04-23T22:00:00+00:00\",\"dateModified\":\"2016-04-23T22:00:00+00:00\",\"author\":{\"@id\":\"https:\/\/www.intersoccermadrid.com\/en\/#\/schema\/person\/4843f782828393fd2fd34a6db5ce5d48\"},\"breadcrumb\":{\"@id\":\"https:\/\/www.intersoccermadrid.com\/en\/emile-waita-alumno-de-intersoccer-convocado-con-la-seleccion-sub20-de-guinea-conakry\/#breadcrumb\"},\"inLanguage\":\"en-US\",\"potentialAction\":[{\"@type\":\"ReadAction\",\"target\":[\"https:\/\/www.intersoccermadrid.com\/en\/emile-waita-alumno-de-intersoccer-convocado-con-la-seleccion-sub20-de-guinea-conakry\/\"]}]},{\"@type\":\"BreadcrumbList\",\"@id\":\"https:\/\/www.intersoccermadrid.com\/en\/emile-waita-alumno-de-intersoccer-convocado-con-la-seleccion-sub20-de-guinea-conakry\/#breadcrumb\",\"itemListElement\":[{\"@type\":\"ListItem\",\"position\":1,\"name\":\"Home\",\"item\":\"https:\/\/www.intersoccermadrid.com\/en\/\"},{\"@type\":\"ListItem\",\"position\":2,\"name\":\"Emile Waita, alumno de Intersoccer, convocado con la selecci\u00f3n sub\/20 de Guinea-Conakry\"}]},{\"@type\":\"WebSite\",\"@id\":\"https:\/\/www.intersoccermadrid.com\/en\/#website\",\"url\":\"https:\/\/www.intersoccermadrid.com\/en\/\",\"name\":\"International Soccer Academy of Madrid\",\"description\":\"International Soccer Academy of Madrid\",\"potentialAction\":[{\"@type\":\"SearchAction\",\"target\":{\"@type\":\"EntryPoint\",\"urlTemplate\":\"https:\/\/www.intersoccermadrid.com\/en\/?s={search_term_string}\"},\"query-input\":\"required name=search_term_string\"}],\"inLanguage\":\"en-US\"},{\"@type\":\"Person\",\"@id\":\"https:\/\/www.intersoccermadrid.com\/en\/#\/schema\/person\/4843f782828393fd2fd34a6db5ce5d48\",\"name\":\"Administrator\",\"image\":{\"@type\":\"ImageObject\",\"inLanguage\":\"en-US\",\"@id\":\"https:\/\/www.intersoccermadrid.com\/en\/#\/schema\/person\/image\/\",\"url\":\"https:\/\/secure.gravatar.com\/avatar\/85ec5305f9a568d3e58c20ee91decabf?s=96&d=mm&r=g\",\"contentUrl\":\"https:\/\/secure.gravatar.com\/avatar\/85ec5305f9a568d3e58c20ee91decabf?s=96&d=mm&r=g\",\"caption\":\"Administrator\"},\"url\":\"https:\/\/www.intersoccermadrid.com\/en\/author\/admin\/\"}]}<\/script>\n<!-- \/ Yoast SEO plugin. -->","yoast_head_json":{"title":"Emile Waita, alumno de Intersoccer, convocado con la selecci\u00f3n sub\/20 de Guinea-Conakry &middot; International Soccer Academy of Madrid","robots":{"index":"index","follow":"follow","max-snippet":"max-snippet:-1","max-image-preview":"max-image-preview:large","max-video-preview":"max-video-preview:-1"},"canonical":"https:\/\/www.intersoccermadrid.com\/en\/emile-waita-alumno-de-intersoccer-convocado-con-la-seleccion-sub20-de-guinea-conakry\/","og_locale":"en_US","og_type":"article","og_title":"Emile Waita, alumno de Intersoccer, convocado con la selecci\u00f3n sub\/20 de Guinea-Conakry &middot; International Soccer Academy of Madrid","og_description":"Emile, uno de los alumnos de la A.C. Intersoccer m\u00e1s aventajados en lo futbol\u00edstico y acreditando tambi\u00e9n siempre tanto una gran educaci\u00f3n en su trato diario con compa\u00f1eros y formadores","og_url":"https:\/\/www.intersoccermadrid.com\/en\/emile-waita-alumno-de-intersoccer-convocado-con-la-seleccion-sub20-de-guinea-conakry\/","og_site_name":"International Soccer Academy of Madrid","article_published_time":"2016-04-23T22:00:00+00:00","og_image":[{"width":800,"height":376,"url":"https:\/\/www.intersoccermadrid.com\/wp-content\/uploads\/2016\/04\/2016_EmileInternacional_01.jpg","type":"image\/jpeg"}],"author":"Administrator","twitter_card":"summary_large_image","twitter_misc":{"Written by":"Administrator","Est. reading time":"1 minute"},"schema":{"@context":"https:\/\/schema.org","@graph":[{"@type":"WebPage","@id":"https:\/\/www.intersoccermadrid.com\/en\/emile-waita-alumno-de-intersoccer-convocado-con-la-seleccion-sub20-de-guinea-conakry\/","url":"https:\/\/www.intersoccermadrid.com\/en\/emile-waita-alumno-de-intersoccer-convocado-con-la-seleccion-sub20-de-guinea-conakry\/","name":"Emile Waita, alumno de Intersoccer, convocado con la selecci\u00f3n sub\/20 de Guinea-Conakry &middot; International Soccer Academy of Madrid","isPartOf":{"@id":"https:\/\/www.intersoccermadrid.com\/en\/#website"},"datePublished":"2016-04-23T22:00:00+00:00","dateModified":"2016-04-23T22:00:00+00:00","author":{"@id":"https:\/\/www.intersoccermadrid.com\/en\/#\/schema\/person\/4843f782828393fd2fd34a6db5ce5d48"},"breadcrumb":{"@id":"https:\/\/www.intersoccermadrid.com\/en\/emile-waita-alumno-de-intersoccer-convocado-con-la-seleccion-sub20-de-guinea-conakry\/#breadcrumb"},"inLanguage":"en-US","potentialAction":[{"@type":"ReadAction","target":["https:\/\/www.intersoccermadrid.com\/en\/emile-waita-alumno-de-intersoccer-convocado-con-la-seleccion-sub20-de-guinea-conakry\/"]}]},{"@type":"BreadcrumbList","@id":"https:\/\/www.intersoccermadrid.com\/en\/emile-waita-alumno-de-intersoccer-convocado-con-la-seleccion-sub20-de-guinea-conakry\/#breadcrumb","itemListElement":[{"@type":"ListItem","position":1,"name":"Home","item":"https:\/\/www.intersoccermadrid.com\/en\/"},{"@type":"ListItem","position":2,"name":"Emile Waita, alumno de Intersoccer, convocado con la selecci\u00f3n sub\/20 de Guinea-Conakry"}]},{"@type":"WebSite","@id":"https:\/\/www.intersoccermadrid.com\/en\/#website","url":"https:\/\/www.intersoccermadrid.com\/en\/","name":"International Soccer Academy of Madrid","description":"International Soccer Academy of Madrid","potentialAction":[{"@type":"SearchAction","target":{"@type":"EntryPoint","urlTemplate":"https:\/\/www.intersoccermadrid.com\/en\/?s={search_term_string}"},"query-input":"required name=search_term_string"}],"inLanguage":"en-US"},{"@type":"Person","@id":"https:\/\/www.intersoccermadrid.com\/en\/#\/schema\/person\/4843f782828393fd2fd34a6db5ce5d48","name":"Administrator","image":{"@type":"ImageObject","inLanguage":"en-US","@id":"https:\/\/www.intersoccermadrid.com\/en\/#\/schema\/person\/image\/","url":"https:\/\/secure.gravatar.com\/avatar\/85ec5305f9a568d3e58c20ee91decabf?s=96&d=mm&r=g","contentUrl":"https:\/\/secure.gravatar.com\/avatar\/85ec5305f9a568d3e58c20ee91decabf?s=96&d=mm&r=g","caption":"Administrator"},"url":"https:\/\/www.intersoccermadrid.com\/en\/author\/admin\/"}]}},"_links":{"self":[{"href":"https:\/\/www.intersoccermadrid.com\/en\/wp-json\/wp\/v2\/posts\/477"}],"collection":[{"href":"https:\/\/www.intersoccermadrid.com\/en\/wp-json\/wp\/v2\/posts"}],"about":[{"href":"https:\/\/www.intersoccermadrid.com\/en\/wp-json\/wp\/v2\/types\/post"}],"author":[{"embeddable":true,"href":"https:\/\/www.intersoccermadrid.com\/en\/wp-json\/wp\/v2\/users\/2"}],"replies":[{"embeddable":true,"href":"https:\/\/www.intersoccermadrid.com\/en\/wp-json\/wp\/v2\/comments?post=477"}],"version-history":[{"count":0,"href":"https:\/\/www.intersoccermadrid.com\/en\/wp-json\/wp\/v2\/posts\/477\/revisions"}],"wp:featuredmedia":[{"embeddable":true,"href":"https:\/\/www.intersoccermadrid.com\/en\/wp-json\/wp\/v2\/media\/5136"}],"wp:attachment":[{"href":"https:\/\/www.intersoccermadrid.com\/en\/wp-json\/wp\/v2\/media?parent=477"}],"wp:term":[{"taxonomy":"category","embeddable":true,"href":"https:\/\/www.intersoccermadrid.com\/en\/wp-json\/wp\/v2\/categories?post=477"},{"taxonomy":"post_tag","embeddable":true,"href":"https:\/\/www.intersoccermadrid.com\/en\/wp-json\/wp\/v2\/tags?post=477"}],"curies":[{"name":"wp","href":"https:\/\/api.w.org\/{rel}","templated":true}]}}