{"id":456,"date":"2016-03-06T00:00:00","date_gmt":"2016-03-05T23:00:00","guid":{"rendered":"https:\/\/www.intersoccermadrid.com\/organizado-por-la-ac-intersoccer-el-real-madrid-cf-participara-el-el-qi-torneo-villa-de-alalpardoq\/"},"modified":"2016-03-06T00:00:00","modified_gmt":"2016-03-05T23:00:00","slug":"organizado-por-la-ac-intersoccer-el-real-madrid-cf-participara-el-el-qi-torneo-villa-de-alalpardoq","status":"publish","type":"post","link":"https:\/\/www.intersoccermadrid.com\/en\/organizado-por-la-ac-intersoccer-el-real-madrid-cf-participara-el-el-qi-torneo-villa-de-alalpardoq\/","title":{"rendered":"Organizado por la A.C. Intersoccer el Real Madrid C.F. participar\u00e1 el el &#8220;I TORNEO VILLA DE ALALPARDO&#8221;"},"content":{"rendered":"<p><img decoding=\"async\" loading=\"lazy\" class=\" alignleft size-full wp-image-5019\" src=\"https:\/\/www.intersoccermadrid.com\/wp-content\/uploads\/2016\/03\/2016_1tfva_bernabeu_01.jpg\" border=\"0\" alt=\"Organizado por la A.C. Intersoccer el Real Madrid C.F. participar\u00e1 el el 'I TORNEO VILLA DE ALALPARDO'\" title=\"Organizado por la A.C. Intersoccer el Real Madrid C.F. participar\u00e1 el el 'I TORNEO VILLA DE ALALPARDO'\" align=\"left\" width=\"800\" height=\"599\" srcset=\"https:\/\/www.intersoccermadrid.com\/wp-content\/uploads\/2016\/03\/2016_1tfva_bernabeu_01.jpg 800w, https:\/\/www.intersoccermadrid.com\/wp-content\/uploads\/2016\/03\/2016_1tfva_bernabeu_01-300x225.jpg 300w, https:\/\/www.intersoccermadrid.com\/wp-content\/uploads\/2016\/03\/2016_1tfva_bernabeu_01-768x575.jpg 768w\" sizes=\"(max-width: 800px) 100vw, 800px\" \/><\/p>\n<p>Para seguir potenciado la pr\u00e1ctica del f\u00fatbol en la localidad de Alalpardo -sede de la academia-, el Ayuntamiento junto a la A.C. Intersoccer Madrid  <!--more--> y a la empresa de gesti\u00f3n deportiva Play Out han organizado un magn\u00edfico torneo de f\u00fatbol de categor\u00eda cadete -nacidos en 2000- que se celebrar\u00e1 durante los d\u00edas 30 de abril y 1 y 2 de mayo pr\u00f3ximos en dicha localidad.<\/p>\n<p>Los clubes participantes ser\u00e1n: Real Madrid C.F., Club Atl\u00e9tico de Madrid, Rayo Vallecano SAD, Getafe C.F., U.D. San Sebasti\u00e1n de los Reyes, Deportiva Guadalajara, Alcobendas Levitt C.F. y Alalpardo C.F.<\/p>\n<p>Como agradecimiento a la invitaci\u00f3n, el Real Madrid C.F., invit\u00f3 a los organizadores del torneo a presenciar desde el palco de honor del estadio Santiago Bernab\u00e9u el partido de la Liga de F\u00fatbol Profesional disputado entre el Real Madrid C.F. y el R.C. Celta de Vigo, que termin\u00f3 con victoria de los blancos por 7\/1.<\/p>\n<p>En el descanso del partido, el presidente, Florentino P\u00e9rez, en nombre de su club, dio las gracias personalmente al se\u00f1or alcalde de Alalpardo, don Miguel Medranda, y al resto de los organizadores, entre los que se encontraban el director de la A.C. Intersoccer y el presidente de la empresa Play Out. Tambi\u00e9n se encontraba presente, el agente internacional de jugadores Alejandro Cama\u00f1o, amigo de Intersoccer y representante entre otros muchos jugadores del canterano del Real Madrid, Borja Mayoral quien, en dicho partido, y con tan solo 19 a\u00f1os, debut\u00f3 como titular ante su afici\u00f3n en el majestuoso estadio Bernab\u00e9u.<\/p>\n<p>\u00a1Gran tarde de f\u00fatbol la vivida entre la \u00e9lite del f\u00fatbol!<\/p>\n<p><img decoding=\"async\" loading=\"lazy\" class=\" alignleft size-full wp-image-5020\" src=\"https:\/\/www.intersoccermadrid.com\/wp-content\/uploads\/2016\/03\/2016_1tfva_bernabeu_02.jpg\" border=\"0\" alt=\"Organizado por la A.C. Intersoccer el Real Madrid C.F. participar\u00e1 el el 'I TORNEO VILLA DE ALALPARDO'\" title=\"Organizado por la A.C. Intersoccer el Real Madrid C.F. participar\u00e1 el el 'I TORNEO VILLA DE ALALPARDO'\" align=\"left\" width=\"800\" height=\"600\" srcset=\"https:\/\/www.intersoccermadrid.com\/wp-content\/uploads\/2016\/03\/2016_1tfva_bernabeu_02.jpg 800w, https:\/\/www.intersoccermadrid.com\/wp-content\/uploads\/2016\/03\/2016_1tfva_bernabeu_02-300x225.jpg 300w, https:\/\/www.intersoccermadrid.com\/wp-content\/uploads\/2016\/03\/2016_1tfva_bernabeu_02-768x576.jpg 768w\" sizes=\"(max-width: 800px) 100vw, 800px\" \/><\/p>\n<p><img decoding=\"async\" loading=\"lazy\" class=\" alignleft size-full wp-image-5021\" src=\"https:\/\/www.intersoccermadrid.com\/wp-content\/uploads\/2016\/03\/2016_1tfva_bernabeu_03.jpg\" border=\"0\" alt=\"Organizado por la A.C. Intersoccer el Real Madrid C.F. participar\u00e1 el el 'I TORNEO VILLA DE ALALPARDO'\" title=\"Organizado por la A.C. Intersoccer el Real Madrid C.F. participar\u00e1 el el 'I TORNEO VILLA DE ALALPARDO'\" align=\"left\" width=\"800\" height=\"600\" srcset=\"https:\/\/www.intersoccermadrid.com\/wp-content\/uploads\/2016\/03\/2016_1tfva_bernabeu_03.jpg 800w, https:\/\/www.intersoccermadrid.com\/wp-content\/uploads\/2016\/03\/2016_1tfva_bernabeu_03-300x225.jpg 300w, https:\/\/www.intersoccermadrid.com\/wp-content\/uploads\/2016\/03\/2016_1tfva_bernabeu_03-768x576.jpg 768w\" sizes=\"(max-width: 800px) 100vw, 800px\" \/><\/p>\n<p>  <!--<iframe loading=\"lazy\" width=\"320\" height=\"240\" src=\"\/\/www.youtube.com\/embed\/5QIQxATQka\" frameborder=\"0\"><\/iframe>--><\/p>\n","protected":false},"excerpt":{"rendered":"<p>Para seguir potenciado la pr\u00e1ctica del f\u00fatbol en la localidad de Alalpardo -sede de la academia-, el Ayuntamiento junto a la A.C. Intersoccer Madrid<\/p>\n","protected":false},"author":2,"featured_media":5019,"comment_status":"open","ping_status":"open","sticky":false,"template":"","format":"standard","meta":{"_et_pb_use_builder":"","_et_pb_old_content":"","_et_gb_content_width":""},"categories":[8],"tags":[],"yoast_head":"<!-- This site is optimized with the Yoast SEO plugin v20.9 - https:\/\/yoast.com\/wordpress\/plugins\/seo\/ -->\n<title>Organizado por la A.C. Intersoccer el Real Madrid C.F. participar\u00e1 el el &quot;I TORNEO VILLA DE ALALPARDO&quot; &middot; International Soccer Academy of Madrid<\/title>\n<meta name=\"robots\" content=\"index, follow, max-snippet:-1, max-image-preview:large, max-video-preview:-1\" \/>\n<link rel=\"canonical\" href=\"https:\/\/www.intersoccermadrid.com\/en\/organizado-por-la-ac-intersoccer-el-real-madrid-cf-participara-el-el-qi-torneo-villa-de-alalpardoq\/\" \/>\n<meta property=\"og:locale\" content=\"en_US\" \/>\n<meta property=\"og:type\" content=\"article\" \/>\n<meta property=\"og:title\" content=\"Organizado por la A.C. Intersoccer el Real Madrid C.F. participar\u00e1 el el &quot;I TORNEO VILLA DE ALALPARDO&quot; &middot; International Soccer Academy of Madrid\" \/>\n<meta property=\"og:description\" content=\"Para seguir potenciado la pr\u00e1ctica del f\u00fatbol en la localidad de Alalpardo -sede de la academia-, el Ayuntamiento junto a la A.C. Intersoccer Madrid\" \/>\n<meta property=\"og:url\" content=\"https:\/\/www.intersoccermadrid.com\/en\/organizado-por-la-ac-intersoccer-el-real-madrid-cf-participara-el-el-qi-torneo-villa-de-alalpardoq\/\" \/>\n<meta property=\"og:site_name\" content=\"International Soccer Academy of Madrid\" \/>\n<meta property=\"article:published_time\" content=\"2016-03-05T23:00:00+00:00\" \/>\n<meta property=\"og:image\" content=\"https:\/\/www.intersoccermadrid.com\/wp-content\/uploads\/2016\/03\/2016_1tfva_bernabeu_01.jpg\" \/>\n\t<meta property=\"og:image:width\" content=\"800\" \/>\n\t<meta property=\"og:image:height\" content=\"599\" \/>\n\t<meta property=\"og:image:type\" content=\"image\/jpeg\" \/>\n<meta name=\"author\" content=\"Administrator\" \/>\n<meta name=\"twitter:card\" content=\"summary_large_image\" \/>\n<meta name=\"twitter:label1\" content=\"Written by\" \/>\n\t<meta name=\"twitter:data1\" content=\"Administrator\" \/>\n\t<meta name=\"twitter:label2\" content=\"Est. reading time\" \/>\n\t<meta name=\"twitter:data2\" content=\"1 minute\" \/>\n<script type=\"application\/ld+json\" class=\"yoast-schema-graph\">{\"@context\":\"https:\/\/schema.org\",\"@graph\":[{\"@type\":\"WebPage\",\"@id\":\"https:\/\/www.intersoccermadrid.com\/en\/organizado-por-la-ac-intersoccer-el-real-madrid-cf-participara-el-el-qi-torneo-villa-de-alalpardoq\/\",\"url\":\"https:\/\/www.intersoccermadrid.com\/en\/organizado-por-la-ac-intersoccer-el-real-madrid-cf-participara-el-el-qi-torneo-villa-de-alalpardoq\/\",\"name\":\"Organizado por la A.C. Intersoccer el Real Madrid C.F. participar\u00e1 el el \\\"I TORNEO VILLA DE ALALPARDO\\\" &middot; International Soccer Academy of Madrid\",\"isPartOf\":{\"@id\":\"https:\/\/www.intersoccermadrid.com\/en\/#website\"},\"datePublished\":\"2016-03-05T23:00:00+00:00\",\"dateModified\":\"2016-03-05T23:00:00+00:00\",\"author\":{\"@id\":\"https:\/\/www.intersoccermadrid.com\/en\/#\/schema\/person\/4843f782828393fd2fd34a6db5ce5d48\"},\"breadcrumb\":{\"@id\":\"https:\/\/www.intersoccermadrid.com\/en\/organizado-por-la-ac-intersoccer-el-real-madrid-cf-participara-el-el-qi-torneo-villa-de-alalpardoq\/#breadcrumb\"},\"inLanguage\":\"en-US\",\"potentialAction\":[{\"@type\":\"ReadAction\",\"target\":[\"https:\/\/www.intersoccermadrid.com\/en\/organizado-por-la-ac-intersoccer-el-real-madrid-cf-participara-el-el-qi-torneo-villa-de-alalpardoq\/\"]}]},{\"@type\":\"BreadcrumbList\",\"@id\":\"https:\/\/www.intersoccermadrid.com\/en\/organizado-por-la-ac-intersoccer-el-real-madrid-cf-participara-el-el-qi-torneo-villa-de-alalpardoq\/#breadcrumb\",\"itemListElement\":[{\"@type\":\"ListItem\",\"position\":1,\"name\":\"Home\",\"item\":\"https:\/\/www.intersoccermadrid.com\/en\/\"},{\"@type\":\"ListItem\",\"position\":2,\"name\":\"Organizado por la A.C. Intersoccer el Real Madrid C.F. participar\u00e1 el el &#8220;I TORNEO VILLA DE ALALPARDO&#8221;\"}]},{\"@type\":\"WebSite\",\"@id\":\"https:\/\/www.intersoccermadrid.com\/en\/#website\",\"url\":\"https:\/\/www.intersoccermadrid.com\/en\/\",\"name\":\"International Soccer Academy of Madrid\",\"description\":\"International Soccer Academy of Madrid\",\"potentialAction\":[{\"@type\":\"SearchAction\",\"target\":{\"@type\":\"EntryPoint\",\"urlTemplate\":\"https:\/\/www.intersoccermadrid.com\/en\/?s={search_term_string}\"},\"query-input\":\"required name=search_term_string\"}],\"inLanguage\":\"en-US\"},{\"@type\":\"Person\",\"@id\":\"https:\/\/www.intersoccermadrid.com\/en\/#\/schema\/person\/4843f782828393fd2fd34a6db5ce5d48\",\"name\":\"Administrator\",\"image\":{\"@type\":\"ImageObject\",\"inLanguage\":\"en-US\",\"@id\":\"https:\/\/www.intersoccermadrid.com\/en\/#\/schema\/person\/image\/\",\"url\":\"https:\/\/secure.gravatar.com\/avatar\/85ec5305f9a568d3e58c20ee91decabf?s=96&d=mm&r=g\",\"contentUrl\":\"https:\/\/secure.gravatar.com\/avatar\/85ec5305f9a568d3e58c20ee91decabf?s=96&d=mm&r=g\",\"caption\":\"Administrator\"},\"url\":\"https:\/\/www.intersoccermadrid.com\/en\/author\/admin\/\"}]}<\/script>\n<!-- \/ Yoast SEO plugin. -->","yoast_head_json":{"title":"Organizado por la A.C. Intersoccer el Real Madrid C.F. participar\u00e1 el el \"I TORNEO VILLA DE ALALPARDO\" &middot; International Soccer Academy of Madrid","robots":{"index":"index","follow":"follow","max-snippet":"max-snippet:-1","max-image-preview":"max-image-preview:large","max-video-preview":"max-video-preview:-1"},"canonical":"https:\/\/www.intersoccermadrid.com\/en\/organizado-por-la-ac-intersoccer-el-real-madrid-cf-participara-el-el-qi-torneo-villa-de-alalpardoq\/","og_locale":"en_US","og_type":"article","og_title":"Organizado por la A.C. Intersoccer el Real Madrid C.F. participar\u00e1 el el \"I TORNEO VILLA DE ALALPARDO\" &middot; International Soccer Academy of Madrid","og_description":"Para seguir potenciado la pr\u00e1ctica del f\u00fatbol en la localidad de Alalpardo -sede de la academia-, el Ayuntamiento junto a la A.C. Intersoccer Madrid","og_url":"https:\/\/www.intersoccermadrid.com\/en\/organizado-por-la-ac-intersoccer-el-real-madrid-cf-participara-el-el-qi-torneo-villa-de-alalpardoq\/","og_site_name":"International Soccer Academy of Madrid","article_published_time":"2016-03-05T23:00:00+00:00","og_image":[{"width":800,"height":599,"url":"https:\/\/www.intersoccermadrid.com\/wp-content\/uploads\/2016\/03\/2016_1tfva_bernabeu_01.jpg","type":"image\/jpeg"}],"author":"Administrator","twitter_card":"summary_large_image","twitter_misc":{"Written by":"Administrator","Est. reading time":"1 minute"},"schema":{"@context":"https:\/\/schema.org","@graph":[{"@type":"WebPage","@id":"https:\/\/www.intersoccermadrid.com\/en\/organizado-por-la-ac-intersoccer-el-real-madrid-cf-participara-el-el-qi-torneo-villa-de-alalpardoq\/","url":"https:\/\/www.intersoccermadrid.com\/en\/organizado-por-la-ac-intersoccer-el-real-madrid-cf-participara-el-el-qi-torneo-villa-de-alalpardoq\/","name":"Organizado por la A.C. Intersoccer el Real Madrid C.F. participar\u00e1 el el \"I TORNEO VILLA DE ALALPARDO\" &middot; International Soccer Academy of Madrid","isPartOf":{"@id":"https:\/\/www.intersoccermadrid.com\/en\/#website"},"datePublished":"2016-03-05T23:00:00+00:00","dateModified":"2016-03-05T23:00:00+00:00","author":{"@id":"https:\/\/www.intersoccermadrid.com\/en\/#\/schema\/person\/4843f782828393fd2fd34a6db5ce5d48"},"breadcrumb":{"@id":"https:\/\/www.intersoccermadrid.com\/en\/organizado-por-la-ac-intersoccer-el-real-madrid-cf-participara-el-el-qi-torneo-villa-de-alalpardoq\/#breadcrumb"},"inLanguage":"en-US","potentialAction":[{"@type":"ReadAction","target":["https:\/\/www.intersoccermadrid.com\/en\/organizado-por-la-ac-intersoccer-el-real-madrid-cf-participara-el-el-qi-torneo-villa-de-alalpardoq\/"]}]},{"@type":"BreadcrumbList","@id":"https:\/\/www.intersoccermadrid.com\/en\/organizado-por-la-ac-intersoccer-el-real-madrid-cf-participara-el-el-qi-torneo-villa-de-alalpardoq\/#breadcrumb","itemListElement":[{"@type":"ListItem","position":1,"name":"Home","item":"https:\/\/www.intersoccermadrid.com\/en\/"},{"@type":"ListItem","position":2,"name":"Organizado por la A.C. Intersoccer el Real Madrid C.F. participar\u00e1 el el &#8220;I TORNEO VILLA DE ALALPARDO&#8221;"}]},{"@type":"WebSite","@id":"https:\/\/www.intersoccermadrid.com\/en\/#website","url":"https:\/\/www.intersoccermadrid.com\/en\/","name":"International Soccer Academy of Madrid","description":"International Soccer Academy of Madrid","potentialAction":[{"@type":"SearchAction","target":{"@type":"EntryPoint","urlTemplate":"https:\/\/www.intersoccermadrid.com\/en\/?s={search_term_string}"},"query-input":"required name=search_term_string"}],"inLanguage":"en-US"},{"@type":"Person","@id":"https:\/\/www.intersoccermadrid.com\/en\/#\/schema\/person\/4843f782828393fd2fd34a6db5ce5d48","name":"Administrator","image":{"@type":"ImageObject","inLanguage":"en-US","@id":"https:\/\/www.intersoccermadrid.com\/en\/#\/schema\/person\/image\/","url":"https:\/\/secure.gravatar.com\/avatar\/85ec5305f9a568d3e58c20ee91decabf?s=96&d=mm&r=g","contentUrl":"https:\/\/secure.gravatar.com\/avatar\/85ec5305f9a568d3e58c20ee91decabf?s=96&d=mm&r=g","caption":"Administrator"},"url":"https:\/\/www.intersoccermadrid.com\/en\/author\/admin\/"}]}},"_links":{"self":[{"href":"https:\/\/www.intersoccermadrid.com\/en\/wp-json\/wp\/v2\/posts\/456"}],"collection":[{"href":"https:\/\/www.intersoccermadrid.com\/en\/wp-json\/wp\/v2\/posts"}],"about":[{"href":"https:\/\/www.intersoccermadrid.com\/en\/wp-json\/wp\/v2\/types\/post"}],"author":[{"embeddable":true,"href":"https:\/\/www.intersoccermadrid.com\/en\/wp-json\/wp\/v2\/users\/2"}],"replies":[{"embeddable":true,"href":"https:\/\/www.intersoccermadrid.com\/en\/wp-json\/wp\/v2\/comments?post=456"}],"version-history":[{"count":0,"href":"https:\/\/www.intersoccermadrid.com\/en\/wp-json\/wp\/v2\/posts\/456\/revisions"}],"wp:featuredmedia":[{"embeddable":true,"href":"https:\/\/www.intersoccermadrid.com\/en\/wp-json\/wp\/v2\/media\/5019"}],"wp:attachment":[{"href":"https:\/\/www.intersoccermadrid.com\/en\/wp-json\/wp\/v2\/media?parent=456"}],"wp:term":[{"taxonomy":"category","embeddable":true,"href":"https:\/\/www.intersoccermadrid.com\/en\/wp-json\/wp\/v2\/categories?post=456"},{"taxonomy":"post_tag","embeddable":true,"href":"https:\/\/www.intersoccermadrid.com\/en\/wp-json\/wp\/v2\/tags?post=456"}],"curies":[{"name":"wp","href":"https:\/\/api.w.org\/{rel}","templated":true}]}}