{"id":432,"date":"2015-12-17T00:00:00","date_gmt":"2015-12-16T23:00:00","guid":{"rendered":"https:\/\/www.intersoccermadrid.com\/partido-especial-de-fin-de-trimestre-contra-la-seleccion-sub18-de-la-rffm\/"},"modified":"2015-12-17T00:00:00","modified_gmt":"2015-12-16T23:00:00","slug":"partido-especial-de-fin-de-trimestre-contra-la-seleccion-sub18-de-la-rffm","status":"publish","type":"post","link":"https:\/\/www.intersoccermadrid.com\/en\/partido-especial-de-fin-de-trimestre-contra-la-seleccion-sub18-de-la-rffm\/","title":{"rendered":"Partido especial de fin de trimestre contra la selecci\u00f3n Sub18 de la RFFM"},"content":{"rendered":"<p><img decoding=\"async\" loading=\"lazy\" class=\" alignleft size-full wp-image-4876\" src=\"https:\/\/www.intersoccermadrid.com\/wp-content\/uploads\/2015\/12\/2015_acf_juva_seleccion_mad_s18_00.jpg\" border=\"0\" alt=\"Partido especial de fin de trimestre contra la selecci\u00f3n Sub18 de la RFFM\" title=\"Partido especial de fin de trimestre contra la selecci\u00f3n Sub18 de la RFFM\" align=\"left\" width=\"800\" height=\"450\" srcset=\"https:\/\/www.intersoccermadrid.com\/wp-content\/uploads\/2015\/12\/2015_acf_juva_seleccion_mad_s18_00.jpg 800w, https:\/\/www.intersoccermadrid.com\/wp-content\/uploads\/2015\/12\/2015_acf_juva_seleccion_mad_s18_00-300x169.jpg 300w, https:\/\/www.intersoccermadrid.com\/wp-content\/uploads\/2015\/12\/2015_acf_juva_seleccion_mad_s18_00-768x432.jpg 768w\" sizes=\"(max-width: 800px) 100vw, 800px\" \/><\/p>\n<p>El pasado Mi\u00e9rcoles 16 se celebr\u00f3 en la Ciudad Deportiva Valdelasfuentes un partido especial  de fin de trimestre entre un combinado del Juvenil A del Alcobendas Levitt (club patrocinador de Intersoccer) y varios jugadores de la Academia Intersoccer Madrid  <!--more--> ,  que otorgaron un plus de competitividad  al ya de por si competitivo equipo alcobendense, contra la selecci\u00f3n de la Real Federaci\u00f3n de F\u00fatbol de Madrid Sub18 <\/p>\n<p>La selecci\u00f3n madrile\u00f1a mostro desde el primer momento porque la regi\u00f3n madrile\u00f1a es sin duda una de las zonas que m\u00e1s destaca a nivel nacional. En este sentido cabe destacar la alineaci\u00f3n como titular en la selecci\u00f3n madrile\u00f1a de Bogdan Milanovich, alumno de la A.C. Intersoccer Madrid hasta la temporada pasada y esta temporada sobresaliente jugador del segundo equipo del Getafe C.F. (club madrile\u00f1o destacado de la primera divisi\u00f3n espa\u00f1ola). <\/p>\n<p>El partido no obstante resulto bastante disputado, aun cuando la selecci\u00f3n logro aventajar al combinado debido a dos faltas ejecutadas magistralmente que pusieron el marcador con dos tantos a su favor. <\/p>\n<p>Por parte de nuestra escuela de f\u00fatbol cabe destacar la actuaci\u00f3n de Kang \u2013Corea-, Alan \u2013Rusia- y Kevin, que demostraron estar en todo momento a la altura de las circunstancias. <\/p>\n<p>Una nueva y apasionante experiencia de f\u00fatbol para los chicos de la academia, jugando seguramente contra el equipo m\u00e1s competitivo de la regi\u00f3n de Madrid, que sirve como colof\u00f3n al primer periodo de formaci\u00f3n de nuestro curso completo. <\/p>\n<p><img decoding=\"async\" loading=\"lazy\" class=\" alignleft size-full wp-image-4877\" src=\"https:\/\/www.intersoccermadrid.com\/wp-content\/uploads\/2015\/12\/2015_acf_juva_seleccion_mad_s18_01.jpg\" border=\"0\" alt=\"Partido especial de fin de trimestre contra la selecci\u00f3n Sub18 de la RFFM\" title=\"Partido especial de fin de trimestre contra la selecci\u00f3n Sub18 de la RFFM\" align=\"left\" width=\"800\" height=\"518\" srcset=\"https:\/\/www.intersoccermadrid.com\/wp-content\/uploads\/2015\/12\/2015_acf_juva_seleccion_mad_s18_01.jpg 800w, https:\/\/www.intersoccermadrid.com\/wp-content\/uploads\/2015\/12\/2015_acf_juva_seleccion_mad_s18_01-300x194.jpg 300w, https:\/\/www.intersoccermadrid.com\/wp-content\/uploads\/2015\/12\/2015_acf_juva_seleccion_mad_s18_01-768x497.jpg 768w\" sizes=\"(max-width: 800px) 100vw, 800px\" \/><\/p>\n<p><img decoding=\"async\" loading=\"lazy\" class=\" alignleft size-full wp-image-4878\" src=\"https:\/\/www.intersoccermadrid.com\/wp-content\/uploads\/2015\/12\/2015_acf_juva_seleccion_mad_s18_02.jpg\" border=\"0\" alt=\"Partido especial de fin de trimestre contra la selecci\u00f3n Sub18 de la RFFM\" title=\"Partido especial de fin de trimestre contra la selecci\u00f3n Sub18 de la RFFM\" align=\"left\" width=\"800\" height=\"481\" srcset=\"https:\/\/www.intersoccermadrid.com\/wp-content\/uploads\/2015\/12\/2015_acf_juva_seleccion_mad_s18_02.jpg 800w, https:\/\/www.intersoccermadrid.com\/wp-content\/uploads\/2015\/12\/2015_acf_juva_seleccion_mad_s18_02-300x180.jpg 300w, https:\/\/www.intersoccermadrid.com\/wp-content\/uploads\/2015\/12\/2015_acf_juva_seleccion_mad_s18_02-768x462.jpg 768w\" sizes=\"(max-width: 800px) 100vw, 800px\" \/><\/p>\n<p><img decoding=\"async\" loading=\"lazy\" class=\" alignleft size-full wp-image-4879\" src=\"https:\/\/www.intersoccermadrid.com\/wp-content\/uploads\/2015\/12\/2015_acf_juva_seleccion_mad_s18_03.jpg\" border=\"0\" alt=\"Partido especial de fin de trimestre contra la selecci\u00f3n Sub18 de la RFFM\" title=\"Partido especial de fin de trimestre contra la selecci\u00f3n Sub18 de la RFFM\" align=\"left\" width=\"800\" height=\"500\" srcset=\"https:\/\/www.intersoccermadrid.com\/wp-content\/uploads\/2015\/12\/2015_acf_juva_seleccion_mad_s18_03.jpg 800w, https:\/\/www.intersoccermadrid.com\/wp-content\/uploads\/2015\/12\/2015_acf_juva_seleccion_mad_s18_03-300x188.jpg 300w, https:\/\/www.intersoccermadrid.com\/wp-content\/uploads\/2015\/12\/2015_acf_juva_seleccion_mad_s18_03-768x480.jpg 768w\" sizes=\"(max-width: 800px) 100vw, 800px\" \/><\/p>\n<p><img decoding=\"async\" loading=\"lazy\" class=\" alignleft size-full wp-image-4880\" src=\"https:\/\/www.intersoccermadrid.com\/wp-content\/uploads\/2015\/12\/2015_acf_juva_seleccion_mad_s18_04.jpg\" border=\"0\" alt=\"Partido especial de fin de trimestre contra la selecci\u00f3n Sub18 de la RFFM\" title=\"Partido especial de fin de trimestre contra la selecci\u00f3n Sub18 de la RFFM\" align=\"left\" width=\"800\" height=\"494\" srcset=\"https:\/\/www.intersoccermadrid.com\/wp-content\/uploads\/2015\/12\/2015_acf_juva_seleccion_mad_s18_04.jpg 800w, https:\/\/www.intersoccermadrid.com\/wp-content\/uploads\/2015\/12\/2015_acf_juva_seleccion_mad_s18_04-300x185.jpg 300w, https:\/\/www.intersoccermadrid.com\/wp-content\/uploads\/2015\/12\/2015_acf_juva_seleccion_mad_s18_04-768x474.jpg 768w\" sizes=\"(max-width: 800px) 100vw, 800px\" \/><\/p>\n<p><img decoding=\"async\" loading=\"lazy\" class=\" alignleft size-full wp-image-4881\" src=\"https:\/\/www.intersoccermadrid.com\/wp-content\/uploads\/2015\/12\/2015_acf_juva_seleccion_mad_s18_05.jpg\" border=\"0\" alt=\"Partido especial de fin de trimestre contra la selecci\u00f3n Sub18 de la RFFM\" title=\"Partido especial de fin de trimestre contra la selecci\u00f3n Sub18 de la RFFM\" align=\"left\" width=\"800\" height=\"495\" srcset=\"https:\/\/www.intersoccermadrid.com\/wp-content\/uploads\/2015\/12\/2015_acf_juva_seleccion_mad_s18_05.jpg 800w, https:\/\/www.intersoccermadrid.com\/wp-content\/uploads\/2015\/12\/2015_acf_juva_seleccion_mad_s18_05-300x186.jpg 300w, https:\/\/www.intersoccermadrid.com\/wp-content\/uploads\/2015\/12\/2015_acf_juva_seleccion_mad_s18_05-768x475.jpg 768w\" sizes=\"(max-width: 800px) 100vw, 800px\" \/><\/p>\n<p><img decoding=\"async\" loading=\"lazy\" class=\" alignleft size-full wp-image-4882\" src=\"https:\/\/www.intersoccermadrid.com\/wp-content\/uploads\/2015\/12\/2015_acf_juva_seleccion_mad_s18_06.jpg\" border=\"0\" alt=\"Partido especial de fin de trimestre contra la selecci\u00f3n Sub18 de la RFFM\" title=\"Partido especial de fin de trimestre contra la selecci\u00f3n Sub18 de la RFFM\" align=\"left\" width=\"800\" height=\"544\" srcset=\"https:\/\/www.intersoccermadrid.com\/wp-content\/uploads\/2015\/12\/2015_acf_juva_seleccion_mad_s18_06.jpg 800w, https:\/\/www.intersoccermadrid.com\/wp-content\/uploads\/2015\/12\/2015_acf_juva_seleccion_mad_s18_06-300x204.jpg 300w, https:\/\/www.intersoccermadrid.com\/wp-content\/uploads\/2015\/12\/2015_acf_juva_seleccion_mad_s18_06-768x522.jpg 768w\" sizes=\"(max-width: 800px) 100vw, 800px\" \/><\/p>\n<p><img decoding=\"async\" loading=\"lazy\" class=\" alignleft size-full wp-image-4883\" src=\"https:\/\/www.intersoccermadrid.com\/wp-content\/uploads\/2015\/12\/2015_acf_juva_seleccion_mad_s18_07.jpg\" border=\"0\" alt=\"Partido especial de fin de trimestre contra la selecci\u00f3n Sub18 de la RFFM\" title=\"Partido especial de fin de trimestre contra la selecci\u00f3n Sub18 de la RFFM\" align=\"left\" width=\"800\" height=\"500\" srcset=\"https:\/\/www.intersoccermadrid.com\/wp-content\/uploads\/2015\/12\/2015_acf_juva_seleccion_mad_s18_07.jpg 800w, https:\/\/www.intersoccermadrid.com\/wp-content\/uploads\/2015\/12\/2015_acf_juva_seleccion_mad_s18_07-300x188.jpg 300w, https:\/\/www.intersoccermadrid.com\/wp-content\/uploads\/2015\/12\/2015_acf_juva_seleccion_mad_s18_07-768x480.jpg 768w\" sizes=\"(max-width: 800px) 100vw, 800px\" \/><\/p>\n<p><img decoding=\"async\" loading=\"lazy\" class=\" alignleft size-full wp-image-4884\" src=\"https:\/\/www.intersoccermadrid.com\/wp-content\/uploads\/2015\/12\/2015_acf_juva_seleccion_mad_s18_08.jpg\" border=\"0\" alt=\"Partido especial de fin de trimestre contra la selecci\u00f3n Sub18 de la RFFM\" title=\"Partido especial de fin de trimestre contra la selecci\u00f3n Sub18 de la RFFM\" align=\"left\" width=\"800\" height=\"473\" srcset=\"https:\/\/www.intersoccermadrid.com\/wp-content\/uploads\/2015\/12\/2015_acf_juva_seleccion_mad_s18_08.jpg 800w, https:\/\/www.intersoccermadrid.com\/wp-content\/uploads\/2015\/12\/2015_acf_juva_seleccion_mad_s18_08-300x177.jpg 300w, https:\/\/www.intersoccermadrid.com\/wp-content\/uploads\/2015\/12\/2015_acf_juva_seleccion_mad_s18_08-768x454.jpg 768w\" sizes=\"(max-width: 800px) 100vw, 800px\" \/><\/p>\n<p><img decoding=\"async\" loading=\"lazy\" class=\" alignleft size-full wp-image-4885\" src=\"https:\/\/www.intersoccermadrid.com\/wp-content\/uploads\/2015\/12\/2015_acf_juva_seleccion_mad_s18_09.jpg\" border=\"0\" alt=\"Partido especial de fin de trimestre contra la selecci\u00f3n Sub18 de la RFFM\" title=\"Partido especial de fin de trimestre contra la selecci\u00f3n Sub18 de la RFFM\" align=\"left\" width=\"800\" height=\"542\" srcset=\"https:\/\/www.intersoccermadrid.com\/wp-content\/uploads\/2015\/12\/2015_acf_juva_seleccion_mad_s18_09.jpg 800w, https:\/\/www.intersoccermadrid.com\/wp-content\/uploads\/2015\/12\/2015_acf_juva_seleccion_mad_s18_09-300x203.jpg 300w, https:\/\/www.intersoccermadrid.com\/wp-content\/uploads\/2015\/12\/2015_acf_juva_seleccion_mad_s18_09-768x520.jpg 768w\" sizes=\"(max-width: 800px) 100vw, 800px\" \/><\/p>\n<p><img decoding=\"async\" loading=\"lazy\" class=\" alignleft size-full wp-image-4886\" src=\"https:\/\/www.intersoccermadrid.com\/wp-content\/uploads\/2015\/12\/2015_acf_juva_seleccion_mad_s18_10.jpg\" border=\"0\" alt=\"Partido especial de fin de trimestre contra la selecci\u00f3n Sub18 de la RFFM\" title=\"Partido especial de fin de trimestre contra la selecci\u00f3n Sub18 de la RFFM\" align=\"left\" width=\"800\" height=\"507\" srcset=\"https:\/\/www.intersoccermadrid.com\/wp-content\/uploads\/2015\/12\/2015_acf_juva_seleccion_mad_s18_10.jpg 800w, https:\/\/www.intersoccermadrid.com\/wp-content\/uploads\/2015\/12\/2015_acf_juva_seleccion_mad_s18_10-300x190.jpg 300w, https:\/\/www.intersoccermadrid.com\/wp-content\/uploads\/2015\/12\/2015_acf_juva_seleccion_mad_s18_10-768x487.jpg 768w\" sizes=\"(max-width: 800px) 100vw, 800px\" \/><\/p>\n<p><img decoding=\"async\" loading=\"lazy\" class=\" alignleft size-full wp-image-4887\" src=\"https:\/\/www.intersoccermadrid.com\/wp-content\/uploads\/2015\/12\/2015_acf_juva_seleccion_mad_s18_11.jpg\" border=\"0\" alt=\"Partido especial de fin de trimestre contra la selecci\u00f3n Sub18 de la RFFM\" title=\"Partido especial de fin de trimestre contra la selecci\u00f3n Sub18 de la RFFM\" align=\"left\" width=\"800\" height=\"517\" srcset=\"https:\/\/www.intersoccermadrid.com\/wp-content\/uploads\/2015\/12\/2015_acf_juva_seleccion_mad_s18_11.jpg 800w, https:\/\/www.intersoccermadrid.com\/wp-content\/uploads\/2015\/12\/2015_acf_juva_seleccion_mad_s18_11-300x194.jpg 300w, https:\/\/www.intersoccermadrid.com\/wp-content\/uploads\/2015\/12\/2015_acf_juva_seleccion_mad_s18_11-768x496.jpg 768w\" sizes=\"(max-width: 800px) 100vw, 800px\" \/><\/p>\n<p>  <!--<iframe loading=\"lazy\" width=\"320\" height=\"240\" src=\"\/\/www.youtube.com\/embed\/5QIQxATQka\" frameborder=\"0\"><\/iframe>--><\/p>\n","protected":false},"excerpt":{"rendered":"<p>El pasado Mi\u00e9rcoles 16 se celebr\u00f3 en la Ciudad Deportiva Valdelasfuentes un partido especial de fin de trimestre entre un combinado del Juvenil A del Alcobendas Levitt (club patrocinador de Intersoccer) y varios jugadores de la Academia Intersoccer Madrid<\/p>\n","protected":false},"author":2,"featured_media":4876,"comment_status":"open","ping_status":"open","sticky":false,"template":"","format":"standard","meta":{"_et_pb_use_builder":"","_et_pb_old_content":"","_et_gb_content_width":""},"categories":[8],"tags":[],"yoast_head":"<!-- This site is optimized with the Yoast SEO plugin v20.9 - https:\/\/yoast.com\/wordpress\/plugins\/seo\/ -->\n<title>Partido especial de fin de trimestre contra la selecci\u00f3n Sub18 de la RFFM &middot; International Soccer Academy of Madrid<\/title>\n<meta name=\"robots\" content=\"index, follow, max-snippet:-1, max-image-preview:large, max-video-preview:-1\" \/>\n<link rel=\"canonical\" href=\"https:\/\/www.intersoccermadrid.com\/en\/partido-especial-de-fin-de-trimestre-contra-la-seleccion-sub18-de-la-rffm\/\" \/>\n<meta property=\"og:locale\" content=\"en_US\" \/>\n<meta property=\"og:type\" content=\"article\" \/>\n<meta property=\"og:title\" content=\"Partido especial de fin de trimestre contra la selecci\u00f3n Sub18 de la RFFM &middot; International Soccer Academy of Madrid\" \/>\n<meta property=\"og:description\" content=\"El pasado Mi\u00e9rcoles 16 se celebr\u00f3 en la Ciudad Deportiva Valdelasfuentes un partido especial de fin de trimestre entre un combinado del Juvenil A del Alcobendas Levitt (club patrocinador de Intersoccer) y varios jugadores de la Academia Intersoccer Madrid\" \/>\n<meta property=\"og:url\" content=\"https:\/\/www.intersoccermadrid.com\/en\/partido-especial-de-fin-de-trimestre-contra-la-seleccion-sub18-de-la-rffm\/\" \/>\n<meta property=\"og:site_name\" content=\"International Soccer Academy of Madrid\" \/>\n<meta property=\"article:published_time\" content=\"2015-12-16T23:00:00+00:00\" \/>\n<meta property=\"og:image\" content=\"https:\/\/www.intersoccermadrid.com\/wp-content\/uploads\/2015\/12\/2015_acf_juva_seleccion_mad_s18_00.jpg\" \/>\n\t<meta property=\"og:image:width\" content=\"800\" \/>\n\t<meta property=\"og:image:height\" content=\"450\" \/>\n\t<meta property=\"og:image:type\" content=\"image\/jpeg\" \/>\n<meta name=\"author\" content=\"Administrator\" \/>\n<meta name=\"twitter:card\" content=\"summary_large_image\" \/>\n<meta name=\"twitter:label1\" content=\"Written by\" \/>\n\t<meta name=\"twitter:data1\" content=\"Administrator\" \/>\n\t<meta name=\"twitter:label2\" content=\"Est. reading time\" \/>\n\t<meta name=\"twitter:data2\" content=\"1 minute\" \/>\n<script type=\"application\/ld+json\" class=\"yoast-schema-graph\">{\"@context\":\"https:\/\/schema.org\",\"@graph\":[{\"@type\":\"WebPage\",\"@id\":\"https:\/\/www.intersoccermadrid.com\/en\/partido-especial-de-fin-de-trimestre-contra-la-seleccion-sub18-de-la-rffm\/\",\"url\":\"https:\/\/www.intersoccermadrid.com\/en\/partido-especial-de-fin-de-trimestre-contra-la-seleccion-sub18-de-la-rffm\/\",\"name\":\"Partido especial de fin de trimestre contra la selecci\u00f3n Sub18 de la RFFM &middot; International Soccer Academy of Madrid\",\"isPartOf\":{\"@id\":\"https:\/\/www.intersoccermadrid.com\/en\/#website\"},\"datePublished\":\"2015-12-16T23:00:00+00:00\",\"dateModified\":\"2015-12-16T23:00:00+00:00\",\"author\":{\"@id\":\"https:\/\/www.intersoccermadrid.com\/en\/#\/schema\/person\/4843f782828393fd2fd34a6db5ce5d48\"},\"breadcrumb\":{\"@id\":\"https:\/\/www.intersoccermadrid.com\/en\/partido-especial-de-fin-de-trimestre-contra-la-seleccion-sub18-de-la-rffm\/#breadcrumb\"},\"inLanguage\":\"en-US\",\"potentialAction\":[{\"@type\":\"ReadAction\",\"target\":[\"https:\/\/www.intersoccermadrid.com\/en\/partido-especial-de-fin-de-trimestre-contra-la-seleccion-sub18-de-la-rffm\/\"]}]},{\"@type\":\"BreadcrumbList\",\"@id\":\"https:\/\/www.intersoccermadrid.com\/en\/partido-especial-de-fin-de-trimestre-contra-la-seleccion-sub18-de-la-rffm\/#breadcrumb\",\"itemListElement\":[{\"@type\":\"ListItem\",\"position\":1,\"name\":\"Home\",\"item\":\"https:\/\/www.intersoccermadrid.com\/en\/\"},{\"@type\":\"ListItem\",\"position\":2,\"name\":\"Partido especial de fin de trimestre contra la selecci\u00f3n Sub18 de la RFFM\"}]},{\"@type\":\"WebSite\",\"@id\":\"https:\/\/www.intersoccermadrid.com\/en\/#website\",\"url\":\"https:\/\/www.intersoccermadrid.com\/en\/\",\"name\":\"International Soccer Academy of Madrid\",\"description\":\"International Soccer Academy of Madrid\",\"potentialAction\":[{\"@type\":\"SearchAction\",\"target\":{\"@type\":\"EntryPoint\",\"urlTemplate\":\"https:\/\/www.intersoccermadrid.com\/en\/?s={search_term_string}\"},\"query-input\":\"required name=search_term_string\"}],\"inLanguage\":\"en-US\"},{\"@type\":\"Person\",\"@id\":\"https:\/\/www.intersoccermadrid.com\/en\/#\/schema\/person\/4843f782828393fd2fd34a6db5ce5d48\",\"name\":\"Administrator\",\"image\":{\"@type\":\"ImageObject\",\"inLanguage\":\"en-US\",\"@id\":\"https:\/\/www.intersoccermadrid.com\/en\/#\/schema\/person\/image\/\",\"url\":\"https:\/\/secure.gravatar.com\/avatar\/85ec5305f9a568d3e58c20ee91decabf?s=96&d=mm&r=g\",\"contentUrl\":\"https:\/\/secure.gravatar.com\/avatar\/85ec5305f9a568d3e58c20ee91decabf?s=96&d=mm&r=g\",\"caption\":\"Administrator\"},\"url\":\"https:\/\/www.intersoccermadrid.com\/en\/author\/admin\/\"}]}<\/script>\n<!-- \/ Yoast SEO plugin. -->","yoast_head_json":{"title":"Partido especial de fin de trimestre contra la selecci\u00f3n Sub18 de la RFFM &middot; International Soccer Academy of Madrid","robots":{"index":"index","follow":"follow","max-snippet":"max-snippet:-1","max-image-preview":"max-image-preview:large","max-video-preview":"max-video-preview:-1"},"canonical":"https:\/\/www.intersoccermadrid.com\/en\/partido-especial-de-fin-de-trimestre-contra-la-seleccion-sub18-de-la-rffm\/","og_locale":"en_US","og_type":"article","og_title":"Partido especial de fin de trimestre contra la selecci\u00f3n Sub18 de la RFFM &middot; International Soccer Academy of Madrid","og_description":"El pasado Mi\u00e9rcoles 16 se celebr\u00f3 en la Ciudad Deportiva Valdelasfuentes un partido especial de fin de trimestre entre un combinado del Juvenil A del Alcobendas Levitt (club patrocinador de Intersoccer) y varios jugadores de la Academia Intersoccer Madrid","og_url":"https:\/\/www.intersoccermadrid.com\/en\/partido-especial-de-fin-de-trimestre-contra-la-seleccion-sub18-de-la-rffm\/","og_site_name":"International Soccer Academy of Madrid","article_published_time":"2015-12-16T23:00:00+00:00","og_image":[{"width":800,"height":450,"url":"https:\/\/www.intersoccermadrid.com\/wp-content\/uploads\/2015\/12\/2015_acf_juva_seleccion_mad_s18_00.jpg","type":"image\/jpeg"}],"author":"Administrator","twitter_card":"summary_large_image","twitter_misc":{"Written by":"Administrator","Est. reading time":"1 minute"},"schema":{"@context":"https:\/\/schema.org","@graph":[{"@type":"WebPage","@id":"https:\/\/www.intersoccermadrid.com\/en\/partido-especial-de-fin-de-trimestre-contra-la-seleccion-sub18-de-la-rffm\/","url":"https:\/\/www.intersoccermadrid.com\/en\/partido-especial-de-fin-de-trimestre-contra-la-seleccion-sub18-de-la-rffm\/","name":"Partido especial de fin de trimestre contra la selecci\u00f3n Sub18 de la RFFM &middot; International Soccer Academy of Madrid","isPartOf":{"@id":"https:\/\/www.intersoccermadrid.com\/en\/#website"},"datePublished":"2015-12-16T23:00:00+00:00","dateModified":"2015-12-16T23:00:00+00:00","author":{"@id":"https:\/\/www.intersoccermadrid.com\/en\/#\/schema\/person\/4843f782828393fd2fd34a6db5ce5d48"},"breadcrumb":{"@id":"https:\/\/www.intersoccermadrid.com\/en\/partido-especial-de-fin-de-trimestre-contra-la-seleccion-sub18-de-la-rffm\/#breadcrumb"},"inLanguage":"en-US","potentialAction":[{"@type":"ReadAction","target":["https:\/\/www.intersoccermadrid.com\/en\/partido-especial-de-fin-de-trimestre-contra-la-seleccion-sub18-de-la-rffm\/"]}]},{"@type":"BreadcrumbList","@id":"https:\/\/www.intersoccermadrid.com\/en\/partido-especial-de-fin-de-trimestre-contra-la-seleccion-sub18-de-la-rffm\/#breadcrumb","itemListElement":[{"@type":"ListItem","position":1,"name":"Home","item":"https:\/\/www.intersoccermadrid.com\/en\/"},{"@type":"ListItem","position":2,"name":"Partido especial de fin de trimestre contra la selecci\u00f3n Sub18 de la RFFM"}]},{"@type":"WebSite","@id":"https:\/\/www.intersoccermadrid.com\/en\/#website","url":"https:\/\/www.intersoccermadrid.com\/en\/","name":"International Soccer Academy of Madrid","description":"International Soccer Academy of Madrid","potentialAction":[{"@type":"SearchAction","target":{"@type":"EntryPoint","urlTemplate":"https:\/\/www.intersoccermadrid.com\/en\/?s={search_term_string}"},"query-input":"required name=search_term_string"}],"inLanguage":"en-US"},{"@type":"Person","@id":"https:\/\/www.intersoccermadrid.com\/en\/#\/schema\/person\/4843f782828393fd2fd34a6db5ce5d48","name":"Administrator","image":{"@type":"ImageObject","inLanguage":"en-US","@id":"https:\/\/www.intersoccermadrid.com\/en\/#\/schema\/person\/image\/","url":"https:\/\/secure.gravatar.com\/avatar\/85ec5305f9a568d3e58c20ee91decabf?s=96&d=mm&r=g","contentUrl":"https:\/\/secure.gravatar.com\/avatar\/85ec5305f9a568d3e58c20ee91decabf?s=96&d=mm&r=g","caption":"Administrator"},"url":"https:\/\/www.intersoccermadrid.com\/en\/author\/admin\/"}]}},"_links":{"self":[{"href":"https:\/\/www.intersoccermadrid.com\/en\/wp-json\/wp\/v2\/posts\/432"}],"collection":[{"href":"https:\/\/www.intersoccermadrid.com\/en\/wp-json\/wp\/v2\/posts"}],"about":[{"href":"https:\/\/www.intersoccermadrid.com\/en\/wp-json\/wp\/v2\/types\/post"}],"author":[{"embeddable":true,"href":"https:\/\/www.intersoccermadrid.com\/en\/wp-json\/wp\/v2\/users\/2"}],"replies":[{"embeddable":true,"href":"https:\/\/www.intersoccermadrid.com\/en\/wp-json\/wp\/v2\/comments?post=432"}],"version-history":[{"count":0,"href":"https:\/\/www.intersoccermadrid.com\/en\/wp-json\/wp\/v2\/posts\/432\/revisions"}],"wp:featuredmedia":[{"embeddable":true,"href":"https:\/\/www.intersoccermadrid.com\/en\/wp-json\/wp\/v2\/media\/4876"}],"wp:attachment":[{"href":"https:\/\/www.intersoccermadrid.com\/en\/wp-json\/wp\/v2\/media?parent=432"}],"wp:term":[{"taxonomy":"category","embeddable":true,"href":"https:\/\/www.intersoccermadrid.com\/en\/wp-json\/wp\/v2\/categories?post=432"},{"taxonomy":"post_tag","embeddable":true,"href":"https:\/\/www.intersoccermadrid.com\/en\/wp-json\/wp\/v2\/tags?post=432"}],"curies":[{"name":"wp","href":"https:\/\/api.w.org\/{rel}","templated":true}]}}