{"id":422,"date":"2015-11-25T00:00:00","date_gmt":"2015-11-24T23:00:00","guid":{"rendered":"https:\/\/www.intersoccermadrid.com\/gran-victoria-de-los-chicos-de-la-academia-frente-al-granada-cf\/"},"modified":"2015-11-25T00:00:00","modified_gmt":"2015-11-24T23:00:00","slug":"gran-victoria-de-los-chicos-de-la-academia-frente-al-granada-cf","status":"publish","type":"post","link":"https:\/\/www.intersoccermadrid.com\/en\/gran-victoria-de-los-chicos-de-la-academia-frente-al-granada-cf\/","title":{"rendered":"Gran victoria de los chicos de la academia frente al Granada C.F."},"content":{"rendered":"<p><img decoding=\"async\" loading=\"lazy\" class=\" alignleft size-full wp-image-4710\" src=\"https:\/\/www.intersoccermadrid.com\/wp-content\/uploads\/2015\/11\/2015_granada_intersoccer_liga_open_01.jpg\" border=\"0\" alt=\"Gran victoria delos chicos de la academia frente al Granada C.F.\" title=\"Gran victoria delos chicos de la academia frente al Granada C.F.\" align=\"left\" width=\"800\" height=\"601\" srcset=\"https:\/\/www.intersoccermadrid.com\/wp-content\/uploads\/2015\/11\/2015_granada_intersoccer_liga_open_01.jpg 800w, https:\/\/www.intersoccermadrid.com\/wp-content\/uploads\/2015\/11\/2015_granada_intersoccer_liga_open_01-300x225.jpg 300w, https:\/\/www.intersoccermadrid.com\/wp-content\/uploads\/2015\/11\/2015_granada_intersoccer_liga_open_01-768x577.jpg 768w\" sizes=\"(max-width: 800px) 100vw, 800px\" \/><\/p>\n<p>Como ya anunci\u00e1bamos hace unos d\u00edas, este pasado lunes viajamos hasta la bonita ciudad de Granada para disputar el cuarto partido de la \u201cLiga Open de Talentos Intersoccer\u201d contra el Juvenil Divisi\u00f3n de Honor del Granada C.F.  <!--more--> <\/p>\n<p>Esta vez la distancia hasta el campo era un poco m\u00e1s larga de lo habitual por lo que salimos de la academia el d\u00eda anterior al partido para pernoctar en las magn\u00edficas instalaciones del hotel <a href=\"http:\/\/www.nuestrofolleto.es\/Hoteles_MA\/MailView\/\">MA Alhamar 4*<\/a>, donde todos pudimos disfrutar de una agradable estancia. <\/p>\n<p>El martes por la ma\u00f1ana en el bonito campo de hierba natural perteneciente al Patronato Municipal de Deportes de Granada tuvo lugar el encuentro entre  el equipo granadino y los estudiantes del A.C. Intersoccer Madrid.  Los proleg\u00f3menos del partido se desarrollaron con la misma expectaci\u00f3n e ilusi\u00f3n que en las anteriores ocasiones, sin duda una constante en los partidos de esta liga open. El partido comenz\u00f3 con un porcentaje de posesi\u00f3n mayor por parte  del  Granada, pero la efectividad de los Intersoccer fue tambi\u00e9n mayor y r\u00e1pidamente el marcador se puso del  lado de los chicos de la academia, llegando al descanso con una amplia ventaja, 2-5. La segunda parte no basto a los locales para atajar el resultado, pese a los dos penaltis convertidos a su favor, que finalizo con un abultado 5-7 para la academia. <\/p>\n<p>Excelente campa\u00f1a la realizada hasta ahora por los chicos de la A.C. Intersoccer Madrid que han logrado hasta el momento mantener el pabell\u00f3n bien alto contra los equipos a los que se han enfrentado. En esta ocasi\u00f3n fue Joaqu\u00edn Barrios junto con Sito L\u00f3pez, nuestro coordinador deportivo, quien se ocup\u00f3 de la direcci\u00f3n t\u00e9cnica dando oportunidad a todos los jugadores de demostrar  su val\u00eda en el terreno de juego.  Participaron de salida: Chema, Billy \u2013EEUU-, Raunel-Cuba-,  Emile \u2013Guinea-, Oscar, Magomed \u2013Rusia-, Kevin, Miguel \u00c1ngel, Alan \u2013Rusia-, Sory \u2013Guinea-, Kang \u2013Corea-.  En la segunda parte salieron: Jorge, Edvin-Lituania-, Mill\u00e1n, Enrike-Finlandia-, Amine-Marruecos-, Mridul \u2013India-, Osman \u2013Sierra Leona-, Vadim-Rusia-, Khurshid-Uzbekistan-, Luis Miguel \u2013Venezuela-, Temurbek \u2013Uzbekistan- y Mohamed \u2013Marruecos. <\/p>\n<p>Goles:  3 Sory , 1 Alan, 2 Kevin, 1 Enrike.<\/p>\n<p>\u00a1Enhorabuena a todos y a seguir trabajando!<\/p>\n<p><img decoding=\"async\" loading=\"lazy\" class=\" alignleft size-full wp-image-4711\" src=\"https:\/\/www.intersoccermadrid.com\/wp-content\/uploads\/2015\/11\/2015_granada_intersoccer_liga_open_02.jpg\" border=\"0\" alt=\"Gran victoria delos chicos de la academia frente al Granada C.F.\" title=\"Gran victoria delos chicos de la academia frente al Granada C.F.\" align=\"left\" width=\"800\" height=\"450\" srcset=\"https:\/\/www.intersoccermadrid.com\/wp-content\/uploads\/2015\/11\/2015_granada_intersoccer_liga_open_02.jpg 800w, https:\/\/www.intersoccermadrid.com\/wp-content\/uploads\/2015\/11\/2015_granada_intersoccer_liga_open_02-300x169.jpg 300w, https:\/\/www.intersoccermadrid.com\/wp-content\/uploads\/2015\/11\/2015_granada_intersoccer_liga_open_02-768x432.jpg 768w\" sizes=\"(max-width: 800px) 100vw, 800px\" \/><\/p>\n<p><img decoding=\"async\" loading=\"lazy\" class=\" alignleft size-full wp-image-4712\" src=\"https:\/\/www.intersoccermadrid.com\/wp-content\/uploads\/2015\/11\/2015_granada_intersoccer_liga_open_03.jpg\" border=\"0\" alt=\"Gran victoria delos chicos de la academia frente al Granada C.F.\" title=\"Gran victoria delos chicos de la academia frente al Granada C.F.\" align=\"left\" width=\"800\" height=\"450\" srcset=\"https:\/\/www.intersoccermadrid.com\/wp-content\/uploads\/2015\/11\/2015_granada_intersoccer_liga_open_03.jpg 800w, https:\/\/www.intersoccermadrid.com\/wp-content\/uploads\/2015\/11\/2015_granada_intersoccer_liga_open_03-300x169.jpg 300w, https:\/\/www.intersoccermadrid.com\/wp-content\/uploads\/2015\/11\/2015_granada_intersoccer_liga_open_03-768x432.jpg 768w\" sizes=\"(max-width: 800px) 100vw, 800px\" \/><\/p>\n<p><img decoding=\"async\" loading=\"lazy\" class=\" alignleft size-full wp-image-4713\" src=\"https:\/\/www.intersoccermadrid.com\/wp-content\/uploads\/2015\/11\/2015_granada_intersoccer_liga_open_04.jpg\" border=\"0\" alt=\"Gran victoria delos chicos de la academia frente al Granada C.F.\" title=\"Gran victoria delos chicos de la academia frente al Granada C.F.\" align=\"left\" width=\"800\" height=\"601\" srcset=\"https:\/\/www.intersoccermadrid.com\/wp-content\/uploads\/2015\/11\/2015_granada_intersoccer_liga_open_04.jpg 800w, https:\/\/www.intersoccermadrid.com\/wp-content\/uploads\/2015\/11\/2015_granada_intersoccer_liga_open_04-300x225.jpg 300w, https:\/\/www.intersoccermadrid.com\/wp-content\/uploads\/2015\/11\/2015_granada_intersoccer_liga_open_04-768x577.jpg 768w\" sizes=\"(max-width: 800px) 100vw, 800px\" \/><\/p>\n<p><img decoding=\"async\" loading=\"lazy\" class=\" alignleft size-full wp-image-4714\" src=\"https:\/\/www.intersoccermadrid.com\/wp-content\/uploads\/2015\/11\/2015_granada_intersoccer_liga_open_06.jpg\" border=\"0\" alt=\"Gran victoria delos chicos de la academia frente al Granada C.F.\" title=\"Gran victoria delos chicos de la academia frente al Granada C.F.\" align=\"left\" width=\"800\" height=\"450\" srcset=\"https:\/\/www.intersoccermadrid.com\/wp-content\/uploads\/2015\/11\/2015_granada_intersoccer_liga_open_06.jpg 800w, https:\/\/www.intersoccermadrid.com\/wp-content\/uploads\/2015\/11\/2015_granada_intersoccer_liga_open_06-300x169.jpg 300w, https:\/\/www.intersoccermadrid.com\/wp-content\/uploads\/2015\/11\/2015_granada_intersoccer_liga_open_06-768x432.jpg 768w\" sizes=\"(max-width: 800px) 100vw, 800px\" \/><\/p>\n<p><img decoding=\"async\" loading=\"lazy\" class=\" alignleft size-full wp-image-4715\" src=\"https:\/\/www.intersoccermadrid.com\/wp-content\/uploads\/2015\/11\/2015_granada_intersoccer_liga_open_07.jpg\" border=\"0\" alt=\"Gran victoria delos chicos de la academia frente al Granada C.F.\" title=\"Gran victoria delos chicos de la academia frente al Granada C.F.\" align=\"left\" width=\"800\" height=\"450\" srcset=\"https:\/\/www.intersoccermadrid.com\/wp-content\/uploads\/2015\/11\/2015_granada_intersoccer_liga_open_07.jpg 800w, https:\/\/www.intersoccermadrid.com\/wp-content\/uploads\/2015\/11\/2015_granada_intersoccer_liga_open_07-300x169.jpg 300w, https:\/\/www.intersoccermadrid.com\/wp-content\/uploads\/2015\/11\/2015_granada_intersoccer_liga_open_07-768x432.jpg 768w\" sizes=\"(max-width: 800px) 100vw, 800px\" \/><\/p>\n<p><img decoding=\"async\" loading=\"lazy\" class=\" alignleft size-full wp-image-4716\" src=\"https:\/\/www.intersoccermadrid.com\/wp-content\/uploads\/2015\/11\/2015_granada_intersoccer_liga_open_08.jpg\" border=\"0\" alt=\"Gran victoria delos chicos de la academia frente al Granada C.F.\" title=\"Gran victoria delos chicos de la academia frente al Granada C.F.\" align=\"left\" width=\"800\" height=\"450\" srcset=\"https:\/\/www.intersoccermadrid.com\/wp-content\/uploads\/2015\/11\/2015_granada_intersoccer_liga_open_08.jpg 800w, https:\/\/www.intersoccermadrid.com\/wp-content\/uploads\/2015\/11\/2015_granada_intersoccer_liga_open_08-300x169.jpg 300w, https:\/\/www.intersoccermadrid.com\/wp-content\/uploads\/2015\/11\/2015_granada_intersoccer_liga_open_08-768x432.jpg 768w\" sizes=\"(max-width: 800px) 100vw, 800px\" \/><\/p>\n<p><img decoding=\"async\" loading=\"lazy\" class=\" alignleft size-full wp-image-4717\" src=\"https:\/\/www.intersoccermadrid.com\/wp-content\/uploads\/2015\/11\/2015_granada_intersoccer_liga_open_08b.jpg\" border=\"0\" alt=\"Gran victoria delos chicos de la academia frente al Granada C.F.\" title=\"Gran victoria delos chicos de la academia frente al Granada C.F.\" align=\"left\" width=\"800\" height=\"450\" srcset=\"https:\/\/www.intersoccermadrid.com\/wp-content\/uploads\/2015\/11\/2015_granada_intersoccer_liga_open_08b.jpg 800w, https:\/\/www.intersoccermadrid.com\/wp-content\/uploads\/2015\/11\/2015_granada_intersoccer_liga_open_08b-300x169.jpg 300w, https:\/\/www.intersoccermadrid.com\/wp-content\/uploads\/2015\/11\/2015_granada_intersoccer_liga_open_08b-768x432.jpg 768w\" sizes=\"(max-width: 800px) 100vw, 800px\" \/><\/p>\n<p><img decoding=\"async\" loading=\"lazy\" class=\" alignleft size-full wp-image-4718\" src=\"https:\/\/www.intersoccermadrid.com\/wp-content\/uploads\/2015\/11\/2015_granada_intersoccer_liga_open_09.jpg\" border=\"0\" alt=\"Gran victoria delos chicos de la academia frente al Granada C.F.\" title=\"Gran victoria delos chicos de la academia frente al Granada C.F.\" align=\"left\" width=\"800\" height=\"601\" srcset=\"https:\/\/www.intersoccermadrid.com\/wp-content\/uploads\/2015\/11\/2015_granada_intersoccer_liga_open_09.jpg 800w, https:\/\/www.intersoccermadrid.com\/wp-content\/uploads\/2015\/11\/2015_granada_intersoccer_liga_open_09-300x225.jpg 300w, https:\/\/www.intersoccermadrid.com\/wp-content\/uploads\/2015\/11\/2015_granada_intersoccer_liga_open_09-768x577.jpg 768w\" sizes=\"(max-width: 800px) 100vw, 800px\" \/><\/p>\n<p><img decoding=\"async\" loading=\"lazy\" class=\" alignleft size-full wp-image-4719\" src=\"https:\/\/www.intersoccermadrid.com\/wp-content\/uploads\/2015\/11\/2015_granada_intersoccer_liga_open_10.jpg\" border=\"0\" alt=\"Gran victoria delos chicos de la academia frente al Granada C.F.\" title=\"Gran victoria delos chicos de la academia frente al Granada C.F.\" align=\"left\" width=\"800\" height=\"602\" srcset=\"https:\/\/www.intersoccermadrid.com\/wp-content\/uploads\/2015\/11\/2015_granada_intersoccer_liga_open_10.jpg 800w, https:\/\/www.intersoccermadrid.com\/wp-content\/uploads\/2015\/11\/2015_granada_intersoccer_liga_open_10-300x226.jpg 300w, https:\/\/www.intersoccermadrid.com\/wp-content\/uploads\/2015\/11\/2015_granada_intersoccer_liga_open_10-768x578.jpg 768w\" sizes=\"(max-width: 800px) 100vw, 800px\" \/><\/p>\n<p><img decoding=\"async\" loading=\"lazy\" class=\" alignleft size-full wp-image-4720\" src=\"https:\/\/www.intersoccermadrid.com\/wp-content\/uploads\/2015\/11\/2015_granada_intersoccer_liga_open_11.jpg\" border=\"0\" alt=\"Gran victoria delos chicos de la academia frente al Granada C.F.\" title=\"Gran victoria delos chicos de la academia frente al Granada C.F.\" align=\"left\" width=\"800\" height=\"450\" srcset=\"https:\/\/www.intersoccermadrid.com\/wp-content\/uploads\/2015\/11\/2015_granada_intersoccer_liga_open_11.jpg 800w, https:\/\/www.intersoccermadrid.com\/wp-content\/uploads\/2015\/11\/2015_granada_intersoccer_liga_open_11-300x169.jpg 300w, https:\/\/www.intersoccermadrid.com\/wp-content\/uploads\/2015\/11\/2015_granada_intersoccer_liga_open_11-768x432.jpg 768w\" sizes=\"(max-width: 800px) 100vw, 800px\" \/><\/p>\n<p><img decoding=\"async\" loading=\"lazy\" class=\" alignleft size-full wp-image-4721\" src=\"https:\/\/www.intersoccermadrid.com\/wp-content\/uploads\/2015\/11\/2015_granada_intersoccer_liga_open_12.jpg\" border=\"0\" alt=\"Gran victoria delos chicos de la academia frente al Granada C.F.\" title=\"Gran victoria delos chicos de la academia frente al Granada C.F.\" align=\"left\" width=\"800\" height=\"450\" srcset=\"https:\/\/www.intersoccermadrid.com\/wp-content\/uploads\/2015\/11\/2015_granada_intersoccer_liga_open_12.jpg 800w, https:\/\/www.intersoccermadrid.com\/wp-content\/uploads\/2015\/11\/2015_granada_intersoccer_liga_open_12-300x169.jpg 300w, https:\/\/www.intersoccermadrid.com\/wp-content\/uploads\/2015\/11\/2015_granada_intersoccer_liga_open_12-768x432.jpg 768w\" sizes=\"(max-width: 800px) 100vw, 800px\" \/><\/p>\n<p><img decoding=\"async\" loading=\"lazy\" class=\" alignleft size-full wp-image-4722\" src=\"https:\/\/www.intersoccermadrid.com\/wp-content\/uploads\/2015\/11\/2015_granada_intersoccer_liga_open_13.jpg\" border=\"0\" alt=\"Gran victoria delos chicos de la academia frente al Granada C.F.\" title=\"Gran victoria delos chicos de la academia frente al Granada C.F.\" align=\"left\" width=\"800\" height=\"450\" srcset=\"https:\/\/www.intersoccermadrid.com\/wp-content\/uploads\/2015\/11\/2015_granada_intersoccer_liga_open_13.jpg 800w, https:\/\/www.intersoccermadrid.com\/wp-content\/uploads\/2015\/11\/2015_granada_intersoccer_liga_open_13-300x169.jpg 300w, https:\/\/www.intersoccermadrid.com\/wp-content\/uploads\/2015\/11\/2015_granada_intersoccer_liga_open_13-768x432.jpg 768w\" sizes=\"(max-width: 800px) 100vw, 800px\" \/><\/p>\n<p><img decoding=\"async\" loading=\"lazy\" class=\" alignleft size-full wp-image-4723\" src=\"https:\/\/www.intersoccermadrid.com\/wp-content\/uploads\/2015\/11\/2015_granada_intersoccer_liga_open_14.jpg\" border=\"0\" alt=\"Gran victoria delos chicos de la academia frente al Granada C.F.\" title=\"Gran victoria delos chicos de la academia frente al Granada C.F.\" align=\"left\" width=\"800\" height=\"450\" srcset=\"https:\/\/www.intersoccermadrid.com\/wp-content\/uploads\/2015\/11\/2015_granada_intersoccer_liga_open_14.jpg 800w, https:\/\/www.intersoccermadrid.com\/wp-content\/uploads\/2015\/11\/2015_granada_intersoccer_liga_open_14-300x169.jpg 300w, https:\/\/www.intersoccermadrid.com\/wp-content\/uploads\/2015\/11\/2015_granada_intersoccer_liga_open_14-768x432.jpg 768w\" sizes=\"(max-width: 800px) 100vw, 800px\" \/><\/p>\n<p><img decoding=\"async\" loading=\"lazy\" class=\" alignleft size-full wp-image-4724\" src=\"https:\/\/www.intersoccermadrid.com\/wp-content\/uploads\/2015\/11\/2015_granada_intersoccer_liga_open_15.jpg\" border=\"0\" alt=\"Gran victoria delos chicos de la academia frente al Granada C.F.\" title=\"Gran victoria delos chicos de la academia frente al Granada C.F.\" align=\"left\" width=\"800\" height=\"450\" srcset=\"https:\/\/www.intersoccermadrid.com\/wp-content\/uploads\/2015\/11\/2015_granada_intersoccer_liga_open_15.jpg 800w, https:\/\/www.intersoccermadrid.com\/wp-content\/uploads\/2015\/11\/2015_granada_intersoccer_liga_open_15-300x169.jpg 300w, https:\/\/www.intersoccermadrid.com\/wp-content\/uploads\/2015\/11\/2015_granada_intersoccer_liga_open_15-768x432.jpg 768w\" sizes=\"(max-width: 800px) 100vw, 800px\" \/><\/p>\n<p>    <!--<iframe loading=\"lazy\" width=\"320\" height=\"240\" src=\"\/\/www.youtube.com\/embed\/5QIQxATQka\" frameborder=\"0\"><\/iframe>--><\/p>\n","protected":false},"excerpt":{"rendered":"<p>Como ya anunci\u00e1bamos hace unos d\u00edas, este pasado lunes viajamos hasta la bonita ciudad de Granada para disputar el cuarto partido de la \u201cLiga Open de Talentos Intersoccer\u201d contra el Juvenil Divisi\u00f3n de Honor del Granada C.F.<\/p>\n","protected":false},"author":2,"featured_media":4710,"comment_status":"open","ping_status":"open","sticky":false,"template":"","format":"standard","meta":{"_et_pb_use_builder":"","_et_pb_old_content":"","_et_gb_content_width":""},"categories":[8],"tags":[],"yoast_head":"<!-- This site is optimized with the Yoast SEO plugin v20.9 - https:\/\/yoast.com\/wordpress\/plugins\/seo\/ -->\n<title>Gran victoria de los chicos de la academia frente al Granada C.F. &middot; International Soccer Academy of Madrid<\/title>\n<meta name=\"robots\" content=\"index, follow, max-snippet:-1, max-image-preview:large, max-video-preview:-1\" \/>\n<link rel=\"canonical\" href=\"https:\/\/www.intersoccermadrid.com\/en\/gran-victoria-de-los-chicos-de-la-academia-frente-al-granada-cf\/\" \/>\n<meta property=\"og:locale\" content=\"en_US\" \/>\n<meta property=\"og:type\" content=\"article\" \/>\n<meta property=\"og:title\" content=\"Gran victoria de los chicos de la academia frente al Granada C.F. &middot; International Soccer Academy of Madrid\" \/>\n<meta property=\"og:description\" content=\"Como ya anunci\u00e1bamos hace unos d\u00edas, este pasado lunes viajamos hasta la bonita ciudad de Granada para disputar el cuarto partido de la \u201cLiga Open de Talentos Intersoccer\u201d contra el Juvenil Divisi\u00f3n de Honor del Granada C.F.\" \/>\n<meta property=\"og:url\" content=\"https:\/\/www.intersoccermadrid.com\/en\/gran-victoria-de-los-chicos-de-la-academia-frente-al-granada-cf\/\" \/>\n<meta property=\"og:site_name\" content=\"International Soccer Academy of Madrid\" \/>\n<meta property=\"article:published_time\" content=\"2015-11-24T23:00:00+00:00\" \/>\n<meta property=\"og:image\" content=\"https:\/\/www.intersoccermadrid.com\/wp-content\/uploads\/2015\/11\/2015_granada_intersoccer_liga_open_01.jpg\" \/>\n\t<meta property=\"og:image:width\" content=\"800\" \/>\n\t<meta property=\"og:image:height\" content=\"601\" \/>\n\t<meta property=\"og:image:type\" content=\"image\/jpeg\" \/>\n<meta name=\"author\" content=\"Administrator\" \/>\n<meta name=\"twitter:card\" content=\"summary_large_image\" \/>\n<meta name=\"twitter:label1\" content=\"Written by\" \/>\n\t<meta name=\"twitter:data1\" content=\"Administrator\" \/>\n\t<meta name=\"twitter:label2\" content=\"Est. reading time\" \/>\n\t<meta name=\"twitter:data2\" content=\"2 minutes\" \/>\n<script type=\"application\/ld+json\" class=\"yoast-schema-graph\">{\"@context\":\"https:\/\/schema.org\",\"@graph\":[{\"@type\":\"WebPage\",\"@id\":\"https:\/\/www.intersoccermadrid.com\/en\/gran-victoria-de-los-chicos-de-la-academia-frente-al-granada-cf\/\",\"url\":\"https:\/\/www.intersoccermadrid.com\/en\/gran-victoria-de-los-chicos-de-la-academia-frente-al-granada-cf\/\",\"name\":\"Gran victoria de los chicos de la academia frente al Granada C.F. &middot; International Soccer Academy of Madrid\",\"isPartOf\":{\"@id\":\"https:\/\/www.intersoccermadrid.com\/en\/#website\"},\"datePublished\":\"2015-11-24T23:00:00+00:00\",\"dateModified\":\"2015-11-24T23:00:00+00:00\",\"author\":{\"@id\":\"https:\/\/www.intersoccermadrid.com\/en\/#\/schema\/person\/4843f782828393fd2fd34a6db5ce5d48\"},\"breadcrumb\":{\"@id\":\"https:\/\/www.intersoccermadrid.com\/en\/gran-victoria-de-los-chicos-de-la-academia-frente-al-granada-cf\/#breadcrumb\"},\"inLanguage\":\"en-US\",\"potentialAction\":[{\"@type\":\"ReadAction\",\"target\":[\"https:\/\/www.intersoccermadrid.com\/en\/gran-victoria-de-los-chicos-de-la-academia-frente-al-granada-cf\/\"]}]},{\"@type\":\"BreadcrumbList\",\"@id\":\"https:\/\/www.intersoccermadrid.com\/en\/gran-victoria-de-los-chicos-de-la-academia-frente-al-granada-cf\/#breadcrumb\",\"itemListElement\":[{\"@type\":\"ListItem\",\"position\":1,\"name\":\"Home\",\"item\":\"https:\/\/www.intersoccermadrid.com\/en\/\"},{\"@type\":\"ListItem\",\"position\":2,\"name\":\"Gran victoria de los chicos de la academia frente al Granada C.F.\"}]},{\"@type\":\"WebSite\",\"@id\":\"https:\/\/www.intersoccermadrid.com\/en\/#website\",\"url\":\"https:\/\/www.intersoccermadrid.com\/en\/\",\"name\":\"International Soccer Academy of Madrid\",\"description\":\"International Soccer Academy of Madrid\",\"potentialAction\":[{\"@type\":\"SearchAction\",\"target\":{\"@type\":\"EntryPoint\",\"urlTemplate\":\"https:\/\/www.intersoccermadrid.com\/en\/?s={search_term_string}\"},\"query-input\":\"required name=search_term_string\"}],\"inLanguage\":\"en-US\"},{\"@type\":\"Person\",\"@id\":\"https:\/\/www.intersoccermadrid.com\/en\/#\/schema\/person\/4843f782828393fd2fd34a6db5ce5d48\",\"name\":\"Administrator\",\"image\":{\"@type\":\"ImageObject\",\"inLanguage\":\"en-US\",\"@id\":\"https:\/\/www.intersoccermadrid.com\/en\/#\/schema\/person\/image\/\",\"url\":\"https:\/\/secure.gravatar.com\/avatar\/85ec5305f9a568d3e58c20ee91decabf?s=96&d=mm&r=g\",\"contentUrl\":\"https:\/\/secure.gravatar.com\/avatar\/85ec5305f9a568d3e58c20ee91decabf?s=96&d=mm&r=g\",\"caption\":\"Administrator\"},\"url\":\"https:\/\/www.intersoccermadrid.com\/en\/author\/admin\/\"}]}<\/script>\n<!-- \/ Yoast SEO plugin. -->","yoast_head_json":{"title":"Gran victoria de los chicos de la academia frente al Granada C.F. &middot; International Soccer Academy of Madrid","robots":{"index":"index","follow":"follow","max-snippet":"max-snippet:-1","max-image-preview":"max-image-preview:large","max-video-preview":"max-video-preview:-1"},"canonical":"https:\/\/www.intersoccermadrid.com\/en\/gran-victoria-de-los-chicos-de-la-academia-frente-al-granada-cf\/","og_locale":"en_US","og_type":"article","og_title":"Gran victoria de los chicos de la academia frente al Granada C.F. &middot; International Soccer Academy of Madrid","og_description":"Como ya anunci\u00e1bamos hace unos d\u00edas, este pasado lunes viajamos hasta la bonita ciudad de Granada para disputar el cuarto partido de la \u201cLiga Open de Talentos Intersoccer\u201d contra el Juvenil Divisi\u00f3n de Honor del Granada C.F.","og_url":"https:\/\/www.intersoccermadrid.com\/en\/gran-victoria-de-los-chicos-de-la-academia-frente-al-granada-cf\/","og_site_name":"International Soccer Academy of Madrid","article_published_time":"2015-11-24T23:00:00+00:00","og_image":[{"width":800,"height":601,"url":"https:\/\/www.intersoccermadrid.com\/wp-content\/uploads\/2015\/11\/2015_granada_intersoccer_liga_open_01.jpg","type":"image\/jpeg"}],"author":"Administrator","twitter_card":"summary_large_image","twitter_misc":{"Written by":"Administrator","Est. reading time":"2 minutes"},"schema":{"@context":"https:\/\/schema.org","@graph":[{"@type":"WebPage","@id":"https:\/\/www.intersoccermadrid.com\/en\/gran-victoria-de-los-chicos-de-la-academia-frente-al-granada-cf\/","url":"https:\/\/www.intersoccermadrid.com\/en\/gran-victoria-de-los-chicos-de-la-academia-frente-al-granada-cf\/","name":"Gran victoria de los chicos de la academia frente al Granada C.F. &middot; International Soccer Academy of Madrid","isPartOf":{"@id":"https:\/\/www.intersoccermadrid.com\/en\/#website"},"datePublished":"2015-11-24T23:00:00+00:00","dateModified":"2015-11-24T23:00:00+00:00","author":{"@id":"https:\/\/www.intersoccermadrid.com\/en\/#\/schema\/person\/4843f782828393fd2fd34a6db5ce5d48"},"breadcrumb":{"@id":"https:\/\/www.intersoccermadrid.com\/en\/gran-victoria-de-los-chicos-de-la-academia-frente-al-granada-cf\/#breadcrumb"},"inLanguage":"en-US","potentialAction":[{"@type":"ReadAction","target":["https:\/\/www.intersoccermadrid.com\/en\/gran-victoria-de-los-chicos-de-la-academia-frente-al-granada-cf\/"]}]},{"@type":"BreadcrumbList","@id":"https:\/\/www.intersoccermadrid.com\/en\/gran-victoria-de-los-chicos-de-la-academia-frente-al-granada-cf\/#breadcrumb","itemListElement":[{"@type":"ListItem","position":1,"name":"Home","item":"https:\/\/www.intersoccermadrid.com\/en\/"},{"@type":"ListItem","position":2,"name":"Gran victoria de los chicos de la academia frente al Granada C.F."}]},{"@type":"WebSite","@id":"https:\/\/www.intersoccermadrid.com\/en\/#website","url":"https:\/\/www.intersoccermadrid.com\/en\/","name":"International Soccer Academy of Madrid","description":"International Soccer Academy of Madrid","potentialAction":[{"@type":"SearchAction","target":{"@type":"EntryPoint","urlTemplate":"https:\/\/www.intersoccermadrid.com\/en\/?s={search_term_string}"},"query-input":"required name=search_term_string"}],"inLanguage":"en-US"},{"@type":"Person","@id":"https:\/\/www.intersoccermadrid.com\/en\/#\/schema\/person\/4843f782828393fd2fd34a6db5ce5d48","name":"Administrator","image":{"@type":"ImageObject","inLanguage":"en-US","@id":"https:\/\/www.intersoccermadrid.com\/en\/#\/schema\/person\/image\/","url":"https:\/\/secure.gravatar.com\/avatar\/85ec5305f9a568d3e58c20ee91decabf?s=96&d=mm&r=g","contentUrl":"https:\/\/secure.gravatar.com\/avatar\/85ec5305f9a568d3e58c20ee91decabf?s=96&d=mm&r=g","caption":"Administrator"},"url":"https:\/\/www.intersoccermadrid.com\/en\/author\/admin\/"}]}},"_links":{"self":[{"href":"https:\/\/www.intersoccermadrid.com\/en\/wp-json\/wp\/v2\/posts\/422"}],"collection":[{"href":"https:\/\/www.intersoccermadrid.com\/en\/wp-json\/wp\/v2\/posts"}],"about":[{"href":"https:\/\/www.intersoccermadrid.com\/en\/wp-json\/wp\/v2\/types\/post"}],"author":[{"embeddable":true,"href":"https:\/\/www.intersoccermadrid.com\/en\/wp-json\/wp\/v2\/users\/2"}],"replies":[{"embeddable":true,"href":"https:\/\/www.intersoccermadrid.com\/en\/wp-json\/wp\/v2\/comments?post=422"}],"version-history":[{"count":0,"href":"https:\/\/www.intersoccermadrid.com\/en\/wp-json\/wp\/v2\/posts\/422\/revisions"}],"wp:featuredmedia":[{"embeddable":true,"href":"https:\/\/www.intersoccermadrid.com\/en\/wp-json\/wp\/v2\/media\/4710"}],"wp:attachment":[{"href":"https:\/\/www.intersoccermadrid.com\/en\/wp-json\/wp\/v2\/media?parent=422"}],"wp:term":[{"taxonomy":"category","embeddable":true,"href":"https:\/\/www.intersoccermadrid.com\/en\/wp-json\/wp\/v2\/categories?post=422"},{"taxonomy":"post_tag","embeddable":true,"href":"https:\/\/www.intersoccermadrid.com\/en\/wp-json\/wp\/v2\/tags?post=422"}],"curies":[{"name":"wp","href":"https:\/\/api.w.org\/{rel}","templated":true}]}}