{"id":380,"date":"2015-07-25T01:00:00","date_gmt":"2015-07-24T23:00:00","guid":{"rendered":"https:\/\/www.intersoccermadrid.com\/raul-rabade-bayon-alumno-numero-500-de-los-programas-intersoccer-madrid\/"},"modified":"2015-07-25T01:00:00","modified_gmt":"2015-07-24T23:00:00","slug":"raul-rabade-bayon-alumno-numero-500-de-los-programas-intersoccer-madrid","status":"publish","type":"post","link":"https:\/\/www.intersoccermadrid.com\/en\/raul-rabade-bayon-alumno-numero-500-de-los-programas-intersoccer-madrid\/","title":{"rendered":"Raul Rabade Bay\u00f3n, alumno n\u00famero 500 de los programas Intersoccer Madrid"},"content":{"rendered":"<p><img decoding=\"async\" loading=\"lazy\" class=\" alignleft size-full wp-image-4450\" src=\"https:\/\/www.intersoccermadrid.com\/wp-content\/uploads\/2015\/07\/2015_alumno500_01.jpg\" border=\"0\" alt=\"Raul Rabade Bay\u00f3n, alumno n\u00famero 500 de los programas Intersoccer Madrid\" title=\"Raul Rabade Bay\u00f3n, alumno n\u00famero 500 de los programas Intersoccer Madrid\" align=\"left\" width=\"800\" height=\"600\" srcset=\"https:\/\/www.intersoccermadrid.com\/wp-content\/uploads\/2015\/07\/2015_alumno500_01.jpg 800w, https:\/\/www.intersoccermadrid.com\/wp-content\/uploads\/2015\/07\/2015_alumno500_01-300x225.jpg 300w, https:\/\/www.intersoccermadrid.com\/wp-content\/uploads\/2015\/07\/2015_alumno500_01-768x576.jpg 768w\" sizes=\"(max-width: 800px) 100vw, 800px\" \/><\/p>\n<p>Coincidiendo con el campus de verano A.C. Intersoccer &#8211; Fernando Morientes, celebrado durante la segunda semana de julio en la ciudad de Le\u00f3n, nuestra organizaci\u00f3n, despu\u00e9s de seis a\u00f1os de actividad, registr\u00f3 su alumno n\u00famero 500 de todos sus programas y eventos encaminados a la tecnificaci\u00f3n, formaci\u00f3n y promoci\u00f3n de y en el f\u00fatbol.<\/p>\n<p>  <!--more-->  <\/p>\n<p>Raul Rabade Bay\u00f3n, joven adolescente y natural de Le\u00f3n, y quien ya participara en los dos campus de verano anteriores organizados por Intersoccer en la ciudad de Le\u00f3n -en dichas ocasiones junto al club AC MILAN- fue el afortunado en alcanzar dicha cifra en nuestra relaci\u00f3n de alumnos.<\/p>\n<p>Mientras posa junto a estas l\u00edneas con Fernando Morientes -un grande entre los m\u00e1s grandes del f\u00fatbol mundial-, desde aqu\u00ed, junto a la alegr\u00eda indescriptible de Raul, nos sentimos muy satisfechos y orgullosos de nuestro \u00e1nimo e intenci\u00f3n de haber contribuido ya a llevar la ilusi\u00f3n de una pasi\u00f3n llamada f\u00fatbol a ni\u00f1os, adolescentes y j\u00f3venes en un n\u00famero tan elevado de  alumnos de m\u00e1s de treinta pa\u00edses del mundo, Espa\u00f1a incluido.<\/p>\n<p>\u00a1Y seguiremos en el intento de poner en valor m\u00e1s programas de, por y para el f\u00fatbol! \u00a1Y para muchos m\u00e1s ni\u00f1os, adolescentes y j\u00f3venes!   \u00a1Intersoccer avanza!<\/p>\n<p>   <!--<iframe loading=\"lazy\" width=\"320\" height=\"240\" src=\"\/\/www.youtube.com\/embed\/5QIQxATQka\" frameborder=\"0\"><\/iframe>--><\/p>\n","protected":false},"excerpt":{"rendered":"<p>Coincidiendo con el campus de verano A.C. Intersoccer &#8211; Fernando Morientes, celebrado durante la segunda semana de julio en la ciudad de Le\u00f3n, nuestra organizaci\u00f3n, despu\u00e9s de seis a\u00f1os de actividad, registr\u00f3 su alumno n\u00famero 500 de todos sus programas y eventos encaminados a la tecnificaci\u00f3n, formaci\u00f3n y promoci\u00f3n de y en el f\u00fatbol.<\/p>\n","protected":false},"author":2,"featured_media":4450,"comment_status":"open","ping_status":"open","sticky":false,"template":"","format":"standard","meta":{"_et_pb_use_builder":"","_et_pb_old_content":"","_et_gb_content_width":""},"categories":[8],"tags":[],"yoast_head":"<!-- This site is optimized with the Yoast SEO plugin v20.9 - https:\/\/yoast.com\/wordpress\/plugins\/seo\/ -->\n<title>Raul Rabade Bay\u00f3n, alumno n\u00famero 500 de los programas Intersoccer Madrid &middot; International Soccer Academy of Madrid<\/title>\n<meta name=\"robots\" content=\"index, follow, max-snippet:-1, max-image-preview:large, max-video-preview:-1\" \/>\n<link rel=\"canonical\" href=\"https:\/\/www.intersoccermadrid.com\/en\/raul-rabade-bayon-alumno-numero-500-de-los-programas-intersoccer-madrid\/\" \/>\n<meta property=\"og:locale\" content=\"en_US\" \/>\n<meta property=\"og:type\" content=\"article\" \/>\n<meta property=\"og:title\" content=\"Raul Rabade Bay\u00f3n, alumno n\u00famero 500 de los programas Intersoccer Madrid &middot; International Soccer Academy of Madrid\" \/>\n<meta property=\"og:description\" content=\"Coincidiendo con el campus de verano A.C. Intersoccer &#8211; Fernando Morientes, celebrado durante la segunda semana de julio en la ciudad de Le\u00f3n, nuestra organizaci\u00f3n, despu\u00e9s de seis a\u00f1os de actividad, registr\u00f3 su alumno n\u00famero 500 de todos sus programas y eventos encaminados a la tecnificaci\u00f3n, formaci\u00f3n y promoci\u00f3n de y en el f\u00fatbol.\" \/>\n<meta property=\"og:url\" content=\"https:\/\/www.intersoccermadrid.com\/en\/raul-rabade-bayon-alumno-numero-500-de-los-programas-intersoccer-madrid\/\" \/>\n<meta property=\"og:site_name\" content=\"International Soccer Academy of Madrid\" \/>\n<meta property=\"article:published_time\" content=\"2015-07-24T23:00:00+00:00\" \/>\n<meta property=\"og:image\" content=\"https:\/\/www.intersoccermadrid.com\/wp-content\/uploads\/2015\/07\/2015_alumno500_01.jpg\" \/>\n\t<meta property=\"og:image:width\" content=\"800\" \/>\n\t<meta property=\"og:image:height\" content=\"600\" \/>\n\t<meta property=\"og:image:type\" content=\"image\/jpeg\" \/>\n<meta name=\"author\" content=\"Administrator\" \/>\n<meta name=\"twitter:card\" content=\"summary_large_image\" \/>\n<meta name=\"twitter:label1\" content=\"Written by\" \/>\n\t<meta name=\"twitter:data1\" content=\"Administrator\" \/>\n\t<meta name=\"twitter:label2\" content=\"Est. reading time\" \/>\n\t<meta name=\"twitter:data2\" content=\"1 minute\" \/>\n<script type=\"application\/ld+json\" class=\"yoast-schema-graph\">{\"@context\":\"https:\/\/schema.org\",\"@graph\":[{\"@type\":\"WebPage\",\"@id\":\"https:\/\/www.intersoccermadrid.com\/en\/raul-rabade-bayon-alumno-numero-500-de-los-programas-intersoccer-madrid\/\",\"url\":\"https:\/\/www.intersoccermadrid.com\/en\/raul-rabade-bayon-alumno-numero-500-de-los-programas-intersoccer-madrid\/\",\"name\":\"Raul Rabade Bay\u00f3n, alumno n\u00famero 500 de los programas Intersoccer Madrid &middot; International Soccer Academy of Madrid\",\"isPartOf\":{\"@id\":\"https:\/\/www.intersoccermadrid.com\/en\/#website\"},\"datePublished\":\"2015-07-24T23:00:00+00:00\",\"dateModified\":\"2015-07-24T23:00:00+00:00\",\"author\":{\"@id\":\"https:\/\/www.intersoccermadrid.com\/en\/#\/schema\/person\/4843f782828393fd2fd34a6db5ce5d48\"},\"breadcrumb\":{\"@id\":\"https:\/\/www.intersoccermadrid.com\/en\/raul-rabade-bayon-alumno-numero-500-de-los-programas-intersoccer-madrid\/#breadcrumb\"},\"inLanguage\":\"en-US\",\"potentialAction\":[{\"@type\":\"ReadAction\",\"target\":[\"https:\/\/www.intersoccermadrid.com\/en\/raul-rabade-bayon-alumno-numero-500-de-los-programas-intersoccer-madrid\/\"]}]},{\"@type\":\"BreadcrumbList\",\"@id\":\"https:\/\/www.intersoccermadrid.com\/en\/raul-rabade-bayon-alumno-numero-500-de-los-programas-intersoccer-madrid\/#breadcrumb\",\"itemListElement\":[{\"@type\":\"ListItem\",\"position\":1,\"name\":\"Home\",\"item\":\"https:\/\/www.intersoccermadrid.com\/en\/\"},{\"@type\":\"ListItem\",\"position\":2,\"name\":\"Raul Rabade Bay\u00f3n, alumno n\u00famero 500 de los programas Intersoccer Madrid\"}]},{\"@type\":\"WebSite\",\"@id\":\"https:\/\/www.intersoccermadrid.com\/en\/#website\",\"url\":\"https:\/\/www.intersoccermadrid.com\/en\/\",\"name\":\"International Soccer Academy of Madrid\",\"description\":\"International Soccer Academy of Madrid\",\"potentialAction\":[{\"@type\":\"SearchAction\",\"target\":{\"@type\":\"EntryPoint\",\"urlTemplate\":\"https:\/\/www.intersoccermadrid.com\/en\/?s={search_term_string}\"},\"query-input\":\"required name=search_term_string\"}],\"inLanguage\":\"en-US\"},{\"@type\":\"Person\",\"@id\":\"https:\/\/www.intersoccermadrid.com\/en\/#\/schema\/person\/4843f782828393fd2fd34a6db5ce5d48\",\"name\":\"Administrator\",\"image\":{\"@type\":\"ImageObject\",\"inLanguage\":\"en-US\",\"@id\":\"https:\/\/www.intersoccermadrid.com\/en\/#\/schema\/person\/image\/\",\"url\":\"https:\/\/secure.gravatar.com\/avatar\/85ec5305f9a568d3e58c20ee91decabf?s=96&d=mm&r=g\",\"contentUrl\":\"https:\/\/secure.gravatar.com\/avatar\/85ec5305f9a568d3e58c20ee91decabf?s=96&d=mm&r=g\",\"caption\":\"Administrator\"},\"url\":\"https:\/\/www.intersoccermadrid.com\/en\/author\/admin\/\"}]}<\/script>\n<!-- \/ Yoast SEO plugin. -->","yoast_head_json":{"title":"Raul Rabade Bay\u00f3n, alumno n\u00famero 500 de los programas Intersoccer Madrid &middot; International Soccer Academy of Madrid","robots":{"index":"index","follow":"follow","max-snippet":"max-snippet:-1","max-image-preview":"max-image-preview:large","max-video-preview":"max-video-preview:-1"},"canonical":"https:\/\/www.intersoccermadrid.com\/en\/raul-rabade-bayon-alumno-numero-500-de-los-programas-intersoccer-madrid\/","og_locale":"en_US","og_type":"article","og_title":"Raul Rabade Bay\u00f3n, alumno n\u00famero 500 de los programas Intersoccer Madrid &middot; International Soccer Academy of Madrid","og_description":"Coincidiendo con el campus de verano A.C. Intersoccer &#8211; Fernando Morientes, celebrado durante la segunda semana de julio en la ciudad de Le\u00f3n, nuestra organizaci\u00f3n, despu\u00e9s de seis a\u00f1os de actividad, registr\u00f3 su alumno n\u00famero 500 de todos sus programas y eventos encaminados a la tecnificaci\u00f3n, formaci\u00f3n y promoci\u00f3n de y en el f\u00fatbol.","og_url":"https:\/\/www.intersoccermadrid.com\/en\/raul-rabade-bayon-alumno-numero-500-de-los-programas-intersoccer-madrid\/","og_site_name":"International Soccer Academy of Madrid","article_published_time":"2015-07-24T23:00:00+00:00","og_image":[{"width":800,"height":600,"url":"https:\/\/www.intersoccermadrid.com\/wp-content\/uploads\/2015\/07\/2015_alumno500_01.jpg","type":"image\/jpeg"}],"author":"Administrator","twitter_card":"summary_large_image","twitter_misc":{"Written by":"Administrator","Est. reading time":"1 minute"},"schema":{"@context":"https:\/\/schema.org","@graph":[{"@type":"WebPage","@id":"https:\/\/www.intersoccermadrid.com\/en\/raul-rabade-bayon-alumno-numero-500-de-los-programas-intersoccer-madrid\/","url":"https:\/\/www.intersoccermadrid.com\/en\/raul-rabade-bayon-alumno-numero-500-de-los-programas-intersoccer-madrid\/","name":"Raul Rabade Bay\u00f3n, alumno n\u00famero 500 de los programas Intersoccer Madrid &middot; International Soccer Academy of Madrid","isPartOf":{"@id":"https:\/\/www.intersoccermadrid.com\/en\/#website"},"datePublished":"2015-07-24T23:00:00+00:00","dateModified":"2015-07-24T23:00:00+00:00","author":{"@id":"https:\/\/www.intersoccermadrid.com\/en\/#\/schema\/person\/4843f782828393fd2fd34a6db5ce5d48"},"breadcrumb":{"@id":"https:\/\/www.intersoccermadrid.com\/en\/raul-rabade-bayon-alumno-numero-500-de-los-programas-intersoccer-madrid\/#breadcrumb"},"inLanguage":"en-US","potentialAction":[{"@type":"ReadAction","target":["https:\/\/www.intersoccermadrid.com\/en\/raul-rabade-bayon-alumno-numero-500-de-los-programas-intersoccer-madrid\/"]}]},{"@type":"BreadcrumbList","@id":"https:\/\/www.intersoccermadrid.com\/en\/raul-rabade-bayon-alumno-numero-500-de-los-programas-intersoccer-madrid\/#breadcrumb","itemListElement":[{"@type":"ListItem","position":1,"name":"Home","item":"https:\/\/www.intersoccermadrid.com\/en\/"},{"@type":"ListItem","position":2,"name":"Raul Rabade Bay\u00f3n, alumno n\u00famero 500 de los programas Intersoccer Madrid"}]},{"@type":"WebSite","@id":"https:\/\/www.intersoccermadrid.com\/en\/#website","url":"https:\/\/www.intersoccermadrid.com\/en\/","name":"International Soccer Academy of Madrid","description":"International Soccer Academy of Madrid","potentialAction":[{"@type":"SearchAction","target":{"@type":"EntryPoint","urlTemplate":"https:\/\/www.intersoccermadrid.com\/en\/?s={search_term_string}"},"query-input":"required name=search_term_string"}],"inLanguage":"en-US"},{"@type":"Person","@id":"https:\/\/www.intersoccermadrid.com\/en\/#\/schema\/person\/4843f782828393fd2fd34a6db5ce5d48","name":"Administrator","image":{"@type":"ImageObject","inLanguage":"en-US","@id":"https:\/\/www.intersoccermadrid.com\/en\/#\/schema\/person\/image\/","url":"https:\/\/secure.gravatar.com\/avatar\/85ec5305f9a568d3e58c20ee91decabf?s=96&d=mm&r=g","contentUrl":"https:\/\/secure.gravatar.com\/avatar\/85ec5305f9a568d3e58c20ee91decabf?s=96&d=mm&r=g","caption":"Administrator"},"url":"https:\/\/www.intersoccermadrid.com\/en\/author\/admin\/"}]}},"_links":{"self":[{"href":"https:\/\/www.intersoccermadrid.com\/en\/wp-json\/wp\/v2\/posts\/380"}],"collection":[{"href":"https:\/\/www.intersoccermadrid.com\/en\/wp-json\/wp\/v2\/posts"}],"about":[{"href":"https:\/\/www.intersoccermadrid.com\/en\/wp-json\/wp\/v2\/types\/post"}],"author":[{"embeddable":true,"href":"https:\/\/www.intersoccermadrid.com\/en\/wp-json\/wp\/v2\/users\/2"}],"replies":[{"embeddable":true,"href":"https:\/\/www.intersoccermadrid.com\/en\/wp-json\/wp\/v2\/comments?post=380"}],"version-history":[{"count":0,"href":"https:\/\/www.intersoccermadrid.com\/en\/wp-json\/wp\/v2\/posts\/380\/revisions"}],"wp:featuredmedia":[{"embeddable":true,"href":"https:\/\/www.intersoccermadrid.com\/en\/wp-json\/wp\/v2\/media\/4450"}],"wp:attachment":[{"href":"https:\/\/www.intersoccermadrid.com\/en\/wp-json\/wp\/v2\/media?parent=380"}],"wp:term":[{"taxonomy":"category","embeddable":true,"href":"https:\/\/www.intersoccermadrid.com\/en\/wp-json\/wp\/v2\/categories?post=380"},{"taxonomy":"post_tag","embeddable":true,"href":"https:\/\/www.intersoccermadrid.com\/en\/wp-json\/wp\/v2\/tags?post=380"}],"curies":[{"name":"wp","href":"https:\/\/api.w.org\/{rel}","templated":true}]}}