{"id":378,"date":"2015-07-14T00:00:00","date_gmt":"2015-07-13T22:00:00","guid":{"rendered":"https:\/\/www.intersoccermadrid.com\/sory-kaba-y-bogdan-con-el-getafe-de-segunda-division-b\/"},"modified":"2015-07-14T00:00:00","modified_gmt":"2015-07-13T22:00:00","slug":"sory-kaba-y-bogdan-con-el-getafe-de-segunda-division-b","status":"publish","type":"post","link":"https:\/\/www.intersoccermadrid.com\/en\/sory-kaba-y-bogdan-con-el-getafe-de-segunda-division-b\/","title":{"rendered":"Sory Kaba y Bogdan, con el Getafe de Segunda Divisi\u00f3n B"},"content":{"rendered":"<p><img decoding=\"async\" loading=\"lazy\" class=\" alignleft size-full wp-image-4436\" src=\"https:\/\/www.intersoccermadrid.com\/wp-content\/uploads\/2015\/07\/2015_sorybogdan_getafe_01.jpg\" border=\"0\" alt=\"Sory Kaba y Bogdan, con el Getafe de Segunda Divisi\u00f3n B\" title=\"Sory Kaba y Bogdan, con el Getafe de Segunda Divisi\u00f3n B\" align=\"left\" width=\"800\" height=\"600\" srcset=\"https:\/\/www.intersoccermadrid.com\/wp-content\/uploads\/2015\/07\/2015_sorybogdan_getafe_01.jpg 800w, https:\/\/www.intersoccermadrid.com\/wp-content\/uploads\/2015\/07\/2015_sorybogdan_getafe_01-300x225.jpg 300w, https:\/\/www.intersoccermadrid.com\/wp-content\/uploads\/2015\/07\/2015_sorybogdan_getafe_01-768x576.jpg 768w\" sizes=\"(max-width: 800px) 100vw, 800px\" \/><\/p>\n<p>El talento y la evoluci\u00f3n de los alumnos de la Academia Intersoccer Madrid sigue llamando la atenci\u00f3n de los clubes profesionales de Primera Divisi\u00f3n de Madrid.<\/p>\n<p>  <!--more-->  <\/p>\n<p>Ahora ha sido el Getafe C.F. quien se ha fijado en la cantera de jugadores de Intersoccer que juegan en su club patrocinador Alcobendas Levitt CF, y as\u00ed, Bogdan, en el inicio de su segundo a\u00f1o como juvenil -es nacido en 1998-, aunque tendr\u00e1 ficha probablemente del juvenil Divisi\u00f3n de Honor del club azul\u00f3n, ha iniciado la pretemporada con el equipo profesional de Segunda Divisi\u00f3n B del club getafense. \u00a1Mete\u00f3rica la progresi\u00f3n de Bogdan! En la temporada pasada, con ficha del Juvenil B del Levitt, pas\u00f3 al Juvenil de Divisi\u00f3n de Honor, donde tan solo estuvo dos meses dado que, Jos\u00e9 Manuel Jimeno, entrenador del equipo de Tercera Divisi\u00f3n, le llam\u00f3 para formar parte de este, y como titular, durante los \u00faltimos tres meses de la competici\u00f3n. Algo que ha sido muy tenido en cuenta por el Getafe C.F. a la hora de poner los ojos en el talentoso y joven jugador de la Academia Intersoccer.<\/p>\n<p>Tambi\u00e9n ha iniciado la pretemporada con el Getafe de Segunda B, Sory Kaba, jugador nacido en 1995 y quien inicia su segunda temporada como senior. El a\u00f1o pasado Sory, jugador de Guinea Conakri, jugando como delantero en el Levitt, fue uno de los jugadores m\u00e1s destacados del grupo VII de Tercera Divisi\u00f3n, algo que llam\u00f3 la atenci\u00f3n de muchos clubes. De momento, a\u00fan con varias ofertas de clubes profesionales de Espa\u00f1a, de otros pa\u00edses europeos e, incluso de M\u00e9jico, Sory Kaba ha preferido escuchar la propuesta del club getafense para hacer la pretemporada en sus filas. Con el \u00e1nimo tanto de ganarse un sitio en la plantilla profesional de dicho club como de continuar con su carrera en la Comunidad de Madrid; lugar de gran visibilidad y repercusi\u00f3n en la carrera de cualquier joven jugador de f\u00fatbol.<\/p>\n<p>\u00a1\u00c1nimo chicos! Ojal\u00e1 contin\u00faen cumpli\u00e9ndose vuestros objetivos.<\/p>\n<p>  <!--<iframe loading=\"lazy\" width=\"320\" height=\"240\" src=\"\/\/www.youtube.com\/embed\/5QIQxATQka\" frameborder=\"0\"><\/iframe>--><\/p>\n","protected":false},"excerpt":{"rendered":"<p>El talento y la evoluci\u00f3n de los alumnos de la Academia Intersoccer Madrid sigue llamando la atenci\u00f3n de los clubes profesionales de Primera Divisi\u00f3n de Madrid.<\/p>\n","protected":false},"author":2,"featured_media":4436,"comment_status":"open","ping_status":"open","sticky":false,"template":"","format":"standard","meta":{"_et_pb_use_builder":"","_et_pb_old_content":"","_et_gb_content_width":""},"categories":[8],"tags":[],"yoast_head":"<!-- This site is optimized with the Yoast SEO plugin v20.9 - https:\/\/yoast.com\/wordpress\/plugins\/seo\/ -->\n<title>Sory Kaba y Bogdan, con el Getafe de Segunda Divisi\u00f3n B &middot; International Soccer Academy of Madrid<\/title>\n<meta name=\"robots\" content=\"index, follow, max-snippet:-1, max-image-preview:large, max-video-preview:-1\" \/>\n<link rel=\"canonical\" href=\"https:\/\/www.intersoccermadrid.com\/en\/sory-kaba-y-bogdan-con-el-getafe-de-segunda-division-b\/\" \/>\n<meta property=\"og:locale\" content=\"en_US\" \/>\n<meta property=\"og:type\" content=\"article\" \/>\n<meta property=\"og:title\" content=\"Sory Kaba y Bogdan, con el Getafe de Segunda Divisi\u00f3n B &middot; International Soccer Academy of Madrid\" \/>\n<meta property=\"og:description\" content=\"El talento y la evoluci\u00f3n de los alumnos de la Academia Intersoccer Madrid sigue llamando la atenci\u00f3n de los clubes profesionales de Primera Divisi\u00f3n de Madrid.\" \/>\n<meta property=\"og:url\" content=\"https:\/\/www.intersoccermadrid.com\/en\/sory-kaba-y-bogdan-con-el-getafe-de-segunda-division-b\/\" \/>\n<meta property=\"og:site_name\" content=\"International Soccer Academy of Madrid\" \/>\n<meta property=\"article:published_time\" content=\"2015-07-13T22:00:00+00:00\" \/>\n<meta property=\"og:image\" content=\"https:\/\/www.intersoccermadrid.com\/wp-content\/uploads\/2015\/07\/2015_sorybogdan_getafe_01.jpg\" \/>\n\t<meta property=\"og:image:width\" content=\"800\" \/>\n\t<meta property=\"og:image:height\" content=\"600\" \/>\n\t<meta property=\"og:image:type\" content=\"image\/jpeg\" \/>\n<meta name=\"author\" content=\"Administrator\" \/>\n<meta name=\"twitter:card\" content=\"summary_large_image\" \/>\n<meta name=\"twitter:label1\" content=\"Written by\" \/>\n\t<meta name=\"twitter:data1\" content=\"Administrator\" \/>\n\t<meta name=\"twitter:label2\" content=\"Est. reading time\" \/>\n\t<meta name=\"twitter:data2\" content=\"2 minutes\" \/>\n<script type=\"application\/ld+json\" class=\"yoast-schema-graph\">{\"@context\":\"https:\/\/schema.org\",\"@graph\":[{\"@type\":\"WebPage\",\"@id\":\"https:\/\/www.intersoccermadrid.com\/en\/sory-kaba-y-bogdan-con-el-getafe-de-segunda-division-b\/\",\"url\":\"https:\/\/www.intersoccermadrid.com\/en\/sory-kaba-y-bogdan-con-el-getafe-de-segunda-division-b\/\",\"name\":\"Sory Kaba y Bogdan, con el Getafe de Segunda Divisi\u00f3n B &middot; International Soccer Academy of Madrid\",\"isPartOf\":{\"@id\":\"https:\/\/www.intersoccermadrid.com\/en\/#website\"},\"datePublished\":\"2015-07-13T22:00:00+00:00\",\"dateModified\":\"2015-07-13T22:00:00+00:00\",\"author\":{\"@id\":\"https:\/\/www.intersoccermadrid.com\/en\/#\/schema\/person\/4843f782828393fd2fd34a6db5ce5d48\"},\"breadcrumb\":{\"@id\":\"https:\/\/www.intersoccermadrid.com\/en\/sory-kaba-y-bogdan-con-el-getafe-de-segunda-division-b\/#breadcrumb\"},\"inLanguage\":\"en-US\",\"potentialAction\":[{\"@type\":\"ReadAction\",\"target\":[\"https:\/\/www.intersoccermadrid.com\/en\/sory-kaba-y-bogdan-con-el-getafe-de-segunda-division-b\/\"]}]},{\"@type\":\"BreadcrumbList\",\"@id\":\"https:\/\/www.intersoccermadrid.com\/en\/sory-kaba-y-bogdan-con-el-getafe-de-segunda-division-b\/#breadcrumb\",\"itemListElement\":[{\"@type\":\"ListItem\",\"position\":1,\"name\":\"Home\",\"item\":\"https:\/\/www.intersoccermadrid.com\/en\/\"},{\"@type\":\"ListItem\",\"position\":2,\"name\":\"Sory Kaba y Bogdan, con el Getafe de Segunda Divisi\u00f3n B\"}]},{\"@type\":\"WebSite\",\"@id\":\"https:\/\/www.intersoccermadrid.com\/en\/#website\",\"url\":\"https:\/\/www.intersoccermadrid.com\/en\/\",\"name\":\"International Soccer Academy of Madrid\",\"description\":\"International Soccer Academy of Madrid\",\"potentialAction\":[{\"@type\":\"SearchAction\",\"target\":{\"@type\":\"EntryPoint\",\"urlTemplate\":\"https:\/\/www.intersoccermadrid.com\/en\/?s={search_term_string}\"},\"query-input\":\"required name=search_term_string\"}],\"inLanguage\":\"en-US\"},{\"@type\":\"Person\",\"@id\":\"https:\/\/www.intersoccermadrid.com\/en\/#\/schema\/person\/4843f782828393fd2fd34a6db5ce5d48\",\"name\":\"Administrator\",\"image\":{\"@type\":\"ImageObject\",\"inLanguage\":\"en-US\",\"@id\":\"https:\/\/www.intersoccermadrid.com\/en\/#\/schema\/person\/image\/\",\"url\":\"https:\/\/secure.gravatar.com\/avatar\/85ec5305f9a568d3e58c20ee91decabf?s=96&d=mm&r=g\",\"contentUrl\":\"https:\/\/secure.gravatar.com\/avatar\/85ec5305f9a568d3e58c20ee91decabf?s=96&d=mm&r=g\",\"caption\":\"Administrator\"},\"url\":\"https:\/\/www.intersoccermadrid.com\/en\/author\/admin\/\"}]}<\/script>\n<!-- \/ Yoast SEO plugin. -->","yoast_head_json":{"title":"Sory Kaba y Bogdan, con el Getafe de Segunda Divisi\u00f3n B &middot; International Soccer Academy of Madrid","robots":{"index":"index","follow":"follow","max-snippet":"max-snippet:-1","max-image-preview":"max-image-preview:large","max-video-preview":"max-video-preview:-1"},"canonical":"https:\/\/www.intersoccermadrid.com\/en\/sory-kaba-y-bogdan-con-el-getafe-de-segunda-division-b\/","og_locale":"en_US","og_type":"article","og_title":"Sory Kaba y Bogdan, con el Getafe de Segunda Divisi\u00f3n B &middot; International Soccer Academy of Madrid","og_description":"El talento y la evoluci\u00f3n de los alumnos de la Academia Intersoccer Madrid sigue llamando la atenci\u00f3n de los clubes profesionales de Primera Divisi\u00f3n de Madrid.","og_url":"https:\/\/www.intersoccermadrid.com\/en\/sory-kaba-y-bogdan-con-el-getafe-de-segunda-division-b\/","og_site_name":"International Soccer Academy of Madrid","article_published_time":"2015-07-13T22:00:00+00:00","og_image":[{"width":800,"height":600,"url":"https:\/\/www.intersoccermadrid.com\/wp-content\/uploads\/2015\/07\/2015_sorybogdan_getafe_01.jpg","type":"image\/jpeg"}],"author":"Administrator","twitter_card":"summary_large_image","twitter_misc":{"Written by":"Administrator","Est. reading time":"2 minutes"},"schema":{"@context":"https:\/\/schema.org","@graph":[{"@type":"WebPage","@id":"https:\/\/www.intersoccermadrid.com\/en\/sory-kaba-y-bogdan-con-el-getafe-de-segunda-division-b\/","url":"https:\/\/www.intersoccermadrid.com\/en\/sory-kaba-y-bogdan-con-el-getafe-de-segunda-division-b\/","name":"Sory Kaba y Bogdan, con el Getafe de Segunda Divisi\u00f3n B &middot; International Soccer Academy of Madrid","isPartOf":{"@id":"https:\/\/www.intersoccermadrid.com\/en\/#website"},"datePublished":"2015-07-13T22:00:00+00:00","dateModified":"2015-07-13T22:00:00+00:00","author":{"@id":"https:\/\/www.intersoccermadrid.com\/en\/#\/schema\/person\/4843f782828393fd2fd34a6db5ce5d48"},"breadcrumb":{"@id":"https:\/\/www.intersoccermadrid.com\/en\/sory-kaba-y-bogdan-con-el-getafe-de-segunda-division-b\/#breadcrumb"},"inLanguage":"en-US","potentialAction":[{"@type":"ReadAction","target":["https:\/\/www.intersoccermadrid.com\/en\/sory-kaba-y-bogdan-con-el-getafe-de-segunda-division-b\/"]}]},{"@type":"BreadcrumbList","@id":"https:\/\/www.intersoccermadrid.com\/en\/sory-kaba-y-bogdan-con-el-getafe-de-segunda-division-b\/#breadcrumb","itemListElement":[{"@type":"ListItem","position":1,"name":"Home","item":"https:\/\/www.intersoccermadrid.com\/en\/"},{"@type":"ListItem","position":2,"name":"Sory Kaba y Bogdan, con el Getafe de Segunda Divisi\u00f3n B"}]},{"@type":"WebSite","@id":"https:\/\/www.intersoccermadrid.com\/en\/#website","url":"https:\/\/www.intersoccermadrid.com\/en\/","name":"International Soccer Academy of Madrid","description":"International Soccer Academy of Madrid","potentialAction":[{"@type":"SearchAction","target":{"@type":"EntryPoint","urlTemplate":"https:\/\/www.intersoccermadrid.com\/en\/?s={search_term_string}"},"query-input":"required name=search_term_string"}],"inLanguage":"en-US"},{"@type":"Person","@id":"https:\/\/www.intersoccermadrid.com\/en\/#\/schema\/person\/4843f782828393fd2fd34a6db5ce5d48","name":"Administrator","image":{"@type":"ImageObject","inLanguage":"en-US","@id":"https:\/\/www.intersoccermadrid.com\/en\/#\/schema\/person\/image\/","url":"https:\/\/secure.gravatar.com\/avatar\/85ec5305f9a568d3e58c20ee91decabf?s=96&d=mm&r=g","contentUrl":"https:\/\/secure.gravatar.com\/avatar\/85ec5305f9a568d3e58c20ee91decabf?s=96&d=mm&r=g","caption":"Administrator"},"url":"https:\/\/www.intersoccermadrid.com\/en\/author\/admin\/"}]}},"_links":{"self":[{"href":"https:\/\/www.intersoccermadrid.com\/en\/wp-json\/wp\/v2\/posts\/378"}],"collection":[{"href":"https:\/\/www.intersoccermadrid.com\/en\/wp-json\/wp\/v2\/posts"}],"about":[{"href":"https:\/\/www.intersoccermadrid.com\/en\/wp-json\/wp\/v2\/types\/post"}],"author":[{"embeddable":true,"href":"https:\/\/www.intersoccermadrid.com\/en\/wp-json\/wp\/v2\/users\/2"}],"replies":[{"embeddable":true,"href":"https:\/\/www.intersoccermadrid.com\/en\/wp-json\/wp\/v2\/comments?post=378"}],"version-history":[{"count":0,"href":"https:\/\/www.intersoccermadrid.com\/en\/wp-json\/wp\/v2\/posts\/378\/revisions"}],"wp:featuredmedia":[{"embeddable":true,"href":"https:\/\/www.intersoccermadrid.com\/en\/wp-json\/wp\/v2\/media\/4436"}],"wp:attachment":[{"href":"https:\/\/www.intersoccermadrid.com\/en\/wp-json\/wp\/v2\/media?parent=378"}],"wp:term":[{"taxonomy":"category","embeddable":true,"href":"https:\/\/www.intersoccermadrid.com\/en\/wp-json\/wp\/v2\/categories?post=378"},{"taxonomy":"post_tag","embeddable":true,"href":"https:\/\/www.intersoccermadrid.com\/en\/wp-json\/wp\/v2\/tags?post=378"}],"curies":[{"name":"wp","href":"https:\/\/api.w.org\/{rel}","templated":true}]}}