{"id":319,"date":"2015-02-05T12:12:45","date_gmt":"2015-02-05T11:12:45","guid":{"rendered":"https:\/\/www.intersoccermadrid.com\/christian-un-asiduo-en-la-seleccion-sub18-de-la-real-federacion-de-futbol-de-madrid\/"},"modified":"2015-02-05T12:12:45","modified_gmt":"2015-02-05T11:12:45","slug":"christian-un-asiduo-en-la-seleccion-sub18-de-la-real-federacion-de-futbol-de-madrid","status":"publish","type":"post","link":"https:\/\/www.intersoccermadrid.com\/en\/christian-un-asiduo-en-la-seleccion-sub18-de-la-real-federacion-de-futbol-de-madrid\/","title":{"rendered":"Christian, un asiduo en la Selecci\u00f3n Sub18 de la Real Federaci\u00f3n de F\u00fatbol de Madrid"},"content":{"rendered":"<p><img decoding=\"async\" loading=\"lazy\" class=\" alignleft size-full wp-image-3786\" src=\"https:\/\/www.intersoccermadrid.com\/wp-content\/uploads\/2015\/02\/2014_rudjensdebut_01.jpg\" border=\"0\" alt=\"Christian, un asiduo en la Selecci\u00f3n Sub18 de la Real Federaci\u00f3n de F\u00fatbol de Madrid\" title=\"Christian, un asiduo en la Selecci\u00f3n Sub18 de la Real Federaci\u00f3n de F\u00fatbol de Madrid\" align=\"left\" width=\"800\" height=\"600\" srcset=\"https:\/\/www.intersoccermadrid.com\/wp-content\/uploads\/2015\/02\/2014_rudjensdebut_01.jpg 800w, https:\/\/www.intersoccermadrid.com\/wp-content\/uploads\/2015\/02\/2014_rudjensdebut_01-300x225.jpg 300w, https:\/\/www.intersoccermadrid.com\/wp-content\/uploads\/2015\/02\/2014_rudjensdebut_01-768x576.jpg 768w\" sizes=\"(max-width: 800px) 100vw, 800px\" \/><\/p>\n<p>El joven alumno de InterSoccer, Christian Rutjens, jugador del juvenil de Divisi\u00f3n de Honor del Alcobendas-Levitt FC, contin\u00faa siendo llamado a las convocatorias de la selecci\u00f3n Sub18 de la Real Federaci\u00f3n de F\u00fatbol de Madrid que, precisamente en Alcobendas, disputar\u00e1 la segunda fase del Campeonato de Espa\u00f1a frente a las selecciones de Navarra y Extremadura, durante los d\u00edas 20, 21 y 22 del presente mes de febrero.<\/p>\n<p>  <!--more-->  <\/p>\n<p>Actualmente, el joven jugador hispano\/holand\u00e9s de la Academia InterSoccer, est\u00e1 incluido dentro de los 22 jugadores de los 18 que compondr\u00e1n la lista definitiva que disputar\u00e1 la fase clasificatoria para la ronda final del Campeonato de Espa\u00f1a.<\/p>\n<p>Todo ello es un premio a la gran regularidad que, a pesar de ser jugador juvenil de primer a\u00f1o, est\u00e1 demostrando Christian en todas sus actuaciones como defensa central del Alcobendas Levitt.<\/p>\n<p>\u00a1Suerte, chaval, de cara a la elecci\u00f3n final para la disputa del campeonato y a seguir as\u00ed!<\/p>\n<p>  <!--<iframe loading=\"lazy\" width=\"320\" height=\"240\" src=\"\/\/www.youtube.com\/embed\/5QIQxATQka\" frameborder=\"0\"><\/iframe>--><\/p>\n","protected":false},"excerpt":{"rendered":"<p>El joven alumno de InterSoccer, Christian Rutjens, jugador del juvenil de Divisi\u00f3n de Honor del Alcobendas-Levitt FC, contin\u00faa siendo llamado a las convocatorias de la selecci\u00f3n Sub18 de la Real Federaci\u00f3n de F\u00fatbol de Madrid que, precisamente en Alcobendas, disputar\u00e1 la segunda fase del Campeonato de Espa\u00f1a frente a las selecciones de Navarra y Extremadura, [&hellip;]<\/p>\n","protected":false},"author":2,"featured_media":3786,"comment_status":"open","ping_status":"open","sticky":false,"template":"","format":"standard","meta":{"_et_pb_use_builder":"","_et_pb_old_content":"","_et_gb_content_width":""},"categories":[8],"tags":[],"yoast_head":"<!-- This site is optimized with the Yoast SEO plugin v20.9 - https:\/\/yoast.com\/wordpress\/plugins\/seo\/ -->\n<title>Christian, un asiduo en la Selecci\u00f3n Sub18 de la Real Federaci\u00f3n de F\u00fatbol de Madrid &middot; International Soccer Academy of Madrid<\/title>\n<meta name=\"robots\" content=\"index, follow, max-snippet:-1, max-image-preview:large, max-video-preview:-1\" \/>\n<link rel=\"canonical\" href=\"https:\/\/www.intersoccermadrid.com\/en\/christian-un-asiduo-en-la-seleccion-sub18-de-la-real-federacion-de-futbol-de-madrid\/\" \/>\n<meta property=\"og:locale\" content=\"en_US\" \/>\n<meta property=\"og:type\" content=\"article\" \/>\n<meta property=\"og:title\" content=\"Christian, un asiduo en la Selecci\u00f3n Sub18 de la Real Federaci\u00f3n de F\u00fatbol de Madrid &middot; International Soccer Academy of Madrid\" \/>\n<meta property=\"og:description\" content=\"El joven alumno de InterSoccer, Christian Rutjens, jugador del juvenil de Divisi\u00f3n de Honor del Alcobendas-Levitt FC, contin\u00faa siendo llamado a las convocatorias de la selecci\u00f3n Sub18 de la Real Federaci\u00f3n de F\u00fatbol de Madrid que, precisamente en Alcobendas, disputar\u00e1 la segunda fase del Campeonato de Espa\u00f1a frente a las selecciones de Navarra y Extremadura, [&hellip;]\" \/>\n<meta property=\"og:url\" content=\"https:\/\/www.intersoccermadrid.com\/en\/christian-un-asiduo-en-la-seleccion-sub18-de-la-real-federacion-de-futbol-de-madrid\/\" \/>\n<meta property=\"og:site_name\" content=\"International Soccer Academy of Madrid\" \/>\n<meta property=\"article:published_time\" content=\"2015-02-05T11:12:45+00:00\" \/>\n<meta property=\"og:image\" content=\"https:\/\/www.intersoccermadrid.com\/wp-content\/uploads\/2015\/02\/2014_rudjensdebut_01.jpg\" \/>\n\t<meta property=\"og:image:width\" content=\"800\" \/>\n\t<meta property=\"og:image:height\" content=\"600\" \/>\n\t<meta property=\"og:image:type\" content=\"image\/jpeg\" \/>\n<meta name=\"author\" content=\"Administrator\" \/>\n<meta name=\"twitter:card\" content=\"summary_large_image\" \/>\n<meta name=\"twitter:label1\" content=\"Written by\" \/>\n\t<meta name=\"twitter:data1\" content=\"Administrator\" \/>\n\t<meta name=\"twitter:label2\" content=\"Est. reading time\" \/>\n\t<meta name=\"twitter:data2\" content=\"1 minute\" \/>\n<script type=\"application\/ld+json\" class=\"yoast-schema-graph\">{\"@context\":\"https:\/\/schema.org\",\"@graph\":[{\"@type\":\"WebPage\",\"@id\":\"https:\/\/www.intersoccermadrid.com\/en\/christian-un-asiduo-en-la-seleccion-sub18-de-la-real-federacion-de-futbol-de-madrid\/\",\"url\":\"https:\/\/www.intersoccermadrid.com\/en\/christian-un-asiduo-en-la-seleccion-sub18-de-la-real-federacion-de-futbol-de-madrid\/\",\"name\":\"Christian, un asiduo en la Selecci\u00f3n Sub18 de la Real Federaci\u00f3n de F\u00fatbol de Madrid &middot; International Soccer Academy of Madrid\",\"isPartOf\":{\"@id\":\"https:\/\/www.intersoccermadrid.com\/en\/#website\"},\"datePublished\":\"2015-02-05T11:12:45+00:00\",\"dateModified\":\"2015-02-05T11:12:45+00:00\",\"author\":{\"@id\":\"https:\/\/www.intersoccermadrid.com\/en\/#\/schema\/person\/4843f782828393fd2fd34a6db5ce5d48\"},\"breadcrumb\":{\"@id\":\"https:\/\/www.intersoccermadrid.com\/en\/christian-un-asiduo-en-la-seleccion-sub18-de-la-real-federacion-de-futbol-de-madrid\/#breadcrumb\"},\"inLanguage\":\"en-US\",\"potentialAction\":[{\"@type\":\"ReadAction\",\"target\":[\"https:\/\/www.intersoccermadrid.com\/en\/christian-un-asiduo-en-la-seleccion-sub18-de-la-real-federacion-de-futbol-de-madrid\/\"]}]},{\"@type\":\"BreadcrumbList\",\"@id\":\"https:\/\/www.intersoccermadrid.com\/en\/christian-un-asiduo-en-la-seleccion-sub18-de-la-real-federacion-de-futbol-de-madrid\/#breadcrumb\",\"itemListElement\":[{\"@type\":\"ListItem\",\"position\":1,\"name\":\"Home\",\"item\":\"https:\/\/www.intersoccermadrid.com\/en\/\"},{\"@type\":\"ListItem\",\"position\":2,\"name\":\"Christian, un asiduo en la Selecci\u00f3n Sub18 de la Real Federaci\u00f3n de F\u00fatbol de Madrid\"}]},{\"@type\":\"WebSite\",\"@id\":\"https:\/\/www.intersoccermadrid.com\/en\/#website\",\"url\":\"https:\/\/www.intersoccermadrid.com\/en\/\",\"name\":\"International Soccer Academy of Madrid\",\"description\":\"International Soccer Academy of Madrid\",\"potentialAction\":[{\"@type\":\"SearchAction\",\"target\":{\"@type\":\"EntryPoint\",\"urlTemplate\":\"https:\/\/www.intersoccermadrid.com\/en\/?s={search_term_string}\"},\"query-input\":\"required name=search_term_string\"}],\"inLanguage\":\"en-US\"},{\"@type\":\"Person\",\"@id\":\"https:\/\/www.intersoccermadrid.com\/en\/#\/schema\/person\/4843f782828393fd2fd34a6db5ce5d48\",\"name\":\"Administrator\",\"image\":{\"@type\":\"ImageObject\",\"inLanguage\":\"en-US\",\"@id\":\"https:\/\/www.intersoccermadrid.com\/en\/#\/schema\/person\/image\/\",\"url\":\"https:\/\/secure.gravatar.com\/avatar\/85ec5305f9a568d3e58c20ee91decabf?s=96&d=mm&r=g\",\"contentUrl\":\"https:\/\/secure.gravatar.com\/avatar\/85ec5305f9a568d3e58c20ee91decabf?s=96&d=mm&r=g\",\"caption\":\"Administrator\"},\"url\":\"https:\/\/www.intersoccermadrid.com\/en\/author\/admin\/\"}]}<\/script>\n<!-- \/ Yoast SEO plugin. -->","yoast_head_json":{"title":"Christian, un asiduo en la Selecci\u00f3n Sub18 de la Real Federaci\u00f3n de F\u00fatbol de Madrid &middot; International Soccer Academy of Madrid","robots":{"index":"index","follow":"follow","max-snippet":"max-snippet:-1","max-image-preview":"max-image-preview:large","max-video-preview":"max-video-preview:-1"},"canonical":"https:\/\/www.intersoccermadrid.com\/en\/christian-un-asiduo-en-la-seleccion-sub18-de-la-real-federacion-de-futbol-de-madrid\/","og_locale":"en_US","og_type":"article","og_title":"Christian, un asiduo en la Selecci\u00f3n Sub18 de la Real Federaci\u00f3n de F\u00fatbol de Madrid &middot; International Soccer Academy of Madrid","og_description":"El joven alumno de InterSoccer, Christian Rutjens, jugador del juvenil de Divisi\u00f3n de Honor del Alcobendas-Levitt FC, contin\u00faa siendo llamado a las convocatorias de la selecci\u00f3n Sub18 de la Real Federaci\u00f3n de F\u00fatbol de Madrid que, precisamente en Alcobendas, disputar\u00e1 la segunda fase del Campeonato de Espa\u00f1a frente a las selecciones de Navarra y Extremadura, [&hellip;]","og_url":"https:\/\/www.intersoccermadrid.com\/en\/christian-un-asiduo-en-la-seleccion-sub18-de-la-real-federacion-de-futbol-de-madrid\/","og_site_name":"International Soccer Academy of Madrid","article_published_time":"2015-02-05T11:12:45+00:00","og_image":[{"width":800,"height":600,"url":"https:\/\/www.intersoccermadrid.com\/wp-content\/uploads\/2015\/02\/2014_rudjensdebut_01.jpg","type":"image\/jpeg"}],"author":"Administrator","twitter_card":"summary_large_image","twitter_misc":{"Written by":"Administrator","Est. reading time":"1 minute"},"schema":{"@context":"https:\/\/schema.org","@graph":[{"@type":"WebPage","@id":"https:\/\/www.intersoccermadrid.com\/en\/christian-un-asiduo-en-la-seleccion-sub18-de-la-real-federacion-de-futbol-de-madrid\/","url":"https:\/\/www.intersoccermadrid.com\/en\/christian-un-asiduo-en-la-seleccion-sub18-de-la-real-federacion-de-futbol-de-madrid\/","name":"Christian, un asiduo en la Selecci\u00f3n Sub18 de la Real Federaci\u00f3n de F\u00fatbol de Madrid &middot; International Soccer Academy of Madrid","isPartOf":{"@id":"https:\/\/www.intersoccermadrid.com\/en\/#website"},"datePublished":"2015-02-05T11:12:45+00:00","dateModified":"2015-02-05T11:12:45+00:00","author":{"@id":"https:\/\/www.intersoccermadrid.com\/en\/#\/schema\/person\/4843f782828393fd2fd34a6db5ce5d48"},"breadcrumb":{"@id":"https:\/\/www.intersoccermadrid.com\/en\/christian-un-asiduo-en-la-seleccion-sub18-de-la-real-federacion-de-futbol-de-madrid\/#breadcrumb"},"inLanguage":"en-US","potentialAction":[{"@type":"ReadAction","target":["https:\/\/www.intersoccermadrid.com\/en\/christian-un-asiduo-en-la-seleccion-sub18-de-la-real-federacion-de-futbol-de-madrid\/"]}]},{"@type":"BreadcrumbList","@id":"https:\/\/www.intersoccermadrid.com\/en\/christian-un-asiduo-en-la-seleccion-sub18-de-la-real-federacion-de-futbol-de-madrid\/#breadcrumb","itemListElement":[{"@type":"ListItem","position":1,"name":"Home","item":"https:\/\/www.intersoccermadrid.com\/en\/"},{"@type":"ListItem","position":2,"name":"Christian, un asiduo en la Selecci\u00f3n Sub18 de la Real Federaci\u00f3n de F\u00fatbol de Madrid"}]},{"@type":"WebSite","@id":"https:\/\/www.intersoccermadrid.com\/en\/#website","url":"https:\/\/www.intersoccermadrid.com\/en\/","name":"International Soccer Academy of Madrid","description":"International Soccer Academy of Madrid","potentialAction":[{"@type":"SearchAction","target":{"@type":"EntryPoint","urlTemplate":"https:\/\/www.intersoccermadrid.com\/en\/?s={search_term_string}"},"query-input":"required name=search_term_string"}],"inLanguage":"en-US"},{"@type":"Person","@id":"https:\/\/www.intersoccermadrid.com\/en\/#\/schema\/person\/4843f782828393fd2fd34a6db5ce5d48","name":"Administrator","image":{"@type":"ImageObject","inLanguage":"en-US","@id":"https:\/\/www.intersoccermadrid.com\/en\/#\/schema\/person\/image\/","url":"https:\/\/secure.gravatar.com\/avatar\/85ec5305f9a568d3e58c20ee91decabf?s=96&d=mm&r=g","contentUrl":"https:\/\/secure.gravatar.com\/avatar\/85ec5305f9a568d3e58c20ee91decabf?s=96&d=mm&r=g","caption":"Administrator"},"url":"https:\/\/www.intersoccermadrid.com\/en\/author\/admin\/"}]}},"_links":{"self":[{"href":"https:\/\/www.intersoccermadrid.com\/en\/wp-json\/wp\/v2\/posts\/319"}],"collection":[{"href":"https:\/\/www.intersoccermadrid.com\/en\/wp-json\/wp\/v2\/posts"}],"about":[{"href":"https:\/\/www.intersoccermadrid.com\/en\/wp-json\/wp\/v2\/types\/post"}],"author":[{"embeddable":true,"href":"https:\/\/www.intersoccermadrid.com\/en\/wp-json\/wp\/v2\/users\/2"}],"replies":[{"embeddable":true,"href":"https:\/\/www.intersoccermadrid.com\/en\/wp-json\/wp\/v2\/comments?post=319"}],"version-history":[{"count":0,"href":"https:\/\/www.intersoccermadrid.com\/en\/wp-json\/wp\/v2\/posts\/319\/revisions"}],"wp:featuredmedia":[{"embeddable":true,"href":"https:\/\/www.intersoccermadrid.com\/en\/wp-json\/wp\/v2\/media\/3786"}],"wp:attachment":[{"href":"https:\/\/www.intersoccermadrid.com\/en\/wp-json\/wp\/v2\/media?parent=319"}],"wp:term":[{"taxonomy":"category","embeddable":true,"href":"https:\/\/www.intersoccermadrid.com\/en\/wp-json\/wp\/v2\/categories?post=319"},{"taxonomy":"post_tag","embeddable":true,"href":"https:\/\/www.intersoccermadrid.com\/en\/wp-json\/wp\/v2\/tags?post=319"}],"curies":[{"name":"wp","href":"https:\/\/api.w.org\/{rel}","templated":true}]}}