{"id":287,"date":"2014-10-26T12:23:19","date_gmt":"2014-10-26T11:23:19","guid":{"rendered":"https:\/\/www.intersoccermadrid.com\/victor-martin-laguna-vice-president-of-real-federacion-de-futbol-de-madrid-visited-intersoccer-sessions-in-alalpardo\/"},"modified":"2014-10-26T12:23:19","modified_gmt":"2014-10-26T11:23:19","slug":"victor-martin-laguna-vice-president-of-real-federacion-de-futbol-de-madrid-visited-intersoccer-sessions-in-alalpardo","status":"publish","type":"post","link":"https:\/\/www.intersoccermadrid.com\/en\/victor-martin-laguna-vice-president-of-real-federacion-de-futbol-de-madrid-visited-intersoccer-sessions-in-alalpardo\/","title":{"rendered":"V\u00edctor Mart\u00edn Laguna, vice president of Real Federaci\u00f3n de F\u00fatbol de Madrid, visited InterSoccer sessions in Alalpardo"},"content":{"rendered":"<p><img decoding=\"async\" loading=\"lazy\" class=\" alignleft size-full wp-image-3401\" src=\"https:\/\/www.intersoccermadrid.com\/wp-content\/uploads\/2014\/10\/2014_victormartin_01.jpg\" border=\"0\" alt=\"V\u00edctor Mart\u00edn Laguna, vice president of Real Federaci\u00f3n de F\u00fatbol de Madrid, visited InterSoccer sessions in Alalpardo\" title=\"V\u00edctor Mart\u00edn Laguna, vice president of Real Federaci\u00f3n de F\u00fatbol de Madrid, visited InterSoccer sessions in Alalpardo\" align=\"left\" width=\"800\" height=\"600\" srcset=\"https:\/\/www.intersoccermadrid.com\/wp-content\/uploads\/2014\/10\/2014_victormartin_01.jpg 800w, https:\/\/www.intersoccermadrid.com\/wp-content\/uploads\/2014\/10\/2014_victormartin_01-300x225.jpg 300w, https:\/\/www.intersoccermadrid.com\/wp-content\/uploads\/2014\/10\/2014_victormartin_01-768x576.jpg 768w\" sizes=\"(max-width: 800px) 100vw, 800px\" \/><\/p>\n<p>In order to schedule visits to our InterSoccer Coaching Academy during 2014-2015 season, the first who came to visit us was Victor Martin, vice president of Real Federaci\u00f3n de F\u00fatbol de Madrid, former football player with the national coach title and former coach of Madrid Regional Selections for many years.<\/p>\n<p>  <!--more-->  <\/p>\n<p>He has coached many talents as Raul Gonzalez and Guti -Real Madrid-, Amaya -Betis-, Guerrero -Celta de Vigo-, etc. <\/p>\n<p>During the visit he attended a morning session in Alalpardo led by Mass Valenziano and all time kept every detail of it &#8230; so much that, later in the conversation he had with all the students talked about details of what he had seen, exchanged ideas and asked specific work issues and advised all students to never stop fighting to pursue their dream as they live as true sportsmen. &#8220;I&#8217;m sure, by the talent seen here, some of you will go far&#8221; he said.<\/p>\n<p>While we sipped a tasty Madrid&#8217;s stew &#8220;cocido madrile\u00f1o&#8221; at &#8220;Restaurante El Toril&#8221; in Alalpardo, he was impressed by the football, human development and intercultural work perceived at InterSoccer Academy but, above all, what he liked the most was being able to exchange views with young people while they looked at all their faces full of hope. Before leave he said to all &#8220;&#8230; for a few hours you have made me feel young footballer again, thank you for all this.&#8221;<\/p>\n<p>&#8220;Another day to remember at InterSoccer&#8221;.<\/p>\n<p><img decoding=\"async\" loading=\"lazy\" class=\" alignleft size-full wp-image-3402\" src=\"https:\/\/www.intersoccermadrid.com\/wp-content\/uploads\/2014\/10\/2014_victormartin_02.jpg\" border=\"0\" alt=\"V\u00edctor Mart\u00edn Laguna, vice president of Real Federaci\u00f3n de F\u00fatbol de Madrid, visited InterSoccer sessions in Alalpardo\" title=\"V\u00edctor Mart\u00edn Laguna, vice president of Real Federaci\u00f3n de F\u00fatbol de Madrid, visited InterSoccer sessions in Alalpardo\" align=\"left\" width=\"800\" height=\"600\" srcset=\"https:\/\/www.intersoccermadrid.com\/wp-content\/uploads\/2014\/10\/2014_victormartin_02.jpg 800w, https:\/\/www.intersoccermadrid.com\/wp-content\/uploads\/2014\/10\/2014_victormartin_02-300x225.jpg 300w, https:\/\/www.intersoccermadrid.com\/wp-content\/uploads\/2014\/10\/2014_victormartin_02-768x576.jpg 768w\" sizes=\"(max-width: 800px) 100vw, 800px\" \/><\/p>\n<p><img decoding=\"async\" loading=\"lazy\" class=\" alignleft size-full wp-image-3403\" src=\"https:\/\/www.intersoccermadrid.com\/wp-content\/uploads\/2014\/10\/2014_victormartin_03.jpg\" border=\"0\" alt=\"V\u00edctor Mart\u00edn Laguna, vice president of Real Federaci\u00f3n de F\u00fatbol de Madrid, visited InterSoccer sessions in Alalpardo\" title=\"V\u00edctor Mart\u00edn Laguna, vice president of Real Federaci\u00f3n de F\u00fatbol de Madrid, visited InterSoccer sessions in Alalpardo\" align=\"left\" width=\"800\" height=\"600\" srcset=\"https:\/\/www.intersoccermadrid.com\/wp-content\/uploads\/2014\/10\/2014_victormartin_03.jpg 800w, https:\/\/www.intersoccermadrid.com\/wp-content\/uploads\/2014\/10\/2014_victormartin_03-300x225.jpg 300w, https:\/\/www.intersoccermadrid.com\/wp-content\/uploads\/2014\/10\/2014_victormartin_03-768x576.jpg 768w\" sizes=\"(max-width: 800px) 100vw, 800px\" \/><\/p>\n<p><img decoding=\"async\" loading=\"lazy\" class=\" alignleft size-full wp-image-3404\" src=\"https:\/\/www.intersoccermadrid.com\/wp-content\/uploads\/2014\/10\/2014_victormartin_04.jpg\" border=\"0\" alt=\"V\u00edctor Mart\u00edn Laguna, vice president of Real Federaci\u00f3n de F\u00fatbol de Madrid, visited InterSoccer sessions in Alalpardo\" title=\"V\u00edctor Mart\u00edn Laguna, vice president of Real Federaci\u00f3n de F\u00fatbol de Madrid, visited InterSoccer sessions in Alalpardo\" align=\"left\" width=\"800\" height=\"600\" srcset=\"https:\/\/www.intersoccermadrid.com\/wp-content\/uploads\/2014\/10\/2014_victormartin_04.jpg 800w, https:\/\/www.intersoccermadrid.com\/wp-content\/uploads\/2014\/10\/2014_victormartin_04-300x225.jpg 300w, https:\/\/www.intersoccermadrid.com\/wp-content\/uploads\/2014\/10\/2014_victormartin_04-768x576.jpg 768w\" sizes=\"(max-width: 800px) 100vw, 800px\" \/><\/p>\n<p>  <!--<iframe loading=\"lazy\" width=\"320\" height=\"240\" src=\"\/\/www.youtube.com\/embed\/5QIQxATQka\" frameborder=\"0\"><\/iframe>--><\/p>\n","protected":false},"excerpt":{"rendered":"<p>In order to schedule visits to our InterSoccer Coaching Academy during 2014-2015 season, the first who came to visit us was Victor Martin, vice president of Real Federaci\u00f3n de F\u00fatbol de Madrid, former football player with the national coach title and former coach of Madrid Regional Selections for many years.<\/p>\n","protected":false},"author":2,"featured_media":3401,"comment_status":"open","ping_status":"open","sticky":false,"template":"","format":"standard","meta":{"_et_pb_use_builder":"","_et_pb_old_content":"","_et_gb_content_width":""},"categories":[8],"tags":[],"yoast_head":"<!-- This site is optimized with the Yoast SEO plugin v20.9 - https:\/\/yoast.com\/wordpress\/plugins\/seo\/ -->\n<title>V\u00edctor Mart\u00edn Laguna, vice president of Real Federaci\u00f3n de F\u00fatbol de Madrid, visited InterSoccer sessions in Alalpardo &middot; International Soccer Academy of Madrid<\/title>\n<meta name=\"robots\" content=\"index, follow, max-snippet:-1, max-image-preview:large, max-video-preview:-1\" \/>\n<link rel=\"canonical\" href=\"https:\/\/www.intersoccermadrid.com\/en\/victor-martin-laguna-vice-president-of-real-federacion-de-futbol-de-madrid-visited-intersoccer-sessions-in-alalpardo\/\" \/>\n<meta property=\"og:locale\" content=\"en_US\" \/>\n<meta property=\"og:type\" content=\"article\" \/>\n<meta property=\"og:title\" content=\"V\u00edctor Mart\u00edn Laguna, vice president of Real Federaci\u00f3n de F\u00fatbol de Madrid, visited InterSoccer sessions in Alalpardo &middot; International Soccer Academy of Madrid\" \/>\n<meta property=\"og:description\" content=\"In order to schedule visits to our InterSoccer Coaching Academy during 2014-2015 season, the first who came to visit us was Victor Martin, vice president of Real Federaci\u00f3n de F\u00fatbol de Madrid, former football player with the national coach title and former coach of Madrid Regional Selections for many years.\" \/>\n<meta property=\"og:url\" content=\"https:\/\/www.intersoccermadrid.com\/en\/victor-martin-laguna-vice-president-of-real-federacion-de-futbol-de-madrid-visited-intersoccer-sessions-in-alalpardo\/\" \/>\n<meta property=\"og:site_name\" content=\"International Soccer Academy of Madrid\" \/>\n<meta property=\"article:published_time\" content=\"2014-10-26T11:23:19+00:00\" \/>\n<meta property=\"og:image\" content=\"https:\/\/www.intersoccermadrid.com\/wp-content\/uploads\/2014\/10\/2014_victormartin_01.jpg\" \/>\n\t<meta property=\"og:image:width\" content=\"800\" \/>\n\t<meta property=\"og:image:height\" content=\"600\" \/>\n\t<meta property=\"og:image:type\" content=\"image\/jpeg\" \/>\n<meta name=\"author\" content=\"Administrator\" \/>\n<meta name=\"twitter:card\" content=\"summary_large_image\" \/>\n<meta name=\"twitter:label1\" content=\"Written by\" \/>\n\t<meta name=\"twitter:data1\" content=\"Administrator\" \/>\n\t<meta name=\"twitter:label2\" content=\"Est. reading time\" \/>\n\t<meta name=\"twitter:data2\" content=\"1 minute\" \/>\n<script type=\"application\/ld+json\" class=\"yoast-schema-graph\">{\"@context\":\"https:\/\/schema.org\",\"@graph\":[{\"@type\":\"WebPage\",\"@id\":\"https:\/\/www.intersoccermadrid.com\/en\/victor-martin-laguna-vice-president-of-real-federacion-de-futbol-de-madrid-visited-intersoccer-sessions-in-alalpardo\/\",\"url\":\"https:\/\/www.intersoccermadrid.com\/en\/victor-martin-laguna-vice-president-of-real-federacion-de-futbol-de-madrid-visited-intersoccer-sessions-in-alalpardo\/\",\"name\":\"V\u00edctor Mart\u00edn Laguna, vice president of Real Federaci\u00f3n de F\u00fatbol de Madrid, visited InterSoccer sessions in Alalpardo &middot; International Soccer Academy of Madrid\",\"isPartOf\":{\"@id\":\"https:\/\/www.intersoccermadrid.com\/en\/#website\"},\"datePublished\":\"2014-10-26T11:23:19+00:00\",\"dateModified\":\"2014-10-26T11:23:19+00:00\",\"author\":{\"@id\":\"https:\/\/www.intersoccermadrid.com\/en\/#\/schema\/person\/4843f782828393fd2fd34a6db5ce5d48\"},\"breadcrumb\":{\"@id\":\"https:\/\/www.intersoccermadrid.com\/en\/victor-martin-laguna-vice-president-of-real-federacion-de-futbol-de-madrid-visited-intersoccer-sessions-in-alalpardo\/#breadcrumb\"},\"inLanguage\":\"en-US\",\"potentialAction\":[{\"@type\":\"ReadAction\",\"target\":[\"https:\/\/www.intersoccermadrid.com\/en\/victor-martin-laguna-vice-president-of-real-federacion-de-futbol-de-madrid-visited-intersoccer-sessions-in-alalpardo\/\"]}]},{\"@type\":\"BreadcrumbList\",\"@id\":\"https:\/\/www.intersoccermadrid.com\/en\/victor-martin-laguna-vice-president-of-real-federacion-de-futbol-de-madrid-visited-intersoccer-sessions-in-alalpardo\/#breadcrumb\",\"itemListElement\":[{\"@type\":\"ListItem\",\"position\":1,\"name\":\"Home\",\"item\":\"https:\/\/www.intersoccermadrid.com\/en\/\"},{\"@type\":\"ListItem\",\"position\":2,\"name\":\"V\u00edctor Mart\u00edn Laguna, vice president of Real Federaci\u00f3n de F\u00fatbol de Madrid, visited InterSoccer sessions in Alalpardo\"}]},{\"@type\":\"WebSite\",\"@id\":\"https:\/\/www.intersoccermadrid.com\/en\/#website\",\"url\":\"https:\/\/www.intersoccermadrid.com\/en\/\",\"name\":\"International Soccer Academy of Madrid\",\"description\":\"International Soccer Academy of Madrid\",\"potentialAction\":[{\"@type\":\"SearchAction\",\"target\":{\"@type\":\"EntryPoint\",\"urlTemplate\":\"https:\/\/www.intersoccermadrid.com\/en\/?s={search_term_string}\"},\"query-input\":\"required name=search_term_string\"}],\"inLanguage\":\"en-US\"},{\"@type\":\"Person\",\"@id\":\"https:\/\/www.intersoccermadrid.com\/en\/#\/schema\/person\/4843f782828393fd2fd34a6db5ce5d48\",\"name\":\"Administrator\",\"image\":{\"@type\":\"ImageObject\",\"inLanguage\":\"en-US\",\"@id\":\"https:\/\/www.intersoccermadrid.com\/en\/#\/schema\/person\/image\/\",\"url\":\"https:\/\/secure.gravatar.com\/avatar\/85ec5305f9a568d3e58c20ee91decabf?s=96&d=mm&r=g\",\"contentUrl\":\"https:\/\/secure.gravatar.com\/avatar\/85ec5305f9a568d3e58c20ee91decabf?s=96&d=mm&r=g\",\"caption\":\"Administrator\"},\"url\":\"https:\/\/www.intersoccermadrid.com\/en\/author\/admin\/\"}]}<\/script>\n<!-- \/ Yoast SEO plugin. -->","yoast_head_json":{"title":"V\u00edctor Mart\u00edn Laguna, vice president of Real Federaci\u00f3n de F\u00fatbol de Madrid, visited InterSoccer sessions in Alalpardo &middot; International Soccer Academy of Madrid","robots":{"index":"index","follow":"follow","max-snippet":"max-snippet:-1","max-image-preview":"max-image-preview:large","max-video-preview":"max-video-preview:-1"},"canonical":"https:\/\/www.intersoccermadrid.com\/en\/victor-martin-laguna-vice-president-of-real-federacion-de-futbol-de-madrid-visited-intersoccer-sessions-in-alalpardo\/","og_locale":"en_US","og_type":"article","og_title":"V\u00edctor Mart\u00edn Laguna, vice president of Real Federaci\u00f3n de F\u00fatbol de Madrid, visited InterSoccer sessions in Alalpardo &middot; International Soccer Academy of Madrid","og_description":"In order to schedule visits to our InterSoccer Coaching Academy during 2014-2015 season, the first who came to visit us was Victor Martin, vice president of Real Federaci\u00f3n de F\u00fatbol de Madrid, former football player with the national coach title and former coach of Madrid Regional Selections for many years.","og_url":"https:\/\/www.intersoccermadrid.com\/en\/victor-martin-laguna-vice-president-of-real-federacion-de-futbol-de-madrid-visited-intersoccer-sessions-in-alalpardo\/","og_site_name":"International Soccer Academy of Madrid","article_published_time":"2014-10-26T11:23:19+00:00","og_image":[{"width":800,"height":600,"url":"https:\/\/www.intersoccermadrid.com\/wp-content\/uploads\/2014\/10\/2014_victormartin_01.jpg","type":"image\/jpeg"}],"author":"Administrator","twitter_card":"summary_large_image","twitter_misc":{"Written by":"Administrator","Est. reading time":"1 minute"},"schema":{"@context":"https:\/\/schema.org","@graph":[{"@type":"WebPage","@id":"https:\/\/www.intersoccermadrid.com\/en\/victor-martin-laguna-vice-president-of-real-federacion-de-futbol-de-madrid-visited-intersoccer-sessions-in-alalpardo\/","url":"https:\/\/www.intersoccermadrid.com\/en\/victor-martin-laguna-vice-president-of-real-federacion-de-futbol-de-madrid-visited-intersoccer-sessions-in-alalpardo\/","name":"V\u00edctor Mart\u00edn Laguna, vice president of Real Federaci\u00f3n de F\u00fatbol de Madrid, visited InterSoccer sessions in Alalpardo &middot; International Soccer Academy of Madrid","isPartOf":{"@id":"https:\/\/www.intersoccermadrid.com\/en\/#website"},"datePublished":"2014-10-26T11:23:19+00:00","dateModified":"2014-10-26T11:23:19+00:00","author":{"@id":"https:\/\/www.intersoccermadrid.com\/en\/#\/schema\/person\/4843f782828393fd2fd34a6db5ce5d48"},"breadcrumb":{"@id":"https:\/\/www.intersoccermadrid.com\/en\/victor-martin-laguna-vice-president-of-real-federacion-de-futbol-de-madrid-visited-intersoccer-sessions-in-alalpardo\/#breadcrumb"},"inLanguage":"en-US","potentialAction":[{"@type":"ReadAction","target":["https:\/\/www.intersoccermadrid.com\/en\/victor-martin-laguna-vice-president-of-real-federacion-de-futbol-de-madrid-visited-intersoccer-sessions-in-alalpardo\/"]}]},{"@type":"BreadcrumbList","@id":"https:\/\/www.intersoccermadrid.com\/en\/victor-martin-laguna-vice-president-of-real-federacion-de-futbol-de-madrid-visited-intersoccer-sessions-in-alalpardo\/#breadcrumb","itemListElement":[{"@type":"ListItem","position":1,"name":"Home","item":"https:\/\/www.intersoccermadrid.com\/en\/"},{"@type":"ListItem","position":2,"name":"V\u00edctor Mart\u00edn Laguna, vice president of Real Federaci\u00f3n de F\u00fatbol de Madrid, visited InterSoccer sessions in Alalpardo"}]},{"@type":"WebSite","@id":"https:\/\/www.intersoccermadrid.com\/en\/#website","url":"https:\/\/www.intersoccermadrid.com\/en\/","name":"International Soccer Academy of Madrid","description":"International Soccer Academy of Madrid","potentialAction":[{"@type":"SearchAction","target":{"@type":"EntryPoint","urlTemplate":"https:\/\/www.intersoccermadrid.com\/en\/?s={search_term_string}"},"query-input":"required name=search_term_string"}],"inLanguage":"en-US"},{"@type":"Person","@id":"https:\/\/www.intersoccermadrid.com\/en\/#\/schema\/person\/4843f782828393fd2fd34a6db5ce5d48","name":"Administrator","image":{"@type":"ImageObject","inLanguage":"en-US","@id":"https:\/\/www.intersoccermadrid.com\/en\/#\/schema\/person\/image\/","url":"https:\/\/secure.gravatar.com\/avatar\/85ec5305f9a568d3e58c20ee91decabf?s=96&d=mm&r=g","contentUrl":"https:\/\/secure.gravatar.com\/avatar\/85ec5305f9a568d3e58c20ee91decabf?s=96&d=mm&r=g","caption":"Administrator"},"url":"https:\/\/www.intersoccermadrid.com\/en\/author\/admin\/"}]}},"_links":{"self":[{"href":"https:\/\/www.intersoccermadrid.com\/en\/wp-json\/wp\/v2\/posts\/287"}],"collection":[{"href":"https:\/\/www.intersoccermadrid.com\/en\/wp-json\/wp\/v2\/posts"}],"about":[{"href":"https:\/\/www.intersoccermadrid.com\/en\/wp-json\/wp\/v2\/types\/post"}],"author":[{"embeddable":true,"href":"https:\/\/www.intersoccermadrid.com\/en\/wp-json\/wp\/v2\/users\/2"}],"replies":[{"embeddable":true,"href":"https:\/\/www.intersoccermadrid.com\/en\/wp-json\/wp\/v2\/comments?post=287"}],"version-history":[{"count":0,"href":"https:\/\/www.intersoccermadrid.com\/en\/wp-json\/wp\/v2\/posts\/287\/revisions"}],"wp:featuredmedia":[{"embeddable":true,"href":"https:\/\/www.intersoccermadrid.com\/en\/wp-json\/wp\/v2\/media\/3401"}],"wp:attachment":[{"href":"https:\/\/www.intersoccermadrid.com\/en\/wp-json\/wp\/v2\/media?parent=287"}],"wp:term":[{"taxonomy":"category","embeddable":true,"href":"https:\/\/www.intersoccermadrid.com\/en\/wp-json\/wp\/v2\/categories?post=287"},{"taxonomy":"post_tag","embeddable":true,"href":"https:\/\/www.intersoccermadrid.com\/en\/wp-json\/wp\/v2\/tags?post=287"}],"curies":[{"name":"wp","href":"https:\/\/api.w.org\/{rel}","templated":true}]}}