{"id":19657,"date":"2020-03-28T18:12:41","date_gmt":"2020-03-28T17:12:41","guid":{"rendered":"https:\/\/www.intersoccermadrid.com\/?p=19657"},"modified":"2020-03-28T18:12:48","modified_gmt":"2020-03-28T17:12:48","slug":"vestuario-unido-ii","status":"publish","type":"post","link":"https:\/\/www.intersoccermadrid.com\/en\/vestuario-unido-ii\/","title":{"rendered":"\u201cVESTUARIO UNIDO\u201d II"},"content":{"rendered":"<p>[et_pb_section fb_built=&#8221;1&#8243; _builder_version=&#8221;3.22&#8243;][et_pb_row _builder_version=&#8221;3.25&#8243; background_size=&#8221;initial&#8221; background_position=&#8221;top_left&#8221; background_repeat=&#8221;repeat&#8221;][et_pb_column type=&#8221;4_4&#8243; _builder_version=&#8221;3.0.47&#8243; custom_padding=&#8221;|||&#8221; custom_padding__hover=&#8221;|||&#8221;][et_pb_text _builder_version=&#8221;4.4.1&#8243; hover_enabled=&#8221;0&#8243; z_index_tablet=&#8221;500&#8243; text_text_shadow_horizontal_length_tablet=&#8221;0px&#8221; text_text_shadow_vertical_length_tablet=&#8221;0px&#8221; text_text_shadow_blur_strength_tablet=&#8221;1px&#8221; link_text_shadow_horizontal_length_tablet=&#8221;0px&#8221; link_text_shadow_vertical_length_tablet=&#8221;0px&#8221; link_text_shadow_blur_strength_tablet=&#8221;1px&#8221; ul_text_shadow_horizontal_length_tablet=&#8221;0px&#8221; ul_text_shadow_vertical_length_tablet=&#8221;0px&#8221; ul_text_shadow_blur_strength_tablet=&#8221;1px&#8221; ol_text_shadow_horizontal_length_tablet=&#8221;0px&#8221; ol_text_shadow_vertical_length_tablet=&#8221;0px&#8221; ol_text_shadow_blur_strength_tablet=&#8221;1px&#8221; quote_text_shadow_horizontal_length_tablet=&#8221;0px&#8221; quote_text_shadow_vertical_length_tablet=&#8221;0px&#8221; quote_text_shadow_blur_strength_tablet=&#8221;1px&#8221; header_text_shadow_horizontal_length_tablet=&#8221;0px&#8221; header_text_shadow_vertical_length_tablet=&#8221;0px&#8221; header_text_shadow_blur_strength_tablet=&#8221;1px&#8221; header_2_text_shadow_horizontal_length_tablet=&#8221;0px&#8221; header_2_text_shadow_vertical_length_tablet=&#8221;0px&#8221; header_2_text_shadow_blur_strength_tablet=&#8221;1px&#8221; header_3_text_shadow_horizontal_length_tablet=&#8221;0px&#8221; header_3_text_shadow_vertical_length_tablet=&#8221;0px&#8221; header_3_text_shadow_blur_strength_tablet=&#8221;1px&#8221; header_4_text_shadow_horizontal_length_tablet=&#8221;0px&#8221; header_4_text_shadow_vertical_length_tablet=&#8221;0px&#8221; header_4_text_shadow_blur_strength_tablet=&#8221;1px&#8221; header_5_text_shadow_horizontal_length_tablet=&#8221;0px&#8221; header_5_text_shadow_vertical_length_tablet=&#8221;0px&#8221; header_5_text_shadow_blur_strength_tablet=&#8221;1px&#8221; header_6_text_shadow_horizontal_length_tablet=&#8221;0px&#8221; header_6_text_shadow_vertical_length_tablet=&#8221;0px&#8221; header_6_text_shadow_blur_strength_tablet=&#8221;1px&#8221; box_shadow_horizontal_tablet=&#8221;0px&#8221; box_shadow_vertical_tablet=&#8221;0px&#8221; box_shadow_blur_tablet=&#8221;40px&#8221; box_shadow_spread_tablet=&#8221;0px&#8221;]<\/p>\n<p>\u00a1Adelante chicos!<br \/>\u201cContin\u00faa el largo partido\u201d.<br \/>\u00a1Vamos! Vamos, eh!<\/p>\n<p>\u00bfComo est\u00e1is todos? S\u00e9 que bien, somos futbolistas. Somos humildes, nobles, competitivos, generosos. \u00a1No tenemos miedo! S\u00e9 la respuesta de todos sin excepci\u00f3n: \u201c&#8230; bien, en la pelea, jug\u00e1ndole con determinaci\u00f3n y entrega absolutas&#8230; \u201c.<\/p>\n<p>[\/et_pb_text][et_pb_gallery gallery_ids=&#8221;18200&#8243; fullwidth=&#8221;on&#8221; _builder_version=&#8221;4.4.1&#8243; hover_enabled=&#8221;0&#8243; z_index_tablet=&#8221;500&#8243; title_text_shadow_horizontal_length_tablet=&#8221;0px&#8221; title_text_shadow_vertical_length_tablet=&#8221;0px&#8221; title_text_shadow_blur_strength_tablet=&#8221;1px&#8221; caption_text_shadow_horizontal_length_tablet=&#8221;0px&#8221; caption_text_shadow_vertical_length_tablet=&#8221;0px&#8221; caption_text_shadow_blur_strength_tablet=&#8221;1px&#8221; pagination_text_shadow_horizontal_length_tablet=&#8221;0px&#8221; pagination_text_shadow_vertical_length_tablet=&#8221;0px&#8221; pagination_text_shadow_blur_strength_tablet=&#8221;1px&#8221; box_shadow_horizontal_tablet=&#8221;0px&#8221; box_shadow_vertical_tablet=&#8221;0px&#8221; box_shadow_blur_tablet=&#8221;40px&#8221; box_shadow_spread_tablet=&#8221;0px&#8221; box_shadow_horizontal_image_tablet=&#8221;0px&#8221; box_shadow_vertical_image_tablet=&#8221;0px&#8221; box_shadow_blur_image_tablet=&#8221;40px&#8221; box_shadow_spread_image_tablet=&#8221;0px&#8221; text_shadow_horizontal_length_tablet=&#8221;0px&#8221; text_shadow_vertical_length_tablet=&#8221;0px&#8221; text_shadow_blur_strength_tablet=&#8221;1px&#8221;][\/et_pb_gallery][et_pb_text _builder_version=&#8221;4.4.1&#8243; hover_enabled=&#8221;0&#8243; z_index_tablet=&#8221;500&#8243; text_text_shadow_horizontal_length_tablet=&#8221;0px&#8221; text_text_shadow_vertical_length_tablet=&#8221;0px&#8221; text_text_shadow_blur_strength_tablet=&#8221;1px&#8221; link_text_shadow_horizontal_length_tablet=&#8221;0px&#8221; link_text_shadow_vertical_length_tablet=&#8221;0px&#8221; link_text_shadow_blur_strength_tablet=&#8221;1px&#8221; ul_text_shadow_horizontal_length_tablet=&#8221;0px&#8221; ul_text_shadow_vertical_length_tablet=&#8221;0px&#8221; ul_text_shadow_blur_strength_tablet=&#8221;1px&#8221; ol_text_shadow_horizontal_length_tablet=&#8221;0px&#8221; ol_text_shadow_vertical_length_tablet=&#8221;0px&#8221; ol_text_shadow_blur_strength_tablet=&#8221;1px&#8221; quote_text_shadow_horizontal_length_tablet=&#8221;0px&#8221; quote_text_shadow_vertical_length_tablet=&#8221;0px&#8221; quote_text_shadow_blur_strength_tablet=&#8221;1px&#8221; header_text_shadow_horizontal_length_tablet=&#8221;0px&#8221; header_text_shadow_vertical_length_tablet=&#8221;0px&#8221; header_text_shadow_blur_strength_tablet=&#8221;1px&#8221; header_2_text_shadow_horizontal_length_tablet=&#8221;0px&#8221; header_2_text_shadow_vertical_length_tablet=&#8221;0px&#8221; header_2_text_shadow_blur_strength_tablet=&#8221;1px&#8221; header_3_text_shadow_horizontal_length_tablet=&#8221;0px&#8221; header_3_text_shadow_vertical_length_tablet=&#8221;0px&#8221; header_3_text_shadow_blur_strength_tablet=&#8221;1px&#8221; header_4_text_shadow_horizontal_length_tablet=&#8221;0px&#8221; header_4_text_shadow_vertical_length_tablet=&#8221;0px&#8221; header_4_text_shadow_blur_strength_tablet=&#8221;1px&#8221; header_5_text_shadow_horizontal_length_tablet=&#8221;0px&#8221; header_5_text_shadow_vertical_length_tablet=&#8221;0px&#8221; header_5_text_shadow_blur_strength_tablet=&#8221;1px&#8221; header_6_text_shadow_horizontal_length_tablet=&#8221;0px&#8221; header_6_text_shadow_vertical_length_tablet=&#8221;0px&#8221; header_6_text_shadow_blur_strength_tablet=&#8221;1px&#8221; box_shadow_horizontal_tablet=&#8221;0px&#8221; box_shadow_vertical_tablet=&#8221;0px&#8221; box_shadow_blur_tablet=&#8221;40px&#8221; box_shadow_spread_tablet=&#8221;0px&#8221;]<\/p>\n<p>Resignaci\u00f3n. Veis, parece muy plano este partido, parecen no pasar los minutos, de vez en cuando la mente se nos bloquea o las piernas nos pesan m\u00e1s de lo habitual. Pero aguantamos, tenemos una gran capacidad de resistencia. Mucha m\u00e1s de lo imaginado por todos y cada uno de nosotros. Venga, nos resignamos a jugarlo as\u00ed. S\u00e9 que sufrimos mucho acept\u00e1ndolo. Pero no bajamos los brazos nunca. \u00a1Nunca, eh! Confiad. Habr\u00e1n y llegar\u00e1n tramos mejores cada poco a medida que el partido vaya avanzando. \u00a1Venga! \u00a1Venga! Cabeza alta chicos.<\/p>\n<p>Nos conformamos en que sea largo. El partido es as\u00ed, y ya est\u00e1, somos disciplinados, somos un vestuario unido, ya hablamos en su momento del posible cambio en su reglamento, en sus normas, por lo tanto, nos conformamos con su nuevo formato. Ahora bien, atentos a esto, no nos conformamos en este partido con el empate, nada de conservadurismos en ese sentido, ya lo sab\u00e9is, lo dijimos, desde el minuto uno salimos a ganar, nos jugamos tres puntos de oro, eh. \u00a1Solo nos vale la victoria!<\/p>\n<p>Querer. \u00a1Nos queremos todos mucho! S\u00ed, todos. Unos a otros. Sin distinci\u00f3n entre los m\u00e1s o los menos amigos, los mejores o los peores jugadores. En este partido todos somos iguales. Nos queremos. Pensarlo bien. \u00a1Llevamos tanto tiempo juntos! Hemos compartido tantos entrenamientos; tantas batallas y disputas deportivas; tantas peque\u00f1as penas; tantas imborrables glorias y alegr\u00edas&#8230; pensarlo bien, eh. Y notar\u00e9is dentro de vuestra alma ese deseo: abrazarnos con imparable y sincero alborozo cuando ganemos. \u00a1Uff! Tiemblo al pensarlo. \u00a1Cuando ganemos la que se va a montar!<\/p>\n<p>\u00a1Nos queremos, chicos! \u00a1Nos queremos mucho! Que ruede el bal\u00f3n todo el rato, aunque nos cueste. Nos miramos, nos mostramos, que circule desde unos a otros constantemente, sin distinci\u00f3n, sin dudas. Nos hablamos, nos llamamos. Fuerza, aliento, confianza&#8230; \u00a1Nos damos los unos a otros!<\/p>\n<p>Amar. \u00a1Que verbo tan bello! Tal vez en f\u00fatbol utilizamos palabras no tan \u201ccursis\u201d, frases m\u00e1s largas, m\u00e1s \u00e9picas, para decir lo mismo: \u201clo damos todo en el partido, eh\u201d; \u201cmorimos unos por otros si es necesario, eh\u201d; \u201cvamos equipo hasta el final, eh\u201d. Amar en definitiva, mis muy queridos chicos. S\u00ed, amar. Y amar es crear fuentes inagotables de entrega y solidaridad. Creatividad, entrega, servicio&#8230; \u00a1Qu\u00e9 valores tan incre\u00edbles entra\u00f1a el f\u00fatbol, madre m\u00eda del alma!<\/p>\n<p>Recordad. Ya utilizamos ese amar, verbo precioso, cuando en el vestuario, antes del comienzo, dijimos: \u00a1nos ayudamos mucho, eh!; \u201cy ayudamos sobre todo a los m\u00e1s veteranos, eh\u201d. \u00bfLos veis? Ellos est\u00e1n ah\u00ed, junto a nosotros. S\u00ed, ellos, quienes nos ense\u00f1aron el camino; quienes nos ense\u00f1aron los valores de nuestro vestuario unido. \u00bfLos veis? S\u00e9 que vuestra respuesta es un rotundo s\u00ed que resuena en un \u00fanico, un\u00e1nime, fuerte y vigoroso pecho de j\u00f3venes futbolistas. No debemos olvidarlo: ellos, los nuestros m\u00e1s mayores, los m\u00e1s veteranos, tambi\u00e9n fueron j\u00f3venes, y tuvieron tambi\u00e9n fuerte y sano aquel vigoroso pecho que luci\u00f3 nuestra misma camiseta&#8230; y vibrante aquel coraz\u00f3n que lat\u00eda sin fatiga alguna para defender su amoroso escudo y el color del equipo de sus entra\u00f1as. S\u00ed, claro que los veis, y s\u00e9 tambi\u00e9n que ten\u00e9is un rotundo s\u00ed de amor y solidaridad para con todos ellos, actualmente muchos enfermos y sin apenas aire en sus pulmones, mientras sus corazones parecen apagarse y laten llenos de angustia. Como s\u00e9 tambi\u00e9n, c\u00f3mo, todos vosotros, mi adorable \u201cvestuario unido\u201d, en silencio, en respetuoso silencio, ahora, en este tr\u00e1nsito, en este dif\u00edcil partido, rez\u00e1is y llor\u00e1is por muchos de quienes, cercanos, ya se nos fueron. \u00a1Ellos ser\u00e1n nuestro orgullo para siempre!&#8230; y motivo de ese nuestro ya imperecedero eslogan: \u201cnunca caminaremos solos\u201d. Ser\u00e1n ellos nuestra fuerza en la flaqueza desde ese su Cielo.<\/p>\n<p>\u00a1Ser\u00e1 un largo partido! \u00a1S\u00ed chicos! \u00a1S\u00ed!Pero todos, sin excepci\u00f3n alguna, daremos la talla. \u00a1Y nos ayudaremos hasta el l\u00edmite de nuestro aguante y resistencia! \u00bfTen\u00e9is duda de ello? Somos \u201cun equipo unido\u201d. Esa es la \u00fanica respuesta. Resistir\u00e9&#8230; todos estamos contestando ya en silente grito.<\/p>\n<p>Y recordar tambi\u00e9n. \u201cJugamos en casa\u201d. Ayudamos todos. All\u00ed tenemos m\u00e1s confianza. Ayudamos en las tareas&#8230; colaboramos con \u201cel utillero\u201d, con el f\u00edsio, con el delegado&#8230; esa cesta de balones, el botiqu\u00edn, la pizarra o las fichas que portamos, el agua que llenamos o el vestuario que limpiamos -\u00bfos acord\u00e1is?-. Ser generosos, muy generosos, ahora, en casa, ayudamos m\u00e1s, limpiamos m\u00e1s, nos ordenamos m\u00e1s, nos entregamos m\u00e1s. Ya sab\u00e9is que toca m\u00e1s disciplina a\u00fan, jugando en casa todos los nuestros tambi\u00e9n juegan. \u00a1Todos jugamos!<\/p>\n<p>S\u00ed, \u201cjugamos en casa\u201d&#8230; y \u201cleemos el largo partido\u201d. Vemos lo que sucede fuera de \u201cnuestro\u201d terreno de juego, en un terreno de autentica confusi\u00f3n y donde, ahora, es dificil\u00edsimo \u201cpracticar\u201d entre tanta locura. Y s\u00e9 que, entonces, nuestra resignaci\u00f3n adquiere un aguante mental sin barreras, nuestras piernas que durante minutos parecen pesar m\u00e1s, se aligeran&#8230; cuando vemos a esos nuestros \u201cexpertos\u201d, m\u00e9dicos, sanitarios, ayudantes y trabajadores \u201cservidores\u201d en otros muy especiales y diferentes trabajos todos ellos, sin descansar, sin dormir apenas, extenuados&#8230; pero infatigables \u201cen este largo partido\u201d, trabajando m\u00e1s y m\u00e1s, y sin parar, con medios materiales y humanos limitados en la mayor\u00eda de los casos y situaciones.<\/p>\n<p>Chicos, vemos lo que sucede&#8230; \u201cleemos el largo partido\u201d. Y nos conformamos con lo que ahora tenemos. Y lo asumimos, y lo aceptamos&#8230; pasando los planos minutos, los dudosos d\u00edas, cambiando rutinas, ayudando, alegres y animosos, tranquilos, confiados.<\/p>\n<p>\u201cSomos un vestuario unido\u201d. \u00a1Vamos chicos! \u00a1Vamos!<\/p>\n<p>Chicos, vemos lo que sucede&#8230; \u201cleemos el largo partido\u201d, escuchamos su afanoso hacer, su silencioso y abnegado eco de entrega al pr\u00f3jimo, de compromiso social:<\/p>\n<p>M\u00e9dicos, enfermer@s, cient\u00edficos, ayudantes y personal de cualquier servicio sanitario&#8230; ; Ej\u00e9rcito, Policia, Guardia Civil, funcionarios p\u00fablicos&#8230; ; agricultores, ganaderos, pescadores, productores, distribuidores&#8230; ; personal de supermercados, farmacias, tiendas y trabajos de subsistencia y especial suministro y atenci\u00f3n&#8230; ; todos quienes hacen posible llevar medios de comunicaci\u00f3n hasta los hogares&#8230;; transportistas diversos y de diferentes cometidos&#8230; ; servidores espirituales de la peregrina Iglesia o de cualquier otro credo&#8230; &#8220;Tantos y tantos otros\u201d. Insuficientes y afanosas manos para tanta tormenta desatada que, en lista de posibles ausencias, tampoco olvidamos. Ahora, jugando en casa, desde \u201cnuestro vestuario unido\u201d e inmenso, \u201cvemos a todos\u201d, absolutamente a todos ellos, los escuchamos, los sentimos cercanos, y muy alto los decimos y proclamamos:<\/p>\n<p>\u00a1Os queremos mucho! \u00a1Os amamos!<br \/>Repetimos todos, eh: <br \/>\u00a1Os queremos mucho! \u00a1Os amamos!<br \/>\u2014\u2014<br \/>Vamos chicos! \u00a1Vamos! \u00a1Seguimos! \u00a1Continuamos!<\/p>\n<p>Recordar:<br \/>\u00a1Jugamos siempre en casa!<br \/>\u00a1Todo est\u00e1 a nuestro alcance!<br \/>&#8230; Con nuestra fidelidad a los nuevos dirigentes, nuestra disciplina y nuestros valores:<\/p>\n<p>\u00a1Conseguiremos la victoria!<\/p>\n<p>(El f\u00fatbol nos une m\u00e1s que nunca. T.P. 26\/03\/2020).-<\/p>\n<p>[\/et_pb_text][\/et_pb_column][\/et_pb_row][\/et_pb_section]<\/p>\n","protected":false},"excerpt":{"rendered":"<p>\u00a1Adelante chicos!\u201cContin\u00faa el largo partido\u201d.\u00a1Vamos! Vamos, eh! \u00bfComo est\u00e1is todos? S\u00e9 que bien, somos futbolistas. Somos humildes, nobles, competitivos, generosos. \u00a1No tenemos miedo! S\u00e9 la respuesta de todos sin excepci\u00f3n: \u201c&#8230; bien, en la pelea, jug\u00e1ndole con determinaci\u00f3n y entrega absolutas&#8230; \u201c. Resignaci\u00f3n. Veis, parece muy plano este partido, parecen no pasar los minutos, de [&hellip;]<\/p>\n","protected":false},"author":3,"featured_media":18201,"comment_status":"closed","ping_status":"closed","sticky":false,"template":"","format":"standard","meta":{"_et_pb_use_builder":"on","_et_pb_old_content":"","_et_gb_content_width":""},"categories":[8],"tags":[],"yoast_head":"<!-- This site is optimized with the Yoast SEO plugin v20.9 - https:\/\/yoast.com\/wordpress\/plugins\/seo\/ -->\n<title>\u201cVESTUARIO UNIDO\u201d II &middot; International Soccer Academy of Madrid<\/title>\n<meta name=\"robots\" content=\"index, follow, max-snippet:-1, max-image-preview:large, max-video-preview:-1\" \/>\n<link rel=\"canonical\" href=\"https:\/\/www.intersoccermadrid.com\/en\/vestuario-unido-ii\/\" \/>\n<meta property=\"og:locale\" content=\"en_US\" \/>\n<meta property=\"og:type\" content=\"article\" \/>\n<meta property=\"og:title\" content=\"\u201cVESTUARIO UNIDO\u201d II &middot; International Soccer Academy of Madrid\" \/>\n<meta property=\"og:description\" content=\"\u00a1Adelante chicos!\u201cContin\u00faa el largo partido\u201d.\u00a1Vamos! Vamos, eh! \u00bfComo est\u00e1is todos? S\u00e9 que bien, somos futbolistas. Somos humildes, nobles, competitivos, generosos. \u00a1No tenemos miedo! S\u00e9 la respuesta de todos sin excepci\u00f3n: \u201c... bien, en la pelea, jug\u00e1ndole con determinaci\u00f3n y entrega absolutas... \u201c. Resignaci\u00f3n. Veis, parece muy plano este partido, parecen no pasar los minutos, de [&hellip;]\" \/>\n<meta property=\"og:url\" content=\"https:\/\/www.intersoccermadrid.com\/en\/vestuario-unido-ii\/\" \/>\n<meta property=\"og:site_name\" content=\"International Soccer Academy of Madrid\" \/>\n<meta property=\"article:published_time\" content=\"2020-03-28T17:12:41+00:00\" \/>\n<meta property=\"article:modified_time\" content=\"2020-03-28T17:12:48+00:00\" \/>\n<meta property=\"og:image\" content=\"https:\/\/www.intersoccermadrid.com\/wp-content\/uploads\/2019\/10\/DSC0642.jpg\" \/>\n\t<meta property=\"og:image:width\" content=\"779\" \/>\n\t<meta property=\"og:image:height\" content=\"600\" \/>\n\t<meta property=\"og:image:type\" content=\"image\/jpeg\" \/>\n<meta name=\"author\" content=\"Lalo\" \/>\n<meta name=\"twitter:card\" content=\"summary_large_image\" \/>\n<meta name=\"twitter:label1\" content=\"Written by\" \/>\n\t<meta name=\"twitter:data1\" content=\"Lalo\" \/>\n\t<meta name=\"twitter:label2\" content=\"Est. reading time\" \/>\n\t<meta name=\"twitter:data2\" content=\"10 minutes\" \/>\n<script type=\"application\/ld+json\" class=\"yoast-schema-graph\">{\"@context\":\"https:\/\/schema.org\",\"@graph\":[{\"@type\":\"WebPage\",\"@id\":\"https:\/\/www.intersoccermadrid.com\/en\/vestuario-unido-ii\/\",\"url\":\"https:\/\/www.intersoccermadrid.com\/en\/vestuario-unido-ii\/\",\"name\":\"\u201cVESTUARIO UNIDO\u201d II &middot; International Soccer Academy of Madrid\",\"isPartOf\":{\"@id\":\"https:\/\/www.intersoccermadrid.com\/en\/#website\"},\"datePublished\":\"2020-03-28T17:12:41+00:00\",\"dateModified\":\"2020-03-28T17:12:48+00:00\",\"author\":{\"@id\":\"https:\/\/www.intersoccermadrid.com\/en\/#\/schema\/person\/83727b6e98da4249dbdb43df59beade2\"},\"breadcrumb\":{\"@id\":\"https:\/\/www.intersoccermadrid.com\/en\/vestuario-unido-ii\/#breadcrumb\"},\"inLanguage\":\"en-US\",\"potentialAction\":[{\"@type\":\"ReadAction\",\"target\":[\"https:\/\/www.intersoccermadrid.com\/en\/vestuario-unido-ii\/\"]}]},{\"@type\":\"BreadcrumbList\",\"@id\":\"https:\/\/www.intersoccermadrid.com\/en\/vestuario-unido-ii\/#breadcrumb\",\"itemListElement\":[{\"@type\":\"ListItem\",\"position\":1,\"name\":\"Home\",\"item\":\"https:\/\/www.intersoccermadrid.com\/en\/\"},{\"@type\":\"ListItem\",\"position\":2,\"name\":\"\u201cVESTUARIO UNIDO\u201d II\"}]},{\"@type\":\"WebSite\",\"@id\":\"https:\/\/www.intersoccermadrid.com\/en\/#website\",\"url\":\"https:\/\/www.intersoccermadrid.com\/en\/\",\"name\":\"International Soccer Academy of Madrid\",\"description\":\"International Soccer Academy of Madrid\",\"potentialAction\":[{\"@type\":\"SearchAction\",\"target\":{\"@type\":\"EntryPoint\",\"urlTemplate\":\"https:\/\/www.intersoccermadrid.com\/en\/?s={search_term_string}\"},\"query-input\":\"required name=search_term_string\"}],\"inLanguage\":\"en-US\"},{\"@type\":\"Person\",\"@id\":\"https:\/\/www.intersoccermadrid.com\/en\/#\/schema\/person\/83727b6e98da4249dbdb43df59beade2\",\"name\":\"Lalo\",\"image\":{\"@type\":\"ImageObject\",\"inLanguage\":\"en-US\",\"@id\":\"https:\/\/www.intersoccermadrid.com\/en\/#\/schema\/person\/image\/\",\"url\":\"https:\/\/secure.gravatar.com\/avatar\/b0e4d70f8e8cee0d379e6d0e49d7c004?s=96&d=mm&r=g\",\"contentUrl\":\"https:\/\/secure.gravatar.com\/avatar\/b0e4d70f8e8cee0d379e6d0e49d7c004?s=96&d=mm&r=g\",\"caption\":\"Lalo\"},\"url\":\"https:\/\/www.intersoccermadrid.com\/en\/author\/lalo\/\"}]}<\/script>\n<!-- \/ Yoast SEO plugin. -->","yoast_head_json":{"title":"\u201cVESTUARIO UNIDO\u201d II &middot; International Soccer Academy of Madrid","robots":{"index":"index","follow":"follow","max-snippet":"max-snippet:-1","max-image-preview":"max-image-preview:large","max-video-preview":"max-video-preview:-1"},"canonical":"https:\/\/www.intersoccermadrid.com\/en\/vestuario-unido-ii\/","og_locale":"en_US","og_type":"article","og_title":"\u201cVESTUARIO UNIDO\u201d II &middot; International Soccer Academy of Madrid","og_description":"\u00a1Adelante chicos!\u201cContin\u00faa el largo partido\u201d.\u00a1Vamos! Vamos, eh! \u00bfComo est\u00e1is todos? S\u00e9 que bien, somos futbolistas. Somos humildes, nobles, competitivos, generosos. \u00a1No tenemos miedo! S\u00e9 la respuesta de todos sin excepci\u00f3n: \u201c... bien, en la pelea, jug\u00e1ndole con determinaci\u00f3n y entrega absolutas... \u201c. Resignaci\u00f3n. Veis, parece muy plano este partido, parecen no pasar los minutos, de [&hellip;]","og_url":"https:\/\/www.intersoccermadrid.com\/en\/vestuario-unido-ii\/","og_site_name":"International Soccer Academy of Madrid","article_published_time":"2020-03-28T17:12:41+00:00","article_modified_time":"2020-03-28T17:12:48+00:00","og_image":[{"width":779,"height":600,"url":"https:\/\/www.intersoccermadrid.com\/wp-content\/uploads\/2019\/10\/DSC0642.jpg","type":"image\/jpeg"}],"author":"Lalo","twitter_card":"summary_large_image","twitter_misc":{"Written by":"Lalo","Est. reading time":"10 minutes"},"schema":{"@context":"https:\/\/schema.org","@graph":[{"@type":"WebPage","@id":"https:\/\/www.intersoccermadrid.com\/en\/vestuario-unido-ii\/","url":"https:\/\/www.intersoccermadrid.com\/en\/vestuario-unido-ii\/","name":"\u201cVESTUARIO UNIDO\u201d II &middot; International Soccer Academy of Madrid","isPartOf":{"@id":"https:\/\/www.intersoccermadrid.com\/en\/#website"},"datePublished":"2020-03-28T17:12:41+00:00","dateModified":"2020-03-28T17:12:48+00:00","author":{"@id":"https:\/\/www.intersoccermadrid.com\/en\/#\/schema\/person\/83727b6e98da4249dbdb43df59beade2"},"breadcrumb":{"@id":"https:\/\/www.intersoccermadrid.com\/en\/vestuario-unido-ii\/#breadcrumb"},"inLanguage":"en-US","potentialAction":[{"@type":"ReadAction","target":["https:\/\/www.intersoccermadrid.com\/en\/vestuario-unido-ii\/"]}]},{"@type":"BreadcrumbList","@id":"https:\/\/www.intersoccermadrid.com\/en\/vestuario-unido-ii\/#breadcrumb","itemListElement":[{"@type":"ListItem","position":1,"name":"Home","item":"https:\/\/www.intersoccermadrid.com\/en\/"},{"@type":"ListItem","position":2,"name":"\u201cVESTUARIO UNIDO\u201d II"}]},{"@type":"WebSite","@id":"https:\/\/www.intersoccermadrid.com\/en\/#website","url":"https:\/\/www.intersoccermadrid.com\/en\/","name":"International Soccer Academy of Madrid","description":"International Soccer Academy of Madrid","potentialAction":[{"@type":"SearchAction","target":{"@type":"EntryPoint","urlTemplate":"https:\/\/www.intersoccermadrid.com\/en\/?s={search_term_string}"},"query-input":"required name=search_term_string"}],"inLanguage":"en-US"},{"@type":"Person","@id":"https:\/\/www.intersoccermadrid.com\/en\/#\/schema\/person\/83727b6e98da4249dbdb43df59beade2","name":"Lalo","image":{"@type":"ImageObject","inLanguage":"en-US","@id":"https:\/\/www.intersoccermadrid.com\/en\/#\/schema\/person\/image\/","url":"https:\/\/secure.gravatar.com\/avatar\/b0e4d70f8e8cee0d379e6d0e49d7c004?s=96&d=mm&r=g","contentUrl":"https:\/\/secure.gravatar.com\/avatar\/b0e4d70f8e8cee0d379e6d0e49d7c004?s=96&d=mm&r=g","caption":"Lalo"},"url":"https:\/\/www.intersoccermadrid.com\/en\/author\/lalo\/"}]}},"_links":{"self":[{"href":"https:\/\/www.intersoccermadrid.com\/en\/wp-json\/wp\/v2\/posts\/19657"}],"collection":[{"href":"https:\/\/www.intersoccermadrid.com\/en\/wp-json\/wp\/v2\/posts"}],"about":[{"href":"https:\/\/www.intersoccermadrid.com\/en\/wp-json\/wp\/v2\/types\/post"}],"author":[{"embeddable":true,"href":"https:\/\/www.intersoccermadrid.com\/en\/wp-json\/wp\/v2\/users\/3"}],"replies":[{"embeddable":true,"href":"https:\/\/www.intersoccermadrid.com\/en\/wp-json\/wp\/v2\/comments?post=19657"}],"version-history":[{"count":4,"href":"https:\/\/www.intersoccermadrid.com\/en\/wp-json\/wp\/v2\/posts\/19657\/revisions"}],"predecessor-version":[{"id":19669,"href":"https:\/\/www.intersoccermadrid.com\/en\/wp-json\/wp\/v2\/posts\/19657\/revisions\/19669"}],"wp:featuredmedia":[{"embeddable":true,"href":"https:\/\/www.intersoccermadrid.com\/en\/wp-json\/wp\/v2\/media\/18201"}],"wp:attachment":[{"href":"https:\/\/www.intersoccermadrid.com\/en\/wp-json\/wp\/v2\/media?parent=19657"}],"wp:term":[{"taxonomy":"category","embeddable":true,"href":"https:\/\/www.intersoccermadrid.com\/en\/wp-json\/wp\/v2\/categories?post=19657"},{"taxonomy":"post_tag","embeddable":true,"href":"https:\/\/www.intersoccermadrid.com\/en\/wp-json\/wp\/v2\/tags?post=19657"}],"curies":[{"name":"wp","href":"https:\/\/api.w.org\/{rel}","templated":true}]}}