{"id":13060,"date":"2019-02-18T19:09:51","date_gmt":"2019-02-18T18:09:51","guid":{"rendered":"https:\/\/www.intersoccermadrid.com\/?p=13060"},"modified":"2019-02-18T19:26:26","modified_gmt":"2019-02-18T18:26:26","slug":"viaje-a-malaga-de-la-a-c-intersoccer-y-partido-con-victoria-2-3-frente-al-equipo-26-de-febrero-de-division-de-honor","status":"publish","type":"post","link":"https:\/\/www.intersoccermadrid.com\/en\/viaje-a-malaga-de-la-a-c-intersoccer-y-partido-con-victoria-2-3-frente-al-equipo-26-de-febrero-de-division-de-honor\/","title":{"rendered":"TRIP TO MALAGA OF THE A.C. INTERSOCCER AND MATCH WITH VICTORY (2\/3) IN FRONT OF THE TEAM FEBRUARY 26, DIVISION OF HONOR.-"},"content":{"rendered":"<p>[et_pb_section bb_built=&#8221;1&#8243;][et_pb_row][et_pb_column type=&#8221;4_4&#8243;][et_pb_text _builder_version=&#8221;3.19.15&#8243;]<\/p>\n<p>Following with its formative programming and attending to the kind invitation taken by the leaders of the 26 de Febrero club of the Barrio de la Palmilla, the entire delegation of the A.C. InterSoccer Madrid traveled to M\u00e1laga on the morning of Monday, February 11. Already there they settled in the magnificent hotel resort of Fuengirola IPV Palace. In its modern facilities, located on the beachfront, the delegation of the academy spent two unforgettable days.<\/p>\n<p>[\/et_pb_text][et_pb_gallery _builder_version=&#8221;3.19.15&#8243; gallery_ids=&#8221;12954,12957,12960,12984,12963,12966,12969,12972,12975,12978,12981,12987,12993,12996,12999,12990,13002,13005,13008,13011,13014,13017,13020,13023,13026,13029,13032,13035,13038,13041,13044,13047,13050,13053,13056&#8243; fullwidth=&#8221;on&#8221; zoom_icon_color=&#8221;#2ea3f2&#8243; hover_overlay_color=&#8221;rgba(255,255,255,0.9)&#8221; \/][et_pb_text _builder_version=&#8221;3.19.15&#8243;]<\/p>\n<p>Already in the soccer field of the Virreina of the neighborhood of Malaga, Joaqu\u00edn Barrios, responsible for the football project of the academy, arranged the following eleven to start the match against the hosts club February 26, Youth Honor Division -directed by the former emblematic player of the CD Malaga, Apo\u00f1o-. Namely: Cabrero; Vadim -capit\u00e1n-, Alex, Sebas; Moha, San Segundo; Fabrice, Khurshid, Maykel; Rabii and Dorian Meha. They also played: Brayan, Tanguy, Santi Restrepo, Dhruv, Jose Maria Roquero, Elage, Cristian Alcantara, Laurent, Nathaniel and Fabian.<\/p>\n<p>In an extraordinary game played by the boys of A.C. INTERSOCCER won by the result of 2\/3 to the magnificent youth team division of honor, February 26, with goals from Brayan, Fabrice and Santi Restrepo.<\/p>\n<p>Miguel San Segundo was named the best player of the match, who made a game for the memory from his position as a defensive midfielder.<\/p>\n<p>The game was witnessed by many people related to professional football: scouts, agents, managers of base club football, former professional players &#8230; among them Jos\u00e9 Luis Zalazar -ex of Albacete, C\u00e1diz &#8230; and Uruguayan international-, Luis Carlos Fern\u00e1ndez -IS SPORTS Agencia -&#8230; etc. All came out pleasantly surprised at the level of play, commitment and talent of the boys of the A.C. Intersoccer.<\/p>\n<p>Great feeling from the whole team! Unbeatable formal and sporty image of the green-black expedition! Exemplary behavior and full of attention from the entire club February 26 for the expedition of the academy!<\/p>\n<p>You can see below the video summary of the tour in Malaga:<\/p>\n<p><iframe loading=\"lazy\" src=\"https:\/\/www.youtube.com\/embed\/q8rcpngUuVw\" width=\"560\" height=\"315\" frameborder=\"0\" allowfullscreen=\"allowfullscreen\"><\/iframe><\/p>\n<p>[\/et_pb_text][\/et_pb_column][\/et_pb_row][\/et_pb_section]<\/p>\n","protected":false},"excerpt":{"rendered":"<p><div class=\"et_pb_row et_pb_row_0 et_pb_row_empty\">\n\t\t\t\t\n\t\t\t\t\n\t\t\t\t\n\t\t\t\t\n\t\t\t\t\n\t\t\t<\/div> Following with its formative programming and attending to the kind invitation taken by the leaders of the 26 de Febrero club of the Barrio de la Palmilla, the entire delegation of the A.C. InterSoccer Madrid traveled to M\u00e1laga on the morning of Monday, February 11. Already there they settled in the magnificent hotel resort [&hellip;]<\/p>\n","protected":false},"author":2,"featured_media":12997,"comment_status":"closed","ping_status":"closed","sticky":false,"template":"","format":"standard","meta":{"_et_pb_use_builder":"on","_et_pb_old_content":"","_et_gb_content_width":""},"categories":[8],"tags":[],"yoast_head":"<!-- This site is optimized with the Yoast SEO plugin v20.9 - https:\/\/yoast.com\/wordpress\/plugins\/seo\/ -->\n<title>TRIP TO MALAGA OF THE A.C. INTERSOCCER AND MATCH WITH VICTORY (2\/3) IN FRONT OF THE TEAM FEBRUARY 26, DIVISION OF HONOR.- &middot; International Soccer Academy of Madrid<\/title>\n<meta name=\"robots\" content=\"index, follow, max-snippet:-1, max-image-preview:large, max-video-preview:-1\" \/>\n<link rel=\"canonical\" href=\"https:\/\/www.intersoccermadrid.com\/en\/viaje-a-malaga-de-la-a-c-intersoccer-y-partido-con-victoria-2-3-frente-al-equipo-26-de-febrero-de-division-de-honor\/\" \/>\n<meta property=\"og:locale\" content=\"en_US\" \/>\n<meta property=\"og:type\" content=\"article\" \/>\n<meta property=\"og:title\" content=\"TRIP TO MALAGA OF THE A.C. INTERSOCCER AND MATCH WITH VICTORY (2\/3) IN FRONT OF THE TEAM FEBRUARY 26, DIVISION OF HONOR.- &middot; International Soccer Academy of Madrid\" \/>\n<meta property=\"og:description\" content=\"Following with its formative programming and attending to the kind invitation taken by the leaders of the 26 de Febrero club of the Barrio de la Palmilla, the entire delegation of the A.C. InterSoccer Madrid traveled to M\u00e1laga on the morning of Monday, February 11. Already there they settled in the magnificent hotel resort [&hellip;]\" \/>\n<meta property=\"og:url\" content=\"https:\/\/www.intersoccermadrid.com\/en\/viaje-a-malaga-de-la-a-c-intersoccer-y-partido-con-victoria-2-3-frente-al-equipo-26-de-febrero-de-division-de-honor\/\" \/>\n<meta property=\"og:site_name\" content=\"International Soccer Academy of Madrid\" \/>\n<meta property=\"article:published_time\" content=\"2019-02-18T18:09:51+00:00\" \/>\n<meta property=\"article:modified_time\" content=\"2019-02-18T18:26:26+00:00\" \/>\n<meta property=\"og:image\" content=\"https:\/\/www.intersoccermadrid.com\/wp-content\/uploads\/2019\/02\/15-IMG_20190212_104347.jpg\" \/>\n\t<meta property=\"og:image:width\" content=\"800\" \/>\n\t<meta property=\"og:image:height\" content=\"600\" \/>\n\t<meta property=\"og:image:type\" content=\"image\/jpeg\" \/>\n<meta name=\"author\" content=\"Administrator\" \/>\n<meta name=\"twitter:card\" content=\"summary_large_image\" \/>\n<meta name=\"twitter:label1\" content=\"Written by\" \/>\n\t<meta name=\"twitter:data1\" content=\"Administrator\" \/>\n\t<meta name=\"twitter:label2\" content=\"Est. reading time\" \/>\n\t<meta name=\"twitter:data2\" content=\"2 minutes\" \/>\n<script type=\"application\/ld+json\" class=\"yoast-schema-graph\">{\"@context\":\"https:\/\/schema.org\",\"@graph\":[{\"@type\":\"WebPage\",\"@id\":\"https:\/\/www.intersoccermadrid.com\/en\/viaje-a-malaga-de-la-a-c-intersoccer-y-partido-con-victoria-2-3-frente-al-equipo-26-de-febrero-de-division-de-honor\/\",\"url\":\"https:\/\/www.intersoccermadrid.com\/en\/viaje-a-malaga-de-la-a-c-intersoccer-y-partido-con-victoria-2-3-frente-al-equipo-26-de-febrero-de-division-de-honor\/\",\"name\":\"TRIP TO MALAGA OF THE A.C. INTERSOCCER AND MATCH WITH VICTORY (2\/3) IN FRONT OF THE TEAM FEBRUARY 26, DIVISION OF HONOR.- &middot; International Soccer Academy of Madrid\",\"isPartOf\":{\"@id\":\"https:\/\/www.intersoccermadrid.com\/en\/#website\"},\"datePublished\":\"2019-02-18T18:09:51+00:00\",\"dateModified\":\"2019-02-18T18:26:26+00:00\",\"author\":{\"@id\":\"https:\/\/www.intersoccermadrid.com\/en\/#\/schema\/person\/4843f782828393fd2fd34a6db5ce5d48\"},\"breadcrumb\":{\"@id\":\"https:\/\/www.intersoccermadrid.com\/en\/viaje-a-malaga-de-la-a-c-intersoccer-y-partido-con-victoria-2-3-frente-al-equipo-26-de-febrero-de-division-de-honor\/#breadcrumb\"},\"inLanguage\":\"en-US\",\"potentialAction\":[{\"@type\":\"ReadAction\",\"target\":[\"https:\/\/www.intersoccermadrid.com\/en\/viaje-a-malaga-de-la-a-c-intersoccer-y-partido-con-victoria-2-3-frente-al-equipo-26-de-febrero-de-division-de-honor\/\"]}]},{\"@type\":\"BreadcrumbList\",\"@id\":\"https:\/\/www.intersoccermadrid.com\/en\/viaje-a-malaga-de-la-a-c-intersoccer-y-partido-con-victoria-2-3-frente-al-equipo-26-de-febrero-de-division-de-honor\/#breadcrumb\",\"itemListElement\":[{\"@type\":\"ListItem\",\"position\":1,\"name\":\"Home\",\"item\":\"https:\/\/www.intersoccermadrid.com\/en\/\"},{\"@type\":\"ListItem\",\"position\":2,\"name\":\"TRIP TO MALAGA OF THE A.C. INTERSOCCER AND MATCH WITH VICTORY (2\/3) IN FRONT OF THE TEAM FEBRUARY 26, DIVISION OF HONOR.-\"}]},{\"@type\":\"WebSite\",\"@id\":\"https:\/\/www.intersoccermadrid.com\/en\/#website\",\"url\":\"https:\/\/www.intersoccermadrid.com\/en\/\",\"name\":\"International Soccer Academy of Madrid\",\"description\":\"International Soccer Academy of Madrid\",\"potentialAction\":[{\"@type\":\"SearchAction\",\"target\":{\"@type\":\"EntryPoint\",\"urlTemplate\":\"https:\/\/www.intersoccermadrid.com\/en\/?s={search_term_string}\"},\"query-input\":\"required name=search_term_string\"}],\"inLanguage\":\"en-US\"},{\"@type\":\"Person\",\"@id\":\"https:\/\/www.intersoccermadrid.com\/en\/#\/schema\/person\/4843f782828393fd2fd34a6db5ce5d48\",\"name\":\"Administrator\",\"image\":{\"@type\":\"ImageObject\",\"inLanguage\":\"en-US\",\"@id\":\"https:\/\/www.intersoccermadrid.com\/en\/#\/schema\/person\/image\/\",\"url\":\"https:\/\/secure.gravatar.com\/avatar\/85ec5305f9a568d3e58c20ee91decabf?s=96&d=mm&r=g\",\"contentUrl\":\"https:\/\/secure.gravatar.com\/avatar\/85ec5305f9a568d3e58c20ee91decabf?s=96&d=mm&r=g\",\"caption\":\"Administrator\"},\"url\":\"https:\/\/www.intersoccermadrid.com\/en\/author\/admin\/\"}]}<\/script>\n<!-- \/ Yoast SEO plugin. -->","yoast_head_json":{"title":"TRIP TO MALAGA OF THE A.C. INTERSOCCER AND MATCH WITH VICTORY (2\/3) IN FRONT OF THE TEAM FEBRUARY 26, DIVISION OF HONOR.- &middot; International Soccer Academy of Madrid","robots":{"index":"index","follow":"follow","max-snippet":"max-snippet:-1","max-image-preview":"max-image-preview:large","max-video-preview":"max-video-preview:-1"},"canonical":"https:\/\/www.intersoccermadrid.com\/en\/viaje-a-malaga-de-la-a-c-intersoccer-y-partido-con-victoria-2-3-frente-al-equipo-26-de-febrero-de-division-de-honor\/","og_locale":"en_US","og_type":"article","og_title":"TRIP TO MALAGA OF THE A.C. INTERSOCCER AND MATCH WITH VICTORY (2\/3) IN FRONT OF THE TEAM FEBRUARY 26, DIVISION OF HONOR.- &middot; International Soccer Academy of Madrid","og_description":"Following with its formative programming and attending to the kind invitation taken by the leaders of the 26 de Febrero club of the Barrio de la Palmilla, the entire delegation of the A.C. InterSoccer Madrid traveled to M\u00e1laga on the morning of Monday, February 11. Already there they settled in the magnificent hotel resort [&hellip;]","og_url":"https:\/\/www.intersoccermadrid.com\/en\/viaje-a-malaga-de-la-a-c-intersoccer-y-partido-con-victoria-2-3-frente-al-equipo-26-de-febrero-de-division-de-honor\/","og_site_name":"International Soccer Academy of Madrid","article_published_time":"2019-02-18T18:09:51+00:00","article_modified_time":"2019-02-18T18:26:26+00:00","og_image":[{"width":800,"height":600,"url":"https:\/\/www.intersoccermadrid.com\/wp-content\/uploads\/2019\/02\/15-IMG_20190212_104347.jpg","type":"image\/jpeg"}],"author":"Administrator","twitter_card":"summary_large_image","twitter_misc":{"Written by":"Administrator","Est. reading time":"2 minutes"},"schema":{"@context":"https:\/\/schema.org","@graph":[{"@type":"WebPage","@id":"https:\/\/www.intersoccermadrid.com\/en\/viaje-a-malaga-de-la-a-c-intersoccer-y-partido-con-victoria-2-3-frente-al-equipo-26-de-febrero-de-division-de-honor\/","url":"https:\/\/www.intersoccermadrid.com\/en\/viaje-a-malaga-de-la-a-c-intersoccer-y-partido-con-victoria-2-3-frente-al-equipo-26-de-febrero-de-division-de-honor\/","name":"TRIP TO MALAGA OF THE A.C. INTERSOCCER AND MATCH WITH VICTORY (2\/3) IN FRONT OF THE TEAM FEBRUARY 26, DIVISION OF HONOR.- &middot; International Soccer Academy of Madrid","isPartOf":{"@id":"https:\/\/www.intersoccermadrid.com\/en\/#website"},"datePublished":"2019-02-18T18:09:51+00:00","dateModified":"2019-02-18T18:26:26+00:00","author":{"@id":"https:\/\/www.intersoccermadrid.com\/en\/#\/schema\/person\/4843f782828393fd2fd34a6db5ce5d48"},"breadcrumb":{"@id":"https:\/\/www.intersoccermadrid.com\/en\/viaje-a-malaga-de-la-a-c-intersoccer-y-partido-con-victoria-2-3-frente-al-equipo-26-de-febrero-de-division-de-honor\/#breadcrumb"},"inLanguage":"en-US","potentialAction":[{"@type":"ReadAction","target":["https:\/\/www.intersoccermadrid.com\/en\/viaje-a-malaga-de-la-a-c-intersoccer-y-partido-con-victoria-2-3-frente-al-equipo-26-de-febrero-de-division-de-honor\/"]}]},{"@type":"BreadcrumbList","@id":"https:\/\/www.intersoccermadrid.com\/en\/viaje-a-malaga-de-la-a-c-intersoccer-y-partido-con-victoria-2-3-frente-al-equipo-26-de-febrero-de-division-de-honor\/#breadcrumb","itemListElement":[{"@type":"ListItem","position":1,"name":"Home","item":"https:\/\/www.intersoccermadrid.com\/en\/"},{"@type":"ListItem","position":2,"name":"TRIP TO MALAGA OF THE A.C. INTERSOCCER AND MATCH WITH VICTORY (2\/3) IN FRONT OF THE TEAM FEBRUARY 26, DIVISION OF HONOR.-"}]},{"@type":"WebSite","@id":"https:\/\/www.intersoccermadrid.com\/en\/#website","url":"https:\/\/www.intersoccermadrid.com\/en\/","name":"International Soccer Academy of Madrid","description":"International Soccer Academy of Madrid","potentialAction":[{"@type":"SearchAction","target":{"@type":"EntryPoint","urlTemplate":"https:\/\/www.intersoccermadrid.com\/en\/?s={search_term_string}"},"query-input":"required name=search_term_string"}],"inLanguage":"en-US"},{"@type":"Person","@id":"https:\/\/www.intersoccermadrid.com\/en\/#\/schema\/person\/4843f782828393fd2fd34a6db5ce5d48","name":"Administrator","image":{"@type":"ImageObject","inLanguage":"en-US","@id":"https:\/\/www.intersoccermadrid.com\/en\/#\/schema\/person\/image\/","url":"https:\/\/secure.gravatar.com\/avatar\/85ec5305f9a568d3e58c20ee91decabf?s=96&d=mm&r=g","contentUrl":"https:\/\/secure.gravatar.com\/avatar\/85ec5305f9a568d3e58c20ee91decabf?s=96&d=mm&r=g","caption":"Administrator"},"url":"https:\/\/www.intersoccermadrid.com\/en\/author\/admin\/"}]}},"_links":{"self":[{"href":"https:\/\/www.intersoccermadrid.com\/en\/wp-json\/wp\/v2\/posts\/13060"}],"collection":[{"href":"https:\/\/www.intersoccermadrid.com\/en\/wp-json\/wp\/v2\/posts"}],"about":[{"href":"https:\/\/www.intersoccermadrid.com\/en\/wp-json\/wp\/v2\/types\/post"}],"author":[{"embeddable":true,"href":"https:\/\/www.intersoccermadrid.com\/en\/wp-json\/wp\/v2\/users\/2"}],"replies":[{"embeddable":true,"href":"https:\/\/www.intersoccermadrid.com\/en\/wp-json\/wp\/v2\/comments?post=13060"}],"version-history":[{"count":4,"href":"https:\/\/www.intersoccermadrid.com\/en\/wp-json\/wp\/v2\/posts\/13060\/revisions"}],"predecessor-version":[{"id":13069,"href":"https:\/\/www.intersoccermadrid.com\/en\/wp-json\/wp\/v2\/posts\/13060\/revisions\/13069"}],"wp:featuredmedia":[{"embeddable":true,"href":"https:\/\/www.intersoccermadrid.com\/en\/wp-json\/wp\/v2\/media\/12997"}],"wp:attachment":[{"href":"https:\/\/www.intersoccermadrid.com\/en\/wp-json\/wp\/v2\/media?parent=13060"}],"wp:term":[{"taxonomy":"category","embeddable":true,"href":"https:\/\/www.intersoccermadrid.com\/en\/wp-json\/wp\/v2\/categories?post=13060"},{"taxonomy":"post_tag","embeddable":true,"href":"https:\/\/www.intersoccermadrid.com\/en\/wp-json\/wp\/v2\/tags?post=13060"}],"curies":[{"name":"wp","href":"https:\/\/api.w.org\/{rel}","templated":true}]}}