{"id":12414,"date":"2019-01-30T21:50:14","date_gmt":"2019-01-30T20:50:14","guid":{"rendered":"https:\/\/www.intersoccermadrid.com\/la-ac-intersoccer-cantera-pujante-dorian-meha-solicitado-en-italia-y-rabii-pasa-al-juvenil-nacional-del-levitt\/"},"modified":"2019-01-30T21:50:32","modified_gmt":"2019-01-30T20:50:32","slug":"la-ac-intersoccer-cantera-pujante-dorian-meha-solicitado-en-italia-y-rabii-pasa-al-juvenil-nacional-del-levitt","status":"publish","type":"post","link":"https:\/\/www.intersoccermadrid.com\/en\/la-ac-intersoccer-cantera-pujante-dorian-meha-solicitado-en-italia-y-rabii-pasa-al-juvenil-nacional-del-levitt\/","title":{"rendered":"La AC Intersoccer, cantera pujante: Dorian Meha solicitado en Italia, y Rabii pasa al Juvenil Nacional del Levitt"},"content":{"rendered":"<p>[et_pb_section bb_built=&#8221;1&#8243;][et_pb_row][et_pb_column type=&#8221;4_4&#8243;][et_pb_gallery _builder_version=&#8221;3.19.10&#8243; gallery_ids=&#8221;12410,12407,12404&#8243; fullwidth=&#8221;on&#8221; zoom_icon_color=&#8221;#2ea3f2&#8243; hover_overlay_color=&#8221;rgba(255,255,255,0.9)&#8221; \/][et_pb_text _builder_version=&#8221;3.19.10&#8243;]<\/p>\n<p>Cuando nos disponemos al inicio de la Segunda Vuelta ya comienza a llamar mucho la atenci\u00f3n la\u00a0<strong>cantera de formaci\u00f3n juvenil de la A.C. INTERSOCCER.\u00a0<\/strong><\/p>\n<p>As\u00ed, durante los \u00faltimos d\u00edas,\u00a0<strong>DORIAN MEHA<\/strong>, jugador espa\u00f1ol juvenil de segundo a\u00f1o a\u00fan, ha estado entrenando primero con el equipo juvenil Primavera del club profesional italiano<strong>\u00a0CARPI F.C. 1909\u00a0<\/strong>de M\u00f3dena y despu\u00e9s con el tambi\u00e9n juvenil Primavera del igualmente club profesional italiano\u00a0<strong>NOVARA CALCIO.<\/strong>\u00a0En ambos, gracias a\u00a0sus buenas condiciones f\u00edsicas y t\u00e9cnicas, unidas a su gran olfato goleador, han despertado gran inter\u00e9s para tratar de incorporarlo a sus plantillas para la pr\u00f3xima temporada.\u00a0<\/p>\n<p>Tambi\u00e9n, desde la \u00faltima jornada\u00a0disputada, el jugador marroqu\u00ed juvenil de la academia,\u00a0<strong>RABII MEROUANI<\/strong>, ha pasado a pertenecer definitivamente\u00a0<strong>al juvenil de Liga Nacional de su club patrocinador, el Alcobendas Levitt,<\/strong>\u00a0luego de haber disputado con este los cinco partidos que marca la normativa para los equipos de los clubes filiales. Rabii es un jugador con un talento incre\u00edble y cuyas condiciones le hacen\u00a0capaz de jugar tanto como un 10 de libro como por fuera en banda,\u00a0 gracias al desborde que le permite su juego con ambas piernas; fundamentalmente con la izquierda.<\/p>\n<p>Igualmente destacar que,\u00a0<strong>Jos\u00e9 Mar\u00eda ROQUERO<\/strong>, portero de segundo a\u00f1o del equipo juvenil de la A.C. Intersoccer dirigido por<strong>\u00a0Borja Velasco<\/strong>, ya ha debutado como titular con el senior de la misma que dirige\u00a0<strong>Carlos Cura.\u00a0<\/strong><\/p>\n<p>\u00a1 Grandes noticias todas ellas para la Academia !. Sin embargo, producen alg\u00fan desajuste en la plantilla del equipo juvenil, dado que son bajas que se necesitan cubrir; con la dificultad a\u00f1adida de que varios de los alumnos de la academia menores de 18 a\u00f1os y de nacionalidad extranjera\u00a0<strong>no pueden tener ficha federativa a\u00fan por impedimento normativo de la FIFA.\u00a0<\/strong><\/p>\n<p>As\u00ed y todo, a pesar de las dificultades que generan la promoci\u00f3n de los j\u00f3venes talentos hacia niveles superiores, el equipo juvenil de la A.C. ha terminado la primera vuelta como l\u00edder del grupo 4\u00ba de la Segunda Juvenil de la RFFM.<\/p>\n<p>[\/et_pb_text][\/et_pb_column][\/et_pb_row][\/et_pb_section]<\/p>\n","protected":false},"excerpt":{"rendered":"<p><div class=\"et_pb_row et_pb_row_0 et_pb_row_empty\">\n\t\t\t\t\n\t\t\t\t\n\t\t\t\t\n\t\t\t\t\n\t\t\t\t\n\t\t\t<\/div> Cuando nos disponemos al inicio de la Segunda Vuelta ya comienza a llamar mucho la atenci\u00f3n la\u00a0cantera de formaci\u00f3n juvenil de la A.C. INTERSOCCER.\u00a0As\u00ed, durante los \u00faltimos d\u00edas,\u00a0DORIAN MEHA, jugador espa\u00f1ol juvenil de segundo a\u00f1o a\u00fan, ha estado entrenando primero con el equipo juvenil Primavera del club profesional italiano\u00a0CARPI F.C. 1909\u00a0de M\u00f3dena y despu\u00e9s [&hellip;]<\/p>\n","protected":false},"author":2,"featured_media":12411,"comment_status":"closed","ping_status":"closed","sticky":false,"template":"","format":"standard","meta":{"_et_pb_use_builder":"on","_et_pb_old_content":"","_et_gb_content_width":""},"categories":[8],"tags":[],"yoast_head":"<!-- This site is optimized with the Yoast SEO plugin v20.9 - https:\/\/yoast.com\/wordpress\/plugins\/seo\/ -->\n<title>La AC Intersoccer, cantera pujante: Dorian Meha solicitado en Italia, y Rabii pasa al Juvenil Nacional del Levitt &middot; International Soccer Academy of Madrid<\/title>\n<meta name=\"robots\" content=\"index, follow, max-snippet:-1, max-image-preview:large, max-video-preview:-1\" \/>\n<link rel=\"canonical\" href=\"https:\/\/www.intersoccermadrid.com\/en\/la-ac-intersoccer-cantera-pujante-dorian-meha-solicitado-en-italia-y-rabii-pasa-al-juvenil-nacional-del-levitt\/\" \/>\n<meta property=\"og:locale\" content=\"en_US\" \/>\n<meta property=\"og:type\" content=\"article\" \/>\n<meta property=\"og:title\" content=\"La AC Intersoccer, cantera pujante: Dorian Meha solicitado en Italia, y Rabii pasa al Juvenil Nacional del Levitt &middot; International Soccer Academy of Madrid\" \/>\n<meta property=\"og:description\" content=\"Cuando nos disponemos al inicio de la Segunda Vuelta ya comienza a llamar mucho la atenci\u00f3n la\u00a0cantera de formaci\u00f3n juvenil de la A.C. INTERSOCCER.\u00a0As\u00ed, durante los \u00faltimos d\u00edas,\u00a0DORIAN MEHA, jugador espa\u00f1ol juvenil de segundo a\u00f1o a\u00fan, ha estado entrenando primero con el equipo juvenil Primavera del club profesional italiano\u00a0CARPI F.C. 1909\u00a0de M\u00f3dena y despu\u00e9s [&hellip;]\" \/>\n<meta property=\"og:url\" content=\"https:\/\/www.intersoccermadrid.com\/en\/la-ac-intersoccer-cantera-pujante-dorian-meha-solicitado-en-italia-y-rabii-pasa-al-juvenil-nacional-del-levitt\/\" \/>\n<meta property=\"og:site_name\" content=\"International Soccer Academy of Madrid\" \/>\n<meta property=\"article:published_time\" content=\"2019-01-30T20:50:14+00:00\" \/>\n<meta property=\"article:modified_time\" content=\"2019-01-30T20:50:32+00:00\" \/>\n<meta property=\"og:image\" content=\"https:\/\/www.intersoccermadrid.com\/wp-content\/uploads\/2019\/01\/roquerorabiiintersoccer19.jpg\" \/>\n\t<meta property=\"og:image:width\" content=\"600\" \/>\n\t<meta property=\"og:image:height\" content=\"394\" \/>\n\t<meta property=\"og:image:type\" content=\"image\/jpeg\" \/>\n<meta name=\"author\" content=\"Administrator\" \/>\n<meta name=\"twitter:card\" content=\"summary_large_image\" \/>\n<meta name=\"twitter:label1\" content=\"Written by\" \/>\n\t<meta name=\"twitter:data1\" content=\"Administrator\" \/>\n\t<meta name=\"twitter:label2\" content=\"Est. reading time\" \/>\n\t<meta name=\"twitter:data2\" content=\"2 minutes\" \/>\n<script type=\"application\/ld+json\" class=\"yoast-schema-graph\">{\"@context\":\"https:\/\/schema.org\",\"@graph\":[{\"@type\":\"WebPage\",\"@id\":\"https:\/\/www.intersoccermadrid.com\/en\/la-ac-intersoccer-cantera-pujante-dorian-meha-solicitado-en-italia-y-rabii-pasa-al-juvenil-nacional-del-levitt\/\",\"url\":\"https:\/\/www.intersoccermadrid.com\/en\/la-ac-intersoccer-cantera-pujante-dorian-meha-solicitado-en-italia-y-rabii-pasa-al-juvenil-nacional-del-levitt\/\",\"name\":\"La AC Intersoccer, cantera pujante: Dorian Meha solicitado en Italia, y Rabii pasa al Juvenil Nacional del Levitt &middot; International Soccer Academy of Madrid\",\"isPartOf\":{\"@id\":\"https:\/\/www.intersoccermadrid.com\/en\/#website\"},\"datePublished\":\"2019-01-30T20:50:14+00:00\",\"dateModified\":\"2019-01-30T20:50:32+00:00\",\"author\":{\"@id\":\"https:\/\/www.intersoccermadrid.com\/en\/#\/schema\/person\/4843f782828393fd2fd34a6db5ce5d48\"},\"breadcrumb\":{\"@id\":\"https:\/\/www.intersoccermadrid.com\/en\/la-ac-intersoccer-cantera-pujante-dorian-meha-solicitado-en-italia-y-rabii-pasa-al-juvenil-nacional-del-levitt\/#breadcrumb\"},\"inLanguage\":\"en-US\",\"potentialAction\":[{\"@type\":\"ReadAction\",\"target\":[\"https:\/\/www.intersoccermadrid.com\/en\/la-ac-intersoccer-cantera-pujante-dorian-meha-solicitado-en-italia-y-rabii-pasa-al-juvenil-nacional-del-levitt\/\"]}]},{\"@type\":\"BreadcrumbList\",\"@id\":\"https:\/\/www.intersoccermadrid.com\/en\/la-ac-intersoccer-cantera-pujante-dorian-meha-solicitado-en-italia-y-rabii-pasa-al-juvenil-nacional-del-levitt\/#breadcrumb\",\"itemListElement\":[{\"@type\":\"ListItem\",\"position\":1,\"name\":\"Home\",\"item\":\"https:\/\/www.intersoccermadrid.com\/en\/\"},{\"@type\":\"ListItem\",\"position\":2,\"name\":\"La AC Intersoccer, cantera pujante: Dorian Meha solicitado en Italia, y Rabii pasa al Juvenil Nacional del Levitt\"}]},{\"@type\":\"WebSite\",\"@id\":\"https:\/\/www.intersoccermadrid.com\/en\/#website\",\"url\":\"https:\/\/www.intersoccermadrid.com\/en\/\",\"name\":\"International Soccer Academy of Madrid\",\"description\":\"International Soccer Academy of Madrid\",\"potentialAction\":[{\"@type\":\"SearchAction\",\"target\":{\"@type\":\"EntryPoint\",\"urlTemplate\":\"https:\/\/www.intersoccermadrid.com\/en\/?s={search_term_string}\"},\"query-input\":\"required name=search_term_string\"}],\"inLanguage\":\"en-US\"},{\"@type\":\"Person\",\"@id\":\"https:\/\/www.intersoccermadrid.com\/en\/#\/schema\/person\/4843f782828393fd2fd34a6db5ce5d48\",\"name\":\"Administrator\",\"image\":{\"@type\":\"ImageObject\",\"inLanguage\":\"en-US\",\"@id\":\"https:\/\/www.intersoccermadrid.com\/en\/#\/schema\/person\/image\/\",\"url\":\"https:\/\/secure.gravatar.com\/avatar\/85ec5305f9a568d3e58c20ee91decabf?s=96&d=mm&r=g\",\"contentUrl\":\"https:\/\/secure.gravatar.com\/avatar\/85ec5305f9a568d3e58c20ee91decabf?s=96&d=mm&r=g\",\"caption\":\"Administrator\"},\"url\":\"https:\/\/www.intersoccermadrid.com\/en\/author\/admin\/\"}]}<\/script>\n<!-- \/ Yoast SEO plugin. -->","yoast_head_json":{"title":"La AC Intersoccer, cantera pujante: Dorian Meha solicitado en Italia, y Rabii pasa al Juvenil Nacional del Levitt &middot; International Soccer Academy of Madrid","robots":{"index":"index","follow":"follow","max-snippet":"max-snippet:-1","max-image-preview":"max-image-preview:large","max-video-preview":"max-video-preview:-1"},"canonical":"https:\/\/www.intersoccermadrid.com\/en\/la-ac-intersoccer-cantera-pujante-dorian-meha-solicitado-en-italia-y-rabii-pasa-al-juvenil-nacional-del-levitt\/","og_locale":"en_US","og_type":"article","og_title":"La AC Intersoccer, cantera pujante: Dorian Meha solicitado en Italia, y Rabii pasa al Juvenil Nacional del Levitt &middot; International Soccer Academy of Madrid","og_description":"Cuando nos disponemos al inicio de la Segunda Vuelta ya comienza a llamar mucho la atenci\u00f3n la\u00a0cantera de formaci\u00f3n juvenil de la A.C. INTERSOCCER.\u00a0As\u00ed, durante los \u00faltimos d\u00edas,\u00a0DORIAN MEHA, jugador espa\u00f1ol juvenil de segundo a\u00f1o a\u00fan, ha estado entrenando primero con el equipo juvenil Primavera del club profesional italiano\u00a0CARPI F.C. 1909\u00a0de M\u00f3dena y despu\u00e9s [&hellip;]","og_url":"https:\/\/www.intersoccermadrid.com\/en\/la-ac-intersoccer-cantera-pujante-dorian-meha-solicitado-en-italia-y-rabii-pasa-al-juvenil-nacional-del-levitt\/","og_site_name":"International Soccer Academy of Madrid","article_published_time":"2019-01-30T20:50:14+00:00","article_modified_time":"2019-01-30T20:50:32+00:00","og_image":[{"width":600,"height":394,"url":"https:\/\/www.intersoccermadrid.com\/wp-content\/uploads\/2019\/01\/roquerorabiiintersoccer19.jpg","type":"image\/jpeg"}],"author":"Administrator","twitter_card":"summary_large_image","twitter_misc":{"Written by":"Administrator","Est. reading time":"2 minutes"},"schema":{"@context":"https:\/\/schema.org","@graph":[{"@type":"WebPage","@id":"https:\/\/www.intersoccermadrid.com\/en\/la-ac-intersoccer-cantera-pujante-dorian-meha-solicitado-en-italia-y-rabii-pasa-al-juvenil-nacional-del-levitt\/","url":"https:\/\/www.intersoccermadrid.com\/en\/la-ac-intersoccer-cantera-pujante-dorian-meha-solicitado-en-italia-y-rabii-pasa-al-juvenil-nacional-del-levitt\/","name":"La AC Intersoccer, cantera pujante: Dorian Meha solicitado en Italia, y Rabii pasa al Juvenil Nacional del Levitt &middot; International Soccer Academy of Madrid","isPartOf":{"@id":"https:\/\/www.intersoccermadrid.com\/en\/#website"},"datePublished":"2019-01-30T20:50:14+00:00","dateModified":"2019-01-30T20:50:32+00:00","author":{"@id":"https:\/\/www.intersoccermadrid.com\/en\/#\/schema\/person\/4843f782828393fd2fd34a6db5ce5d48"},"breadcrumb":{"@id":"https:\/\/www.intersoccermadrid.com\/en\/la-ac-intersoccer-cantera-pujante-dorian-meha-solicitado-en-italia-y-rabii-pasa-al-juvenil-nacional-del-levitt\/#breadcrumb"},"inLanguage":"en-US","potentialAction":[{"@type":"ReadAction","target":["https:\/\/www.intersoccermadrid.com\/en\/la-ac-intersoccer-cantera-pujante-dorian-meha-solicitado-en-italia-y-rabii-pasa-al-juvenil-nacional-del-levitt\/"]}]},{"@type":"BreadcrumbList","@id":"https:\/\/www.intersoccermadrid.com\/en\/la-ac-intersoccer-cantera-pujante-dorian-meha-solicitado-en-italia-y-rabii-pasa-al-juvenil-nacional-del-levitt\/#breadcrumb","itemListElement":[{"@type":"ListItem","position":1,"name":"Home","item":"https:\/\/www.intersoccermadrid.com\/en\/"},{"@type":"ListItem","position":2,"name":"La AC Intersoccer, cantera pujante: Dorian Meha solicitado en Italia, y Rabii pasa al Juvenil Nacional del Levitt"}]},{"@type":"WebSite","@id":"https:\/\/www.intersoccermadrid.com\/en\/#website","url":"https:\/\/www.intersoccermadrid.com\/en\/","name":"International Soccer Academy of Madrid","description":"International Soccer Academy of Madrid","potentialAction":[{"@type":"SearchAction","target":{"@type":"EntryPoint","urlTemplate":"https:\/\/www.intersoccermadrid.com\/en\/?s={search_term_string}"},"query-input":"required name=search_term_string"}],"inLanguage":"en-US"},{"@type":"Person","@id":"https:\/\/www.intersoccermadrid.com\/en\/#\/schema\/person\/4843f782828393fd2fd34a6db5ce5d48","name":"Administrator","image":{"@type":"ImageObject","inLanguage":"en-US","@id":"https:\/\/www.intersoccermadrid.com\/en\/#\/schema\/person\/image\/","url":"https:\/\/secure.gravatar.com\/avatar\/85ec5305f9a568d3e58c20ee91decabf?s=96&d=mm&r=g","contentUrl":"https:\/\/secure.gravatar.com\/avatar\/85ec5305f9a568d3e58c20ee91decabf?s=96&d=mm&r=g","caption":"Administrator"},"url":"https:\/\/www.intersoccermadrid.com\/en\/author\/admin\/"}]}},"_links":{"self":[{"href":"https:\/\/www.intersoccermadrid.com\/en\/wp-json\/wp\/v2\/posts\/12414"}],"collection":[{"href":"https:\/\/www.intersoccermadrid.com\/en\/wp-json\/wp\/v2\/posts"}],"about":[{"href":"https:\/\/www.intersoccermadrid.com\/en\/wp-json\/wp\/v2\/types\/post"}],"author":[{"embeddable":true,"href":"https:\/\/www.intersoccermadrid.com\/en\/wp-json\/wp\/v2\/users\/2"}],"replies":[{"embeddable":true,"href":"https:\/\/www.intersoccermadrid.com\/en\/wp-json\/wp\/v2\/comments?post=12414"}],"version-history":[{"count":1,"href":"https:\/\/www.intersoccermadrid.com\/en\/wp-json\/wp\/v2\/posts\/12414\/revisions"}],"predecessor-version":[{"id":12416,"href":"https:\/\/www.intersoccermadrid.com\/en\/wp-json\/wp\/v2\/posts\/12414\/revisions\/12416"}],"wp:featuredmedia":[{"embeddable":true,"href":"https:\/\/www.intersoccermadrid.com\/en\/wp-json\/wp\/v2\/media\/12411"}],"wp:attachment":[{"href":"https:\/\/www.intersoccermadrid.com\/en\/wp-json\/wp\/v2\/media?parent=12414"}],"wp:term":[{"taxonomy":"category","embeddable":true,"href":"https:\/\/www.intersoccermadrid.com\/en\/wp-json\/wp\/v2\/categories?post=12414"},{"taxonomy":"post_tag","embeddable":true,"href":"https:\/\/www.intersoccermadrid.com\/en\/wp-json\/wp\/v2\/tags?post=12414"}],"curies":[{"name":"wp","href":"https:\/\/api.w.org\/{rel}","templated":true}]}}