{"id":12271,"date":"2018-12-13T14:32:18","date_gmt":"2018-12-13T13:32:18","guid":{"rendered":"https:\/\/www.intersoccermadrid.com\/tour-de-la-a-c-intersoccer-por-alicante-y-murcia-en-el-puente-de-la-constitucion\/"},"modified":"2018-12-13T16:52:59","modified_gmt":"2018-12-13T15:52:59","slug":"tour-of-the-a-c-interoccer-for-alicante-and-murcia-in-the-constitution-long-weekend","status":"publish","type":"post","link":"https:\/\/www.intersoccermadrid.com\/en\/tour-of-the-a-c-interoccer-for-alicante-and-murcia-in-the-constitution-long-weekend\/","title":{"rendered":"Tour of the A.C. Interoccer for Alicante and Murcia in the &#8220;Constitution Long Weekend&#8221;"},"content":{"rendered":"<p>[et_pb_section bb_built=&#8221;1&#8243;][et_pb_row][et_pb_column type=&#8221;4_4&#8243;][et_pb_text _builder_version=&#8221;3.17.6&#8243;]<\/p>\n<p>One more year &#8211; and there are seven already -, taking advantage of the holidays of the long weekend of the Constitution and the Immaculate Conception, the A.C. INTERSOCCER made a trip of coexistence and dispute of friendly matches for a Spanish region. This time, again, after two years of absence, the verdinegros relocated to the Diego de Le\u00f3n university residence in San Vicente del Raspeig (Alicante).<\/p>\n<p>[\/et_pb_text][et_pb_gallery _builder_version=&#8221;3.17.6&#8243; gallery_ids=&#8221;12204,12207,12210,12213,12216,12219,12222,12225,12228,12231,12234,12237,12240,12243,12246,12249,12252,12255,12258,12261,12264,12267&#8243; fullwidth=&#8221;on&#8221; zoom_icon_color=&#8221;#2ea3f2&#8243; hover_overlay_color=&#8221;rgba(255,255,255,0.9)&#8221; \/][et_pb_text _builder_version=&#8221;3.17.6&#8243;]<\/p>\n<p>From there they moved to the dispute of the two games played. In the meantime, they could enjoy both the magnificent university town, near Alicante, and the incredible beaches of the area. With a true springtime during the whole tour, the whole expedition had a great time in the Postiguet beach and in the port of Alicante during the first morning and on the beach of San Juan during the last morning for those beautiful lands.<\/p>\n<p>In terms of sports, during the second day, the youth team of the academy &#8211; made up of boys from the official competition youth team in the RFFM, plus young boys and cadets from the residence of Alalpardo who, being foreigners and minors, are not they can still have a record in Lorqu\u00ed (Murcia) against the local youth team that competes in the National League of Murcia and is currently in top positions in the classification.<\/p>\n<p>For that match, Joaqu\u00edn Barrios, general manager of the Intersoccer football project, arranged in the following initial eleven: Cabrero (Spain); Parra (Spain), Santi (Spain), Elage (Guinea Bissau), Vadim (Russia); Rabii (Morocco), San Segundo (Spain), Moha (Ivory Coast), Khurshid (Uzbekistan); Dorian Hanza (Equatorial Guinea) and Daniel Danu (Moldova). They played later: Dhruv (India), Brayan (France), Tanguy (Switzerland), Sziebe Marcin (Poland), Aynar (Russia), Fabian Whyte (Nigeria), Laurent (Congo), Javier Salas (Mexico), Nathaniel (United Kingdom) ), Maciej (Poland) and Gabriel Bader (Ecuador).<\/p>\n<p>The match was very disputed and before a great rival, not in vain is a team that currently seeks to return to the National Honor Division. The result was 2 to 0 favorable to the local team but, until after the 60th minute, the score was not broken. Taking into account, in addition, that in the A.C. Intersoccer played several junior boys and three cadets.<\/p>\n<p>The whole expedition left, at night, very happy Lorqu\u00ed where, both the club president, Joaquin, old friend of the academy, as the rest of managers and technicians had a very friendly and exemplary behavior with the entire InterSoccer delegation.<\/p>\n<p>That being the case, only the strongest sports dish was left before returning to Madrid. And it took place in the municipal field of the town of Hond\u00f3n de las Nieves, near Elche. There, the senior team of the academy -with several youth in the call of the game- faced the Ulicit Ilicitana, subsidiary team of Elche C.F. that militates in the Preferred Regional of the Valencian Federation.<\/p>\n<p>For this confrontation, Joaqu\u00edn Barrios, ordered the following eleven: Rub\u00e9n (Spain); Iv\u00e1n Rozas (Spain), Rishabb (India), Amir (Israel), Alex (USA); Moha (Ivory Coast), San Segundo (Spain), Borja (Spain), Kang (South Korea); Fabrice (Cameroon) and Peli (Spain). Later they entered: Rabii (Morocco), Vadim (Russia), Khurshid (Uzbekistan), Marcin (Poland) and Yan (Spanish goalkeeper cadet debuting with seniors).<\/p>\n<p>The history of the match can easily be summed up: the INTERSOCCER boys made a real match. At the break the scoreboard showed a prominent 0-2 that clearly reflected what was developed on the field. The result that would be extended to 0-3 at the end of the contest.<\/p>\n<p>Strong victory achieved against a great rival, endowed with as much quality as competitive ability. However, these credentials were not enough to prevent the victory of the A.C. INTERSOCCER, where with a great level of all the participants in the party, stood out in a way, Kang and Peli. Being the performance of this last spectacular, scoring, in addition, the three goals of the game &#8230; and what\u00a0golazos!<\/p>\n<p>With the aftertaste of victory, and the memory of the magnificent experience lived in the Alicante-Murcia tour, the entire expedition set course for MADRID. Stop for dinner in Almansa, hometown of Santiago Bernab\u00e9u &#8211; &#8220;almost nothing&#8221; -&#8230; and at three in the morning in Alalpardo. And, although tired, but with great satisfaction of the entire human group &#8211; players and staff &#8211; this was the end of one more stage of the &#8220;football training project&#8221; of the Academy.<\/p>\n<p>[\/et_pb_text][et_pb_video _builder_version=&#8221;3.17.6&#8243; src=&#8221;https:\/\/youtu.be\/cxgQ6Owyyzs&#8221; \/][et_pb_video _builder_version=&#8221;3.17.6&#8243; src=&#8221;https:\/\/youtu.be\/m5scUyeQkEk&#8221; \/][\/et_pb_column][\/et_pb_row][\/et_pb_section]<\/p>\n","protected":false},"excerpt":{"rendered":"<p><div class=\"et_pb_row et_pb_row_0 et_pb_row_empty\">\n\t\t\t\t\n\t\t\t\t\n\t\t\t\t\n\t\t\t\t\n\t\t\t\t\n\t\t\t<\/div> One more year &#8211; and there are seven already -, taking advantage of the holidays of the long weekend of the Constitution and the Immaculate Conception, the A.C. INTERSOCCER made a trip of coexistence and dispute of friendly matches for a Spanish region. This time, again, after two years of absence, the verdinegros relocated [&hellip;]<\/p>\n","protected":false},"author":2,"featured_media":12205,"comment_status":"closed","ping_status":"closed","sticky":false,"template":"","format":"standard","meta":{"_et_pb_use_builder":"on","_et_pb_old_content":"","_et_gb_content_width":""},"categories":[8],"tags":[],"yoast_head":"<!-- This site is optimized with the Yoast SEO plugin v20.9 - https:\/\/yoast.com\/wordpress\/plugins\/seo\/ -->\n<title>Tour of the A.C. Interoccer for Alicante and Murcia in the &quot;Constitution Long Weekend&quot; &middot; International Soccer Academy of Madrid<\/title>\n<meta name=\"robots\" content=\"index, follow, max-snippet:-1, max-image-preview:large, max-video-preview:-1\" \/>\n<link rel=\"canonical\" href=\"https:\/\/www.intersoccermadrid.com\/en\/tour-of-the-a-c-interoccer-for-alicante-and-murcia-in-the-constitution-long-weekend\/\" \/>\n<meta property=\"og:locale\" content=\"en_US\" \/>\n<meta property=\"og:type\" content=\"article\" \/>\n<meta property=\"og:title\" content=\"Tour of the A.C. Interoccer for Alicante and Murcia in the &quot;Constitution Long Weekend&quot; &middot; International Soccer Academy of Madrid\" \/>\n<meta property=\"og:description\" content=\"One more year - and there are seven already -, taking advantage of the holidays of the long weekend of the Constitution and the Immaculate Conception, the A.C. INTERSOCCER made a trip of coexistence and dispute of friendly matches for a Spanish region. This time, again, after two years of absence, the verdinegros relocated [&hellip;]\" \/>\n<meta property=\"og:url\" content=\"https:\/\/www.intersoccermadrid.com\/en\/tour-of-the-a-c-interoccer-for-alicante-and-murcia-in-the-constitution-long-weekend\/\" \/>\n<meta property=\"og:site_name\" content=\"International Soccer Academy of Madrid\" \/>\n<meta property=\"article:published_time\" content=\"2018-12-13T13:32:18+00:00\" \/>\n<meta property=\"article:modified_time\" content=\"2018-12-13T15:52:59+00:00\" \/>\n<meta property=\"og:image\" content=\"https:\/\/www.intersoccermadrid.com\/wp-content\/uploads\/2018\/12\/2018_tour_alicante_01.jpg\" \/>\n\t<meta property=\"og:image:width\" content=\"800\" \/>\n\t<meta property=\"og:image:height\" content=\"450\" \/>\n\t<meta property=\"og:image:type\" content=\"image\/jpeg\" \/>\n<meta name=\"author\" content=\"Administrator\" \/>\n<meta name=\"twitter:card\" content=\"summary_large_image\" \/>\n<meta name=\"twitter:label1\" content=\"Written by\" \/>\n\t<meta name=\"twitter:data1\" content=\"Administrator\" \/>\n\t<meta name=\"twitter:label2\" content=\"Est. reading time\" \/>\n\t<meta name=\"twitter:data2\" content=\"4 minutes\" \/>\n<script type=\"application\/ld+json\" class=\"yoast-schema-graph\">{\"@context\":\"https:\/\/schema.org\",\"@graph\":[{\"@type\":\"WebPage\",\"@id\":\"https:\/\/www.intersoccermadrid.com\/en\/tour-of-the-a-c-interoccer-for-alicante-and-murcia-in-the-constitution-long-weekend\/\",\"url\":\"https:\/\/www.intersoccermadrid.com\/en\/tour-of-the-a-c-interoccer-for-alicante-and-murcia-in-the-constitution-long-weekend\/\",\"name\":\"Tour of the A.C. Interoccer for Alicante and Murcia in the \\\"Constitution Long Weekend\\\" &middot; International Soccer Academy of Madrid\",\"isPartOf\":{\"@id\":\"https:\/\/www.intersoccermadrid.com\/en\/#website\"},\"datePublished\":\"2018-12-13T13:32:18+00:00\",\"dateModified\":\"2018-12-13T15:52:59+00:00\",\"author\":{\"@id\":\"https:\/\/www.intersoccermadrid.com\/en\/#\/schema\/person\/4843f782828393fd2fd34a6db5ce5d48\"},\"breadcrumb\":{\"@id\":\"https:\/\/www.intersoccermadrid.com\/en\/tour-of-the-a-c-interoccer-for-alicante-and-murcia-in-the-constitution-long-weekend\/#breadcrumb\"},\"inLanguage\":\"en-US\",\"potentialAction\":[{\"@type\":\"ReadAction\",\"target\":[\"https:\/\/www.intersoccermadrid.com\/en\/tour-of-the-a-c-interoccer-for-alicante-and-murcia-in-the-constitution-long-weekend\/\"]}]},{\"@type\":\"BreadcrumbList\",\"@id\":\"https:\/\/www.intersoccermadrid.com\/en\/tour-of-the-a-c-interoccer-for-alicante-and-murcia-in-the-constitution-long-weekend\/#breadcrumb\",\"itemListElement\":[{\"@type\":\"ListItem\",\"position\":1,\"name\":\"Home\",\"item\":\"https:\/\/www.intersoccermadrid.com\/en\/\"},{\"@type\":\"ListItem\",\"position\":2,\"name\":\"Tour of the A.C. Interoccer for Alicante and Murcia in the &#8220;Constitution Long Weekend&#8221;\"}]},{\"@type\":\"WebSite\",\"@id\":\"https:\/\/www.intersoccermadrid.com\/en\/#website\",\"url\":\"https:\/\/www.intersoccermadrid.com\/en\/\",\"name\":\"International Soccer Academy of Madrid\",\"description\":\"International Soccer Academy of Madrid\",\"potentialAction\":[{\"@type\":\"SearchAction\",\"target\":{\"@type\":\"EntryPoint\",\"urlTemplate\":\"https:\/\/www.intersoccermadrid.com\/en\/?s={search_term_string}\"},\"query-input\":\"required name=search_term_string\"}],\"inLanguage\":\"en-US\"},{\"@type\":\"Person\",\"@id\":\"https:\/\/www.intersoccermadrid.com\/en\/#\/schema\/person\/4843f782828393fd2fd34a6db5ce5d48\",\"name\":\"Administrator\",\"image\":{\"@type\":\"ImageObject\",\"inLanguage\":\"en-US\",\"@id\":\"https:\/\/www.intersoccermadrid.com\/en\/#\/schema\/person\/image\/\",\"url\":\"https:\/\/secure.gravatar.com\/avatar\/85ec5305f9a568d3e58c20ee91decabf?s=96&d=mm&r=g\",\"contentUrl\":\"https:\/\/secure.gravatar.com\/avatar\/85ec5305f9a568d3e58c20ee91decabf?s=96&d=mm&r=g\",\"caption\":\"Administrator\"},\"url\":\"https:\/\/www.intersoccermadrid.com\/en\/author\/admin\/\"}]}<\/script>\n<!-- \/ Yoast SEO plugin. -->","yoast_head_json":{"title":"Tour of the A.C. Interoccer for Alicante and Murcia in the \"Constitution Long Weekend\" &middot; International Soccer Academy of Madrid","robots":{"index":"index","follow":"follow","max-snippet":"max-snippet:-1","max-image-preview":"max-image-preview:large","max-video-preview":"max-video-preview:-1"},"canonical":"https:\/\/www.intersoccermadrid.com\/en\/tour-of-the-a-c-interoccer-for-alicante-and-murcia-in-the-constitution-long-weekend\/","og_locale":"en_US","og_type":"article","og_title":"Tour of the A.C. Interoccer for Alicante and Murcia in the \"Constitution Long Weekend\" &middot; International Soccer Academy of Madrid","og_description":"One more year - and there are seven already -, taking advantage of the holidays of the long weekend of the Constitution and the Immaculate Conception, the A.C. INTERSOCCER made a trip of coexistence and dispute of friendly matches for a Spanish region. This time, again, after two years of absence, the verdinegros relocated [&hellip;]","og_url":"https:\/\/www.intersoccermadrid.com\/en\/tour-of-the-a-c-interoccer-for-alicante-and-murcia-in-the-constitution-long-weekend\/","og_site_name":"International Soccer Academy of Madrid","article_published_time":"2018-12-13T13:32:18+00:00","article_modified_time":"2018-12-13T15:52:59+00:00","og_image":[{"width":800,"height":450,"url":"https:\/\/www.intersoccermadrid.com\/wp-content\/uploads\/2018\/12\/2018_tour_alicante_01.jpg","type":"image\/jpeg"}],"author":"Administrator","twitter_card":"summary_large_image","twitter_misc":{"Written by":"Administrator","Est. reading time":"4 minutes"},"schema":{"@context":"https:\/\/schema.org","@graph":[{"@type":"WebPage","@id":"https:\/\/www.intersoccermadrid.com\/en\/tour-of-the-a-c-interoccer-for-alicante-and-murcia-in-the-constitution-long-weekend\/","url":"https:\/\/www.intersoccermadrid.com\/en\/tour-of-the-a-c-interoccer-for-alicante-and-murcia-in-the-constitution-long-weekend\/","name":"Tour of the A.C. Interoccer for Alicante and Murcia in the \"Constitution Long Weekend\" &middot; International Soccer Academy of Madrid","isPartOf":{"@id":"https:\/\/www.intersoccermadrid.com\/en\/#website"},"datePublished":"2018-12-13T13:32:18+00:00","dateModified":"2018-12-13T15:52:59+00:00","author":{"@id":"https:\/\/www.intersoccermadrid.com\/en\/#\/schema\/person\/4843f782828393fd2fd34a6db5ce5d48"},"breadcrumb":{"@id":"https:\/\/www.intersoccermadrid.com\/en\/tour-of-the-a-c-interoccer-for-alicante-and-murcia-in-the-constitution-long-weekend\/#breadcrumb"},"inLanguage":"en-US","potentialAction":[{"@type":"ReadAction","target":["https:\/\/www.intersoccermadrid.com\/en\/tour-of-the-a-c-interoccer-for-alicante-and-murcia-in-the-constitution-long-weekend\/"]}]},{"@type":"BreadcrumbList","@id":"https:\/\/www.intersoccermadrid.com\/en\/tour-of-the-a-c-interoccer-for-alicante-and-murcia-in-the-constitution-long-weekend\/#breadcrumb","itemListElement":[{"@type":"ListItem","position":1,"name":"Home","item":"https:\/\/www.intersoccermadrid.com\/en\/"},{"@type":"ListItem","position":2,"name":"Tour of the A.C. Interoccer for Alicante and Murcia in the &#8220;Constitution Long Weekend&#8221;"}]},{"@type":"WebSite","@id":"https:\/\/www.intersoccermadrid.com\/en\/#website","url":"https:\/\/www.intersoccermadrid.com\/en\/","name":"International Soccer Academy of Madrid","description":"International Soccer Academy of Madrid","potentialAction":[{"@type":"SearchAction","target":{"@type":"EntryPoint","urlTemplate":"https:\/\/www.intersoccermadrid.com\/en\/?s={search_term_string}"},"query-input":"required name=search_term_string"}],"inLanguage":"en-US"},{"@type":"Person","@id":"https:\/\/www.intersoccermadrid.com\/en\/#\/schema\/person\/4843f782828393fd2fd34a6db5ce5d48","name":"Administrator","image":{"@type":"ImageObject","inLanguage":"en-US","@id":"https:\/\/www.intersoccermadrid.com\/en\/#\/schema\/person\/image\/","url":"https:\/\/secure.gravatar.com\/avatar\/85ec5305f9a568d3e58c20ee91decabf?s=96&d=mm&r=g","contentUrl":"https:\/\/secure.gravatar.com\/avatar\/85ec5305f9a568d3e58c20ee91decabf?s=96&d=mm&r=g","caption":"Administrator"},"url":"https:\/\/www.intersoccermadrid.com\/en\/author\/admin\/"}]}},"_links":{"self":[{"href":"https:\/\/www.intersoccermadrid.com\/en\/wp-json\/wp\/v2\/posts\/12271"}],"collection":[{"href":"https:\/\/www.intersoccermadrid.com\/en\/wp-json\/wp\/v2\/posts"}],"about":[{"href":"https:\/\/www.intersoccermadrid.com\/en\/wp-json\/wp\/v2\/types\/post"}],"author":[{"embeddable":true,"href":"https:\/\/www.intersoccermadrid.com\/en\/wp-json\/wp\/v2\/users\/2"}],"replies":[{"embeddable":true,"href":"https:\/\/www.intersoccermadrid.com\/en\/wp-json\/wp\/v2\/comments?post=12271"}],"version-history":[{"count":6,"href":"https:\/\/www.intersoccermadrid.com\/en\/wp-json\/wp\/v2\/posts\/12271\/revisions"}],"predecessor-version":[{"id":12284,"href":"https:\/\/www.intersoccermadrid.com\/en\/wp-json\/wp\/v2\/posts\/12271\/revisions\/12284"}],"wp:featuredmedia":[{"embeddable":true,"href":"https:\/\/www.intersoccermadrid.com\/en\/wp-json\/wp\/v2\/media\/12205"}],"wp:attachment":[{"href":"https:\/\/www.intersoccermadrid.com\/en\/wp-json\/wp\/v2\/media?parent=12271"}],"wp:term":[{"taxonomy":"category","embeddable":true,"href":"https:\/\/www.intersoccermadrid.com\/en\/wp-json\/wp\/v2\/categories?post=12271"},{"taxonomy":"post_tag","embeddable":true,"href":"https:\/\/www.intersoccermadrid.com\/en\/wp-json\/wp\/v2\/tags?post=12271"}],"curies":[{"name":"wp","href":"https:\/\/api.w.org\/{rel}","templated":true}]}}