{"id":11288,"date":"2018-06-30T14:16:36","date_gmt":"2018-06-30T12:16:36","guid":{"rendered":"https:\/\/www.intersoccermadrid.com\/pierre-kunde-antiguo-alumno-de-intersoccer-firma-su-incorporacion-a-la-primera-plantilla-del-club-atletico-de-madrid\/"},"modified":"2018-06-30T14:16:36","modified_gmt":"2018-06-30T12:16:36","slug":"pierre-kunde-antiguo-alumno-de-intersoccer-firma-su-incorporacion-a-la-primera-plantilla-del-club-atletico-de-madrid","status":"publish","type":"post","link":"https:\/\/www.intersoccermadrid.com\/en\/pierre-kunde-antiguo-alumno-de-intersoccer-firma-su-incorporacion-a-la-primera-plantilla-del-club-atletico-de-madrid\/","title":{"rendered":"PIERRE KUNDE, ANTIGUO ALUMNO DE INTERSOCCER, FIRMA SU INCORPORACI\u00d3N A LA PRIMERA PLANTILLA DEL CLUB ATL\u00c9TICO DE MADRID.-"},"content":{"rendered":"<p>[et_pb_section bb_built=&#8221;1&#8243;][et_pb_row][et_pb_column type=&#8221;4_4&#8243;][et_pb_text _builder_version=&#8221;3.11.1&#8243;]<\/p>\n<p>\u00a1Espectacular noticia para Pierre y para todos los verdinegros de la AC INTERSOCCER!<br \/>\n<!--more--><\/p>\n<p>[\/et_pb_text][et_pb_gallery _builder_version=&#8221;3.11.1&#8243; gallery_ids=&#8221;11134,11137&#8243; fullwidth=&#8221;on&#8221; zoom_icon_color=&#8221;#2ea3f2&#8243; hover_overlay_color=&#8221;rgba(255,255,255,0.9)&#8221; \/][et_pb_text _builder_version=&#8221;3.11.1&#8243;]<\/p>\n<p>Cuando, despu\u00e9s de su espectacular temporada en el Granada CF, y su debut con la absoluta de Camer\u00fan jugando contra Burkina Faso en Beauvais (Francia) el pasado d\u00eda 27 de Mayo, todo parec\u00eda preparado para la llegada del jugador al club OLIMPIAKOS de Grecia -el club m\u00e1s laureado del pa\u00eds-, de momento, todo ha dado un gran giro, y los rectores del club colchonero, Pierre y sus abogados han pactado su incorporaci\u00f3n a la plantilla del primer equipo; cuya pretemporada comenzar\u00e1 el pr\u00f3ximo d\u00eda 11 de julio a las \u00f3rdenes del Cholo Simeone.<\/p>\n<p>No obstante lo anterior, mientras tanto, son varias las ofertas que llegan tanto desde diferentes clubes de primera divisi\u00f3n espa\u00f1ola como de otras ligas europeas, entre ellas la prestigiosa Bundesliga, para la incorporaci\u00f3n de Pierre a sus plantillas, bien en calidad de cedido por el Atl\u00e9tico de Madrid, bien planteando su traspaso.<\/p>\n<p>\u00a1Pierre Kunde, el mejor alumno de la historia de la AC INTERSOCCER, no para de crecer en su trabajo mantenido para llegar a ser jugador top del primer nivel!<\/p>\n<p>[\/et_pb_text][\/et_pb_column][\/et_pb_row][\/et_pb_section]<\/p>\n","protected":false},"excerpt":{"rendered":"<p><div class=\"et_pb_row et_pb_row_0 et_pb_row_empty\">\n\t\t\t\t\n\t\t\t\t\n\t\t\t\t\n\t\t\t\t\n\t\t\t\t\n\t\t\t<\/div> \u00a1Espectacular noticia para Pierre y para todos los verdinegros de la AC INTERSOCCER! Cuando, despu\u00e9s de su espectacular temporada en el Granada CF, y su debut con la absoluta de Camer\u00fan jugando contra Burkina Faso en Beauvais (Francia) el pasado d\u00eda 27 de Mayo, todo parec\u00eda preparado para la llegada del jugador al club [&hellip;]<\/p>\n","protected":false},"author":2,"featured_media":11135,"comment_status":"closed","ping_status":"closed","sticky":false,"template":"","format":"standard","meta":{"_et_pb_use_builder":"on","_et_pb_old_content":"","_et_gb_content_width":""},"categories":[8],"tags":[],"yoast_head":"<!-- This site is optimized with the Yoast SEO plugin v20.9 - https:\/\/yoast.com\/wordpress\/plugins\/seo\/ -->\n<title>PIERRE KUNDE, ANTIGUO ALUMNO DE INTERSOCCER, FIRMA SU INCORPORACI\u00d3N A LA PRIMERA PLANTILLA DEL CLUB ATL\u00c9TICO DE MADRID.- &middot; International Soccer Academy of Madrid<\/title>\n<meta name=\"robots\" content=\"index, follow, max-snippet:-1, max-image-preview:large, max-video-preview:-1\" \/>\n<link rel=\"canonical\" href=\"https:\/\/www.intersoccermadrid.com\/en\/pierre-kunde-antiguo-alumno-de-intersoccer-firma-su-incorporacion-a-la-primera-plantilla-del-club-atletico-de-madrid\/\" \/>\n<meta property=\"og:locale\" content=\"en_US\" \/>\n<meta property=\"og:type\" content=\"article\" \/>\n<meta property=\"og:title\" content=\"PIERRE KUNDE, ANTIGUO ALUMNO DE INTERSOCCER, FIRMA SU INCORPORACI\u00d3N A LA PRIMERA PLANTILLA DEL CLUB ATL\u00c9TICO DE MADRID.- &middot; International Soccer Academy of Madrid\" \/>\n<meta property=\"og:description\" content=\"\u00a1Espectacular noticia para Pierre y para todos los verdinegros de la AC INTERSOCCER! Cuando, despu\u00e9s de su espectacular temporada en el Granada CF, y su debut con la absoluta de Camer\u00fan jugando contra Burkina Faso en Beauvais (Francia) el pasado d\u00eda 27 de Mayo, todo parec\u00eda preparado para la llegada del jugador al club [&hellip;]\" \/>\n<meta property=\"og:url\" content=\"https:\/\/www.intersoccermadrid.com\/en\/pierre-kunde-antiguo-alumno-de-intersoccer-firma-su-incorporacion-a-la-primera-plantilla-del-club-atletico-de-madrid\/\" \/>\n<meta property=\"og:site_name\" content=\"International Soccer Academy of Madrid\" \/>\n<meta property=\"article:published_time\" content=\"2018-06-30T12:16:36+00:00\" \/>\n<meta property=\"og:image\" content=\"https:\/\/www.intersoccermadrid.com\/wp-content\/uploads\/2018\/08\/2018_pierre_con_atletico_01.jpg\" \/>\n\t<meta property=\"og:image:width\" content=\"800\" \/>\n\t<meta property=\"og:image:height\" content=\"600\" \/>\n\t<meta property=\"og:image:type\" content=\"image\/jpeg\" \/>\n<meta name=\"author\" content=\"Administrator\" \/>\n<meta name=\"twitter:card\" content=\"summary_large_image\" \/>\n<meta name=\"twitter:label1\" content=\"Written by\" \/>\n\t<meta name=\"twitter:data1\" content=\"Administrator\" \/>\n\t<meta name=\"twitter:label2\" content=\"Est. reading time\" \/>\n\t<meta name=\"twitter:data2\" content=\"1 minute\" \/>\n<script type=\"application\/ld+json\" class=\"yoast-schema-graph\">{\"@context\":\"https:\/\/schema.org\",\"@graph\":[{\"@type\":\"WebPage\",\"@id\":\"https:\/\/www.intersoccermadrid.com\/en\/pierre-kunde-antiguo-alumno-de-intersoccer-firma-su-incorporacion-a-la-primera-plantilla-del-club-atletico-de-madrid\/\",\"url\":\"https:\/\/www.intersoccermadrid.com\/en\/pierre-kunde-antiguo-alumno-de-intersoccer-firma-su-incorporacion-a-la-primera-plantilla-del-club-atletico-de-madrid\/\",\"name\":\"PIERRE KUNDE, ANTIGUO ALUMNO DE INTERSOCCER, FIRMA SU INCORPORACI\u00d3N A LA PRIMERA PLANTILLA DEL CLUB ATL\u00c9TICO DE MADRID.- &middot; International Soccer Academy of Madrid\",\"isPartOf\":{\"@id\":\"https:\/\/www.intersoccermadrid.com\/en\/#website\"},\"datePublished\":\"2018-06-30T12:16:36+00:00\",\"dateModified\":\"2018-06-30T12:16:36+00:00\",\"author\":{\"@id\":\"https:\/\/www.intersoccermadrid.com\/en\/#\/schema\/person\/4843f782828393fd2fd34a6db5ce5d48\"},\"breadcrumb\":{\"@id\":\"https:\/\/www.intersoccermadrid.com\/en\/pierre-kunde-antiguo-alumno-de-intersoccer-firma-su-incorporacion-a-la-primera-plantilla-del-club-atletico-de-madrid\/#breadcrumb\"},\"inLanguage\":\"en-US\",\"potentialAction\":[{\"@type\":\"ReadAction\",\"target\":[\"https:\/\/www.intersoccermadrid.com\/en\/pierre-kunde-antiguo-alumno-de-intersoccer-firma-su-incorporacion-a-la-primera-plantilla-del-club-atletico-de-madrid\/\"]}]},{\"@type\":\"BreadcrumbList\",\"@id\":\"https:\/\/www.intersoccermadrid.com\/en\/pierre-kunde-antiguo-alumno-de-intersoccer-firma-su-incorporacion-a-la-primera-plantilla-del-club-atletico-de-madrid\/#breadcrumb\",\"itemListElement\":[{\"@type\":\"ListItem\",\"position\":1,\"name\":\"Home\",\"item\":\"https:\/\/www.intersoccermadrid.com\/en\/\"},{\"@type\":\"ListItem\",\"position\":2,\"name\":\"PIERRE KUNDE, ANTIGUO ALUMNO DE INTERSOCCER, FIRMA SU INCORPORACI\u00d3N A LA PRIMERA PLANTILLA DEL CLUB ATL\u00c9TICO DE MADRID.-\"}]},{\"@type\":\"WebSite\",\"@id\":\"https:\/\/www.intersoccermadrid.com\/en\/#website\",\"url\":\"https:\/\/www.intersoccermadrid.com\/en\/\",\"name\":\"International Soccer Academy of Madrid\",\"description\":\"International Soccer Academy of Madrid\",\"potentialAction\":[{\"@type\":\"SearchAction\",\"target\":{\"@type\":\"EntryPoint\",\"urlTemplate\":\"https:\/\/www.intersoccermadrid.com\/en\/?s={search_term_string}\"},\"query-input\":\"required name=search_term_string\"}],\"inLanguage\":\"en-US\"},{\"@type\":\"Person\",\"@id\":\"https:\/\/www.intersoccermadrid.com\/en\/#\/schema\/person\/4843f782828393fd2fd34a6db5ce5d48\",\"name\":\"Administrator\",\"image\":{\"@type\":\"ImageObject\",\"inLanguage\":\"en-US\",\"@id\":\"https:\/\/www.intersoccermadrid.com\/en\/#\/schema\/person\/image\/\",\"url\":\"https:\/\/secure.gravatar.com\/avatar\/85ec5305f9a568d3e58c20ee91decabf?s=96&d=mm&r=g\",\"contentUrl\":\"https:\/\/secure.gravatar.com\/avatar\/85ec5305f9a568d3e58c20ee91decabf?s=96&d=mm&r=g\",\"caption\":\"Administrator\"},\"url\":\"https:\/\/www.intersoccermadrid.com\/en\/author\/admin\/\"}]}<\/script>\n<!-- \/ Yoast SEO plugin. -->","yoast_head_json":{"title":"PIERRE KUNDE, ANTIGUO ALUMNO DE INTERSOCCER, FIRMA SU INCORPORACI\u00d3N A LA PRIMERA PLANTILLA DEL CLUB ATL\u00c9TICO DE MADRID.- &middot; International Soccer Academy of Madrid","robots":{"index":"index","follow":"follow","max-snippet":"max-snippet:-1","max-image-preview":"max-image-preview:large","max-video-preview":"max-video-preview:-1"},"canonical":"https:\/\/www.intersoccermadrid.com\/en\/pierre-kunde-antiguo-alumno-de-intersoccer-firma-su-incorporacion-a-la-primera-plantilla-del-club-atletico-de-madrid\/","og_locale":"en_US","og_type":"article","og_title":"PIERRE KUNDE, ANTIGUO ALUMNO DE INTERSOCCER, FIRMA SU INCORPORACI\u00d3N A LA PRIMERA PLANTILLA DEL CLUB ATL\u00c9TICO DE MADRID.- &middot; International Soccer Academy of Madrid","og_description":"\u00a1Espectacular noticia para Pierre y para todos los verdinegros de la AC INTERSOCCER! Cuando, despu\u00e9s de su espectacular temporada en el Granada CF, y su debut con la absoluta de Camer\u00fan jugando contra Burkina Faso en Beauvais (Francia) el pasado d\u00eda 27 de Mayo, todo parec\u00eda preparado para la llegada del jugador al club [&hellip;]","og_url":"https:\/\/www.intersoccermadrid.com\/en\/pierre-kunde-antiguo-alumno-de-intersoccer-firma-su-incorporacion-a-la-primera-plantilla-del-club-atletico-de-madrid\/","og_site_name":"International Soccer Academy of Madrid","article_published_time":"2018-06-30T12:16:36+00:00","og_image":[{"width":800,"height":600,"url":"https:\/\/www.intersoccermadrid.com\/wp-content\/uploads\/2018\/08\/2018_pierre_con_atletico_01.jpg","type":"image\/jpeg"}],"author":"Administrator","twitter_card":"summary_large_image","twitter_misc":{"Written by":"Administrator","Est. reading time":"1 minute"},"schema":{"@context":"https:\/\/schema.org","@graph":[{"@type":"WebPage","@id":"https:\/\/www.intersoccermadrid.com\/en\/pierre-kunde-antiguo-alumno-de-intersoccer-firma-su-incorporacion-a-la-primera-plantilla-del-club-atletico-de-madrid\/","url":"https:\/\/www.intersoccermadrid.com\/en\/pierre-kunde-antiguo-alumno-de-intersoccer-firma-su-incorporacion-a-la-primera-plantilla-del-club-atletico-de-madrid\/","name":"PIERRE KUNDE, ANTIGUO ALUMNO DE INTERSOCCER, FIRMA SU INCORPORACI\u00d3N A LA PRIMERA PLANTILLA DEL CLUB ATL\u00c9TICO DE MADRID.- &middot; International Soccer Academy of Madrid","isPartOf":{"@id":"https:\/\/www.intersoccermadrid.com\/en\/#website"},"datePublished":"2018-06-30T12:16:36+00:00","dateModified":"2018-06-30T12:16:36+00:00","author":{"@id":"https:\/\/www.intersoccermadrid.com\/en\/#\/schema\/person\/4843f782828393fd2fd34a6db5ce5d48"},"breadcrumb":{"@id":"https:\/\/www.intersoccermadrid.com\/en\/pierre-kunde-antiguo-alumno-de-intersoccer-firma-su-incorporacion-a-la-primera-plantilla-del-club-atletico-de-madrid\/#breadcrumb"},"inLanguage":"en-US","potentialAction":[{"@type":"ReadAction","target":["https:\/\/www.intersoccermadrid.com\/en\/pierre-kunde-antiguo-alumno-de-intersoccer-firma-su-incorporacion-a-la-primera-plantilla-del-club-atletico-de-madrid\/"]}]},{"@type":"BreadcrumbList","@id":"https:\/\/www.intersoccermadrid.com\/en\/pierre-kunde-antiguo-alumno-de-intersoccer-firma-su-incorporacion-a-la-primera-plantilla-del-club-atletico-de-madrid\/#breadcrumb","itemListElement":[{"@type":"ListItem","position":1,"name":"Home","item":"https:\/\/www.intersoccermadrid.com\/en\/"},{"@type":"ListItem","position":2,"name":"PIERRE KUNDE, ANTIGUO ALUMNO DE INTERSOCCER, FIRMA SU INCORPORACI\u00d3N A LA PRIMERA PLANTILLA DEL CLUB ATL\u00c9TICO DE MADRID.-"}]},{"@type":"WebSite","@id":"https:\/\/www.intersoccermadrid.com\/en\/#website","url":"https:\/\/www.intersoccermadrid.com\/en\/","name":"International Soccer Academy of Madrid","description":"International Soccer Academy of Madrid","potentialAction":[{"@type":"SearchAction","target":{"@type":"EntryPoint","urlTemplate":"https:\/\/www.intersoccermadrid.com\/en\/?s={search_term_string}"},"query-input":"required name=search_term_string"}],"inLanguage":"en-US"},{"@type":"Person","@id":"https:\/\/www.intersoccermadrid.com\/en\/#\/schema\/person\/4843f782828393fd2fd34a6db5ce5d48","name":"Administrator","image":{"@type":"ImageObject","inLanguage":"en-US","@id":"https:\/\/www.intersoccermadrid.com\/en\/#\/schema\/person\/image\/","url":"https:\/\/secure.gravatar.com\/avatar\/85ec5305f9a568d3e58c20ee91decabf?s=96&d=mm&r=g","contentUrl":"https:\/\/secure.gravatar.com\/avatar\/85ec5305f9a568d3e58c20ee91decabf?s=96&d=mm&r=g","caption":"Administrator"},"url":"https:\/\/www.intersoccermadrid.com\/en\/author\/admin\/"}]}},"_links":{"self":[{"href":"https:\/\/www.intersoccermadrid.com\/en\/wp-json\/wp\/v2\/posts\/11288"}],"collection":[{"href":"https:\/\/www.intersoccermadrid.com\/en\/wp-json\/wp\/v2\/posts"}],"about":[{"href":"https:\/\/www.intersoccermadrid.com\/en\/wp-json\/wp\/v2\/types\/post"}],"author":[{"embeddable":true,"href":"https:\/\/www.intersoccermadrid.com\/en\/wp-json\/wp\/v2\/users\/2"}],"replies":[{"embeddable":true,"href":"https:\/\/www.intersoccermadrid.com\/en\/wp-json\/wp\/v2\/comments?post=11288"}],"version-history":[{"count":0,"href":"https:\/\/www.intersoccermadrid.com\/en\/wp-json\/wp\/v2\/posts\/11288\/revisions"}],"wp:featuredmedia":[{"embeddable":true,"href":"https:\/\/www.intersoccermadrid.com\/en\/wp-json\/wp\/v2\/media\/11135"}],"wp:attachment":[{"href":"https:\/\/www.intersoccermadrid.com\/en\/wp-json\/wp\/v2\/media?parent=11288"}],"wp:term":[{"taxonomy":"category","embeddable":true,"href":"https:\/\/www.intersoccermadrid.com\/en\/wp-json\/wp\/v2\/categories?post=11288"},{"taxonomy":"post_tag","embeddable":true,"href":"https:\/\/www.intersoccermadrid.com\/en\/wp-json\/wp\/v2\/tags?post=11288"}],"curies":[{"name":"wp","href":"https:\/\/api.w.org\/{rel}","templated":true}]}}